{"id":2064549,"date":"2026-07-27T15:33:16","date_gmt":"2026-07-27T12:33:16","guid":{"rendered":"https:\/\/analyse.optim.biz\/?p=2064549"},"modified":"2026-07-27T15:33:16","modified_gmt":"2026-07-27T12:33:16","slug":"fostul-viceprimar-al-sucevei-lucian-harsovschi-despre-baza-sportiva-de-la-iesirea-spre-falticeni-astazi-parasita-cind-tinerii-ajung-sa-sara-gardul-pentru-a-folosi-un-teren-constru","status":"publish","type":"post","link":"https:\/\/analyse.optim.biz\/?p=2064549","title":{"rendered":"Fostul viceprimar al Sucevei Lucian Har\u0219ovschi, despre baza sportiv\u0103 de la ie\u0219irea spre F\u0103lticeni, \u201dast\u0103zi p\u0103r\u0103sit\u0103\u201d: C\u00eend tinerii ajung s\u0103 sar\u0103 gardul pentru a folosi un teren construit din bani publici, problema nu este la ei"},"content":{"rendered":"<p>[analyse_image type=&#8221;featured&#8221; src=&#8221;https:\/\/www.radiotop.ro\/img\/media\/2025\/04\/teren-burleanu-rimbu-premiere.jpg&#8221;]<\/p>\n<div class=\"entry-content no-share\">\n<div class=\"content-inner \">\n<p>Fostul viceprimar al Sucevei Lucian Har\u0219ovschi critic\u0103 actuala administra\u021bie pentru c\u0103 nici \u00een ziua de ast\u0103zi, la un an \u0219i trei luni de la inaugurare, baza sportiv\u0103 construit\u0103 la ie\u0219irea spre F\u0103lticeni nu a fost dat\u0103 \u00een administrarea cuiva. Baza sportiv\u0103 cu teren de fotbal de dimensiuni UEFA a fost inaugurat\u0103 \u00een prezen\u021ba pre\u0219edintelui Federa\u021biei Rom\u00e2ne de Fotbal, R\u0103zvan Burleanu.<\/p>\n<p>Domnul Har\u0219ovschi a transmis redac\u021biei noastre un comentariu intitulat: \u201dO baz\u0103 sportiv\u0103 nu este construit\u0103 pentru a fi admirat\u0103 din spatele unui gard, ci pentru a fi folosit\u0103\u201d.<\/p>\n<p>\u00cen comentariu se arat\u0103 c\u0103 \u201dla mai bine de un an \u0219i trei luni de la inaugurarea cu fast, o investi\u021bie la realizarea c\u0103reia actuala administra\u021bie nu a avut nicio contribu\u021bie, st\u0103 ast\u0103zi p\u0103r\u0103sit\u0103: Baza Sportiv\u0103.<\/p>\n<p>O administra\u021bie eficient\u0103 \u00eenseamn\u0103 atragerea de fonduri guvernamentale, fonduri europene, fonduri externe nerambursabile \u0219i alte surse de finan\u021bare, nu doar utilizarea banilor proveni\u021bi din taxele \u0219i impozitele pl\u0103tite de suceveni. Am f\u0103cut acest apel \u0219i \u00een \u0219edin\u021ba Consiliului Local din luna iunie \u0219i \u00eel repet \u0219i acum: face\u021bi un parteneriat cu sucevenii! \u0218i nu, nu exist\u0103 nicio hot\u0103r\u00e2re a Consiliului Local prin care baza sportiv\u0103 s\u0103 fie dat\u0103 \u00een administrarea echipei de fotbal, a\u0219a cum s-a anun\u021bat. Dreptul de utilizare este una, iar administrarea este cu totul altceva. Scopul acestei investi\u021bii a fost clar: s\u0103 ofere condi\u021bii moderne pentru copiii \u0219i tinerii din Suceava, pentru cluburile sportive locale \u0219i pentru dezvoltarea sportului de mas\u0103\u201d. Conform unor declara\u021bii publice, baza sportiv\u0103 este la dispozi\u021bia clubului de fotbal de Liga a II-a CSM Cetatea 1932 Suceava, pentru meciurile echipelor de copii \u0219i juniori.<\/p>\n<p>Lucian Har\u0219ovschi mai spune c\u0103 \u201dbaza sportiv\u0103, ast\u0103zi p\u0103r\u0103sit\u0103, include un teren de fotbal cu dimensiuni omologate UEFA (105 \u00d7 68 m), dotat cu instala\u021bie de nocturn\u0103, un teren multifunc\u021bional pentru handbal, baschet, volei \u0219i tenis, precum \u0219i o cl\u0103dire destinat\u0103 vestiarelor, cu regim de \u00een\u0103l\u021bime P+1E, construit\u0103 pe o suprafa\u021b\u0103 de 395,88 mp \u0219i cu o suprafa\u021b\u0103 desf\u0103\u0219urat\u0103 de 520,96 mp. Obiectivul a fost finan\u021bat de Compania Na\u021bional\u0103 de Investi\u021bii, iar valoarea proiectului a fost de 5.232.274,98 lei (f\u0103r\u0103 TVA)\u201d.<\/p>\n<p>La finalul comentariului, fostul viceprimar afirm\u0103: \u201dC\u00e2nd tinerii ajung s\u0103 sar\u0103 gardul pentru a folosi un teren construit din bani publici, problema nu este la ei, ci la modul \u00een care sunt administrate investi\u021biile. Rolul administra\u021biei este s\u0103 deschid\u0103 por\u021bile, nu s\u0103 le \u00eenchid\u0103\u201d.<\/p>\n<\/div>\n<\/div>\n<div class=\"content-inner \">\n<p>Fostul viceprimar al Sucevei Lucian Har\u0219ovschi critic\u0103 actuala administra\u021bie pentru c\u0103 nici \u00een ziua de ast\u0103zi, la un an \u0219i trei luni de la inaugurare, baza sportiv\u0103 construit\u0103 la ie\u0219irea spre F\u0103lticeni nu a fost dat\u0103 \u00een administrarea cuiva. Baza sportiv\u0103 cu teren de fotbal de dimensiuni UEFA a fost inaugurat\u0103 \u00een prezen\u021ba pre\u0219edintelui Federa\u021biei Rom\u00e2ne de Fotbal, R\u0103zvan Burleanu.<\/p>\n<p>Domnul Har\u0219ovschi a transmis redac\u021biei noastre un comentariu intitulat: \u201dO baz\u0103 sportiv\u0103 nu este construit\u0103 pentru a fi admirat\u0103 din spatele unui gard, ci pentru a fi folosit\u0103\u201d.<\/p>\n<p>\u00cen comentariu se arat\u0103 c\u0103 \u201dla mai bine de un an \u0219i trei luni de la inaugurarea cu fast, o investi\u021bie la realizarea c\u0103reia actuala administra\u021bie nu a avut nicio contribu\u021bie, st\u0103 ast\u0103zi p\u0103r\u0103sit\u0103: Baza Sportiv\u0103.<\/p>\n<p>O administra\u021bie eficient\u0103 \u00eenseamn\u0103 atragerea de fonduri guvernamentale, fonduri europene, fonduri externe nerambursabile \u0219i alte surse de finan\u021bare, nu doar utilizarea banilor proveni\u021bi din taxele \u0219i impozitele pl\u0103tite de suceveni. Am f\u0103cut acest apel \u0219i \u00een \u0219edin\u021ba Consiliului Local din luna iunie \u0219i \u00eel repet \u0219i acum: face\u021bi un parteneriat cu sucevenii! \u0218i nu, nu exist\u0103 nicio hot\u0103r\u00e2re a Consiliului Local prin care baza sportiv\u0103 s\u0103 fie dat\u0103 \u00een administrarea echipei de fotbal, a\u0219a cum s-a anun\u021bat. Dreptul de utilizare este una, iar administrarea este cu totul altceva. Scopul acestei investi\u021bii a fost clar: s\u0103 ofere condi\u021bii moderne pentru copiii \u0219i tinerii din Suceava, pentru cluburile sportive locale \u0219i pentru dezvoltarea sportului de mas\u0103\u201d. Conform unor declara\u021bii publice, baza sportiv\u0103 este la dispozi\u021bia clubului de fotbal de Liga a II-a CSM Cetatea 1932 Suceava, pentru meciurile echipelor de copii \u0219i juniori.<\/p>\n<p>Lucian Har\u0219ovschi mai spune c\u0103 \u201dbaza sportiv\u0103, ast\u0103zi p\u0103r\u0103sit\u0103, include un teren de fotbal cu dimensiuni omologate UEFA (105 \u00d7 68 m), dotat cu instala\u021bie de nocturn\u0103, un teren multifunc\u021bional pentru handbal, baschet, volei \u0219i tenis, precum \u0219i o cl\u0103dire destinat\u0103 vestiarelor, cu regim de \u00een\u0103l\u021bime P+1E, construit\u0103 pe o suprafa\u021b\u0103 de 395,88 mp \u0219i cu o suprafa\u021b\u0103 desf\u0103\u0219urat\u0103 de 520,96 mp. Obiectivul a fost finan\u021bat de Compania Na\u021bional\u0103 de Investi\u021bii, iar valoarea proiectului a fost de 5.232.274,98 lei (f\u0103r\u0103 TVA)\u201d.<\/p>\n<p>La finalul comentariului, fostul viceprimar afirm\u0103: \u201dC\u00e2nd tinerii ajung s\u0103 sar\u0103 gardul pentru a folosi un teren construit din bani publici, problema nu este la ei, ci la modul \u00een care sunt administrate investi\u021biile. Rolul administra\u021biei este s\u0103 deschid\u0103 por\u021bile, nu s\u0103 le \u00eenchid\u0103\u201d.<\/p>\n<\/div>\n<p>[analyse_source url=&#8221;https:\/\/www.radiotop.ro\/actualitate\/fostul-viceprimar-al-sucevei-lucian-harsovschi-despre-baza-sportiva-de-la-iesirea-spre-falticeni-astazi-parasita-cind-tinerii-ajung-sa-sara-gardul-pentru-a-folosi-un-teren-constru.html&#8221;]<\/p>\n","protected":false},"excerpt":{"rendered":"<p>[analyse_image type=&#8221;featured&#8221; src=&#8221;https:\/\/www.radiotop.ro\/img\/media\/2025\/04\/teren-burleanu-rimbu-premiere.jpg&#8221;] Fostul viceprimar al Sucevei Lucian Har\u0219ovschi critic\u0103 actuala administra\u021bie pentru c\u0103 nici \u00een ziua de ast\u0103zi, la un an \u0219i trei luni de la inaugurare, baza sportiv\u0103 construit\u0103 la ie\u0219irea spre F\u0103lticeni nu a fost dat\u0103 \u00een administrarea cuiva. Baza sportiv\u0103 cu teren de fotbal de dimensiuni UEFA a fost inaugurat\u0103 \u00een [&hellip;]<\/p>\n","protected":false},"author":1,"featured_media":0,"comment_status":"open","ping_status":"","sticky":false,"template":"","format":"standard","meta":{"footnotes":""},"categories":[89],"tags":[226,163],"class_list":["post-2064549","post","type-post","status-publish","format-standard","hentry","category-romania","tag-crawlmanager","tag-radiotop-ro"],"_links":{"self":[{"href":"https:\/\/analyse.optim.biz\/index.php?rest_route=\/wp\/v2\/posts\/2064549","targetHints":{"allow":["GET"]}}],"collection":[{"href":"https:\/\/analyse.optim.biz\/index.php?rest_route=\/wp\/v2\/posts"}],"about":[{"href":"https:\/\/analyse.optim.biz\/index.php?rest_route=\/wp\/v2\/types\/post"}],"author":[{"embeddable":true,"href":"https:\/\/analyse.optim.biz\/index.php?rest_route=\/wp\/v2\/users\/1"}],"replies":[{"embeddable":true,"href":"https:\/\/analyse.optim.biz\/index.php?rest_route=%2Fwp%2Fv2%2Fcomments&post=2064549"}],"version-history":[{"count":0,"href":"https:\/\/analyse.optim.biz\/index.php?rest_route=\/wp\/v2\/posts\/2064549\/revisions"}],"wp:attachment":[{"href":"https:\/\/analyse.optim.biz\/index.php?rest_route=%2Fwp%2Fv2%2Fmedia&parent=2064549"}],"wp:term":[{"taxonomy":"category","embeddable":true,"href":"https:\/\/analyse.optim.biz\/index.php?rest_route=%2Fwp%2Fv2%2Fcategories&post=2064549"},{"taxonomy":"post_tag","embeddable":true,"href":"https:\/\/analyse.optim.biz\/index.php?rest_route=%2Fwp%2Fv2%2Ftags&post=2064549"}],"curies":[{"name":"wp","href":"https:\/\/api.w.org\/{rel}","templated":true}]}}