{"id":2064545,"date":"2026-07-27T17:26:42","date_gmt":"2026-07-27T14:26:42","guid":{"rendered":"https:\/\/analyse.optim.biz\/?p=2064545"},"modified":"2026-07-27T17:26:42","modified_gmt":"2026-07-27T14:26:42","slug":"copil-de-5-ani-ranit-in-urma-unui-carambol-la-vicovu-de-sus-stiri-suceava","status":"publish","type":"post","link":"https:\/\/analyse.optim.biz\/?p=2064545","title":{"rendered":"Copil de 5 ani, r\u0103nit \u00een urma unui carambol, la Vicovu de Sus &#8211; Stiri Suceava"},"content":{"rendered":"<p>[analyse_image type=&#8221;featured&#8221; src=&#8221;https:\/\/www.informatiata.ro\/wp-content\/uploads\/2026\/07\/ambulanta-rampa-1024&#215;659.jpg&#8221;]<\/p>\n<div class=\"td-post-content tagdiv-type\">\n<div class=\"td-post-featured-image\"><a href=\"https:\/\/www.informatiata.ro\/wp-content\/uploads\/2026\/07\/ambulanta-rampa-scaled.jpg\" data-caption><img loading=\"lazy\" decoding=\"async\" width=\"696\" height=\"448\" class=\"entry-thumb td-modal-image\" src=\"https:\/\/www.informatiata.ro\/wp-content\/uploads\/2026\/07\/ambulanta-rampa-696x448.jpg\" alt title=\"ambulan\u021b\u0103 rampa\"><img loading=\"lazy\" decoding=\"async\" width=\"696\" height=\"448\" class=\"entry-thumb td-modal-image\" src=\"https:\/\/www.informatiata.ro\/wp-content\/uploads\/2026\/07\/ambulanta-rampa-696x448.jpg\" alt title=\"ambulan\u021b\u0103 rampa\"><\/a><\/div>\n<p>Copil de 5 ani, r\u0103nit \u00een urma unui carambol, la Vicovu de Sus. Accidentul rutier s-a produs duminic\u0103, 26 iulie, \u00een jurul orei 15.40, pe strada Calea Cern\u0103u\u021bi din ora\u0219ul Vicovu de Sus, \u00een dreptul unei s\u0103li de evenimente.<\/p>\n<p>Este vorba despre un carambol cu trei autoturisme, din care dou\u0103 se aflau \u00een deplasare, iar unul era parcat regulamentar \u00een afara p\u0103r\u021bii carosabile.<\/p>\n<div class=\"td-a-rec td-a-rec-id-content_inlineright  tdi_7 td_block_template_1\"><img loading=\"lazy\" decoding=\"async\" class=\"aligncenter size-full wp-image-65686\" src=\"https:\/\/www.informatiata.ro\/wp-content\/uploads\/2026\/07\/SAVCOM-20.gif\" alt width=\"299\" height=\"250\"><img loading=\"lazy\" decoding=\"async\" class=\"aligncenter size-full wp-image-65686\" src=\"https:\/\/www.informatiata.ro\/wp-content\/uploads\/2026\/07\/SAVCOM-20.gif\" alt width=\"299\" height=\"250\"><img loading=\"lazy\" decoding=\"async\" class=\"aligncenter size-full wp-image-65687\" src=\"https:\/\/www.informatiata.ro\/wp-content\/uploads\/2026\/07\/FACOS-17.gif\" alt width=\"300\" height=\"250\"><img loading=\"lazy\" decoding=\"async\" class=\"aligncenter size-full wp-image-65687\" src=\"https:\/\/www.informatiata.ro\/wp-content\/uploads\/2026\/07\/FACOS-17.gif\" alt width=\"300\" height=\"250\"><\/div>\n<p>Din verific\u0103rile efectuate la fa\u021ba locului, a reie\u0219it c\u0103 un \u0219ofer \u00een v\u00e2rst\u0103 de 30 de ani, din ora\u0219ul Vicovu de Sus, care circula dinspre Straja c\u0103tre Vicovu de Jos, nu s-a asigurat la efectuarea manevrei de \u00eentoarcere, intr\u00e2nd \u00een coliziune cu un autoturism condus regulamentar de un b\u0103rbat de 48 de ani, tot din ora\u0219ul Vicovu de Sus.<\/p>\n<p>\u00cen urma impactului, unul dintre autoturisme a fost proiectat \u00eentr-o a treia ma\u0219in\u0103, care era parcat\u0103 regulamentar \u0219i apar\u021binea unui b\u0103rbat de 36 de ani din Vicovu de Sus.<\/p>\n<p>Un copil de 5 ani, pasager \u00eentr-unul dintre autoturisme, a fost r\u0103nit \u0219i a primit \u00eengrijiri medicale din partea unui echipaj SMURD sosit la fa\u021ba locului. De asemenea, la interven\u021bie au participat \u0219i pompierii din cadrul G\u0103rzii de Interven\u021bie Vicovu de Sus.<\/p>\n<p>Cei doi conduc\u0103tori auto implica\u021bi \u00een coliziune au fost testa\u021bi cu aparatul alcooltest, rezultatele fiind negative.<\/p>\n<p>Poli\u021bi\u0219tii din cadrul Poli\u021biei ora\u0219ului Vicovu de Sus au deschis un dosar penal pentru v\u0103t\u0103mare corporal\u0103 din culp\u0103 \u0219i continu\u0103 cercet\u0103rile pentru stabilirea tuturor \u00eemprejur\u0103rilor \u00een care s-a produs accidentul.<\/p>\n<div class=\"td-a-rec td-a-rec-id-content_bottom  td-rec-hide-on-m tdi_8 td_block_template_1\"><img loading=\"lazy\" decoding=\"async\" class=\"aligncenter size-full wp-image-65603\" src=\"https:\/\/www.informatiata.ro\/wp-content\/uploads\/2026\/07\/SAVCOM-19.gif\" alt width=\"299\" height=\"250\"><img loading=\"lazy\" decoding=\"async\" class=\"aligncenter size-full wp-image-65603\" src=\"https:\/\/www.informatiata.ro\/wp-content\/uploads\/2026\/07\/SAVCOM-19.gif\" alt width=\"299\" height=\"250\"><img loading=\"lazy\" decoding=\"async\" class=\"aligncenter size-full wp-image-65604\" src=\"https:\/\/www.informatiata.ro\/wp-content\/uploads\/2026\/07\/FACOS-16.gif\" alt width=\"300\" height=\"250\"><img loading=\"lazy\" decoding=\"async\" class=\"aligncenter size-full wp-image-65604\" src=\"https:\/\/www.informatiata.ro\/wp-content\/uploads\/2026\/07\/FACOS-16.gif\" alt width=\"300\" height=\"250\"><\/div>\n<\/div>\n<p>[analyse_source url=&#8221;https:\/\/www.informatiata.ro\/copil-5-ani-ranit-intr-un-carambol-la-vicov\/&#8221;]<\/p>\n","protected":false},"excerpt":{"rendered":"<p>[analyse_image type=&#8221;featured&#8221; src=&#8221;https:\/\/www.informatiata.ro\/wp-content\/uploads\/2026\/07\/ambulanta-rampa-1024&#215;659.jpg&#8221;] Copil de 5 ani, r\u0103nit \u00een urma unui carambol, la Vicovu de Sus. Accidentul rutier s-a produs duminic\u0103, 26 iulie, \u00een jurul orei 15.40, pe strada Calea Cern\u0103u\u021bi din ora\u0219ul Vicovu de Sus, \u00een dreptul unei s\u0103li de evenimente. Este vorba despre un carambol cu trei autoturisme, din care dou\u0103 se aflau [&hellip;]<\/p>\n","protected":false},"author":1,"featured_media":0,"comment_status":"open","ping_status":"","sticky":false,"template":"","format":"standard","meta":{"footnotes":""},"categories":[89],"tags":[226,167],"class_list":["post-2064545","post","type-post","status-publish","format-standard","hentry","category-romania","tag-crawlmanager","tag-informatiata-ro"],"_links":{"self":[{"href":"https:\/\/analyse.optim.biz\/index.php?rest_route=\/wp\/v2\/posts\/2064545","targetHints":{"allow":["GET"]}}],"collection":[{"href":"https:\/\/analyse.optim.biz\/index.php?rest_route=\/wp\/v2\/posts"}],"about":[{"href":"https:\/\/analyse.optim.biz\/index.php?rest_route=\/wp\/v2\/types\/post"}],"author":[{"embeddable":true,"href":"https:\/\/analyse.optim.biz\/index.php?rest_route=\/wp\/v2\/users\/1"}],"replies":[{"embeddable":true,"href":"https:\/\/analyse.optim.biz\/index.php?rest_route=%2Fwp%2Fv2%2Fcomments&post=2064545"}],"version-history":[{"count":0,"href":"https:\/\/analyse.optim.biz\/index.php?rest_route=\/wp\/v2\/posts\/2064545\/revisions"}],"wp:attachment":[{"href":"https:\/\/analyse.optim.biz\/index.php?rest_route=%2Fwp%2Fv2%2Fmedia&parent=2064545"}],"wp:term":[{"taxonomy":"category","embeddable":true,"href":"https:\/\/analyse.optim.biz\/index.php?rest_route=%2Fwp%2Fv2%2Fcategories&post=2064545"},{"taxonomy":"post_tag","embeddable":true,"href":"https:\/\/analyse.optim.biz\/index.php?rest_route=%2Fwp%2Fv2%2Ftags&post=2064545"}],"curies":[{"name":"wp","href":"https:\/\/api.w.org\/{rel}","templated":true}]}}