{"id":2064544,"date":"2026-07-27T18:38:24","date_gmt":"2026-07-27T15:38:24","guid":{"rendered":"https:\/\/analyse.optim.biz\/?p=2064544"},"modified":"2026-07-27T18:38:24","modified_gmt":"2026-07-27T15:38:24","slug":"avioane-americane-la-bezmer-la-schimb-cu-avantaje-in-zona-energetica-pentru-bulgaria-ce-a-obtinut-guvernul-radev-de-la-sua","status":"publish","type":"post","link":"https:\/\/analyse.optim.biz\/?p=2064544","title":{"rendered":"Avioane americane la Bezmer, la schimb cu avantaje \u00een zona energetic\u0103 pentru Bulgaria: ce a ob\u021binut guvernul Radev de la SUA"},"content":{"rendered":"<p>[analyse_image type=&#8221;featured&#8221; src=&#8221;https:\/\/r3media.ro\/wp-content\/uploads\/2026\/06\/rumen-radev-bulgaria-e1782377554289.webphttps:\/\/r3media.ro\/wp-content\/uploads\/2026\/06\/rumen-radev-bulgaria-e1782377554289.webp&#8221;]<\/p>\n<article id=\"template-id-109\" class=\"post-109 tdb_templates type-tdb_templates status-publish post\">\n<div id=\"tdi_2\" class=\"tdc-zone\">\n<div class=\"tdc_zone tdi_3  wpb_row td-pb-row\">\n<div id=\"tdi_4\" class=\"tdc-row\">\n<div class=\"vc_row tdi_5  wpb_row td-pb-row\">\n<div class=\"vc_column tdi_7  wpb_column vc_column_container tdc-column td-pb-span8\">\n<div class=\"wpb_wrapper\">\n<div class=\"td_block_wrap tdb_breadcrumbs tdi_8 td-pb-border-top td_block_template_1 tdb-breadcrumbs \" data-td-block-uid=\"tdi_8\">\n<div class=\"tdb-block-inner td-fix-index\"><span><a title=\"Vede\u021bi toate articolele \u00een FEATURED\" class=\"tdb-entry-crumb\" href=\"https:\/\/r3media.ro\/category\/featured\/\">FEATURED<\/a><\/span><span class=\"tdb-bred-no-url-last\">Avioane americane la Bezmer, la schimb cu avantaje \u00een zona energetic\u0103 pentru&#8230;<\/span><\/div>\n<\/div>\n<div class=\"td_block_wrap tdb_single_categories tdi_9 td-pb-border-top td_block_template_1 \" data-td-block-uid=\"tdi_9\">\n<div class=\"tdb-category td-fix-index\"><a class=\"tdb-entry-category\" href=\"https:\/\/r3media.ro\/category\/featured\/\">FEATURED<\/a><a class=\"tdb-entry-category\" href=\"https:\/\/r3media.ro\/category\/stiri\/\">\u0218TIRI<\/a><\/div>\n<\/div>\n<div class=\"td_block_wrap tdb_title tdi_10 tdb-single-title td-pb-border-top td_block_template_1\" data-td-block-uid=\"tdi_10\">\n<div class=\"tdb-block-inner td-fix-index\">\n<h1 class=\"tdb-title-text\">Avioane americane la Bezmer, la schimb cu avantaje \u00een zona energetic\u0103 pentru Bulgaria: ce a ob\u021binut guvernul Radev de la SUA<\/h1>\n<\/div>\n<\/div>\n<div class=\"vc_row_inner tdi_12  vc_row vc_inner wpb_row td-pb-row\">\n<div class=\"vc_column_inner tdi_14  wpb_column vc_column_container tdc-inner-column td-pb-span12\">\n<div class=\"vc_column-inner\">\n<div class=\"wpb_wrapper\">\n<div class=\"td_block_wrap tdb_single_author tdi_15 td-pb-border-top td_block_template_1 tdb-post-meta\" data-td-block-uid=\"tdi_15\">\n<div class=\"tdb-block-inner td-fix-index\">\n<div class=\"tdb-author-name-wrap\"><a class=\"tdb-author-name\" href=\"https:\/\/r3media.ro\/author\/radu_ursan\/\">Radu Ursan<\/a><\/div>\n<\/div>\n<\/div>\n<div class=\"td_block_wrap tdb_single_date tdi_16 td-pb-border-top td_block_template_1 tdb-post-meta\" data-td-block-uid=\"tdi_16\">\n<div class=\"tdb-block-inner td-fix-index\"><time class=\"entry-date updated td-module-date\" datetime=\"2026-07-27T21:38:24+03:00\">27\/07\/2026<\/time><\/div>\n<\/div>\n<\/div>\n<\/div>\n<\/div>\n<\/div>\n<div class=\"td_block_wrap tdb_single_featured_image tdi_17 tdb-content-horiz-left td-pb-border-top td_block_template_1\" data-td-block-uid=\"tdi_17\">\n<div class=\"tdb-block-inner td-fix-index\">\n<figure><figcaption class=\"tdb-caption-text\">Sursa foto: Novinite<\/figcaption><\/figure>\n<\/div>\n<\/div>\n<div class=\"td_block_wrap tdb_single_content tdi_18 td-pb-border-top td_block_template_1 td-post-content tagdiv-type\" data-td-block-uid=\"tdi_18\">\n<div class=\"tdb-block-inner td-fix-index\">\n<p><strong>C\u00e2nd Parlamentul de la Sofia a aprobat, pe 22 iulie, sta\u021bionarea a p\u00e2n\u0103 la opt avioane-cistern\u0103 americane KC-135 \u0219i a circa 250 de militari la baza aerian\u0103 Bezmer, decizia a fost prezentat\u0103 de guvernul lui Rumen Radev drept o simpl\u0103 obliga\u021bie de aliat NATO. <\/strong><\/p>\n<p>\u00cen spatele ei, se poate citi, \u00eens\u0103, altceva: conturul unui schimb informal \u00een care Bulgaria a primit, aproape simultan, o serie de concesii pe zona energetic\u0103.<\/p>\n<h2><strong>O coinciden\u021b\u0103 de calendar greu de ignorat<\/strong><\/h2>\n<p>Elementul care a alimentat cel mai mult suspiciunile este sincronizarea. Trezoreria american\u0103, prin Oficiul pentru Controlul Activelor Str\u0103ine (OFAC), a prelungit p\u00e2n\u0103 la 22 august 2026 autoriza\u021bia pentru anumite tranzac\u021bii care implic\u0103 Lukoil International GmbH \u2014 vehiculul prin care gigantul rus \u00ee\u0219i de\u021bine activele externe \u2014, iar anun\u021bul a venit chiar \u00een ziua \u00een care premierul Radev avea o convorbire telefonic\u0103 cu secretarul american al Energiei, Chris Wright, noteaz\u0103 <a href=\"https:\/\/www.novinite.com\/articles\/239826\/US+Extends+Lukoil+Waiver+After+Radev-Wright+Energy+Talks\" target=\"_blank\" rel=\"noopener\">Novinite<\/a>.<\/p>\n<p>Potrivit serviciului de pres\u0103 al guvernului bulgar, cei doi au discutat diversificarea aprovizion\u0103rii cu energie \u00een sud-estul Europei, construc\u021bia Coridorului Vertical de Gaz, noile reactoare de la centrala nuclear\u0103 Kozlodui cu tehnologie american\u0103 \u0219i posibilitatea dezvolt\u0103rii unor mari centre de date \u0219i facilit\u0103\u021bi de inteligen\u021b\u0103 artificial\u0103.<\/p>\n<p>\u00cen aceea\u0219i convorbire, Radev a insistat asupra importan\u021bei func\u021bion\u0103rii ne\u00eentrerupte a rafin\u0103riei de la Burgas scrie <a href=\"https:\/\/www.bta.bg\/en\/news\/economy\/1173358-pm-radev-us-energy-secretary-wright-discuss-bulgaria-us-energy-partnership\" target=\"_blank\" rel=\"noopener\">BTA<\/a>.<\/p>\n<p>Miza rafin\u0103riei nu este nou\u0103.<\/p>\n<p>La finalul lunii iunie, reprezentan\u021bi ai Litasco \u2014 parte a grupului Lukoil \u0219i ac\u021bionar la Lukoil Neftohim Burgas \u2014 s-au \u00eent\u00e2lnit cu Radev \u0219i cu mini\u0219trii de Finan\u021be \u0219i Economie, <a href=\"https:\/\/www.novinite.com\/articles\/239826\/US+Extends+Lukoil+Waiver+After+Radev-Wright+Energy+Talks\" target=\"_blank\" rel=\"noopener\">discu\u021biile<\/a> viz\u00e2nd ridicarea restric\u021biilor care \u00eempiedicaser\u0103 rafin\u0103ria de la Burgas s\u0103 deruleze opera\u021biuni de trading prin firme \u00eenregistrate \u00een Elve\u021bia; dup\u0103 acea \u00eent\u00e2lnire, Radev a anun\u021bat c\u0103 s-a ajuns la un acord pentru eliminarea restric\u021biilor.<\/p>\n<h2><strong>Victoriile bulgare care s-au adunat<\/strong><\/h2>\n<p>Pe l\u00e2ng\u0103 derogarea american\u0103, Sofia a bifat un c\u00e2\u0219tig \u0219i la Bruxelles.<\/p>\n<p>Radev a afirmat c\u0103 Bulgaria<a href=\"https:\/\/r3media.ro\/premierul-bulgariei-sanctiuni-patriarh-rusia-cruciade\/\" target=\"_blank\" rel=\"noopener\"> a ob\u021binut<\/a> eliminarea a trei nume din cel de-al 21-lea pachet de sanc\u021biuni al UE \u00eempotriva Rusiei \u2014 patriarhul Chiril, fondatorul Lukoil, Vagit Alekperov, \u0219i un reprezentant al unui furnizor de piese pentru metroul din Sofia \u2014, subliniind c\u0103 nu este vorba despre anumite persoane, ci despre protejarea intereselor Bulgariei \u00een domeniile energiei \u0219i transporturilor, afirm\u0103<a href=\"https:\/\/www.bursa.ro\/premierul-bulgariei-eforturi-de-negociere-pentru-pace-in-europa-bulgaria-s-a-opus-sanctiunilor-ue-49095957\" target=\"_blank\" rel=\"noopener\"> Bursa<\/a>.<\/p>\n<p>De cealalt\u0103 parte a balan\u021bei st\u0103 decizia de la Bezmer.<\/p>\n<p>Parlamentul a aprobat desf\u0103\u0219urarea temporar\u0103 a p\u00e2n\u0103 la opt avioane KC-135, a echipajelor \u0219i a p\u00e2n\u0103 la 250 de militari americani la baza Bezmer \u00een perioada 24 iulie \u2013 1 octombrie 2026, pentru a sprijini opera\u021biunile SUA din Orientul Mijlociu; m\u0103sura a fost adoptat\u0103 cu 136 de voturi pentru \u0219i 13 \u00eempotriv\u0103, cu dou\u0103 ab\u021bineri.<\/p>\n<p>Recompensa simbolic\u0103 a venit rapid: pre\u0219edintele Donald Trump <a href=\"https:\/\/ziare.com\/avioane-americane\/sua-baza-militara-trump-bulgaria-2026553\" target=\"_blank\" rel=\"noopener\">i-a transmis public<\/a> mul\u021bumiri lui Radev, printr-un mesaj scurt pe Truth Social, prezent\u00e2nd decizia Sofiei drept un gest de sus\u021binere a Washingtonului adoptat \u00een pofida presiunilor Teheranului.<\/p>\n<h2><strong>Acuza\u021bia opozi\u021biei \u0219i dezmin\u021birea guvernului<\/strong><\/h2>\n<p>Leg\u0103tura dintre cele dou\u0103 dosare a fost for\u021bat\u0103 \u00een spa\u021biul public de Bulgaria Democrat\u0103.<\/p>\n<p>Deputatul Bojidar Bojanov a cerut explica\u021bii privind o posibil\u0103 conexiune \u00eentre decizia de la Bezmer \u0219i derogarea acordat\u0103 companiei Lukoil, iar Radev a respins acuza\u021biile potrivit c\u0103rora aprobarea desf\u0103\u0219ur\u0103rii aeronavelor americane ar avea vreo leg\u0103tur\u0103 cu un presupus acord politic cu Washingtonul<\/p>\n<p>Bozhanov a mers \u0219i mai departe: <a href=\"https:\/\/www.novinite.com\/articles\/239829\/Radev%27s+Bezmer+U-Turn\" target=\"_blank\" rel=\"noopener\">a afirmat<\/a> c\u0103 Statele Unite au f\u0103cut presiuni asupra Bulgariei pentru a accepta desf\u0103\u0219urarea avioanelor-cistern\u0103 la Bezmer.<\/p>\n<p>Totu\u0219i, nu a fost prezentat\u0103 public nicio dovad\u0103 care s\u0103 lege desf\u0103\u0219urarea de la Bezmer de deciziile americane privind Lukoil; succesiunea evenimentelor a alimentat \u00eens\u0103 dezbaterea politic\u0103 privind angajarea simultan\u0103 a Bulgariei al\u0103turi de Washington pe dosarele ap\u0103r\u0103rii \u0219i energiei.<\/p>\n<h2><strong>Ce lipse\u0219te din ecua\u021bie<\/strong><\/h2>\n<p>Un detaliu \u00eent\u0103re\u0219te impresia unui schimb inegal.<\/p>\n<p>La o desf\u0103\u0219urare anterioar\u0103 de avioane-cistern\u0103 americane pe aeroportul civil din Sofia, Radev <a href=\"https:\/\/r3media.ro\/bulgaria-negociere-america-vize-bulgari-avioane-americane-sofia\/\" target=\"_blank\" rel=\"noopener\">condi\u021bionase<\/a> prelungirea sta\u021bion\u0103rii de acordarea unei scutiri de viz\u0103 pentru cet\u0103\u021benii bulgari, iar c\u00e2nd Washingtonul nu a r\u0103spuns, a l\u0103sat aranjamentul s\u0103 expire.<\/p>\n<p>De aceast\u0103 dat\u0103, singurul beneficiu concret care ar fi ajuns direct la cet\u0103\u021beni \u2014 vizele \u2014 lipse\u0219te din tablou.<\/p>\n<p>C\u00e2\u0219tigurile vizibile r\u0103m\u00e2n, a\u0219adar, pe zona energetic\u0103 \u0219i corporativ\u0103: derogarea Lukoil, func\u021bionarea rafin\u0103riei de la Burgas \u0219i proiectele strategice discutate cu Chris Wright.<\/p>\n<div class=\"crp_related     crp-masonry\">\n<h2>\u00ceN CONTEXT<\/h2>\n<ul>\n<li><a href=\"https:\/\/r3media.ro\/rumen-radev-bulgaria-se-retrage-coalitia-de-vointa\/\" class=\"crp_link post-119926\"><span class=\"crp_title\">Rumen Radev anun\u021b\u0103 c\u0103 Bulgaria se retrage din \u201eCoali\u021bia de voin\u021b\u0103\u201d: Rezolvarea conflictului\u2026<\/span><\/a><\/li>\n<li><a href=\"https:\/\/r3media.ro\/bulgaria-negociere-america-vize-bulgari-avioane-americane-sofia\/\" class=\"crp_link post-117361\"><span class=\"crp_title\">Premierul Bulgariei ne arat\u0103 cum se negociaz\u0103: Le-a dat o lun\u0103 americanilor s\u0103 retrag\u0103\u2026<\/span><\/a><\/li>\n<li><a href=\"https:\/\/r3media.ro\/rumen-radev-risc-nuclear-rusia-bulgaria-pace\/\" class=\"crp_link post-119647\"><span class=\"crp_title\">Rumen Radev spune c\u0103 a crescut riscul unei riposte nucleare a Rusiei. Premierul Bulgariei:\u2026<\/span><\/a><\/li>\n<li><a href=\"https:\/\/r3media.ro\/premierul-bulgariei-sanctiuni-patriarh-rusia-cruciade\/\" class=\"crp_link post-118628\"><span class=\"crp_title\">Premierul Bulgariei spune c\u0103 se va opune sanc\u021biunilor la adresa Patriarhului Rusiei: Credeam\u2026<\/span><\/a><\/li>\n<li><a href=\"https:\/\/r3media.ro\/romania-razboi-bulgaria-presiuni-mari-puteri-cadrilater\/\" class=\"crp_link post-49370\"><span class=\"crp_title\">Calendarul zilei 27 iunie: 113 ani de c\u00e2nd Rom\u00e2nia declara r\u0103zboi Bulgariei, la presiunile\u2026<\/span><\/a><\/li>\n<li><a href=\"https:\/\/r3media.ro\/cfr-calatori-tren-direct-varna-sofia-istanbul-program-tarife\/\" class=\"crp_link post-117720\"><span class=\"crp_title\">CFR C\u0103l\u0103tori reia circula\u021bia trenului direct c\u0103tre Varna, Sofia \u0219i Istanbul. Program \u0219i tarife<\/span><\/a><\/li>\n<li><a href=\"https:\/\/r3media.ro\/bulgaria-stopeaza-ajutor-ucraina-militar-pace\/\" class=\"crp_link post-117928\"><span class=\"crp_title\">Este oficial! Bulgaria stopeaz\u0103 ajutorul militar pentru Ucraina \u0219i pledeaz\u0103 pentru pace<\/span><\/a><\/li>\n<li><a href=\"https:\/\/r3media.ro\/turism-bulgaria-promovat-sute-de-milioane-persoane\/\" class=\"crp_link post-116105\"><span class=\"crp_title\">Turismul Bulgariei, promovat de o institu\u021bie sportiv\u0103 european\u0103 de top \u00een fa\u021ba a sute de\u2026<\/span><\/a><\/li>\n<\/ul>\n<\/div>\n<\/div>\n<\/div>\n<div class=\"td_block_wrap tdb_single_tags tdi_19 td-pb-border-top td_block_template_1\" data-td-block-uid=\"tdi_19\">\n<div class=\"tdb-block-inner td-fix-index\">\n<ul class=\"tdb-tags\">\n<li><span>SUBIECTE FIERBIN\u021aI<\/span><\/li>\n<li><a href=\"https:\/\/r3media.ro\/tag\/bulgaria\/\">bulgaria<\/a><\/li>\n<li><a href=\"https:\/\/r3media.ro\/tag\/lukoil\/\">Lukoil<\/a><\/li>\n<li><a href=\"https:\/\/r3media.ro\/tag\/rumen-radev\/\">rumen radev<\/a><\/li>\n<li><a href=\"https:\/\/r3media.ro\/tag\/sua-statele-unite-ale-americii\/\">SUA (Statele Unite ale Americii)<\/a><\/li>\n<\/ul>\n<\/div>\n<\/div>\n<div class=\"td_block_wrap td_block_9 tdi_20 td_with_ajax_pagination td-pb-border-top td_block_template_1 td-column-2 td_block_padding td_block_bot_line\" data-td-block-uid=\"tdi_20\">\n<div class=\"td-block-title-wrap\">\n<h4 class=\"block-title td-block-title\"><span class=\"td-pulldown-size\">CITE\u0218TE MAI MULT<\/span><\/h4>\n<\/div>\n<div id=\"tdi_20\" class=\"td_block_inner\">\n<div class=\"td-block-row\">\n<div class=\"td-block-span6\">\n<div class=\"td_module_8 td_module_wrap\">\n<div class=\"item-details\">\n<h3 class=\"entry-title td-module-title\"><a href=\"https:\/\/r3media.ro\/dictatura-forma-suprema-a-democratiei\/\" rel=\"bookmark\" title=\"Dictatura \u2013 forma suprem\u0103 a democra\u021biei\">Dictatura \u2013 forma suprem\u0103 a democra\u021biei<\/a><\/h3>\n<div class=\"td-module-meta-info\"><a href=\"https:\/\/r3media.ro\/category\/opinii\/\" class=\"td-post-category\">OPINII<\/a><span class=\"td-post-author-name\"><a href=\"https:\/\/r3media.ro\/author\/tru\/\">TRU (Traian Ungureanu)<\/a><span>&#8211;<\/span><\/span><span class=\"td-post-date\"><time class=\"entry-date updated td-module-date\" datetime=\"2026-07-25T16:43:11+03:00\">25\/07\/2026<\/time><\/span><\/div>\n<\/div>\n<\/div>\n<\/div>\n<div class=\"td-block-span6\">\n<div class=\"td_module_8 td_module_wrap\">\n<div class=\"item-details\">\n<h3 class=\"entry-title td-module-title\"><a href=\"https:\/\/r3media.ro\/film-nou-stapanul-inelelor-corect-politic-regizor-andy-serkis-diversitate-tolkien-mitologie-nordica\/\" rel=\"bookmark\" title=\"Noul film \u201eSt\u0103p\u00e2nul Inelelor\u201d nu va fi corect politic. Regizorul Andy Serkis: J.R.R. Tolkien a fost influen\u021bat de mitologia nordic\u0103. Nu vrem o distribu\u021bie de dragul de a bifa c\u0103su\u021be\">Noul film \u201eSt\u0103p\u00e2nul Inelelor\u201d nu va fi corect politic. Regizorul Andy Serkis: J.R.R. Tolkien&#8230;<\/a><\/h3>\n<div class=\"td-module-meta-info\"><a href=\"https:\/\/r3media.ro\/category\/stiri-prim-plan\/\" class=\"td-post-category\">PRIM PLAN<\/a><span class=\"td-post-author-name\"><a href=\"https:\/\/r3media.ro\/author\/oana\/\">Oana Ivan<\/a><span>&#8211;<\/span><\/span><span class=\"td-post-date\"><time class=\"entry-date updated td-module-date\" datetime=\"2026-07-26T15:49:31+03:00\">26\/07\/2026<\/time><\/span><\/div>\n<\/div>\n<\/div>\n<\/div>\n<\/div>\n<div class=\"td-block-row\">\n<div class=\"td-block-span6\">\n<div class=\"td_module_8 td_module_wrap\">\n<div class=\"item-details\">\n<h3 class=\"entry-title td-module-title\"><a href=\"https:\/\/r3media.ro\/marea-britanie-apa-inteligenta-artificiala-romania-centru-ai-restrictii-consum-apa\/\" rel=\"bookmark\" title=\"Marea Britanie nu mai are suficient\u0103 ap\u0103 pentru Inteligen\u021ba Artificial\u0103, dar Rom\u00e2nia vrea s\u0103 g\u0103zduiasc\u0103 un centru AI care consum\u0103 c\u00e2t sute de mii de oameni \u0219i impune restric\u021bii la consumul de ap\u0103 al popula\u021biei\">Marea Britanie nu mai are suficient\u0103 ap\u0103 pentru Inteligen\u021ba Artificial\u0103, dar Rom\u00e2nia vrea s\u0103&#8230;<\/a><\/h3>\n<div class=\"td-module-meta-info\"><a href=\"https:\/\/r3media.ro\/category\/actualitate\/\" class=\"td-post-category\">ACTUALITATE<\/a><span class=\"td-post-author-name\"><a href=\"https:\/\/r3media.ro\/author\/radu_ursan\/\">Radu Ursan<\/a><span>&#8211;<\/span><\/span><span class=\"td-post-date\"><time class=\"entry-date updated td-module-date\" datetime=\"2026-07-23T11:44:13+03:00\">23\/07\/2026<\/time><\/span><\/div>\n<\/div>\n<\/div>\n<\/div>\n<div class=\"td-block-span6\">\n<div class=\"td_module_8 td_module_wrap\">\n<div class=\"item-details\">\n<h3 class=\"entry-title td-module-title\"><a href=\"https:\/\/r3media.ro\/campion-olimpic-olaf-tufte-mort-subit-50-ani\/\" rel=\"bookmark\" title=\"Campionul olimpic Olaf Tufte a murit subit la 50 de ani\">Campionul olimpic Olaf Tufte a murit subit la 50 de ani<\/a><\/h3>\n<div class=\"td-module-meta-info\"><a href=\"https:\/\/r3media.ro\/category\/actualitate\/\" class=\"td-post-category\">ACTUALITATE<\/a><span class=\"td-post-author-name\"><a href=\"https:\/\/r3media.ro\/author\/oana\/\">Oana Ivan<\/a><span>&#8211;<\/span><\/span><span class=\"td-post-date\"><time class=\"entry-date updated td-module-date\" datetime=\"2026-07-22T12:11:02+03:00\">22\/07\/2026<\/time><\/span><\/div>\n<\/div>\n<\/div>\n<\/div>\n<\/div>\n<div class=\"td-block-row\">\n<div class=\"td-block-span6\">\n<div class=\"td_module_8 td_module_wrap\">\n<div class=\"item-details\">\n<h3 class=\"entry-title td-module-title\"><a href=\"https:\/\/r3media.ro\/explozie-incendiu-fabrica-kronospan-brasov-video\/\" rel=\"bookmark\" title=\"VIDEO | Explozie urmat\u0103 de un incendiu la fabrica Kronospan din Bra\u0219ov. \u00cen timp ce pompierii \u00eencercau s\u0103 sting\u0103 focul s-a produs o alt\u0103 explozie\">VIDEO | Explozie urmat\u0103 de un incendiu la fabrica Kronospan din Bra\u0219ov. \u00cen timp&#8230;<\/a><\/h3>\n<div class=\"td-module-meta-info\"><a href=\"https:\/\/r3media.ro\/category\/actualitate\/\" class=\"td-post-category\">ACTUALITATE<\/a><span class=\"td-post-author-name\"><a href=\"https:\/\/r3media.ro\/author\/oana\/\">Oana Ivan<\/a><span>&#8211;<\/span><\/span><span class=\"td-post-date\"><time class=\"entry-date updated td-module-date\" datetime=\"2026-07-22T10:01:28+03:00\">22\/07\/2026<\/time><\/span><\/div>\n<\/div>\n<\/div>\n<\/div>\n<div class=\"td-block-span6\">\n<div class=\"td_module_8 td_module_wrap\">\n<div class=\"item-details\">\n<h3 class=\"entry-title td-module-title\"><a href=\"https:\/\/r3media.ro\/asa-incepe-compania-openai-afirma-un-model-de-inteligenta-artificiala-a-atacat-din-proprie-initiativa-sistemele-unei-alte-companii\/\" rel=\"bookmark\" title=\"A\u0219a \u00eencepe? Compania OpenAI afirm\u0103 un model de inteligen\u021b\u0103 artificial\u0103 a ATACAT din proprie ini\u021biativ\u0103 sistemele unei alte companii\">A\u0219a \u00eencepe? Compania OpenAI afirm\u0103 un model de inteligen\u021b\u0103 artificial\u0103 a ATACAT din proprie&#8230;<\/a><\/h3>\n<div class=\"td-module-meta-info\"><a href=\"https:\/\/r3media.ro\/category\/actualitate\/\" class=\"td-post-category\">ACTUALITATE<\/a><span class=\"td-post-author-name\"><a href=\"https:\/\/r3media.ro\/author\/teodor_stan\/\">Teodor Stan<\/a><span>&#8211;<\/span><\/span><span class=\"td-post-date\"><time class=\"entry-date updated td-module-date\" datetime=\"2026-07-22T09:10:53+03:00\">22\/07\/2026<\/time><\/span><\/div>\n<\/div>\n<\/div>\n<\/div>\n<\/div>\n<div class=\"td-block-row\">\n<div class=\"td-block-span6\">\n<div class=\"td_module_8 td_module_wrap\">\n<div class=\"item-details\">\n<h3 class=\"entry-title td-module-title\"><a href=\"https:\/\/r3media.ro\/episcopul-husilor-oameni-animale-therieni-degradare-progresism\/\" rel=\"bookmark\" title=\"Episcopul Hu\u0219ilor, despre oamenii care se cred animale: V\u0103 da\u021bi seama c\u00e2t\u0103 degradare uman\u0103 este? De ce? Pentru c\u0103 se \u00eencred \u00een progresism\">Episcopul Hu\u0219ilor, despre oamenii care se cred animale: V\u0103 da\u021bi seama c\u00e2t\u0103 degradare uman\u0103&#8230;<\/a><\/h3>\n<div class=\"td-module-meta-info\"><a href=\"https:\/\/r3media.ro\/category\/actualitate\/\" class=\"td-post-category\">ACTUALITATE<\/a><span class=\"td-post-author-name\"><a href=\"https:\/\/r3media.ro\/author\/radu_ursan\/\">Radu Ursan<\/a><span>&#8211;<\/span><\/span><span class=\"td-post-date\"><time class=\"entry-date updated td-module-date\" datetime=\"2026-07-21T19:30:46+03:00\">21\/07\/2026<\/time><\/span><\/div>\n<\/div>\n<\/div>\n<\/div>\n<div class=\"td-block-span6\">\n<div class=\"td_module_8 td_module_wrap\">\n<div class=\"item-details\">\n<h3 class=\"entry-title td-module-title\"><a href=\"https:\/\/r3media.ro\/video-cult-femeie-dumnezeu-mama-romania\/\" rel=\"bookmark\" title=\"VIDEO | Un cult care consider\u0103 o femeie coreean\u0103 drept \u201eDumnezeu Mama\u201d face prozeli\u021bi \u00een Rom\u00e2nia\">VIDEO | Un cult care consider\u0103 o femeie coreean\u0103 drept \u201eDumnezeu Mama\u201d face prozeli\u021bi&#8230;<\/a><\/h3>\n<div class=\"td-module-meta-info\"><a href=\"https:\/\/r3media.ro\/category\/actualitate\/\" class=\"td-post-category\">ACTUALITATE<\/a><span class=\"td-post-author-name\"><a href=\"https:\/\/r3media.ro\/author\/redactia\/\">Redac\u021bia<\/a><span>&#8211;<\/span><\/span><span class=\"td-post-date\"><time class=\"entry-date updated td-module-date\" datetime=\"2026-07-21T11:14:08+03:00\">21\/07\/2026<\/time><\/span><\/div>\n<\/div>\n<\/div>\n<\/div>\n<\/div>\n<div class=\"td-block-row\">\n<div class=\"td-block-span6\">\n<div class=\"td_module_8 td_module_wrap\">\n<div class=\"item-details\">\n<h3 class=\"entry-title td-module-title\"><a href=\"https:\/\/r3media.ro\/cehia-interzice-telefoanele-in-scoli\/\" rel=\"bookmark\" title=\"Cehia se preg\u0103te\u0219te s\u0103 interzic\u0103 telefoanele mobile \u00een \u0219coli\">Cehia se preg\u0103te\u0219te s\u0103 interzic\u0103 telefoanele mobile \u00een \u0219coli<\/a><\/h3>\n<div class=\"td-module-meta-info\"><a href=\"https:\/\/r3media.ro\/category\/actualitate\/\" class=\"td-post-category\">ACTUALITATE<\/a><span class=\"td-post-author-name\"><a href=\"https:\/\/r3media.ro\/author\/redactia\/\">Redac\u021bia<\/a><span>&#8211;<\/span><\/span><span class=\"td-post-date\"><time class=\"entry-date updated td-module-date\" datetime=\"2026-07-20T22:34:13+03:00\">20\/07\/2026<\/time><\/span><\/div>\n<\/div>\n<\/div>\n<\/div>\n<div class=\"td-block-span6\">\n<div class=\"td_module_8 td_module_wrap\">\n<div class=\"item-details\">\n<h3 class=\"entry-title td-module-title\"><a href=\"https:\/\/r3media.ro\/mihail-neamtu-oblgatie-romania\/\" rel=\"bookmark\" title=\"Mihail Neam\u021bu: Suntem o \u021bar\u0103 mic\u0103, iar singura obliga\u021bie a politicienilor de la Bucure\u0219ti e s\u0103 nu introduc\u0103 Rom\u00e2nia \u00eentr-un r\u0103zboi stupid \u0219i perdant\">Mihail Neam\u021bu: Suntem o \u021bar\u0103 mic\u0103, iar singura obliga\u021bie a politicienilor de la Bucure\u0219ti&#8230;<\/a><\/h3>\n<div class=\"td-module-meta-info\"><a href=\"https:\/\/r3media.ro\/category\/actualitate\/\" class=\"td-post-category\">ACTUALITATE<\/a><span class=\"td-post-author-name\"><a href=\"https:\/\/r3media.ro\/author\/redactia\/\">Redac\u021bia<\/a><span>&#8211;<\/span><\/span><span class=\"td-post-date\"><time class=\"entry-date updated td-module-date\" datetime=\"2026-07-20T22:01:16+03:00\">20\/07\/2026<\/time><\/span><\/div>\n<\/div>\n<\/div>\n<\/div>\n<\/div>\n<div class=\"td-block-row\">\n<div class=\"td-block-span6\">\n<div class=\"td_module_8 td_module_wrap\">\n<div class=\"item-details\">\n<h3 class=\"entry-title td-module-title\"><a href=\"https:\/\/r3media.ro\/petrisor-peiu-conditii-aur-vot-guvernul-vestea-nicusor-dan-solutii-bunastare-romani\/\" rel=\"bookmark\" title=\"Condi\u021biile AUR pentru a vota Guvernul Ve\u0219tea. Petri\u0219or Peiu propune solu\u021bii clare pentru bun\u0103starea rom\u00e2nilor\">Condi\u021biile AUR pentru a vota Guvernul Ve\u0219tea. Petri\u0219or Peiu propune solu\u021bii clare pentru bun\u0103starea&#8230;<\/a><\/h3>\n<div class=\"td-module-meta-info\"><a href=\"https:\/\/r3media.ro\/category\/stiri\/\" class=\"td-post-category\">\u0218TIRI<\/a><span class=\"td-post-author-name\"><a href=\"https:\/\/r3media.ro\/author\/oana\/\">Oana Ivan<\/a><span>&#8211;<\/span><\/span><span class=\"td-post-date\"><time class=\"entry-date updated td-module-date\" datetime=\"2026-06-17T10:10:31+03:00\">17\/06\/2026<\/time><\/span><\/div>\n<\/div>\n<\/div>\n<\/div>\n<div class=\"td-block-span6\">\n<div class=\"td_module_8 td_module_wrap\">\n<div class=\"item-details\">\n<h3 class=\"entry-title td-module-title\"><a href=\"https:\/\/r3media.ro\/mihail-neamtu-neeuropeana-imperiu-birocrati-bruxelles-inarmarea-germaniei\/\" rel=\"bookmark\" title=\"EXCLUSIVITATE Mihail Neam\u021bu: Exist\u0103 o tendin\u021b\u0103 neeuropean\u0103 de a se crea un imperiu condus de birocra\u021bi de la Bruxelles \/ Pericolul \u00eenarm\u0103rii Germaniei\">EXCLUSIVITATE Mihail Neam\u021bu: Exist\u0103 o tendin\u021b\u0103 neeuropean\u0103 de a se crea un imperiu condus&#8230;<\/a><\/h3>\n<div class=\"td-module-meta-info\"><a href=\"https:\/\/r3media.ro\/category\/stiri\/\" class=\"td-post-category\">\u0218TIRI<\/a><span class=\"td-post-author-name\"><a href=\"https:\/\/r3media.ro\/author\/oana\/\">Oana Ivan<\/a><span>&#8211;<\/span><\/span><span class=\"td-post-date\"><time class=\"entry-date updated td-module-date\" datetime=\"2026-06-22T09:02:12+03:00\">22\/06\/2026<\/time><\/span><\/div>\n<\/div>\n<\/div>\n<\/div>\n<\/div>\n<\/div>\n<div class=\"td-load-more-wrap td-load-more-infinite-wrap\" id=\"infinite-lm-tdi_20\"><a href=\"https:\/\/r3media.ro\/avioane-americane-bulgaria-energie-radev-sua\/\" class=\"td_ajax_load_more td_ajax_load_more_js\" aria-label=\"\u00cenc\u0103rca\u021bi mai multe\" id=\"next-page-tdi_20\" data-td_block_id=\"tdi_20\">\u00cenc\u0103rca\u021bi mai multe<\/a><\/div>\n<\/div>\n<div class=\"td_block_wrap tdb_single_comments tdi_21 tdb-comm-layout2 td-pb-border-top td_block_template_1\" data-td-block-uid=\"tdi_21\">\n<div class=\"tdb-block-inner td-fix-index\">\n<div class=\"comments\" id=\"comments\">\n<div id=\"respond\" class=\"comment-respond\">\n<h3 id=\"reply-title\" class=\"comment-reply-title\">AI CEVA DE SPUS? <small><a rel=\"nofollow\" id=\"cancel-comment-reply-link\" href=\"https:\/\/r3media.ro\/avioane-americane-bulgaria-energie-radev-sua\/#respond\">Renun\u021ba\u021bi la r\u0103spuns<\/a><\/small><\/h3>\n<div class=\"comment-form-input-wrap td-form-comment\">\n<div class=\"td-warning-comment\">V\u0103 rug\u0103m s\u0103 introduce\u021bi comentariul dvs.!<\/div>\n<\/div>\n<div class=\"comment-form-input-wrap td-form-author\">\n<div class=\"td-warning-author\">Introduce\u021bi aici numele dvs.<\/div>\n<\/div>\n<div class=\"comment-form-input-wrap td-form-email\">\n<div class=\"td-warning-email-error\">A\u021bi introdus o adres\u0103 de e-mail incorect\u0103!<\/div>\n<div class=\"td-warning-email\">V\u0103 rug\u0103m s\u0103 introduce\u021bi adresa dvs. de e-mail aici<\/div>\n<\/div>\n<\/div>\n<\/div>\n<\/div>\n<\/div>\n<\/div>\n<\/div>\n<div class=\"vc_column tdi_23  wpb_column vc_column_container tdc-column td-pb-span4 td-is-sticky\">\n<div class=\"wpb_wrapper\" data-sticky-enabled-on=\"W3RydWUsdHJ1ZSx0cnVlLHRydWVd\" data-sticky-offset=\"20\" data-sticky-is-width-auto=\"W2ZhbHNlLGZhbHNlLGZhbHNlLGZhbHNlXQ==\">\n<div class=\"wpb_wrapper td_block_wrap vc_widget_sidebar tdi_25 \">\n<div class=\"td_block_wrap td_block_7 td_block_widget tdi_26 td-pb-border-top td_block_template_1 td-column-1 td_block_padding\" data-td-block-uid=\"tdi_26\">\n<div class=\"td-block-title-wrap\">\n<h4 class=\"block-title td-block-title\"><span class=\"td-pulldown-size\">Articole RELA\u021aIONATE<\/span><\/h4>\n<\/div>\n<div id=\"tdi_26\" class=\"td_block_inner\">\n<div class=\"td-block-span12\">\n<div class=\"td_module_6 td_module_wrap td-animation-stack\">\n<div class=\"td-module-thumb\"><a href=\"https:\/\/r3media.ro\/28-iulie-3-august-1919-unirea-banatului-romania\/\" rel=\"bookmark\" class=\"td-image-wrap \" title=\"28 iulie \u2013 3 august 1919: Unirea Banatului cu Rom\u00e2nia\"><img loading=\"lazy\" decoding=\"async\" class=\"entry-thumb\" src=\"https:\/\/r3media.ro\/wp-content\/uploads\/2021\/08\/10-mai-1920-timisoara-100x70.jpg\" alt title=\"28 iulie \u2013 3 august 1919: Unirea Banatului cu Rom\u00e2nia\" width=\"100\" height=\"70\"><\/a><\/div>\n<div class=\"item-details\">\n<h3 class=\"entry-title td-module-title\"><a href=\"https:\/\/r3media.ro\/28-iulie-3-august-1919-unirea-banatului-romania\/\" rel=\"bookmark\" title=\"28 iulie \u2013 3 august 1919: Unirea Banatului cu Rom\u00e2nia\">28 iulie \u2013 3 august 1919: Unirea Banatului cu Rom\u00e2nia<\/a><\/h3>\n<div class=\"td-module-meta-info\"><span class=\"td-post-date\"><time class=\"entry-date updated td-module-date\" datetime=\"2026-07-27T21:40:14+03:00\">27\/07\/2026<\/time><\/span><\/div>\n<\/div>\n<\/div>\n<\/div>\n<div class=\"td-block-span12\">\n<div class=\"td_module_6 td_module_wrap td-animation-stack\">\n<div class=\"td-module-thumb\"><a href=\"https:\/\/r3media.ro\/28-iulie-sfintii-apostoli-si-diaconi-prohor-nicanor-timon-si-parmena-dintre-cei-70\/\" rel=\"bookmark\" class=\"td-image-wrap \" title=\"Calendarul zilei 28 iulie: Sfin\u021bii Apostoli \u0219i Diaconi Prohor, Nicanor, Timon \u0219i Parmena, dintre cei 70\"><img loading=\"lazy\" decoding=\"async\" class=\"entry-thumb\" src=\"https:\/\/r3media.ro\/wp-content\/uploads\/2023\/07\/sddefault-4-100x70.jpg\" alt title=\"Calendarul zilei 28 iulie: Sfin\u021bii Apostoli \u0219i Diaconi Prohor, Nicanor, Timon \u0219i Parmena, dintre cei 70\" width=\"100\" height=\"70\"><\/a><\/div>\n<div class=\"item-details\">\n<h3 class=\"entry-title td-module-title\"><a href=\"https:\/\/r3media.ro\/28-iulie-sfintii-apostoli-si-diaconi-prohor-nicanor-timon-si-parmena-dintre-cei-70\/\" rel=\"bookmark\" title=\"Calendarul zilei 28 iulie: Sfin\u021bii Apostoli \u0219i Diaconi Prohor, Nicanor, Timon \u0219i Parmena, dintre cei 70\">Calendarul zilei 28 iulie: Sfin\u021bii Apostoli \u0219i Diaconi Prohor, Nicanor, Timon&#8230;<\/a><\/h3>\n<div class=\"td-module-meta-info\"><span class=\"td-post-date\"><time class=\"entry-date updated td-module-date\" datetime=\"2026-07-27T21:33:31+03:00\">27\/07\/2026<\/time><\/span><\/div>\n<\/div>\n<\/div>\n<\/div>\n<div class=\"td-block-span12\">\n<div class=\"td_module_6 td_module_wrap td-animation-stack\">\n<div class=\"td-module-thumb\"><a href=\"https:\/\/r3media.ro\/iranul-respinge-orice-negociere-cu-statele-unite\/\" rel=\"bookmark\" class=\"td-image-wrap \" title=\"Iranul respinge orice negociere cu Statele Unite\"><img loading=\"lazy\" decoding=\"async\" class=\"entry-thumb\" src=\"https:\/\/r3media.ro\/wp-content\/uploads\/2026\/07\/steag-iran-100x70.jpg\" alt title=\"Iranul respinge orice negociere cu Statele Unite\" width=\"100\" height=\"70\"><\/a><\/div>\n<div class=\"item-details\">\n<h3 class=\"entry-title td-module-title\"><a href=\"https:\/\/r3media.ro\/iranul-respinge-orice-negociere-cu-statele-unite\/\" rel=\"bookmark\" title=\"Iranul respinge orice negociere cu Statele Unite\">Iranul respinge orice negociere cu Statele Unite<\/a><\/h3>\n<div class=\"td-module-meta-info\"><span class=\"td-post-date\"><time class=\"entry-date updated td-module-date\" datetime=\"2026-07-27T20:59:23+03:00\">27\/07\/2026<\/time><\/span><\/div>\n<\/div>\n<\/div>\n<\/div>\n<div class=\"td-block-span12\">\n<div class=\"td_module_6 td_module_wrap td-animation-stack\">\n<div class=\"td-module-thumb\"><a href=\"https:\/\/r3media.ro\/rusia-romania-drona-ambasador-moscova-porturi-dunare\/\" rel=\"bookmark\" class=\"td-image-wrap \" title=\"Rusia, avertizat\u0103 de Rom\u00e2nia dup\u0103 incidentele cu drona. Ambasadorul Moscovei acuz\u0103 Bucure\u0219tiul c\u0103 folose\u0219te porturile de la Dun\u0103re pentru a transporta arme \u00een Ucraina\"><img loading=\"lazy\" decoding=\"async\" class=\"entry-thumb\" src=\"https:\/\/r3media.ro\/wp-content\/uploads\/2024\/04\/vladimir-lipaev-mid-ru-100x70.jpg\" alt title=\"Rusia, avertizat\u0103 de Rom\u00e2nia dup\u0103 incidentele cu drona. Ambasadorul Moscovei acuz\u0103 Bucure\u0219tiul c\u0103 folose\u0219te porturile de la Dun\u0103re pentru a transporta arme \u00een Ucraina\" width=\"100\" height=\"70\"><\/a><\/div>\n<div class=\"item-details\">\n<h3 class=\"entry-title td-module-title\"><a href=\"https:\/\/r3media.ro\/rusia-romania-drona-ambasador-moscova-porturi-dunare\/\" rel=\"bookmark\" title=\"Rusia, avertizat\u0103 de Rom\u00e2nia dup\u0103 incidentele cu drona. Ambasadorul Moscovei acuz\u0103 Bucure\u0219tiul c\u0103 folose\u0219te porturile de la Dun\u0103re pentru a transporta arme \u00een Ucraina\">Rusia, avertizat\u0103 de Rom\u00e2nia dup\u0103 incidentele cu drona. Ambasadorul Moscovei acuz\u0103&#8230;<\/a><\/h3>\n<div class=\"td-module-meta-info\"><span class=\"td-post-date\"><time class=\"entry-date updated td-module-date\" datetime=\"2026-07-27T20:15:53+03:00\">27\/07\/2026<\/time><\/span><\/div>\n<\/div>\n<\/div>\n<\/div>\n<div class=\"td-block-span12\">\n<div class=\"td_module_6 td_module_wrap td-animation-stack\">\n<div class=\"td-module-thumb\"><a href=\"https:\/\/r3media.ro\/statul-roman-a-semnat-actul-propriei-disparitii\/\" rel=\"bookmark\" class=\"td-image-wrap \" title=\"Statul rom\u00e2n a semnat actul propriei dispari\u021bii?\"><img loading=\"lazy\" decoding=\"async\" class=\"entry-thumb\" src=\"https:\/\/r3media.ro\/wp-content\/uploads\/2026\/07\/disparitia-statului-roman-100x70.png\" alt title=\"Statul rom\u00e2n a semnat actul propriei dispari\u021bii?\" width=\"100\" height=\"70\"><\/a><\/div>\n<div class=\"item-details\">\n<h3 class=\"entry-title td-module-title\"><a href=\"https:\/\/r3media.ro\/statul-roman-a-semnat-actul-propriei-disparitii\/\" rel=\"bookmark\" title=\"Statul rom\u00e2n a semnat actul propriei dispari\u021bii?\">Statul rom\u00e2n a semnat actul propriei dispari\u021bii?<\/a><\/h3>\n<div class=\"td-module-meta-info\"><span class=\"td-post-date\"><time class=\"entry-date updated td-module-date\" datetime=\"2026-07-27T15:07:05+03:00\">27\/07\/2026<\/time><\/span><\/div>\n<\/div>\n<\/div>\n<\/div>\n<div class=\"td-block-span12\">\n<div class=\"td_module_6 td_module_wrap td-animation-stack\">\n<div class=\"td-module-thumb\"><a href=\"https:\/\/r3media.ro\/raport-sau-propaganda-de-joasa-calitate\/\" rel=\"bookmark\" class=\"td-image-wrap \" title=\"Raport sau propagand\u0103 de joas\u0103 calitate?\"><img loading=\"lazy\" decoding=\"async\" class=\"entry-thumb\" src=\"https:\/\/r3media.ro\/wp-content\/uploads\/2026\/07\/grupul-de-reflectie-strategica-ue-100x70.jpg\" alt title=\"Raport sau propagand\u0103 de joas\u0103 calitate?\" width=\"100\" height=\"70\"><\/a><\/div>\n<div class=\"item-details\">\n<h3 class=\"entry-title td-module-title\"><a href=\"https:\/\/r3media.ro\/raport-sau-propaganda-de-joasa-calitate\/\" rel=\"bookmark\" title=\"Raport sau propagand\u0103 de joas\u0103 calitate?\">Raport sau propagand\u0103 de joas\u0103 calitate?<\/a><\/h3>\n<div class=\"td-module-meta-info\"><span class=\"td-post-date\"><time class=\"entry-date updated td-module-date\" datetime=\"2026-07-27T14:01:27+03:00\">27\/07\/2026<\/time><\/span><\/div>\n<\/div>\n<\/div>\n<\/div>\n<div class=\"td-block-span12\">\n<div class=\"td_module_6 td_module_wrap td-animation-stack\">\n<div class=\"td-module-thumb\"><a href=\"https:\/\/r3media.ro\/bnr-recomanda-romani-rezerve-de-cash-atacuri-cibernetice-numerar-relevant-criza\/\" rel=\"bookmark\" class=\"td-image-wrap \" title=\"BNR le recomand\u0103 rom\u00e2nilor s\u0103 p\u0103streze rezerve de cash: Numerarul se poate dovedi relevant \u00een criz\u0103\"><img loading=\"lazy\" decoding=\"async\" class=\"entry-thumb\" src=\"https:\/\/r3media.ro\/wp-content\/uploads\/2023\/10\/plati-cash-numerar-100x70.jpg\" alt title=\"BNR le recomand\u0103 rom\u00e2nilor s\u0103 p\u0103streze rezerve de cash: Numerarul se poate dovedi relevant \u00een criz\u0103\" width=\"100\" height=\"70\"><\/a><\/div>\n<div class=\"item-details\">\n<h3 class=\"entry-title td-module-title\"><a href=\"https:\/\/r3media.ro\/bnr-recomanda-romani-rezerve-de-cash-atacuri-cibernetice-numerar-relevant-criza\/\" rel=\"bookmark\" title=\"BNR le recomand\u0103 rom\u00e2nilor s\u0103 p\u0103streze rezerve de cash: Numerarul se poate dovedi relevant \u00een criz\u0103\">BNR le recomand\u0103 rom\u00e2nilor s\u0103 p\u0103streze rezerve de cash: Numerarul se&#8230;<\/a><\/h3>\n<div class=\"td-module-meta-info\"><span class=\"td-post-date\"><time class=\"entry-date updated td-module-date\" datetime=\"2026-07-27T13:11:47+03:00\">27\/07\/2026<\/time><\/span><\/div>\n<\/div>\n<\/div>\n<\/div>\n<\/div>\n<\/div>\n<aside class=\"td_block_template_1 widget widget_recent_comments\">\n<h4 class=\"block-title\"><span>INTR\u0102 \u00ceN DISCU\u021aIE!<\/span><\/h4>\n<ul id=\"recentcomments\">\n<li class=\"recentcomments\"><span class=\"comment-author-link\">Redac\u021bia<\/span> la <a href=\"https:\/\/r3media.ro\/raport-sau-propaganda-de-joasa-calitate\/#comment-40317\">Raport sau propagand\u0103 de joas\u0103 calitate?<\/a><\/li>\n<li class=\"recentcomments\"><span class=\"comment-author-link\">George<\/span> la <a href=\"https:\/\/r3media.ro\/raport-sau-propaganda-de-joasa-calitate\/#comment-40316\">Raport sau propagand\u0103 de joas\u0103 calitate?<\/a><\/li>\n<li class=\"recentcomments\"><span class=\"comment-author-link\">Radu<\/span> la <a href=\"https:\/\/r3media.ro\/prima-oara-istorie-presedintia-document-primplan-patriotism-european\/#comment-40315\">Pentru prima oar\u0103 \u00een istorie, Pre\u0219edin\u021bia Rom\u00e2niei emite un document care pune pe primul plan o alt\u0103 entitate dec\u00e2t \u021bara noastr\u0103: patriotismul european<\/a><\/li>\n<li class=\"recentcomments\"><span class=\"comment-author-link\">E.T.<\/span> la <a href=\"https:\/\/r3media.ro\/vladimir-putin-romania-teritorii-ucraina\/#comment-40314\">Vladimir Putin spune c\u0103 Rom\u00e2nia va fi printre statele care vor recupera teritorii de la Ucraina<\/a><\/li>\n<li class=\"recentcomments\"><span class=\"comment-author-link\">Nicu<\/span> la <a href=\"https:\/\/r3media.ro\/ford-recheama-service-500-000-masini-risc-incendiu-motor\/#comment-40311\">Ford recheam\u0103 \u00een service peste 500.000 de ma\u0219ini din cauza riscului de incendiu la motor<\/a><\/li>\n<li class=\"recentcomments\"><span class=\"comment-author-link\">Nicu<\/span> la <a href=\"https:\/\/r3media.ro\/iiccmer-solicita-demolare-statuie-poet-adrian-paunescu-gradina-icoanei-bucuresti\/#comment-40309\">IICCMER solicit\u0103 demolarea statuii poetului Adrian P\u0103unescu din Gr\u0103dina Icoanei din Bucure\u0219ti<\/a><\/li>\n<li class=\"recentcomments\"><span class=\"comment-author-link\">Eu<\/span> la <a href=\"https:\/\/r3media.ro\/mihail-neamtu-aur-transparentizarea-surselor-de-finantare-a-ong-urilor-este-obligatorie-unele-dintre-ele-pun-in-pericol-interesele-romaniei\/#comment-40308\">Mihail Neam\u021bu (AUR): Transparentizarea surselor de finan\u021bare a ONG-urilor este obligatorie! Unele dintre ele pun \u00een pericol interesele Rom\u00e2niei<\/a><\/li>\n<\/ul>\n<\/aside>\n<aside class=\"td_block_template_1 widget widget_search\">\n<h4 class=\"block-title\"><span>CAUT\u0102 \u0218I VEI G\u0102SI<\/span><\/h4>\n<\/aside>\n<\/div>\n<\/div>\n<\/div>\n<\/div>\n<\/div>\n<\/div>\n<\/div>\n<p><span class=\"td-page-meta\"><\/span><span class=\"td-page-meta\"><span class=\"td-page-meta\"><\/span><\/span><span class=\"td-page-meta\"><\/span><\/article>\n<\/p>\n<div class=\"td_block_wrap tdb_single_content tdi_18 td-pb-border-top td_block_template_1 td-post-content tagdiv-type\" data-td-block-uid=\"tdi_18\">\n<div class=\"tdb-block-inner td-fix-index\">\n<p><strong>C\u00e2nd Parlamentul de la Sofia a aprobat, pe 22 iulie, sta\u021bionarea a p\u00e2n\u0103 la opt avioane-cistern\u0103 americane KC-135 \u0219i a circa 250 de militari la baza aerian\u0103 Bezmer, decizia a fost prezentat\u0103 de guvernul lui Rumen Radev drept o simpl\u0103 obliga\u021bie de aliat NATO. <\/strong><\/p>\n<p>\u00cen spatele ei, se poate citi, \u00eens\u0103, altceva: conturul unui schimb informal \u00een care Bulgaria a primit, aproape simultan, o serie de concesii pe zona energetic\u0103.<\/p>\n<h2><strong>O coinciden\u021b\u0103 de calendar greu de ignorat<\/strong><\/h2>\n<p>Elementul care a alimentat cel mai mult suspiciunile este sincronizarea. Trezoreria american\u0103, prin Oficiul pentru Controlul Activelor Str\u0103ine (OFAC), a prelungit p\u00e2n\u0103 la 22 august 2026 autoriza\u021bia pentru anumite tranzac\u021bii care implic\u0103 Lukoil International GmbH \u2014 vehiculul prin care gigantul rus \u00ee\u0219i de\u021bine activele externe \u2014, iar anun\u021bul a venit chiar \u00een ziua \u00een care premierul Radev avea o convorbire telefonic\u0103 cu secretarul american al Energiei, Chris Wright, noteaz\u0103 <a href=\"https:\/\/www.novinite.com\/articles\/239826\/US+Extends+Lukoil+Waiver+After+Radev-Wright+Energy+Talks\" target=\"_blank\" rel=\"noopener\">Novinite<\/a>.<\/p>\n<p>Potrivit serviciului de pres\u0103 al guvernului bulgar, cei doi au discutat diversificarea aprovizion\u0103rii cu energie \u00een sud-estul Europei, construc\u021bia Coridorului Vertical de Gaz, noile reactoare de la centrala nuclear\u0103 Kozlodui cu tehnologie american\u0103 \u0219i posibilitatea dezvolt\u0103rii unor mari centre de date \u0219i facilit\u0103\u021bi de inteligen\u021b\u0103 artificial\u0103.<\/p>\n<p>\u00cen aceea\u0219i convorbire, Radev a insistat asupra importan\u021bei func\u021bion\u0103rii ne\u00eentrerupte a rafin\u0103riei de la Burgas scrie <a href=\"https:\/\/www.bta.bg\/en\/news\/economy\/1173358-pm-radev-us-energy-secretary-wright-discuss-bulgaria-us-energy-partnership\" target=\"_blank\" rel=\"noopener\">BTA<\/a>.<\/p>\n<p>Miza rafin\u0103riei nu este nou\u0103.<\/p>\n<p>La finalul lunii iunie, reprezentan\u021bi ai Litasco \u2014 parte a grupului Lukoil \u0219i ac\u021bionar la Lukoil Neftohim Burgas \u2014 s-au \u00eent\u00e2lnit cu Radev \u0219i cu mini\u0219trii de Finan\u021be \u0219i Economie, <a href=\"https:\/\/www.novinite.com\/articles\/239826\/US+Extends+Lukoil+Waiver+After+Radev-Wright+Energy+Talks\" target=\"_blank\" rel=\"noopener\">discu\u021biile<\/a> viz\u00e2nd ridicarea restric\u021biilor care \u00eempiedicaser\u0103 rafin\u0103ria de la Burgas s\u0103 deruleze opera\u021biuni de trading prin firme \u00eenregistrate \u00een Elve\u021bia; dup\u0103 acea \u00eent\u00e2lnire, Radev a anun\u021bat c\u0103 s-a ajuns la un acord pentru eliminarea restric\u021biilor.<\/p>\n<h2><strong>Victoriile bulgare care s-au adunat<\/strong><\/h2>\n<p>Pe l\u00e2ng\u0103 derogarea american\u0103, Sofia a bifat un c\u00e2\u0219tig \u0219i la Bruxelles.<\/p>\n<p>Radev a afirmat c\u0103 Bulgaria<a href=\"https:\/\/r3media.ro\/premierul-bulgariei-sanctiuni-patriarh-rusia-cruciade\/\" target=\"_blank\" rel=\"noopener\"> a ob\u021binut<\/a> eliminarea a trei nume din cel de-al 21-lea pachet de sanc\u021biuni al UE \u00eempotriva Rusiei \u2014 patriarhul Chiril, fondatorul Lukoil, Vagit Alekperov, \u0219i un reprezentant al unui furnizor de piese pentru metroul din Sofia \u2014, subliniind c\u0103 nu este vorba despre anumite persoane, ci despre protejarea intereselor Bulgariei \u00een domeniile energiei \u0219i transporturilor, afirm\u0103<a href=\"https:\/\/www.bursa.ro\/premierul-bulgariei-eforturi-de-negociere-pentru-pace-in-europa-bulgaria-s-a-opus-sanctiunilor-ue-49095957\" target=\"_blank\" rel=\"noopener\"> Bursa<\/a>.<\/p>\n<p>De cealalt\u0103 parte a balan\u021bei st\u0103 decizia de la Bezmer.<\/p>\n<p>Parlamentul a aprobat desf\u0103\u0219urarea temporar\u0103 a p\u00e2n\u0103 la opt avioane KC-135, a echipajelor \u0219i a p\u00e2n\u0103 la 250 de militari americani la baza Bezmer \u00een perioada 24 iulie \u2013 1 octombrie 2026, pentru a sprijini opera\u021biunile SUA din Orientul Mijlociu; m\u0103sura a fost adoptat\u0103 cu 136 de voturi pentru \u0219i 13 \u00eempotriv\u0103, cu dou\u0103 ab\u021bineri.<\/p>\n<p>Recompensa simbolic\u0103 a venit rapid: pre\u0219edintele Donald Trump <a href=\"https:\/\/ziare.com\/avioane-americane\/sua-baza-militara-trump-bulgaria-2026553\" target=\"_blank\" rel=\"noopener\">i-a transmis public<\/a> mul\u021bumiri lui Radev, printr-un mesaj scurt pe Truth Social, prezent\u00e2nd decizia Sofiei drept un gest de sus\u021binere a Washingtonului adoptat \u00een pofida presiunilor Teheranului.<\/p>\n<h2><strong>Acuza\u021bia opozi\u021biei \u0219i dezmin\u021birea guvernului<\/strong><\/h2>\n<p>Leg\u0103tura dintre cele dou\u0103 dosare a fost for\u021bat\u0103 \u00een spa\u021biul public de Bulgaria Democrat\u0103.<\/p>\n<p>Deputatul Bojidar Bojanov a cerut explica\u021bii privind o posibil\u0103 conexiune \u00eentre decizia de la Bezmer \u0219i derogarea acordat\u0103 companiei Lukoil, iar Radev a respins acuza\u021biile potrivit c\u0103rora aprobarea desf\u0103\u0219ur\u0103rii aeronavelor americane ar avea vreo leg\u0103tur\u0103 cu un presupus acord politic cu Washingtonul<\/p>\n<p>Bozhanov a mers \u0219i mai departe: <a href=\"https:\/\/www.novinite.com\/articles\/239829\/Radev%27s+Bezmer+U-Turn\" target=\"_blank\" rel=\"noopener\">a afirmat<\/a> c\u0103 Statele Unite au f\u0103cut presiuni asupra Bulgariei pentru a accepta desf\u0103\u0219urarea avioanelor-cistern\u0103 la Bezmer.<\/p>\n<p>Totu\u0219i, nu a fost prezentat\u0103 public nicio dovad\u0103 care s\u0103 lege desf\u0103\u0219urarea de la Bezmer de deciziile americane privind Lukoil; succesiunea evenimentelor a alimentat \u00eens\u0103 dezbaterea politic\u0103 privind angajarea simultan\u0103 a Bulgariei al\u0103turi de Washington pe dosarele ap\u0103r\u0103rii \u0219i energiei.<\/p>\n<h2><strong>Ce lipse\u0219te din ecua\u021bie<\/strong><\/h2>\n<p>Un detaliu \u00eent\u0103re\u0219te impresia unui schimb inegal.<\/p>\n<p>La o desf\u0103\u0219urare anterioar\u0103 de avioane-cistern\u0103 americane pe aeroportul civil din Sofia, Radev <a href=\"https:\/\/r3media.ro\/bulgaria-negociere-america-vize-bulgari-avioane-americane-sofia\/\" target=\"_blank\" rel=\"noopener\">condi\u021bionase<\/a> prelungirea sta\u021bion\u0103rii de acordarea unei scutiri de viz\u0103 pentru cet\u0103\u021benii bulgari, iar c\u00e2nd Washingtonul nu a r\u0103spuns, a l\u0103sat aranjamentul s\u0103 expire.<\/p>\n<p>De aceast\u0103 dat\u0103, singurul beneficiu concret care ar fi ajuns direct la cet\u0103\u021beni \u2014 vizele \u2014 lipse\u0219te din tablou.<\/p>\n<p>C\u00e2\u0219tigurile vizibile r\u0103m\u00e2n, a\u0219adar, pe zona energetic\u0103 \u0219i corporativ\u0103: derogarea Lukoil, func\u021bionarea rafin\u0103riei de la Burgas \u0219i proiectele strategice discutate cu Chris Wright.<\/p>\n<div class=\"crp_related     crp-masonry\">\n<h2>\u00ceN CONTEXT<\/h2>\n<ul>\n<li><a href=\"https:\/\/r3media.ro\/rumen-radev-bulgaria-se-retrage-coalitia-de-vointa\/\" class=\"crp_link post-119926\"><span class=\"crp_title\">Rumen Radev anun\u021b\u0103 c\u0103 Bulgaria se retrage din \u201eCoali\u021bia de voin\u021b\u0103\u201d: Rezolvarea conflictului\u2026<\/span><\/a><\/li>\n<li><a href=\"https:\/\/r3media.ro\/bulgaria-negociere-america-vize-bulgari-avioane-americane-sofia\/\" class=\"crp_link post-117361\"><span class=\"crp_title\">Premierul Bulgariei ne arat\u0103 cum se negociaz\u0103: Le-a dat o lun\u0103 americanilor s\u0103 retrag\u0103\u2026<\/span><\/a><\/li>\n<li><a href=\"https:\/\/r3media.ro\/rumen-radev-risc-nuclear-rusia-bulgaria-pace\/\" class=\"crp_link post-119647\"><span class=\"crp_title\">Rumen Radev spune c\u0103 a crescut riscul unei riposte nucleare a Rusiei. Premierul Bulgariei:\u2026<\/span><\/a><\/li>\n<li><a href=\"https:\/\/r3media.ro\/premierul-bulgariei-sanctiuni-patriarh-rusia-cruciade\/\" class=\"crp_link post-118628\"><span class=\"crp_title\">Premierul Bulgariei spune c\u0103 se va opune sanc\u021biunilor la adresa Patriarhului Rusiei: Credeam\u2026<\/span><\/a><\/li>\n<li><a href=\"https:\/\/r3media.ro\/romania-razboi-bulgaria-presiuni-mari-puteri-cadrilater\/\" class=\"crp_link post-49370\"><span class=\"crp_title\">Calendarul zilei 27 iunie: 113 ani de c\u00e2nd Rom\u00e2nia declara r\u0103zboi Bulgariei, la presiunile\u2026<\/span><\/a><\/li>\n<li><a href=\"https:\/\/r3media.ro\/cfr-calatori-tren-direct-varna-sofia-istanbul-program-tarife\/\" class=\"crp_link post-117720\"><span class=\"crp_title\">CFR C\u0103l\u0103tori reia circula\u021bia trenului direct c\u0103tre Varna, Sofia \u0219i Istanbul. Program \u0219i tarife<\/span><\/a><\/li>\n<li><a href=\"https:\/\/r3media.ro\/bulgaria-stopeaza-ajutor-ucraina-militar-pace\/\" class=\"crp_link post-117928\"><span class=\"crp_title\">Este oficial! Bulgaria stopeaz\u0103 ajutorul militar pentru Ucraina \u0219i pledeaz\u0103 pentru pace<\/span><\/a><\/li>\n<li><a href=\"https:\/\/r3media.ro\/turism-bulgaria-promovat-sute-de-milioane-persoane\/\" class=\"crp_link post-116105\"><span class=\"crp_title\">Turismul Bulgariei, promovat de o institu\u021bie sportiv\u0103 european\u0103 de top \u00een fa\u021ba a sute de\u2026<\/span><\/a><\/li>\n<\/ul>\n<\/div>\n<\/div>\n<\/div>\n<p>[analyse_source url=&#8221;https:\/\/r3media.ro\/avioane-americane-bulgaria-energie-radev-sua\/&#8221;]<\/p>\n","protected":false},"excerpt":{"rendered":"<p>[analyse_image type=&#8221;featured&#8221; src=&#8221;https:\/\/r3media.ro\/wp-content\/uploads\/2026\/06\/rumen-radev-bulgaria-e1782377554289.webphttps:\/\/r3media.ro\/wp-content\/uploads\/2026\/06\/rumen-radev-bulgaria-e1782377554289.webp&#8221;] FEATUREDAvioane americane la Bezmer, la schimb cu avantaje \u00een zona energetic\u0103 pentru&#8230; FEATURED\u0218TIRI Avioane americane la Bezmer, la schimb cu avantaje \u00een zona energetic\u0103 pentru Bulgaria: ce a ob\u021binut guvernul Radev de la SUA Radu Ursan 27\/07\/2026 Sursa foto: Novinite C\u00e2nd Parlamentul de la Sofia a aprobat, pe 22 iulie, sta\u021bionarea a [&hellip;]<\/p>\n","protected":false},"author":1,"featured_media":0,"comment_status":"open","ping_status":"","sticky":false,"template":"","format":"standard","meta":{"footnotes":""},"categories":[89],"tags":[226,93],"class_list":["post-2064544","post","type-post","status-publish","format-standard","hentry","category-romania","tag-crawlmanager","tag-r3media-ro"],"_links":{"self":[{"href":"https:\/\/analyse.optim.biz\/index.php?rest_route=\/wp\/v2\/posts\/2064544","targetHints":{"allow":["GET"]}}],"collection":[{"href":"https:\/\/analyse.optim.biz\/index.php?rest_route=\/wp\/v2\/posts"}],"about":[{"href":"https:\/\/analyse.optim.biz\/index.php?rest_route=\/wp\/v2\/types\/post"}],"author":[{"embeddable":true,"href":"https:\/\/analyse.optim.biz\/index.php?rest_route=\/wp\/v2\/users\/1"}],"replies":[{"embeddable":true,"href":"https:\/\/analyse.optim.biz\/index.php?rest_route=%2Fwp%2Fv2%2Fcomments&post=2064544"}],"version-history":[{"count":0,"href":"https:\/\/analyse.optim.biz\/index.php?rest_route=\/wp\/v2\/posts\/2064544\/revisions"}],"wp:attachment":[{"href":"https:\/\/analyse.optim.biz\/index.php?rest_route=%2Fwp%2Fv2%2Fmedia&parent=2064544"}],"wp:term":[{"taxonomy":"category","embeddable":true,"href":"https:\/\/analyse.optim.biz\/index.php?rest_route=%2Fwp%2Fv2%2Fcategories&post=2064544"},{"taxonomy":"post_tag","embeddable":true,"href":"https:\/\/analyse.optim.biz\/index.php?rest_route=%2Fwp%2Fv2%2Ftags&post=2064544"}],"curies":[{"name":"wp","href":"https:\/\/api.w.org\/{rel}","templated":true}]}}