{"id":2064542,"date":"2026-07-27T17:59:23","date_gmt":"2026-07-27T14:59:23","guid":{"rendered":"https:\/\/analyse.optim.biz\/?p=2064542"},"modified":"2026-07-27T17:59:23","modified_gmt":"2026-07-27T14:59:23","slug":"iranul-respinge-orice-negociere-cu-statele-unite","status":"publish","type":"post","link":"https:\/\/analyse.optim.biz\/?p=2064542","title":{"rendered":"Iranul respinge orice negociere cu Statele Unite"},"content":{"rendered":"<p>[analyse_image type=&#8221;featured&#8221; src=&#8221;https:\/\/r3media.ro\/wp-content\/uploads\/2026\/07\/steag-iran-scaled-e1785175149306.jpghttps:\/\/r3media.ro\/wp-content\/uploads\/2026\/07\/steag-iran-scaled-e1785175149306.jpg&#8221;]<\/p>\n<article id=\"template-id-109\" class=\"post-109 tdb_templates type-tdb_templates status-publish post\">\n<div id=\"tdi_2\" class=\"tdc-zone\">\n<div class=\"tdc_zone tdi_3  wpb_row td-pb-row\">\n<div id=\"tdi_4\" class=\"tdc-row\">\n<div class=\"vc_row tdi_5  wpb_row td-pb-row\">\n<div class=\"vc_column tdi_7  wpb_column vc_column_container tdc-column td-pb-span8\">\n<div class=\"wpb_wrapper\">\n<div class=\"td_block_wrap tdb_breadcrumbs tdi_8 td-pb-border-top td_block_template_1 tdb-breadcrumbs \" data-td-block-uid=\"tdi_8\">\n<div class=\"tdb-block-inner td-fix-index\"><span><a title=\"Vede\u021bi toate articolele \u00een PRIM PLAN\" class=\"tdb-entry-crumb\" href=\"https:\/\/r3media.ro\/category\/stiri-prim-plan\/\">PRIM PLAN<\/a><\/span><span class=\"tdb-bred-no-url-last\">Iranul respinge orice negociere cu Statele Unite<\/span><\/div>\n<\/div>\n<div class=\"td_block_wrap tdb_single_categories tdi_9 td-pb-border-top td_block_template_1 \" data-td-block-uid=\"tdi_9\">\n<div class=\"tdb-category td-fix-index\"><a class=\"tdb-entry-category\" href=\"https:\/\/r3media.ro\/category\/stiri-prim-plan\/\">PRIM PLAN<\/a><a class=\"tdb-entry-category\" href=\"https:\/\/r3media.ro\/category\/stiri\/\">\u0218TIRI<\/a><\/div>\n<\/div>\n<div class=\"td_block_wrap tdb_title tdi_10 tdb-single-title td-pb-border-top td_block_template_1\" data-td-block-uid=\"tdi_10\">\n<div class=\"tdb-block-inner td-fix-index\">\n<h1 class=\"tdb-title-text\">Iranul respinge orice negociere cu Statele Unite<\/h1>\n<\/div>\n<\/div>\n<div class=\"vc_row_inner tdi_12  vc_row vc_inner wpb_row td-pb-row\">\n<div class=\"vc_column_inner tdi_14  wpb_column vc_column_container tdc-inner-column td-pb-span12\">\n<div class=\"vc_column-inner\">\n<div class=\"wpb_wrapper\">\n<div class=\"td_block_wrap tdb_single_author tdi_15 td-pb-border-top td_block_template_1 tdb-post-meta\" data-td-block-uid=\"tdi_15\">\n<div class=\"tdb-block-inner td-fix-index\">\n<div class=\"tdb-author-name-wrap\"><a class=\"tdb-author-name\" href=\"https:\/\/r3media.ro\/author\/redactia\/\">Redac\u021bia<\/a><\/div>\n<\/div>\n<\/div>\n<div class=\"td_block_wrap tdb_single_date tdi_16 td-pb-border-top td_block_template_1 tdb-post-meta\" data-td-block-uid=\"tdi_16\">\n<div class=\"tdb-block-inner td-fix-index\"><time class=\"entry-date updated td-module-date\" datetime=\"2026-07-27T20:59:23+03:00\">27\/07\/2026<\/time><\/div>\n<\/div>\n<\/div>\n<\/div>\n<\/div>\n<\/div>\n<div class=\"td_block_wrap tdb_single_featured_image tdi_17 tdb-content-horiz-left td-pb-border-top td_block_template_1\" data-td-block-uid=\"tdi_17\">\n<div class=\"tdb-block-inner td-fix-index\">\n<figure><figcaption class=\"tdb-caption-text\">Photo by <a href=\"https:\/\/unsplash.com\/@akbarnemati?utm_source=unsplash&amp;utm_medium=referral&amp;utm_content=creditCopyText\">Akbar Nemati<\/a> on <a href=\"https:\/\/unsplash.com\/photos\/a-red-and-white-flag-WKIkjULHGm0?utm_source=unsplash&amp;utm_medium=referral&amp;utm_content=creditCopyText\">Unsplash<\/a><\/figcaption><\/figure>\n<\/div>\n<\/div>\n<div class=\"td_block_wrap tdb_single_content tdi_18 td-pb-border-top td_block_template_1 td-post-content tagdiv-type\" data-td-block-uid=\"tdi_18\">\n<div class=\"tdb-block-inner td-fix-index\">\n<p><strong><a href=\"https:\/\/r3media.ro\/iranul-acuza-romania-atac\/\" target=\"_blank\" rel=\"noopener\">Iranul<\/a> a declarat luni c\u0103 nu se afl\u0103 \u00een prezent \u00een niciun proces de negociere cu Statele Unite, preciz\u00e2nd c\u0103 o eventual\u0103 reluare a dialogului este condi\u021bionat\u0103 de o modificare a comportamentului administra\u021biei americane, informeaz\u0103 <a href=\"https:\/\/www.mediafax.ro\/externe\/teheranul-taie-orice-speculatie-nu-negociem-cu-sua-23779856\" target=\"_blank\" rel=\"noopener\">Mediafax.<\/a><\/strong><\/p>\n<p>Oficialii de la Teheran neag\u0103 zvonurile potrivit c\u0103rora ar fi cerut discu\u021bii cu Washingtonul \u0219i afirm\u0103 c\u0103 diploma\u021bia continu\u0103 s\u0103 fie un mijloc prin care \u00ee\u0219i ap\u0103r\u0103 interesele na\u021bionale, dar exclusiv \u00een limitele respect\u0103rii dreptului interna\u021bional.<\/p>\n<p>\u00cen cadrul unei conferin\u021be de pres\u0103, purt\u0103torul de cuv\u00e2nt al Ministerului iranian de Externe, Esmaeil Baqaei, a calificat drept false relat\u0103rile conform c\u0103rora Iranul ar fi ini\u021biat o cerere de negocieri cu partea american\u0103.<\/p>\n<p>\u201eA\u0219a ceva ar contraveni principiilor noastre. Ideea c\u0103 Iranul ar fi cerut negocieri nu este altceva dec\u00e2t un zvon\u201d, a spus oficialul, ale c\u0103rui declara\u021bii au fost preluate de agen\u021bia semi-oficial\u0103 Mehr \u0219i, ulterior, de Anadolu.<\/p>\n<p>El a insistat asupra faptului c\u0103, de\u0219i Teheranul prive\u0219te diploma\u021bia drept un instrument fundamental \u00een protejarea intereselor sale, \u00een acest moment nu se poart\u0103 discu\u021bii directe cu Statele Unite.<\/p>\n<p>\u201eNu am dat niciodat\u0103 \u00eenapoi c\u00e2nd a fost vorba s\u0103 recurgem la mijloace diplomatice pentru a ne ap\u0103ra interesele. Pentru noi, diploma\u021bia r\u0103m\u00e2ne o cale de a proteja interesele na\u021bionale ale Iranului\u201d, a ad\u0103ugat Baqaei.<\/p>\n<h2>Ce cere Teheranul pentru a reveni la masa negocierilor<\/h2>\n<p>Chestionat cu privire la condi\u021biile \u00een care ar putea fi reluate discu\u021biile, purt\u0103torul de cuv\u00e2nt al diploma\u021biei iraniene a ar\u0103tat c\u0103 responsabilitatea revine Washingtonului, care ar trebui s\u0103 \u00ee\u0219i schimbe atitudinea.<\/p>\n<p>\u00cen opinia sa, Statele Unite ar trebui \u201es\u0103 \u00eenve\u021be s\u0103 ac\u021bioneze precum un stat responsabil\u201d, oficialul acuz\u00e2nd administra\u021bia american\u0103 c\u0103, pe parcursul ultimului an sau doi, a nesocotit regulile dreptului interna\u021bional \u0219i s-a comportat \u201easemenea unei grup\u0103ri mafiote\u201d.<\/p>\n<p>Baqaei a precizat c\u0103, at\u00e2t timp c\u00e2t acest tip de conduit\u0103 persist\u0103, nu se poate contura un context propice relu\u0103rii negocierilor. Totodat\u0103, el a admis c\u0103 mesaje ar putea circula \u00eentre cele dou\u0103 p\u0103r\u021bi prin intermediul unor mediatori, dar a subliniat c\u0103 nu exist\u0103 negocieri oficiale \u00een curs.<\/p>\n<h2>Semne de temperare a tensiunilor militare<\/h2>\n<p>Declara\u021biile diploma\u021biei iraniene survin la o zi dup\u0103 ce, duminic\u0103, purt\u0103torul de cuv\u00e2nt al armatei iraniene, Amir Mohammad Akraminia, a anun\u021bat c\u0103 loviturile americane \u00eempotriva Iranului s-au oprit \u00een ultimele dou\u0103 zile, iar trupele iraniene \u0219i-au \u00eentrerupt, la r\u00e2ndul lor, ac\u021biunile de r\u0103spuns.<\/p>\n<p>\u00cen paralel, publica\u021bia Axios a scris c\u0103 pre\u0219edintele american Donald Trump ar fi cerut armatei SUA s\u0103 \u00eenceteze noile atacuri asupra Iranului, pun\u00e2nd astfel cap\u0103t unei perioade de aproape dou\u0103 s\u0103pt\u0103m\u00e2ni marcate de lovituri zilnice.<\/p>\n<p>Raporturile dintre Washington \u0219i Teheran s-au tensionat considerabil \u00een ultima vreme. Statele Unite au vizat mai multe \u021binte de pe teritoriul iranian, iar \u00een replic\u0103 autorit\u0103\u021bile de la Teheran au atacat obiective pe care le-au descris drept instala\u021bii \u0219i echipamente militare americane amplasate \u00een diverse \u021b\u0103ri din regiune.<\/p>\n<p>Chiar dac\u0103 schimbul de lovituri pare s\u0103 fi sc\u0103zut \u00een intensitate, pozi\u021biile exprimate de oficialii iranieni indic\u0103 faptul c\u0103 \u0219ansele unei reveniri rapide la dialog r\u0103m\u00e2n reduse, iar orice apropiere \u00eentre cele dou\u0103 state depinde, potrivit Teheranului, de o schimbare major\u0103 \u00een politica Washingtonului.<\/p>\n<div class=\"crp_related     crp-masonry\">\n<h2>\u00ceN CONTEXT<\/h2>\n<ul>\n<li><a href=\"https:\/\/r3media.ro\/in-numele-legii-sfirsitul\/\" class=\"crp_link post-115376\"><span class=\"crp_title\">\u00cen numele legii, sf\u00eer\u0219itul!<\/span><\/a><\/li>\n<li><a href=\"https:\/\/r3media.ro\/stefan-popescu-trump-iran-america-nu-poate\/\" class=\"crp_link post-116799\"><span class=\"crp_title\">\u0218tefan Popescu, despre anun\u021bul lui Trump \u0219i compromisul cu Iranul: Mesajul e simplu, America\u2026<\/span><\/a><\/li>\n<li><a href=\"https:\/\/r3media.ro\/avem-dovezile-trump-e-nebun\/\" class=\"crp_link post-115486\"><span class=\"crp_title\">Avem dovezile: Trump e nebun!<\/span><\/a><\/li>\n<li><a href=\"https:\/\/r3media.ro\/sua-iran-memorandum-pace-stramtoare-ormuz\/\" class=\"crp_link post-118525\"><span class=\"crp_title\">SUA \u0219i Iran au publicat textul memorandumului de pace: redeschiderea Str\u00e2mtorii Ormuz<\/span><\/a><\/li>\n<li><a href=\"https:\/\/r3media.ro\/trump-in-istoria-europei\/\" class=\"crp_link post-115803\"><span class=\"crp_title\">Trump \u00een istoria Europei \u00a0\u00a0<\/span><\/a><\/li>\n<li><a href=\"https:\/\/r3media.ro\/iran-sua-armistitiu-presedinte-donald-trump-epoca-de-aur-orientul-mijlociu\/\" class=\"crp_link post-115812\"><span class=\"crp_title\">Iran \u0219i SUA au \u00eencheiat un armisti\u021biu: Donald Trump spune c\u0103 ar putea \u00eencepe \u201eEpoca de Aur a\u2026<\/span><\/a><\/li>\n<li><a href=\"https:\/\/r3media.ro\/nationalism-versus-colonialism-batalia-pentru-resurse\/\" class=\"crp_link post-115326\"><span class=\"crp_title\">Na\u021bionalism versus Colonialism \u2013 B\u0103t\u0103lia pentru resurse<\/span><\/a><\/li>\n<li><a href=\"https:\/\/r3media.ro\/acordul-cu-iranul-aproape-incheiat-donald-trump\/\" class=\"crp_link post-116785\"><span class=\"crp_title\">Acordul cu Iranul este aproape de a fi \u00eencheiat, afirm\u0103 Donald Trump<\/span><\/a><\/li>\n<\/ul>\n<\/div>\n<\/div>\n<\/div>\n<div class=\"td_block_wrap tdb_single_tags tdi_19 td-pb-border-top td_block_template_1\" data-td-block-uid=\"tdi_19\">\n<div class=\"tdb-block-inner td-fix-index\">\n<ul class=\"tdb-tags\">\n<li><span>SUBIECTE FIERBIN\u021aI<\/span><\/li>\n<li><a href=\"https:\/\/r3media.ro\/tag\/iran\/\">iran<\/a><\/li>\n<li><a href=\"https:\/\/r3media.ro\/tag\/iran-israel\/\">iran &#8211; israel<\/a><\/li>\n<li><a href=\"https:\/\/r3media.ro\/tag\/razboi-iran\/\">razboi iran<\/a><\/li>\n<\/ul>\n<\/div>\n<\/div>\n<div class=\"td_block_wrap td_block_9 tdi_20 td_with_ajax_pagination td-pb-border-top td_block_template_1 td-column-2 td_block_padding td_block_bot_line\" data-td-block-uid=\"tdi_20\">\n<div class=\"td-block-title-wrap\">\n<h4 class=\"block-title td-block-title\"><span class=\"td-pulldown-size\">CITE\u0218TE MAI MULT<\/span><\/h4>\n<\/div>\n<div id=\"tdi_20\" class=\"td_block_inner\">\n<div class=\"td-block-row\">\n<div class=\"td-block-span6\">\n<div class=\"td_module_8 td_module_wrap\">\n<div class=\"item-details\">\n<h3 class=\"entry-title td-module-title\"><a href=\"https:\/\/r3media.ro\/dictatura-forma-suprema-a-democratiei\/\" rel=\"bookmark\" title=\"Dictatura \u2013 forma suprem\u0103 a democra\u021biei\">Dictatura \u2013 forma suprem\u0103 a democra\u021biei<\/a><\/h3>\n<div class=\"td-module-meta-info\"><a href=\"https:\/\/r3media.ro\/category\/opinii\/\" class=\"td-post-category\">OPINII<\/a><span class=\"td-post-author-name\"><a href=\"https:\/\/r3media.ro\/author\/tru\/\">TRU (Traian Ungureanu)<\/a><span>&#8211;<\/span><\/span><span class=\"td-post-date\"><time class=\"entry-date updated td-module-date\" datetime=\"2026-07-25T16:43:11+03:00\">25\/07\/2026<\/time><\/span><\/div>\n<\/div>\n<\/div>\n<\/div>\n<div class=\"td-block-span6\">\n<div class=\"td_module_8 td_module_wrap\">\n<div class=\"item-details\">\n<h3 class=\"entry-title td-module-title\"><a href=\"https:\/\/r3media.ro\/film-nou-stapanul-inelelor-corect-politic-regizor-andy-serkis-diversitate-tolkien-mitologie-nordica\/\" rel=\"bookmark\" title=\"Noul film \u201eSt\u0103p\u00e2nul Inelelor\u201d nu va fi corect politic. Regizorul Andy Serkis: J.R.R. Tolkien a fost influen\u021bat de mitologia nordic\u0103. Nu vrem o distribu\u021bie de dragul de a bifa c\u0103su\u021be\">Noul film \u201eSt\u0103p\u00e2nul Inelelor\u201d nu va fi corect politic. Regizorul Andy Serkis: J.R.R. Tolkien&#8230;<\/a><\/h3>\n<div class=\"td-module-meta-info\"><a href=\"https:\/\/r3media.ro\/category\/stiri-prim-plan\/\" class=\"td-post-category\">PRIM PLAN<\/a><span class=\"td-post-author-name\"><a href=\"https:\/\/r3media.ro\/author\/oana\/\">Oana Ivan<\/a><span>&#8211;<\/span><\/span><span class=\"td-post-date\"><time class=\"entry-date updated td-module-date\" datetime=\"2026-07-26T15:49:31+03:00\">26\/07\/2026<\/time><\/span><\/div>\n<\/div>\n<\/div>\n<\/div>\n<\/div>\n<div class=\"td-block-row\">\n<div class=\"td-block-span6\">\n<div class=\"td_module_8 td_module_wrap\">\n<div class=\"item-details\">\n<h3 class=\"entry-title td-module-title\"><a href=\"https:\/\/r3media.ro\/marea-britanie-apa-inteligenta-artificiala-romania-centru-ai-restrictii-consum-apa\/\" rel=\"bookmark\" title=\"Marea Britanie nu mai are suficient\u0103 ap\u0103 pentru Inteligen\u021ba Artificial\u0103, dar Rom\u00e2nia vrea s\u0103 g\u0103zduiasc\u0103 un centru AI care consum\u0103 c\u00e2t sute de mii de oameni \u0219i impune restric\u021bii la consumul de ap\u0103 al popula\u021biei\">Marea Britanie nu mai are suficient\u0103 ap\u0103 pentru Inteligen\u021ba Artificial\u0103, dar Rom\u00e2nia vrea s\u0103&#8230;<\/a><\/h3>\n<div class=\"td-module-meta-info\"><a href=\"https:\/\/r3media.ro\/category\/actualitate\/\" class=\"td-post-category\">ACTUALITATE<\/a><span class=\"td-post-author-name\"><a href=\"https:\/\/r3media.ro\/author\/radu_ursan\/\">Radu Ursan<\/a><span>&#8211;<\/span><\/span><span class=\"td-post-date\"><time class=\"entry-date updated td-module-date\" datetime=\"2026-07-23T11:44:13+03:00\">23\/07\/2026<\/time><\/span><\/div>\n<\/div>\n<\/div>\n<\/div>\n<div class=\"td-block-span6\">\n<div class=\"td_module_8 td_module_wrap\">\n<div class=\"item-details\">\n<h3 class=\"entry-title td-module-title\"><a href=\"https:\/\/r3media.ro\/campion-olimpic-olaf-tufte-mort-subit-50-ani\/\" rel=\"bookmark\" title=\"Campionul olimpic Olaf Tufte a murit subit la 50 de ani\">Campionul olimpic Olaf Tufte a murit subit la 50 de ani<\/a><\/h3>\n<div class=\"td-module-meta-info\"><a href=\"https:\/\/r3media.ro\/category\/actualitate\/\" class=\"td-post-category\">ACTUALITATE<\/a><span class=\"td-post-author-name\"><a href=\"https:\/\/r3media.ro\/author\/oana\/\">Oana Ivan<\/a><span>&#8211;<\/span><\/span><span class=\"td-post-date\"><time class=\"entry-date updated td-module-date\" datetime=\"2026-07-22T12:11:02+03:00\">22\/07\/2026<\/time><\/span><\/div>\n<\/div>\n<\/div>\n<\/div>\n<\/div>\n<div class=\"td-block-row\">\n<div class=\"td-block-span6\">\n<div class=\"td_module_8 td_module_wrap\">\n<div class=\"item-details\">\n<h3 class=\"entry-title td-module-title\"><a href=\"https:\/\/r3media.ro\/explozie-incendiu-fabrica-kronospan-brasov-video\/\" rel=\"bookmark\" title=\"VIDEO | Explozie urmat\u0103 de un incendiu la fabrica Kronospan din Bra\u0219ov. \u00cen timp ce pompierii \u00eencercau s\u0103 sting\u0103 focul s-a produs o alt\u0103 explozie\">VIDEO | Explozie urmat\u0103 de un incendiu la fabrica Kronospan din Bra\u0219ov. \u00cen timp&#8230;<\/a><\/h3>\n<div class=\"td-module-meta-info\"><a href=\"https:\/\/r3media.ro\/category\/actualitate\/\" class=\"td-post-category\">ACTUALITATE<\/a><span class=\"td-post-author-name\"><a href=\"https:\/\/r3media.ro\/author\/oana\/\">Oana Ivan<\/a><span>&#8211;<\/span><\/span><span class=\"td-post-date\"><time class=\"entry-date updated td-module-date\" datetime=\"2026-07-22T10:01:28+03:00\">22\/07\/2026<\/time><\/span><\/div>\n<\/div>\n<\/div>\n<\/div>\n<div class=\"td-block-span6\">\n<div class=\"td_module_8 td_module_wrap\">\n<div class=\"item-details\">\n<h3 class=\"entry-title td-module-title\"><a href=\"https:\/\/r3media.ro\/asa-incepe-compania-openai-afirma-un-model-de-inteligenta-artificiala-a-atacat-din-proprie-initiativa-sistemele-unei-alte-companii\/\" rel=\"bookmark\" title=\"A\u0219a \u00eencepe? Compania OpenAI afirm\u0103 un model de inteligen\u021b\u0103 artificial\u0103 a ATACAT din proprie ini\u021biativ\u0103 sistemele unei alte companii\">A\u0219a \u00eencepe? Compania OpenAI afirm\u0103 un model de inteligen\u021b\u0103 artificial\u0103 a ATACAT din proprie&#8230;<\/a><\/h3>\n<div class=\"td-module-meta-info\"><a href=\"https:\/\/r3media.ro\/category\/actualitate\/\" class=\"td-post-category\">ACTUALITATE<\/a><span class=\"td-post-author-name\"><a href=\"https:\/\/r3media.ro\/author\/teodor_stan\/\">Teodor Stan<\/a><span>&#8211;<\/span><\/span><span class=\"td-post-date\"><time class=\"entry-date updated td-module-date\" datetime=\"2026-07-22T09:10:53+03:00\">22\/07\/2026<\/time><\/span><\/div>\n<\/div>\n<\/div>\n<\/div>\n<\/div>\n<div class=\"td-block-row\">\n<div class=\"td-block-span6\">\n<div class=\"td_module_8 td_module_wrap\">\n<div class=\"item-details\">\n<h3 class=\"entry-title td-module-title\"><a href=\"https:\/\/r3media.ro\/episcopul-husilor-oameni-animale-therieni-degradare-progresism\/\" rel=\"bookmark\" title=\"Episcopul Hu\u0219ilor, despre oamenii care se cred animale: V\u0103 da\u021bi seama c\u00e2t\u0103 degradare uman\u0103 este? De ce? Pentru c\u0103 se \u00eencred \u00een progresism\">Episcopul Hu\u0219ilor, despre oamenii care se cred animale: V\u0103 da\u021bi seama c\u00e2t\u0103 degradare uman\u0103&#8230;<\/a><\/h3>\n<div class=\"td-module-meta-info\"><a href=\"https:\/\/r3media.ro\/category\/actualitate\/\" class=\"td-post-category\">ACTUALITATE<\/a><span class=\"td-post-author-name\"><a href=\"https:\/\/r3media.ro\/author\/radu_ursan\/\">Radu Ursan<\/a><span>&#8211;<\/span><\/span><span class=\"td-post-date\"><time class=\"entry-date updated td-module-date\" datetime=\"2026-07-21T19:30:46+03:00\">21\/07\/2026<\/time><\/span><\/div>\n<\/div>\n<\/div>\n<\/div>\n<div class=\"td-block-span6\">\n<div class=\"td_module_8 td_module_wrap\">\n<div class=\"item-details\">\n<h3 class=\"entry-title td-module-title\"><a href=\"https:\/\/r3media.ro\/video-cult-femeie-dumnezeu-mama-romania\/\" rel=\"bookmark\" title=\"VIDEO | Un cult care consider\u0103 o femeie coreean\u0103 drept \u201eDumnezeu Mama\u201d face prozeli\u021bi \u00een Rom\u00e2nia\">VIDEO | Un cult care consider\u0103 o femeie coreean\u0103 drept \u201eDumnezeu Mama\u201d face prozeli\u021bi&#8230;<\/a><\/h3>\n<div class=\"td-module-meta-info\"><a href=\"https:\/\/r3media.ro\/category\/actualitate\/\" class=\"td-post-category\">ACTUALITATE<\/a><span class=\"td-post-author-name\"><a href=\"https:\/\/r3media.ro\/author\/redactia\/\">Redac\u021bia<\/a><span>&#8211;<\/span><\/span><span class=\"td-post-date\"><time class=\"entry-date updated td-module-date\" datetime=\"2026-07-21T11:14:08+03:00\">21\/07\/2026<\/time><\/span><\/div>\n<\/div>\n<\/div>\n<\/div>\n<\/div>\n<div class=\"td-block-row\">\n<div class=\"td-block-span6\">\n<div class=\"td_module_8 td_module_wrap\">\n<div class=\"item-details\">\n<h3 class=\"entry-title td-module-title\"><a href=\"https:\/\/r3media.ro\/cehia-interzice-telefoanele-in-scoli\/\" rel=\"bookmark\" title=\"Cehia se preg\u0103te\u0219te s\u0103 interzic\u0103 telefoanele mobile \u00een \u0219coli\">Cehia se preg\u0103te\u0219te s\u0103 interzic\u0103 telefoanele mobile \u00een \u0219coli<\/a><\/h3>\n<div class=\"td-module-meta-info\"><a href=\"https:\/\/r3media.ro\/category\/actualitate\/\" class=\"td-post-category\">ACTUALITATE<\/a><span class=\"td-post-author-name\"><a href=\"https:\/\/r3media.ro\/author\/redactia\/\">Redac\u021bia<\/a><span>&#8211;<\/span><\/span><span class=\"td-post-date\"><time class=\"entry-date updated td-module-date\" datetime=\"2026-07-20T22:34:13+03:00\">20\/07\/2026<\/time><\/span><\/div>\n<\/div>\n<\/div>\n<\/div>\n<div class=\"td-block-span6\">\n<div class=\"td_module_8 td_module_wrap\">\n<div class=\"item-details\">\n<h3 class=\"entry-title td-module-title\"><a href=\"https:\/\/r3media.ro\/mihail-neamtu-oblgatie-romania\/\" rel=\"bookmark\" title=\"Mihail Neam\u021bu: Suntem o \u021bar\u0103 mic\u0103, iar singura obliga\u021bie a politicienilor de la Bucure\u0219ti e s\u0103 nu introduc\u0103 Rom\u00e2nia \u00eentr-un r\u0103zboi stupid \u0219i perdant\">Mihail Neam\u021bu: Suntem o \u021bar\u0103 mic\u0103, iar singura obliga\u021bie a politicienilor de la Bucure\u0219ti&#8230;<\/a><\/h3>\n<div class=\"td-module-meta-info\"><a href=\"https:\/\/r3media.ro\/category\/actualitate\/\" class=\"td-post-category\">ACTUALITATE<\/a><span class=\"td-post-author-name\"><a href=\"https:\/\/r3media.ro\/author\/redactia\/\">Redac\u021bia<\/a><span>&#8211;<\/span><\/span><span class=\"td-post-date\"><time class=\"entry-date updated td-module-date\" datetime=\"2026-07-20T22:01:16+03:00\">20\/07\/2026<\/time><\/span><\/div>\n<\/div>\n<\/div>\n<\/div>\n<\/div>\n<div class=\"td-block-row\">\n<div class=\"td-block-span6\">\n<div class=\"td_module_8 td_module_wrap\">\n<div class=\"item-details\">\n<h3 class=\"entry-title td-module-title\"><a href=\"https:\/\/r3media.ro\/petrisor-peiu-conditii-aur-vot-guvernul-vestea-nicusor-dan-solutii-bunastare-romani\/\" rel=\"bookmark\" title=\"Condi\u021biile AUR pentru a vota Guvernul Ve\u0219tea. Petri\u0219or Peiu propune solu\u021bii clare pentru bun\u0103starea rom\u00e2nilor\">Condi\u021biile AUR pentru a vota Guvernul Ve\u0219tea. Petri\u0219or Peiu propune solu\u021bii clare pentru bun\u0103starea&#8230;<\/a><\/h3>\n<div class=\"td-module-meta-info\"><a href=\"https:\/\/r3media.ro\/category\/stiri\/\" class=\"td-post-category\">\u0218TIRI<\/a><span class=\"td-post-author-name\"><a href=\"https:\/\/r3media.ro\/author\/oana\/\">Oana Ivan<\/a><span>&#8211;<\/span><\/span><span class=\"td-post-date\"><time class=\"entry-date updated td-module-date\" datetime=\"2026-06-17T10:10:31+03:00\">17\/06\/2026<\/time><\/span><\/div>\n<\/div>\n<\/div>\n<\/div>\n<div class=\"td-block-span6\">\n<div class=\"td_module_8 td_module_wrap\">\n<div class=\"item-details\">\n<h3 class=\"entry-title td-module-title\"><a href=\"https:\/\/r3media.ro\/mihail-neamtu-neeuropeana-imperiu-birocrati-bruxelles-inarmarea-germaniei\/\" rel=\"bookmark\" title=\"EXCLUSIVITATE Mihail Neam\u021bu: Exist\u0103 o tendin\u021b\u0103 neeuropean\u0103 de a se crea un imperiu condus de birocra\u021bi de la Bruxelles \/ Pericolul \u00eenarm\u0103rii Germaniei\">EXCLUSIVITATE Mihail Neam\u021bu: Exist\u0103 o tendin\u021b\u0103 neeuropean\u0103 de a se crea un imperiu condus&#8230;<\/a><\/h3>\n<div class=\"td-module-meta-info\"><a href=\"https:\/\/r3media.ro\/category\/stiri\/\" class=\"td-post-category\">\u0218TIRI<\/a><span class=\"td-post-author-name\"><a href=\"https:\/\/r3media.ro\/author\/oana\/\">Oana Ivan<\/a><span>&#8211;<\/span><\/span><span class=\"td-post-date\"><time class=\"entry-date updated td-module-date\" datetime=\"2026-06-22T09:02:12+03:00\">22\/06\/2026<\/time><\/span><\/div>\n<\/div>\n<\/div>\n<\/div>\n<\/div>\n<\/div>\n<div class=\"td-load-more-wrap td-load-more-infinite-wrap\" id=\"infinite-lm-tdi_20\"><a href=\"https:\/\/r3media.ro\/iranul-respinge-orice-negociere-cu-statele-unite\/\" class=\"td_ajax_load_more td_ajax_load_more_js\" aria-label=\"\u00cenc\u0103rca\u021bi mai multe\" id=\"next-page-tdi_20\" data-td_block_id=\"tdi_20\">\u00cenc\u0103rca\u021bi mai multe<\/a><\/div>\n<\/div>\n<div class=\"td_block_wrap tdb_single_comments tdi_21 tdb-comm-layout2 td-pb-border-top td_block_template_1\" data-td-block-uid=\"tdi_21\">\n<div class=\"tdb-block-inner td-fix-index\">\n<div class=\"comments\" id=\"comments\">\n<div id=\"respond\" class=\"comment-respond\">\n<h3 id=\"reply-title\" class=\"comment-reply-title\">AI CEVA DE SPUS? <small><a rel=\"nofollow\" id=\"cancel-comment-reply-link\" href=\"https:\/\/r3media.ro\/iranul-respinge-orice-negociere-cu-statele-unite\/#respond\">Renun\u021ba\u021bi la r\u0103spuns<\/a><\/small><\/h3>\n<div class=\"comment-form-input-wrap td-form-comment\">\n<div class=\"td-warning-comment\">V\u0103 rug\u0103m s\u0103 introduce\u021bi comentariul dvs.!<\/div>\n<\/div>\n<div class=\"comment-form-input-wrap td-form-author\">\n<div class=\"td-warning-author\">Introduce\u021bi aici numele dvs.<\/div>\n<\/div>\n<div class=\"comment-form-input-wrap td-form-email\">\n<div class=\"td-warning-email-error\">A\u021bi introdus o adres\u0103 de e-mail incorect\u0103!<\/div>\n<div class=\"td-warning-email\">V\u0103 rug\u0103m s\u0103 introduce\u021bi adresa dvs. de e-mail aici<\/div>\n<\/div>\n<\/div>\n<\/div>\n<\/div>\n<\/div>\n<\/div>\n<\/div>\n<div class=\"vc_column tdi_23  wpb_column vc_column_container tdc-column td-pb-span4 td-is-sticky\">\n<div class=\"wpb_wrapper\" data-sticky-enabled-on=\"W3RydWUsdHJ1ZSx0cnVlLHRydWVd\" data-sticky-offset=\"20\" data-sticky-is-width-auto=\"W2ZhbHNlLGZhbHNlLGZhbHNlLGZhbHNlXQ==\">\n<div class=\"wpb_wrapper td_block_wrap vc_widget_sidebar tdi_25 \">\n<div class=\"td_block_wrap td_block_7 td_block_widget tdi_26 td-pb-border-top td_block_template_1 td-column-1 td_block_padding\" data-td-block-uid=\"tdi_26\">\n<div class=\"td-block-title-wrap\">\n<h4 class=\"block-title td-block-title\"><span class=\"td-pulldown-size\">Articole RELA\u021aIONATE<\/span><\/h4>\n<\/div>\n<div id=\"tdi_26\" class=\"td_block_inner\">\n<div class=\"td-block-span12\">\n<div class=\"td_module_6 td_module_wrap td-animation-stack\">\n<div class=\"td-module-thumb\"><a href=\"https:\/\/r3media.ro\/28-iulie-3-august-1919-unirea-banatului-romania\/\" rel=\"bookmark\" class=\"td-image-wrap \" title=\"28 iulie \u2013 3 august 1919: Unirea Banatului cu Rom\u00e2nia\"><img loading=\"lazy\" decoding=\"async\" class=\"entry-thumb\" src=\"https:\/\/r3media.ro\/wp-content\/uploads\/2021\/08\/10-mai-1920-timisoara-100x70.jpg\" alt title=\"28 iulie \u2013 3 august 1919: Unirea Banatului cu Rom\u00e2nia\" width=\"100\" height=\"70\"><\/a><\/div>\n<div class=\"item-details\">\n<h3 class=\"entry-title td-module-title\"><a href=\"https:\/\/r3media.ro\/28-iulie-3-august-1919-unirea-banatului-romania\/\" rel=\"bookmark\" title=\"28 iulie \u2013 3 august 1919: Unirea Banatului cu Rom\u00e2nia\">28 iulie \u2013 3 august 1919: Unirea Banatului cu Rom\u00e2nia<\/a><\/h3>\n<div class=\"td-module-meta-info\"><span class=\"td-post-date\"><time class=\"entry-date updated td-module-date\" datetime=\"2026-07-27T21:40:14+03:00\">27\/07\/2026<\/time><\/span><\/div>\n<\/div>\n<\/div>\n<\/div>\n<div class=\"td-block-span12\">\n<div class=\"td_module_6 td_module_wrap td-animation-stack\">\n<div class=\"td-module-thumb\"><a href=\"https:\/\/r3media.ro\/avioane-americane-bulgaria-energie-radev-sua\/\" rel=\"bookmark\" class=\"td-image-wrap \" title=\"Avioane americane la Bezmer, la schimb cu avantaje \u00een zona energetic\u0103 pentru Bulgaria: ce a ob\u021binut guvernul Radev de la SUA\"><img loading=\"lazy\" decoding=\"async\" class=\"entry-thumb\" src=\"https:\/\/r3media.ro\/wp-content\/uploads\/2026\/06\/rumen-radev-bulgaria-100x70.webp\" alt title=\"Avioane americane la Bezmer, la schimb cu avantaje \u00een zona energetic\u0103 pentru Bulgaria: ce a ob\u021binut guvernul Radev de la SUA\" width=\"100\" height=\"70\"><\/a><\/div>\n<div class=\"item-details\">\n<h3 class=\"entry-title td-module-title\"><a href=\"https:\/\/r3media.ro\/avioane-americane-bulgaria-energie-radev-sua\/\" rel=\"bookmark\" title=\"Avioane americane la Bezmer, la schimb cu avantaje \u00een zona energetic\u0103 pentru Bulgaria: ce a ob\u021binut guvernul Radev de la SUA\">Avioane americane la Bezmer, la schimb cu avantaje \u00een zona energetic\u0103&#8230;<\/a><\/h3>\n<div class=\"td-module-meta-info\"><span class=\"td-post-date\"><time class=\"entry-date updated td-module-date\" datetime=\"2026-07-27T21:38:24+03:00\">27\/07\/2026<\/time><\/span><\/div>\n<\/div>\n<\/div>\n<\/div>\n<div class=\"td-block-span12\">\n<div class=\"td_module_6 td_module_wrap td-animation-stack\">\n<div class=\"td-module-thumb\"><a href=\"https:\/\/r3media.ro\/28-iulie-sfintii-apostoli-si-diaconi-prohor-nicanor-timon-si-parmena-dintre-cei-70\/\" rel=\"bookmark\" class=\"td-image-wrap \" title=\"Calendarul zilei 28 iulie: Sfin\u021bii Apostoli \u0219i Diaconi Prohor, Nicanor, Timon \u0219i Parmena, dintre cei 70\"><img loading=\"lazy\" decoding=\"async\" class=\"entry-thumb\" src=\"https:\/\/r3media.ro\/wp-content\/uploads\/2023\/07\/sddefault-4-100x70.jpg\" alt title=\"Calendarul zilei 28 iulie: Sfin\u021bii Apostoli \u0219i Diaconi Prohor, Nicanor, Timon \u0219i Parmena, dintre cei 70\" width=\"100\" height=\"70\"><\/a><\/div>\n<div class=\"item-details\">\n<h3 class=\"entry-title td-module-title\"><a href=\"https:\/\/r3media.ro\/28-iulie-sfintii-apostoli-si-diaconi-prohor-nicanor-timon-si-parmena-dintre-cei-70\/\" rel=\"bookmark\" title=\"Calendarul zilei 28 iulie: Sfin\u021bii Apostoli \u0219i Diaconi Prohor, Nicanor, Timon \u0219i Parmena, dintre cei 70\">Calendarul zilei 28 iulie: Sfin\u021bii Apostoli \u0219i Diaconi Prohor, Nicanor, Timon&#8230;<\/a><\/h3>\n<div class=\"td-module-meta-info\"><span class=\"td-post-date\"><time class=\"entry-date updated td-module-date\" datetime=\"2026-07-27T21:33:31+03:00\">27\/07\/2026<\/time><\/span><\/div>\n<\/div>\n<\/div>\n<\/div>\n<div class=\"td-block-span12\">\n<div class=\"td_module_6 td_module_wrap td-animation-stack\">\n<div class=\"td-module-thumb\"><a href=\"https:\/\/r3media.ro\/rusia-romania-drona-ambasador-moscova-porturi-dunare\/\" rel=\"bookmark\" class=\"td-image-wrap \" title=\"Rusia, avertizat\u0103 de Rom\u00e2nia dup\u0103 incidentele cu drona. Ambasadorul Moscovei acuz\u0103 Bucure\u0219tiul c\u0103 folose\u0219te porturile de la Dun\u0103re pentru a transporta arme \u00een Ucraina\"><img loading=\"lazy\" decoding=\"async\" class=\"entry-thumb\" src=\"https:\/\/r3media.ro\/wp-content\/uploads\/2024\/04\/vladimir-lipaev-mid-ru-100x70.jpg\" alt title=\"Rusia, avertizat\u0103 de Rom\u00e2nia dup\u0103 incidentele cu drona. Ambasadorul Moscovei acuz\u0103 Bucure\u0219tiul c\u0103 folose\u0219te porturile de la Dun\u0103re pentru a transporta arme \u00een Ucraina\" width=\"100\" height=\"70\"><\/a><\/div>\n<div class=\"item-details\">\n<h3 class=\"entry-title td-module-title\"><a href=\"https:\/\/r3media.ro\/rusia-romania-drona-ambasador-moscova-porturi-dunare\/\" rel=\"bookmark\" title=\"Rusia, avertizat\u0103 de Rom\u00e2nia dup\u0103 incidentele cu drona. Ambasadorul Moscovei acuz\u0103 Bucure\u0219tiul c\u0103 folose\u0219te porturile de la Dun\u0103re pentru a transporta arme \u00een Ucraina\">Rusia, avertizat\u0103 de Rom\u00e2nia dup\u0103 incidentele cu drona. Ambasadorul Moscovei acuz\u0103&#8230;<\/a><\/h3>\n<div class=\"td-module-meta-info\"><span class=\"td-post-date\"><time class=\"entry-date updated td-module-date\" datetime=\"2026-07-27T20:15:53+03:00\">27\/07\/2026<\/time><\/span><\/div>\n<\/div>\n<\/div>\n<\/div>\n<div class=\"td-block-span12\">\n<div class=\"td_module_6 td_module_wrap td-animation-stack\">\n<div class=\"td-module-thumb\"><a href=\"https:\/\/r3media.ro\/statul-roman-a-semnat-actul-propriei-disparitii\/\" rel=\"bookmark\" class=\"td-image-wrap \" title=\"Statul rom\u00e2n a semnat actul propriei dispari\u021bii?\"><img loading=\"lazy\" decoding=\"async\" class=\"entry-thumb\" src=\"https:\/\/r3media.ro\/wp-content\/uploads\/2026\/07\/disparitia-statului-roman-100x70.png\" alt title=\"Statul rom\u00e2n a semnat actul propriei dispari\u021bii?\" width=\"100\" height=\"70\"><\/a><\/div>\n<div class=\"item-details\">\n<h3 class=\"entry-title td-module-title\"><a href=\"https:\/\/r3media.ro\/statul-roman-a-semnat-actul-propriei-disparitii\/\" rel=\"bookmark\" title=\"Statul rom\u00e2n a semnat actul propriei dispari\u021bii?\">Statul rom\u00e2n a semnat actul propriei dispari\u021bii?<\/a><\/h3>\n<div class=\"td-module-meta-info\"><span class=\"td-post-date\"><time class=\"entry-date updated td-module-date\" datetime=\"2026-07-27T15:07:05+03:00\">27\/07\/2026<\/time><\/span><\/div>\n<\/div>\n<\/div>\n<\/div>\n<div class=\"td-block-span12\">\n<div class=\"td_module_6 td_module_wrap td-animation-stack\">\n<div class=\"td-module-thumb\"><a href=\"https:\/\/r3media.ro\/raport-sau-propaganda-de-joasa-calitate\/\" rel=\"bookmark\" class=\"td-image-wrap \" title=\"Raport sau propagand\u0103 de joas\u0103 calitate?\"><img loading=\"lazy\" decoding=\"async\" class=\"entry-thumb\" src=\"https:\/\/r3media.ro\/wp-content\/uploads\/2026\/07\/grupul-de-reflectie-strategica-ue-100x70.jpg\" alt title=\"Raport sau propagand\u0103 de joas\u0103 calitate?\" width=\"100\" height=\"70\"><\/a><\/div>\n<div class=\"item-details\">\n<h3 class=\"entry-title td-module-title\"><a href=\"https:\/\/r3media.ro\/raport-sau-propaganda-de-joasa-calitate\/\" rel=\"bookmark\" title=\"Raport sau propagand\u0103 de joas\u0103 calitate?\">Raport sau propagand\u0103 de joas\u0103 calitate?<\/a><\/h3>\n<div class=\"td-module-meta-info\"><span class=\"td-post-date\"><time class=\"entry-date updated td-module-date\" datetime=\"2026-07-27T14:01:27+03:00\">27\/07\/2026<\/time><\/span><\/div>\n<\/div>\n<\/div>\n<\/div>\n<div class=\"td-block-span12\">\n<div class=\"td_module_6 td_module_wrap td-animation-stack\">\n<div class=\"td-module-thumb\"><a href=\"https:\/\/r3media.ro\/bnr-recomanda-romani-rezerve-de-cash-atacuri-cibernetice-numerar-relevant-criza\/\" rel=\"bookmark\" class=\"td-image-wrap \" title=\"BNR le recomand\u0103 rom\u00e2nilor s\u0103 p\u0103streze rezerve de cash: Numerarul se poate dovedi relevant \u00een criz\u0103\"><img loading=\"lazy\" decoding=\"async\" class=\"entry-thumb\" src=\"https:\/\/r3media.ro\/wp-content\/uploads\/2023\/10\/plati-cash-numerar-100x70.jpg\" alt title=\"BNR le recomand\u0103 rom\u00e2nilor s\u0103 p\u0103streze rezerve de cash: Numerarul se poate dovedi relevant \u00een criz\u0103\" width=\"100\" height=\"70\"><\/a><\/div>\n<div class=\"item-details\">\n<h3 class=\"entry-title td-module-title\"><a href=\"https:\/\/r3media.ro\/bnr-recomanda-romani-rezerve-de-cash-atacuri-cibernetice-numerar-relevant-criza\/\" rel=\"bookmark\" title=\"BNR le recomand\u0103 rom\u00e2nilor s\u0103 p\u0103streze rezerve de cash: Numerarul se poate dovedi relevant \u00een criz\u0103\">BNR le recomand\u0103 rom\u00e2nilor s\u0103 p\u0103streze rezerve de cash: Numerarul se&#8230;<\/a><\/h3>\n<div class=\"td-module-meta-info\"><span class=\"td-post-date\"><time class=\"entry-date updated td-module-date\" datetime=\"2026-07-27T13:11:47+03:00\">27\/07\/2026<\/time><\/span><\/div>\n<\/div>\n<\/div>\n<\/div>\n<\/div>\n<\/div>\n<aside class=\"td_block_template_1 widget widget_recent_comments\">\n<h4 class=\"block-title\"><span>INTR\u0102 \u00ceN DISCU\u021aIE!<\/span><\/h4>\n<ul id=\"recentcomments\">\n<li class=\"recentcomments\"><span class=\"comment-author-link\">Redac\u021bia<\/span> la <a href=\"https:\/\/r3media.ro\/raport-sau-propaganda-de-joasa-calitate\/#comment-40317\">Raport sau propagand\u0103 de joas\u0103 calitate?<\/a><\/li>\n<li class=\"recentcomments\"><span class=\"comment-author-link\">George<\/span> la <a href=\"https:\/\/r3media.ro\/raport-sau-propaganda-de-joasa-calitate\/#comment-40316\">Raport sau propagand\u0103 de joas\u0103 calitate?<\/a><\/li>\n<li class=\"recentcomments\"><span class=\"comment-author-link\">Radu<\/span> la <a href=\"https:\/\/r3media.ro\/prima-oara-istorie-presedintia-document-primplan-patriotism-european\/#comment-40315\">Pentru prima oar\u0103 \u00een istorie, Pre\u0219edin\u021bia Rom\u00e2niei emite un document care pune pe primul plan o alt\u0103 entitate dec\u00e2t \u021bara noastr\u0103: patriotismul european<\/a><\/li>\n<li class=\"recentcomments\"><span class=\"comment-author-link\">E.T.<\/span> la <a href=\"https:\/\/r3media.ro\/vladimir-putin-romania-teritorii-ucraina\/#comment-40314\">Vladimir Putin spune c\u0103 Rom\u00e2nia va fi printre statele care vor recupera teritorii de la Ucraina<\/a><\/li>\n<li class=\"recentcomments\"><span class=\"comment-author-link\">Nicu<\/span> la <a href=\"https:\/\/r3media.ro\/ford-recheama-service-500-000-masini-risc-incendiu-motor\/#comment-40311\">Ford recheam\u0103 \u00een service peste 500.000 de ma\u0219ini din cauza riscului de incendiu la motor<\/a><\/li>\n<li class=\"recentcomments\"><span class=\"comment-author-link\">Nicu<\/span> la <a href=\"https:\/\/r3media.ro\/iiccmer-solicita-demolare-statuie-poet-adrian-paunescu-gradina-icoanei-bucuresti\/#comment-40309\">IICCMER solicit\u0103 demolarea statuii poetului Adrian P\u0103unescu din Gr\u0103dina Icoanei din Bucure\u0219ti<\/a><\/li>\n<li class=\"recentcomments\"><span class=\"comment-author-link\">Eu<\/span> la <a href=\"https:\/\/r3media.ro\/mihail-neamtu-aur-transparentizarea-surselor-de-finantare-a-ong-urilor-este-obligatorie-unele-dintre-ele-pun-in-pericol-interesele-romaniei\/#comment-40308\">Mihail Neam\u021bu (AUR): Transparentizarea surselor de finan\u021bare a ONG-urilor este obligatorie! Unele dintre ele pun \u00een pericol interesele Rom\u00e2niei<\/a><\/li>\n<\/ul>\n<\/aside>\n<aside class=\"td_block_template_1 widget widget_search\">\n<h4 class=\"block-title\"><span>CAUT\u0102 \u0218I VEI G\u0102SI<\/span><\/h4>\n<\/aside>\n<\/div>\n<\/div>\n<\/div>\n<\/div>\n<\/div>\n<\/div>\n<\/div>\n<p><span class=\"td-page-meta\"><\/span><span class=\"td-page-meta\"><span class=\"td-page-meta\"><\/span><\/span><span class=\"td-page-meta\"><\/span><\/article>\n<\/p>\n<div class=\"td_block_wrap tdb_single_content tdi_18 td-pb-border-top td_block_template_1 td-post-content tagdiv-type\" data-td-block-uid=\"tdi_18\">\n<div class=\"tdb-block-inner td-fix-index\">\n<p><strong><a href=\"https:\/\/r3media.ro\/iranul-acuza-romania-atac\/\" target=\"_blank\" rel=\"noopener\">Iranul<\/a> a declarat luni c\u0103 nu se afl\u0103 \u00een prezent \u00een niciun proces de negociere cu Statele Unite, preciz\u00e2nd c\u0103 o eventual\u0103 reluare a dialogului este condi\u021bionat\u0103 de o modificare a comportamentului administra\u021biei americane, informeaz\u0103 <a href=\"https:\/\/www.mediafax.ro\/externe\/teheranul-taie-orice-speculatie-nu-negociem-cu-sua-23779856\" target=\"_blank\" rel=\"noopener\">Mediafax.<\/a><\/strong><\/p>\n<p>Oficialii de la Teheran neag\u0103 zvonurile potrivit c\u0103rora ar fi cerut discu\u021bii cu Washingtonul \u0219i afirm\u0103 c\u0103 diploma\u021bia continu\u0103 s\u0103 fie un mijloc prin care \u00ee\u0219i ap\u0103r\u0103 interesele na\u021bionale, dar exclusiv \u00een limitele respect\u0103rii dreptului interna\u021bional.<\/p>\n<p>\u00cen cadrul unei conferin\u021be de pres\u0103, purt\u0103torul de cuv\u00e2nt al Ministerului iranian de Externe, Esmaeil Baqaei, a calificat drept false relat\u0103rile conform c\u0103rora Iranul ar fi ini\u021biat o cerere de negocieri cu partea american\u0103.<\/p>\n<p>\u201eA\u0219a ceva ar contraveni principiilor noastre. Ideea c\u0103 Iranul ar fi cerut negocieri nu este altceva dec\u00e2t un zvon\u201d, a spus oficialul, ale c\u0103rui declara\u021bii au fost preluate de agen\u021bia semi-oficial\u0103 Mehr \u0219i, ulterior, de Anadolu.<\/p>\n<p>El a insistat asupra faptului c\u0103, de\u0219i Teheranul prive\u0219te diploma\u021bia drept un instrument fundamental \u00een protejarea intereselor sale, \u00een acest moment nu se poart\u0103 discu\u021bii directe cu Statele Unite.<\/p>\n<p>\u201eNu am dat niciodat\u0103 \u00eenapoi c\u00e2nd a fost vorba s\u0103 recurgem la mijloace diplomatice pentru a ne ap\u0103ra interesele. Pentru noi, diploma\u021bia r\u0103m\u00e2ne o cale de a proteja interesele na\u021bionale ale Iranului\u201d, a ad\u0103ugat Baqaei.<\/p>\n<h2>Ce cere Teheranul pentru a reveni la masa negocierilor<\/h2>\n<p>Chestionat cu privire la condi\u021biile \u00een care ar putea fi reluate discu\u021biile, purt\u0103torul de cuv\u00e2nt al diploma\u021biei iraniene a ar\u0103tat c\u0103 responsabilitatea revine Washingtonului, care ar trebui s\u0103 \u00ee\u0219i schimbe atitudinea.<\/p>\n<p>\u00cen opinia sa, Statele Unite ar trebui \u201es\u0103 \u00eenve\u021be s\u0103 ac\u021bioneze precum un stat responsabil\u201d, oficialul acuz\u00e2nd administra\u021bia american\u0103 c\u0103, pe parcursul ultimului an sau doi, a nesocotit regulile dreptului interna\u021bional \u0219i s-a comportat \u201easemenea unei grup\u0103ri mafiote\u201d.<\/p>\n<p>Baqaei a precizat c\u0103, at\u00e2t timp c\u00e2t acest tip de conduit\u0103 persist\u0103, nu se poate contura un context propice relu\u0103rii negocierilor. Totodat\u0103, el a admis c\u0103 mesaje ar putea circula \u00eentre cele dou\u0103 p\u0103r\u021bi prin intermediul unor mediatori, dar a subliniat c\u0103 nu exist\u0103 negocieri oficiale \u00een curs.<\/p>\n<h2>Semne de temperare a tensiunilor militare<\/h2>\n<p>Declara\u021biile diploma\u021biei iraniene survin la o zi dup\u0103 ce, duminic\u0103, purt\u0103torul de cuv\u00e2nt al armatei iraniene, Amir Mohammad Akraminia, a anun\u021bat c\u0103 loviturile americane \u00eempotriva Iranului s-au oprit \u00een ultimele dou\u0103 zile, iar trupele iraniene \u0219i-au \u00eentrerupt, la r\u00e2ndul lor, ac\u021biunile de r\u0103spuns.<\/p>\n<p>\u00cen paralel, publica\u021bia Axios a scris c\u0103 pre\u0219edintele american Donald Trump ar fi cerut armatei SUA s\u0103 \u00eenceteze noile atacuri asupra Iranului, pun\u00e2nd astfel cap\u0103t unei perioade de aproape dou\u0103 s\u0103pt\u0103m\u00e2ni marcate de lovituri zilnice.<\/p>\n<p>Raporturile dintre Washington \u0219i Teheran s-au tensionat considerabil \u00een ultima vreme. Statele Unite au vizat mai multe \u021binte de pe teritoriul iranian, iar \u00een replic\u0103 autorit\u0103\u021bile de la Teheran au atacat obiective pe care le-au descris drept instala\u021bii \u0219i echipamente militare americane amplasate \u00een diverse \u021b\u0103ri din regiune.<\/p>\n<p>Chiar dac\u0103 schimbul de lovituri pare s\u0103 fi sc\u0103zut \u00een intensitate, pozi\u021biile exprimate de oficialii iranieni indic\u0103 faptul c\u0103 \u0219ansele unei reveniri rapide la dialog r\u0103m\u00e2n reduse, iar orice apropiere \u00eentre cele dou\u0103 state depinde, potrivit Teheranului, de o schimbare major\u0103 \u00een politica Washingtonului.<\/p>\n<div class=\"crp_related     crp-masonry\">\n<h2>\u00ceN CONTEXT<\/h2>\n<ul>\n<li><a href=\"https:\/\/r3media.ro\/in-numele-legii-sfirsitul\/\" class=\"crp_link post-115376\"><span class=\"crp_title\">\u00cen numele legii, sf\u00eer\u0219itul!<\/span><\/a><\/li>\n<li><a href=\"https:\/\/r3media.ro\/stefan-popescu-trump-iran-america-nu-poate\/\" class=\"crp_link post-116799\"><span class=\"crp_title\">\u0218tefan Popescu, despre anun\u021bul lui Trump \u0219i compromisul cu Iranul: Mesajul e simplu, America\u2026<\/span><\/a><\/li>\n<li><a href=\"https:\/\/r3media.ro\/avem-dovezile-trump-e-nebun\/\" class=\"crp_link post-115486\"><span class=\"crp_title\">Avem dovezile: Trump e nebun!<\/span><\/a><\/li>\n<li><a href=\"https:\/\/r3media.ro\/sua-iran-memorandum-pace-stramtoare-ormuz\/\" class=\"crp_link post-118525\"><span class=\"crp_title\">SUA \u0219i Iran au publicat textul memorandumului de pace: redeschiderea Str\u00e2mtorii Ormuz<\/span><\/a><\/li>\n<li><a href=\"https:\/\/r3media.ro\/trump-in-istoria-europei\/\" class=\"crp_link post-115803\"><span class=\"crp_title\">Trump \u00een istoria Europei \u00a0\u00a0<\/span><\/a><\/li>\n<li><a href=\"https:\/\/r3media.ro\/iran-sua-armistitiu-presedinte-donald-trump-epoca-de-aur-orientul-mijlociu\/\" class=\"crp_link post-115812\"><span class=\"crp_title\">Iran \u0219i SUA au \u00eencheiat un armisti\u021biu: Donald Trump spune c\u0103 ar putea \u00eencepe \u201eEpoca de Aur a\u2026<\/span><\/a><\/li>\n<li><a href=\"https:\/\/r3media.ro\/nationalism-versus-colonialism-batalia-pentru-resurse\/\" class=\"crp_link post-115326\"><span class=\"crp_title\">Na\u021bionalism versus Colonialism \u2013 B\u0103t\u0103lia pentru resurse<\/span><\/a><\/li>\n<li><a href=\"https:\/\/r3media.ro\/acordul-cu-iranul-aproape-incheiat-donald-trump\/\" class=\"crp_link post-116785\"><span class=\"crp_title\">Acordul cu Iranul este aproape de a fi \u00eencheiat, afirm\u0103 Donald Trump<\/span><\/a><\/li>\n<\/ul>\n<\/div>\n<\/div>\n<\/div>\n<p>[analyse_source url=&#8221;https:\/\/r3media.ro\/iranul-respinge-orice-negociere-cu-statele-unite\/&#8221;]<\/p>\n","protected":false},"excerpt":{"rendered":"<p>[analyse_image type=&#8221;featured&#8221; src=&#8221;https:\/\/r3media.ro\/wp-content\/uploads\/2026\/07\/steag-iran-scaled-e1785175149306.jpghttps:\/\/r3media.ro\/wp-content\/uploads\/2026\/07\/steag-iran-scaled-e1785175149306.jpg&#8221;] PRIM PLANIranul respinge orice negociere cu Statele Unite PRIM PLAN\u0218TIRI Iranul respinge orice negociere cu Statele Unite Redac\u021bia 27\/07\/2026 Photo by Akbar Nemati on Unsplash Iranul a declarat luni c\u0103 nu se afl\u0103 \u00een prezent \u00een niciun proces de negociere cu Statele Unite, preciz\u00e2nd c\u0103 o eventual\u0103 reluare a dialogului este condi\u021bionat\u0103 [&hellip;]<\/p>\n","protected":false},"author":1,"featured_media":0,"comment_status":"open","ping_status":"","sticky":false,"template":"","format":"standard","meta":{"footnotes":""},"categories":[89],"tags":[226,93],"class_list":["post-2064542","post","type-post","status-publish","format-standard","hentry","category-romania","tag-crawlmanager","tag-r3media-ro"],"_links":{"self":[{"href":"https:\/\/analyse.optim.biz\/index.php?rest_route=\/wp\/v2\/posts\/2064542","targetHints":{"allow":["GET"]}}],"collection":[{"href":"https:\/\/analyse.optim.biz\/index.php?rest_route=\/wp\/v2\/posts"}],"about":[{"href":"https:\/\/analyse.optim.biz\/index.php?rest_route=\/wp\/v2\/types\/post"}],"author":[{"embeddable":true,"href":"https:\/\/analyse.optim.biz\/index.php?rest_route=\/wp\/v2\/users\/1"}],"replies":[{"embeddable":true,"href":"https:\/\/analyse.optim.biz\/index.php?rest_route=%2Fwp%2Fv2%2Fcomments&post=2064542"}],"version-history":[{"count":0,"href":"https:\/\/analyse.optim.biz\/index.php?rest_route=\/wp\/v2\/posts\/2064542\/revisions"}],"wp:attachment":[{"href":"https:\/\/analyse.optim.biz\/index.php?rest_route=%2Fwp%2Fv2%2Fmedia&parent=2064542"}],"wp:term":[{"taxonomy":"category","embeddable":true,"href":"https:\/\/analyse.optim.biz\/index.php?rest_route=%2Fwp%2Fv2%2Fcategories&post=2064542"},{"taxonomy":"post_tag","embeddable":true,"href":"https:\/\/analyse.optim.biz\/index.php?rest_route=%2Fwp%2Fv2%2Ftags&post=2064542"}],"curies":[{"name":"wp","href":"https:\/\/api.w.org\/{rel}","templated":true}]}}