{"id":2064537,"date":"2026-07-27T18:40:14","date_gmt":"2026-07-27T15:40:14","guid":{"rendered":"https:\/\/analyse.optim.biz\/?p=2064537"},"modified":"2026-07-27T18:40:14","modified_gmt":"2026-07-27T15:40:14","slug":"28-iulie-3-august-1919-unirea-banatului-cu-romania","status":"publish","type":"post","link":"https:\/\/analyse.optim.biz\/?p=2064537","title":{"rendered":"28 iulie \u2013 3 august 1919: Unirea Banatului cu Rom\u00e2nia"},"content":{"rendered":"<p>[analyse_image type=&#8221;featured&#8221; src=&#8221;https:\/\/r3media.ro\/wp-content\/uploads\/2021\/08\/10-mai-1920-timisoara.jpghttps:\/\/r3media.ro\/wp-content\/uploads\/2021\/08\/10-mai-1920-timisoara.jpg&#8221;]<\/p>\n<article id=\"template-id-109\" class=\"post-109 tdb_templates type-tdb_templates status-publish post\">\n<div id=\"tdi_2\" class=\"tdc-zone\">\n<div class=\"tdc_zone tdi_3  wpb_row td-pb-row\">\n<div id=\"tdi_4\" class=\"tdc-row\">\n<div class=\"vc_row tdi_5  wpb_row td-pb-row\">\n<div class=\"vc_column tdi_7  wpb_column vc_column_container tdc-column td-pb-span8\">\n<div class=\"wpb_wrapper\">\n<div class=\"td_block_wrap tdb_breadcrumbs tdi_8 td-pb-border-top td_block_template_1 tdb-breadcrumbs \" data-td-block-uid=\"tdi_8\">\n<div class=\"tdb-block-inner td-fix-index\"><span><a title=\"Vede\u021bi toate articolele \u00een PRIM PLAN\" class=\"tdb-entry-crumb\" href=\"https:\/\/r3media.ro\/category\/stiri-prim-plan\/\">PRIM PLAN<\/a><\/span><span class=\"tdb-bred-no-url-last\">28 iulie &#8211; 3 august 1919: Unirea Banatului cu Rom\u00e2nia<\/span><\/div>\n<\/div>\n<div class=\"td_block_wrap tdb_single_categories tdi_9 td-pb-border-top td_block_template_1 \" data-td-block-uid=\"tdi_9\">\n<div class=\"tdb-category td-fix-index\"><a class=\"tdb-entry-category\" href=\"https:\/\/r3media.ro\/category\/stiri-prim-plan\/\">PRIM PLAN<\/a><a class=\"tdb-entry-category\" href=\"https:\/\/r3media.ro\/category\/stiri\/\">\u0218TIRI<\/a><\/div>\n<\/div>\n<div class=\"td_block_wrap tdb_title tdi_10 tdb-single-title td-pb-border-top td_block_template_1\" data-td-block-uid=\"tdi_10\">\n<div class=\"tdb-block-inner td-fix-index\">\n<h1 class=\"tdb-title-text\">28 iulie \u2013 3 august 1919: Unirea Banatului cu Rom\u00e2nia<\/h1>\n<\/div>\n<\/div>\n<div class=\"vc_row_inner tdi_12  vc_row vc_inner wpb_row td-pb-row\">\n<div class=\"vc_column_inner tdi_14  wpb_column vc_column_container tdc-inner-column td-pb-span12\">\n<div class=\"vc_column-inner\">\n<div class=\"wpb_wrapper\">\n<div class=\"td_block_wrap tdb_single_author tdi_15 td-pb-border-top td_block_template_1 tdb-post-meta\" data-td-block-uid=\"tdi_15\">\n<div class=\"tdb-block-inner td-fix-index\">\n<div class=\"tdb-author-name-wrap\"><a class=\"tdb-author-name\" href=\"https:\/\/r3media.ro\/author\/cosmintinta\/\">Cosmin \u021a\u00eent\u0103<\/a><\/div>\n<\/div>\n<\/div>\n<div class=\"td_block_wrap tdb_single_date tdi_16 td-pb-border-top td_block_template_1 tdb-post-meta\" data-td-block-uid=\"tdi_16\">\n<div class=\"tdb-block-inner td-fix-index\"><time class=\"entry-date updated td-module-date\" datetime=\"2026-07-27T21:40:14+03:00\">27\/07\/2026<\/time><\/div>\n<\/div>\n<\/div>\n<\/div>\n<\/div>\n<\/div>\n<div class=\"td_block_wrap tdb_single_content tdi_18 td-pb-border-top td_block_template_1 td-post-content tagdiv-type\" data-td-block-uid=\"tdi_18\">\n<div class=\"tdb-block-inner td-fix-index\">\n<p>\u201e\u2026<strong>Marea Unire din 1918 a fost \u0219i va r\u0103m\u00e2ne pagina cea mai sublim\u0103 a istoriei rom\u00e2ne\u0219ti<\/strong>. M\u0103re\u0163ia sa st\u0103 \u00een faptul c\u0103 des\u0103v\u00e2r\u0219irea unit\u0103\u0163ii na\u0163ionale nu este opera nici a unui om politic, nici a unui guvern, nici a unui partid; este fapta istoric\u0103 a \u00eentregii na\u0163iuni rom\u00e2ne, realizat\u0103 \u00eentr-un elan r\u00e2vnit cu putere, din str\u0103fundurile con\u0219tiin\u0163ei unit\u0103\u0163ii neamului\u2026Nu o victorie militar\u0103 a stat la temelia Rom\u00e2niei Mari, ci actul de voin\u0163\u0103 al na\u0163iunii rom\u00e2ne de a-i da arm\u0103tura teritorial-institu\u0163ional\u0103, care este statul na\u0163ional\u201d, spunea istoricul <strong>Florin Constantiniu<\/strong>, iar felul \u00een care s-au desf\u0103\u0219urat lucrurile \u00een <strong>Banat<\/strong> dovede\u0219te acest lucru cu des\u0103v\u00e2r\u0219ire!<\/p>\n<p>Proclamat\u0103 la 1 decembrie 1918 la <strong>Marea Adunare Na\u021bional\u0103 de la Alba Iulia<\/strong>, <strong>Unirea<\/strong> a \u00eent\u00e2mpinat numeroase opreli\u0219ti, de\u0219i rom\u00e2nii b\u0103n\u0103\u021beni s-au pronun\u021bat ferm \u00een favoarea unei Uniri \u201eimediate \u0219i necondi\u021bionate\u201d cu Rom\u00e2nia. Maghiarii, s\u00e2rbii \u0219i germanii, deveni\u021bi importan\u021bi numeric \u00een spa\u021biul b\u0103n\u0103\u021bean prin coloniz\u0103rile derulate de imperiu timp de dou\u0103 secole, au \u00eencercat s\u0103-\u0219i impun\u0103 propriile proiecte pentru a st\u0103p\u00e2ni Banatul.<\/p>\n<h1><strong>Tentativa maghiar\u0103<\/strong><\/h1>\n<p>Prima \u00eencercare le-a apar\u021binut maghiarilor. La 31 octombrie 1918, dr. Otto Roth, membru \u00een conducerea Partidului Social Democrat din Ungaria \u0219i adversar al unirii Banatului cu Rom\u00e2nia, proclama la Timi\u0219oara, \u00eempreun\u0103 cu locotenent-colonelul Albert Bartha, Republica B\u0103n\u0103\u021bean\u0103. Cei doi erau proasp\u0103t \u00eentor\u0219i de la Budapesta, unde avusese loc \u00eentrunirea liderilor politici maghiari. \u201eRepublica\u201d urma s\u0103 fie subordonat\u0103 Budapestei, ca organism temporar autonom \u00een cadrul Ungariei, cu un comisar civil \u0219i unul militar. Manevra cercurilor maghiare a sucombat aproape instantaneu, sub opozi\u021bia rom\u00e2nilor. Aurel Cosma, liderul rom\u00e2nilor din Banat, avea s\u0103 le r\u0103spund\u0103: Noi, rom\u00e2nii, nu putem primi propunerea domnului Otto Roth. Aspira\u021biile neamului nostru ne \u00eendeamn\u0103 s\u0103 urm\u0103m alt\u0103 cale. Vom constitui Consiliul nostru na\u021bional.\u201d \u00cen seara aceleia\u0219i zile de 31 octombrie, mii de rom\u00e2ni din Timi\u0219oara \u0219i din satele \u00eenvecinate au participat la o impresionant\u0103 adunare na\u021bional\u0103 \u00een Pia\u021ba Libert\u0103\u021bii \u0219i au aprobat cu ova\u021bii cuvintele rostite de dr. Aurel Cosma: \u201eDe ast\u0103zi \u00eenainte s-au rupt pentru totdeauna lan\u021burile robiei na\u021biunii rom\u00e2ne.\u201d<\/p>\n<p>Situa\u021bia \u0219i ferma pozi\u021bionare a rom\u00e2nilor este surprins\u0103 de marele patriot rom\u00e2n b\u0103n\u0103\u021bean Avram Imbroane, \u00eentr-un articol din presa epocii,: \u201e\u00cen acest stadiu \u0219i r\u0103bdarea noastr\u0103 este pe sf\u00e2r\u0219ite \u0219i a sosit momentul ca s\u0103 rostim \u00een aceast\u0103 chestiune un cuv\u00e2nt energic. Acest cuv\u00e2nt se rezum\u0103 \u00een urm\u0103toarele: nu v\u0103 vom mai r\u0103bda; la amenin\u021barea voastr\u0103, a celor pu\u021bini, r\u0103spundem noi, cei mul\u021bi.(\u2026) \u00cei \u0219tim ce fac \u0219i \u00een ce c\u0103i umbl\u0103. Le adres\u0103m ultimul \u00eendemn s\u0103 p\u0103r\u0103seasc\u0103 aceste c\u0103i. Altfel, ca m\u00e2ine nu vor mai avea ce c\u0103uta \u00een mijlocul nostru. \u00cei vom invita s\u0103-\u0219i fac\u0103 bagajele \u0219i s\u0103 plece de unde au venit.(\u2026)\u00a0 Tot nu va fi bol\u0219evism \u00een Banat, cum nu va fi nici republic\u0103 b\u0103n\u0103\u021bean\u0103, oric\u00e2te drumuri s-ar face la Belgrad \u0219i la Budapesta \u0219i oric\u00e2t\u0103 cerneal\u0103 ar strica cutare fiu de magnat ungur f\u0103c\u00e2nd jonglerie de statistic\u0103 \u0219i \u00eemp\u0103r\u021bind Banatul \u00een cantoane elve\u021biene, pe h\u00e2rtia at\u00e2t de r\u0103bd\u0103toare a gazetei.\u201d<\/p>\n<p>Cea de-a doua \u00eencercare le-a apar\u021binut s\u00e2rbilor. Sesiz\u00e2nd oportunitatea existent\u0103, trupele s\u00e2rbe au trecut Dun\u0103rea \u00eenainte de parafarea acordului de armisti\u021biu \u0219i au ocupat\u00a0 Timi\u0219oara la 14 noiembrie 1918, \u00een timp ce armata rom\u00e2n\u0103 neutraliza trupele germane ale lui Mackensen, iar ulterior r\u0103spundea atacurilor Ungariei bol\u0219evice a lui Bela Kuhn, care au dus la scurtul r\u0103zboi soldat cu ocuparea Budapestei de c\u0103tre trupele rom\u00e2ne\u0219ti. Ajunse la Timi\u0219oara, trupele s\u00e2rbe\u0219ti au fost \u00eent\u00e2mpinate cu amici\u021bie, ca trupe ale Antantei, deci aliate Rom\u00e2niei.\u00a0La scurt timp, lucrurile s-au schimbat radical, dup\u0103 ce rom\u00e2nii b\u0103n\u0103\u021beni au devenit \u021binta predilect\u0103 a persecu\u021biilor noii administra\u021bii. S-a trecut la anihilarea sistematic\u0103 a mi\u0219c\u0103rii na\u021bionale rom\u00e2ne\u0219ti, la desfiin\u021barea consiliilor na\u021bionale rom\u00e2ne \u0219i a g\u0103rzilor rom\u00e2ne\u0219ti. \u00cen func\u021biile oficiale au fost numi\u021bi tot mai mul\u021bi s\u00e2rbi. Otto Roth \u0219i reprezentan\u021bii social-democra\u021bilor din r\u00e2ndul minorit\u0103\u021bilor maghiare \u0219i \u0219v\u0103be\u0219ti, vedeau \u00een armata s\u00e2rb\u0103 un ajutor pentru perpetuarea st\u0103p\u00e2nirii maghiare. Ei sperau \u00een continuare c\u0103 r\u0103zboiul se va termina cu o Ungarie Mare, care s\u0103 cuprind\u0103 \u0219i Banatul. Pe de alt\u0103 parte, s\u00e2rbii duceau \u00een occident o puternic\u0103 propagand\u0103 pentru cauza lor, urm\u0103rind politica \u201cfaptului \u00eemplinit\u201d \u0219i \u00eencheierea r\u0103zboiului cu un Banat aflat \u00een \u00eentregime, de facto, sub suveranitate s\u00e2rbeasc\u0103, de\u0219i sub 18% din popula\u021bia sa era alc\u0103tuit\u0103 din s\u00e2rbi.<\/p>\n<p>\u00cen ciuda restric\u021biilor \u0219i impedimentelor de tot felul impuse de trupele de ocupa\u021bie, mii de b\u0103n\u0103\u021beni au r\u0103spuns la chemarea Consiliului Na\u021bional Central \u0219i s-au \u00eendreptat c\u0103tre Alba Iulia pentru a lua parte la Marea Adunare care avea s\u0103 proclame Unirea. Alegerea delega\u021bilor a fost un eveniment de mare importan\u021b\u0103 pentru comunit\u0103\u021bile rom\u00e2ne\u0219ti.<\/p>\n<p>Procesul de alegere a fost pe toate c\u0103ile \u00eempiedicat s\u0103 aib\u0103 loc, iar cei care au reu\u0219it s\u0103 fie ale\u0219i, au fost \u00eempiedica\u021bi s\u0103 p\u0103r\u0103seasc\u0103 Banatul. Armata s\u00e2rb\u0103 a \u00eenchis trecerile c\u0103tre Ardeal, pentru a bloca ajungerea b\u0103n\u0103\u021benilor la Alba Iulia. Nu a reu\u0219it s\u0103 \u00eei opreasc\u0103 , \u00eens\u0103, pe to\u021bi: delega\u021bia b\u0103n\u0103\u021benilor a avut \u00een final 359 de membri oficiali, reprezent\u00e2nd toate categoriile sociale \u0219i principalele organiza\u021bii politice, sociale \u0219i culturale b\u0103n\u0103\u021bene.<\/p>\n<p>Alte c\u00e2teva mii de b\u0103n\u0103\u021beni au ajuns la Alba Iulia trec\u00e2nd de patrulele armatei s\u00e2rbe cum \u0219i pe unde au putut. Conduita armatei s\u00e2rbe se domole\u0219te doar dup\u0103 ce \u00een Banat a ajuns generalul Berthelot \u0219i a \u00eenceput instalarea trupelor de pace franceze. Armata s\u00e2rb\u0103 p\u0103r\u0103se\u0219te Timi\u0219oara abia pe 27 iulie, nu \u00eenainte, \u00eens\u0103, de a recurge la rechizi\u021bionarea de bunuri materiale.<\/p>\n<p>O ultim\u0103 \u00eencercare de a bloca Unirea Banatului cu Rom\u00e2nia venea din partea germanilor, care pe 16 aprilie 1920 aveau s\u0103 trimit\u0103 o peti\u021bie la Conferin\u021ba de Pace de la Paris, cer\u00e2nd reinstituirea republicii b\u0103n\u0103\u021bene, care ar fi inclus nu doar Banatul, ci \u0219i regiunea vecin\u0103 Bacika. Noua \u201erepublic\u0103\u201d s-ar fi \u00eentins pe un areal \u00een care fuseser\u0103 coloniza\u021bi numero\u0219i germani \u0219i, dup\u0103 planurile ini\u021biatorilor, urma s\u0103 fie \u00eemp\u0103r\u021bit\u0103 \u00een cantoane administrate de grupurile etnice majoritare din fiecare canton. Conferin\u021ba de Pace de la Paris a refuzat aceast\u0103 propunere.<\/p>\n<h2><strong>28 iulie \u2013 3 august momentele mult a\u0219teptate<\/strong><\/h2>\n<p>La opt luni de la Proclamarea Unirii de c\u0103tre b\u0103n\u0103\u021beni, <strong>pe 28 iulie 1919<\/strong>, avea s\u0103 fie instalat\u0103 administra\u021bia rom\u00e2neasc\u0103. Gheorghe Dobrin a fost numit prefect pentru jude\u021bul Cara\u0219-Severin cu sediul la Lugoj, iar Aurel Cosma pentru jude\u021bul Timi\u0219-Torontal, cu sediul la Timi\u0219oara.<\/p>\n<p>Peste o sut\u0103 de mii de rom\u00e2ni din toate col\u021burile Banatului vin s\u0103-\u0219i \u00eent\u00e2mpine fra\u021bii la Timi\u0219oara <strong>pe 3 august<\/strong>, c\u00e2nd armata rom\u00e2n\u0103 ajunge \u00een ora\u0219. \u201eStr\u0103zile erau inundate de mul\u021bimea celor dornici s\u0103 ova\u021bioneze solda\u021bii. La ora 10:00, pe Calea Lugojului, intr\u0103 \u00een ora\u0219 coloana militar\u0103.<\/p>\n<p>\u00cen acordurile R\u0103sunetului (De\u0219teapt\u0103-te Rom\u00e2ne), \u00eei \u00eent\u00e2mpin\u0103 un banderiu de 900 de tineri b\u0103n\u0103\u021beni c\u0103lare, to\u021bi \u00een haine albe, na\u021bionale, cu c\u0103ciul\u0103 de doroban\u021b, decorat\u0103 cu panglic\u0103 tricolor\u0103\u201d, consemneaz\u0103 Prof. univ. dr Ioan Munteanu. Prefectul Aurel Cosma adreseaz\u0103 salutul de bun\u0103 venire: \u201eVeacuri de-a r\u00e2ndul am avut bucurii pu\u021bine, sup\u0103r\u0103ri multe, dup\u0103 cum arat\u0103 istoria. Acum, fra\u021bii no\u0219tri, a\u021bi venit \u00een leag\u0103nul rom\u00e2nilor, v\u0103rs\u00e2nd s\u00e2nge pentru noi, care am gemut sub st\u0103p\u00e2nire str\u0103in\u0103.\u201d Avea s\u0103 le r\u0103spund\u0103 tuturor, colonelul Virgil Economu: \u201eDumnezeu a fost totdeauna \u00een inimile rom\u00e2nilor, \u00een inimi curate, cu sentimente valabile \u0219i ne-a \u00eenv\u0103\u021bat ca rom\u00e2nul s\u0103 se iubeasc\u0103 \u0219i s\u0103 nu tr\u0103iasc\u0103 desp\u0103r\u021bit\u201d.<\/p>\n<p>Banatul avea s\u0103 fie \u00eemp\u0103r\u021bit \u00eentre Rom\u00e2nia \u0219i Regatul Serbiei, Croa\u021bilor \u0219i Slovenilor (numit mai t\u00e2rziu Iugoslavia), prin decizia puterilor \u00eenving\u0103toare din primul r\u0103zboi mondial, o mic\u0103 parte fiind cedat\u0103 \u0219i Ungariei.<\/p>\n<p>Revendicarea s\u00e2rbilor nu se baza pe vreun drept istoric, ci pe existen\u021ba a 250.000 de s\u00e2rbi locuitori la nord de Dun\u0103re \u0219i pe pozi\u021bia geografic\u0103 a capitalei Belgrad, aflat\u0103 exact la grani\u021ba cu Banatul \u0219i prin urmare vulnerabil\u0103 din punct de vedere strategic \u0219i militar. Cea mai mare parte a Banatului a revenit Rom\u00e2niei, parte \u00een care peste 65% din popula\u021bie era rom\u00e2neasc\u0103.<\/p>\n<p>\u00cen \u021bara vecin\u0103 au r\u0103mas aproape 80 000 de rom\u00e2ni b\u0103n\u0103\u021beni, o parte aleg\u00e2nd ulterior s\u0103 treac\u0103 \u00een Rom\u00e2nia, o alta perpetu\u00e2ndu-\u0219i rom\u00e2nitatea p\u00e2n\u0103 ast\u0103zi, c\u00e2nd comunitatea lor \u00eenc\u0103 num\u0103r\u0103 aproximativ 30 000 de suflete.<\/p>\n<p>La <strong>10 august 1919<\/strong> are loc la Timi\u0219oara o mare adunare popular\u0103 a tuturor b\u0103n\u0103\u021benilor, veni\u021bi din nou cu zecile de mii din toate col\u021burile provinciei, s\u0103 consfin\u021beasc\u0103 unirea Banatului cu Rom\u00e2nia. Adunarea adopt\u0103 o rezolu\u021bie ce va r\u0103m\u00e2ne \u00een istorie:<\/p>\n<p>\u201eDeclar\u0103m unirea pe vecie a \u00eentregului B\u0103nat cu Statul rom\u00e2n sub sceptrul dinastiei rom\u00e2ne. Jur\u0103m credin\u021b\u0103 \u0219i supunere M.S. Regelui Ferdinand I, domnitorul tuturor rom\u00e2nilor. Aducem omagiile noastre glorioasei armate rom\u00e2ne pentru m\u0103rea\u021ba oper\u0103 \u0219i jertf\u0103 depus\u0103 pe altarul dezrobirii noastre de sub jugul de o mie de ani, pentru \u00eenvingerea bol\u0219evismului maghiar \u0219i pentru intrarea triumfal\u0103 \u00een capitala Ungariei. Lu\u0103m cu mul\u021bumirea la cuno\u0219tin\u021b\u0103 hot\u0103r\u00e2rile Suveranului nostru \u0219i a sfetnicilor s\u0103i de a impune tuturor respectarea drepturilor istorice, teritoriale \u0219i suverane ale statului \u0219i neamului rom\u00e2nesc.<\/p>\n<p>Pretindem respectarea tratatului din 4 august 1916, \u00eencheiat de c\u0103tre Regatul rom\u00e2n cu marile puteri aliate, pretindem \u00eentreaga provincie a Banatului cu hotarele sale naturale Dun\u0103rea, Tisa \u0219i Mure\u0219ul, din punct de vedere istoric, etnografic \u0219i economic, protest\u0103m prin urmare contra oric\u0103rei \u00eencerc\u0103ri de schimbare arbitrar\u0103 a hotarelor Rom\u00e2niei Mari. Protest\u0103m contra oric\u0103rei \u00eencerc\u0103ri de a \u0219tirbi, sub orice pretext, suveranitatea neamului \u0219i statului rom\u00e2nesc, contra oric\u0103rui amestec \u00een chestiunile interne ale statului rom\u00e2n.\u201d<\/p>\n<p><em>Articol publicat mai \u00eent\u00e2i pe <a href=\"https:\/\/www.demnitatea.info\/2021\/08\/02\/banatul-si-marea-unire\/\" target=\"_blank\" rel=\"noopener\">Demnitatea<\/a> \u0219i preluat cu acordul autorului.<\/em><\/p>\n<div class=\"crp_related     crp-masonry\">\n<h2>\u00ceN CONTEXT<\/h2>\n<ul>\n<li><a href=\"https:\/\/r3media.ro\/calendarul-zilei-4-august-1919-cucerirea-budapestei-de-catre-armata-romana\/\" class=\"crp_link post-25422\"><span class=\"crp_title\">Calendarul zilei: 4 august 1919, cucerirea Budapestei de c\u0103tre Armata Rom\u00e2n\u0103<\/span><\/a><\/li>\n<li><a href=\"https:\/\/r3media.ro\/4-iunie-1920-trianon-marea-unire-ioan-aurel-pop\/\" class=\"crp_link post-21834\"><span class=\"crp_title\">4 iunie 1920: Semnarea tratatului de la Trianon, care a consfin\u021bit Marea Unire. Prof.\u2026<\/span><\/a><\/li>\n<li><a href=\"https:\/\/r3media.ro\/calendarul-zilei-8-august-1917-incepe-marea-batalie-de-la-oituz-din-primul-razboi-mondial\/\" class=\"crp_link post-25646\"><span class=\"crp_title\">Calendarul zilei | 8 august 1917: \u00cencepe marea b\u0103t\u0103lie de la Oituz, din Primul R\u0103zboi Mondial<\/span><\/a><\/li>\n<li><a href=\"https:\/\/r3media.ro\/calendarul-zilei-23-august-1944-romania-iese-din-alianta-cu-germania-nazista-maresalul-antonescu-este-arestat-23-august-1939-semnarea-pactului-ribbentrop-molotov\/\" class=\"crp_link post-26515\"><span class=\"crp_title\">Calendarul zilei: 23 august 1944, Rom\u00e2nia iese din alian\u021ba cu Germania nazist\u0103. Mare\u0219alul\u2026<\/span><\/a><\/li>\n<li><a href=\"https:\/\/r3media.ro\/calendarul-zilei-30-august-1940-dictatul-de-la-viena-prin-care-romaniei-i-s-a-luat-o-parte-din-ardeal\/\" class=\"crp_link post-26988\"><span class=\"crp_title\">Calendarul zilei | 30 august 1940: Dictatul de la Viena, prin care Rom\u00e2niei i s-a luat o\u2026<\/span><\/a><\/li>\n<li><a href=\"https:\/\/r3media.ro\/istoricul-maresalul-antonescu-obtinuse-conditii-mai-bune-pentru-armistitiu-23-august-1944-cea-mai-mare-eroare-politico-militara-din-istoria-romaniei\/\" class=\"crp_link post-102087\"><span class=\"crp_title\">Istoricul Constantin Corneanu: Mare\u0219alul Antonescu ob\u021binuse condi\u021bii mai bune pentru\u2026<\/span><\/a><\/li>\n<li><a href=\"https:\/\/r3media.ro\/calendarul-zilei-3-august-1601-batalia-de-la-guruslau-ultima-victorie-a-lui-mihai-viteazul\/\" class=\"crp_link post-25368\"><span class=\"crp_title\">Calendarul zilei: 3 august 1601, B\u0103t\u0103lia de la Gurusl\u0103u. Ultima victorie a lui Mihai Viteazul<\/span><\/a><\/li>\n<li><a href=\"https:\/\/r3media.ro\/calendarul-zilei-22-august-moartea-ecaterinei-teodoroiu-ultimele-cuvinte-ale-eroinei-au-fost-inainte-baieti-nu-vedeti-ca-sunt-intre-voi\/\" class=\"crp_link post-26436\"><span class=\"crp_title\">Calendarul zilei 22 august: 108 ani de la moartea Ecaterinei Teodoroiu. Ultimele cuvinte ale\u2026<\/span><\/a><\/li>\n<\/ul>\n<\/div>\n<\/div>\n<\/div>\n<div class=\"td_block_wrap tdb_single_tags tdi_19 td-pb-border-top td_block_template_1\" data-td-block-uid=\"tdi_19\">\n<div class=\"tdb-block-inner td-fix-index\">\n<ul class=\"tdb-tags\">\n<li><span>SUBIECTE FIERBIN\u021aI<\/span><\/li>\n<li><a href=\"https:\/\/r3media.ro\/tag\/banat\/\">banat<\/a><\/li>\n<li><a href=\"https:\/\/r3media.ro\/tag\/istoria-romaniei\/\">istoria romaniei<\/a><\/li>\n<li><a href=\"https:\/\/r3media.ro\/tag\/istoria-romanilor\/\">istoria romanilor<\/a><\/li>\n<li><a href=\"https:\/\/r3media.ro\/tag\/marea-unire-1918\/\">marea unire 1918<\/a><\/li>\n<li><a href=\"https:\/\/r3media.ro\/tag\/unirea-banatului-cu-romania\/\">unirea banatului cu romania<\/a><\/li>\n<\/ul>\n<\/div>\n<\/div>\n<div class=\"td_block_wrap td_block_9 tdi_20 td_with_ajax_pagination td-pb-border-top td_block_template_1 td-column-2 td_block_padding td_block_bot_line\" data-td-block-uid=\"tdi_20\">\n<div class=\"td-block-title-wrap\">\n<h4 class=\"block-title td-block-title\"><span class=\"td-pulldown-size\">CITE\u0218TE MAI MULT<\/span><\/h4>\n<\/div>\n<div id=\"tdi_20\" class=\"td_block_inner\">\n<div class=\"td-block-row\">\n<div class=\"td-block-span6\">\n<div class=\"td_module_8 td_module_wrap\">\n<div class=\"item-details\">\n<h3 class=\"entry-title td-module-title\"><a href=\"https:\/\/r3media.ro\/dictatura-forma-suprema-a-democratiei\/\" rel=\"bookmark\" title=\"Dictatura \u2013 forma suprem\u0103 a democra\u021biei\">Dictatura \u2013 forma suprem\u0103 a democra\u021biei<\/a><\/h3>\n<div class=\"td-module-meta-info\"><a href=\"https:\/\/r3media.ro\/category\/opinii\/\" class=\"td-post-category\">OPINII<\/a><span class=\"td-post-author-name\"><a href=\"https:\/\/r3media.ro\/author\/tru\/\">TRU (Traian Ungureanu)<\/a><span>&#8211;<\/span><\/span><span class=\"td-post-date\"><time class=\"entry-date updated td-module-date\" datetime=\"2026-07-25T16:43:11+03:00\">25\/07\/2026<\/time><\/span><\/div>\n<\/div>\n<\/div>\n<\/div>\n<div class=\"td-block-span6\">\n<div class=\"td_module_8 td_module_wrap\">\n<div class=\"item-details\">\n<h3 class=\"entry-title td-module-title\"><a href=\"https:\/\/r3media.ro\/film-nou-stapanul-inelelor-corect-politic-regizor-andy-serkis-diversitate-tolkien-mitologie-nordica\/\" rel=\"bookmark\" title=\"Noul film \u201eSt\u0103p\u00e2nul Inelelor\u201d nu va fi corect politic. Regizorul Andy Serkis: J.R.R. Tolkien a fost influen\u021bat de mitologia nordic\u0103. Nu vrem o distribu\u021bie de dragul de a bifa c\u0103su\u021be\">Noul film \u201eSt\u0103p\u00e2nul Inelelor\u201d nu va fi corect politic. Regizorul Andy Serkis: J.R.R. Tolkien&#8230;<\/a><\/h3>\n<div class=\"td-module-meta-info\"><a href=\"https:\/\/r3media.ro\/category\/stiri-prim-plan\/\" class=\"td-post-category\">PRIM PLAN<\/a><span class=\"td-post-author-name\"><a href=\"https:\/\/r3media.ro\/author\/oana\/\">Oana Ivan<\/a><span>&#8211;<\/span><\/span><span class=\"td-post-date\"><time class=\"entry-date updated td-module-date\" datetime=\"2026-07-26T15:49:31+03:00\">26\/07\/2026<\/time><\/span><\/div>\n<\/div>\n<\/div>\n<\/div>\n<\/div>\n<div class=\"td-block-row\">\n<div class=\"td-block-span6\">\n<div class=\"td_module_8 td_module_wrap\">\n<div class=\"item-details\">\n<h3 class=\"entry-title td-module-title\"><a href=\"https:\/\/r3media.ro\/marea-britanie-apa-inteligenta-artificiala-romania-centru-ai-restrictii-consum-apa\/\" rel=\"bookmark\" title=\"Marea Britanie nu mai are suficient\u0103 ap\u0103 pentru Inteligen\u021ba Artificial\u0103, dar Rom\u00e2nia vrea s\u0103 g\u0103zduiasc\u0103 un centru AI care consum\u0103 c\u00e2t sute de mii de oameni \u0219i impune restric\u021bii la consumul de ap\u0103 al popula\u021biei\">Marea Britanie nu mai are suficient\u0103 ap\u0103 pentru Inteligen\u021ba Artificial\u0103, dar Rom\u00e2nia vrea s\u0103&#8230;<\/a><\/h3>\n<div class=\"td-module-meta-info\"><a href=\"https:\/\/r3media.ro\/category\/actualitate\/\" class=\"td-post-category\">ACTUALITATE<\/a><span class=\"td-post-author-name\"><a href=\"https:\/\/r3media.ro\/author\/radu_ursan\/\">Radu Ursan<\/a><span>&#8211;<\/span><\/span><span class=\"td-post-date\"><time class=\"entry-date updated td-module-date\" datetime=\"2026-07-23T11:44:13+03:00\">23\/07\/2026<\/time><\/span><\/div>\n<\/div>\n<\/div>\n<\/div>\n<div class=\"td-block-span6\">\n<div class=\"td_module_8 td_module_wrap\">\n<div class=\"item-details\">\n<h3 class=\"entry-title td-module-title\"><a href=\"https:\/\/r3media.ro\/campion-olimpic-olaf-tufte-mort-subit-50-ani\/\" rel=\"bookmark\" title=\"Campionul olimpic Olaf Tufte a murit subit la 50 de ani\">Campionul olimpic Olaf Tufte a murit subit la 50 de ani<\/a><\/h3>\n<div class=\"td-module-meta-info\"><a href=\"https:\/\/r3media.ro\/category\/actualitate\/\" class=\"td-post-category\">ACTUALITATE<\/a><span class=\"td-post-author-name\"><a href=\"https:\/\/r3media.ro\/author\/oana\/\">Oana Ivan<\/a><span>&#8211;<\/span><\/span><span class=\"td-post-date\"><time class=\"entry-date updated td-module-date\" datetime=\"2026-07-22T12:11:02+03:00\">22\/07\/2026<\/time><\/span><\/div>\n<\/div>\n<\/div>\n<\/div>\n<\/div>\n<div class=\"td-block-row\">\n<div class=\"td-block-span6\">\n<div class=\"td_module_8 td_module_wrap\">\n<div class=\"item-details\">\n<h3 class=\"entry-title td-module-title\"><a href=\"https:\/\/r3media.ro\/explozie-incendiu-fabrica-kronospan-brasov-video\/\" rel=\"bookmark\" title=\"VIDEO | Explozie urmat\u0103 de un incendiu la fabrica Kronospan din Bra\u0219ov. \u00cen timp ce pompierii \u00eencercau s\u0103 sting\u0103 focul s-a produs o alt\u0103 explozie\">VIDEO | Explozie urmat\u0103 de un incendiu la fabrica Kronospan din Bra\u0219ov. \u00cen timp&#8230;<\/a><\/h3>\n<div class=\"td-module-meta-info\"><a href=\"https:\/\/r3media.ro\/category\/actualitate\/\" class=\"td-post-category\">ACTUALITATE<\/a><span class=\"td-post-author-name\"><a href=\"https:\/\/r3media.ro\/author\/oana\/\">Oana Ivan<\/a><span>&#8211;<\/span><\/span><span class=\"td-post-date\"><time class=\"entry-date updated td-module-date\" datetime=\"2026-07-22T10:01:28+03:00\">22\/07\/2026<\/time><\/span><\/div>\n<\/div>\n<\/div>\n<\/div>\n<div class=\"td-block-span6\">\n<div class=\"td_module_8 td_module_wrap\">\n<div class=\"item-details\">\n<h3 class=\"entry-title td-module-title\"><a href=\"https:\/\/r3media.ro\/asa-incepe-compania-openai-afirma-un-model-de-inteligenta-artificiala-a-atacat-din-proprie-initiativa-sistemele-unei-alte-companii\/\" rel=\"bookmark\" title=\"A\u0219a \u00eencepe? Compania OpenAI afirm\u0103 un model de inteligen\u021b\u0103 artificial\u0103 a ATACAT din proprie ini\u021biativ\u0103 sistemele unei alte companii\">A\u0219a \u00eencepe? Compania OpenAI afirm\u0103 un model de inteligen\u021b\u0103 artificial\u0103 a ATACAT din proprie&#8230;<\/a><\/h3>\n<div class=\"td-module-meta-info\"><a href=\"https:\/\/r3media.ro\/category\/actualitate\/\" class=\"td-post-category\">ACTUALITATE<\/a><span class=\"td-post-author-name\"><a href=\"https:\/\/r3media.ro\/author\/teodor_stan\/\">Teodor Stan<\/a><span>&#8211;<\/span><\/span><span class=\"td-post-date\"><time class=\"entry-date updated td-module-date\" datetime=\"2026-07-22T09:10:53+03:00\">22\/07\/2026<\/time><\/span><\/div>\n<\/div>\n<\/div>\n<\/div>\n<\/div>\n<div class=\"td-block-row\">\n<div class=\"td-block-span6\">\n<div class=\"td_module_8 td_module_wrap\">\n<div class=\"item-details\">\n<h3 class=\"entry-title td-module-title\"><a href=\"https:\/\/r3media.ro\/episcopul-husilor-oameni-animale-therieni-degradare-progresism\/\" rel=\"bookmark\" title=\"Episcopul Hu\u0219ilor, despre oamenii care se cred animale: V\u0103 da\u021bi seama c\u00e2t\u0103 degradare uman\u0103 este? De ce? Pentru c\u0103 se \u00eencred \u00een progresism\">Episcopul Hu\u0219ilor, despre oamenii care se cred animale: V\u0103 da\u021bi seama c\u00e2t\u0103 degradare uman\u0103&#8230;<\/a><\/h3>\n<div class=\"td-module-meta-info\"><a href=\"https:\/\/r3media.ro\/category\/actualitate\/\" class=\"td-post-category\">ACTUALITATE<\/a><span class=\"td-post-author-name\"><a href=\"https:\/\/r3media.ro\/author\/radu_ursan\/\">Radu Ursan<\/a><span>&#8211;<\/span><\/span><span class=\"td-post-date\"><time class=\"entry-date updated td-module-date\" datetime=\"2026-07-21T19:30:46+03:00\">21\/07\/2026<\/time><\/span><\/div>\n<\/div>\n<\/div>\n<\/div>\n<div class=\"td-block-span6\">\n<div class=\"td_module_8 td_module_wrap\">\n<div class=\"item-details\">\n<h3 class=\"entry-title td-module-title\"><a href=\"https:\/\/r3media.ro\/video-cult-femeie-dumnezeu-mama-romania\/\" rel=\"bookmark\" title=\"VIDEO | Un cult care consider\u0103 o femeie coreean\u0103 drept \u201eDumnezeu Mama\u201d face prozeli\u021bi \u00een Rom\u00e2nia\">VIDEO | Un cult care consider\u0103 o femeie coreean\u0103 drept \u201eDumnezeu Mama\u201d face prozeli\u021bi&#8230;<\/a><\/h3>\n<div class=\"td-module-meta-info\"><a href=\"https:\/\/r3media.ro\/category\/actualitate\/\" class=\"td-post-category\">ACTUALITATE<\/a><span class=\"td-post-author-name\"><a href=\"https:\/\/r3media.ro\/author\/redactia\/\">Redac\u021bia<\/a><span>&#8211;<\/span><\/span><span class=\"td-post-date\"><time class=\"entry-date updated td-module-date\" datetime=\"2026-07-21T11:14:08+03:00\">21\/07\/2026<\/time><\/span><\/div>\n<\/div>\n<\/div>\n<\/div>\n<\/div>\n<div class=\"td-block-row\">\n<div class=\"td-block-span6\">\n<div class=\"td_module_8 td_module_wrap\">\n<div class=\"item-details\">\n<h3 class=\"entry-title td-module-title\"><a href=\"https:\/\/r3media.ro\/cehia-interzice-telefoanele-in-scoli\/\" rel=\"bookmark\" title=\"Cehia se preg\u0103te\u0219te s\u0103 interzic\u0103 telefoanele mobile \u00een \u0219coli\">Cehia se preg\u0103te\u0219te s\u0103 interzic\u0103 telefoanele mobile \u00een \u0219coli<\/a><\/h3>\n<div class=\"td-module-meta-info\"><a href=\"https:\/\/r3media.ro\/category\/actualitate\/\" class=\"td-post-category\">ACTUALITATE<\/a><span class=\"td-post-author-name\"><a href=\"https:\/\/r3media.ro\/author\/redactia\/\">Redac\u021bia<\/a><span>&#8211;<\/span><\/span><span class=\"td-post-date\"><time class=\"entry-date updated td-module-date\" datetime=\"2026-07-20T22:34:13+03:00\">20\/07\/2026<\/time><\/span><\/div>\n<\/div>\n<\/div>\n<\/div>\n<div class=\"td-block-span6\">\n<div class=\"td_module_8 td_module_wrap\">\n<div class=\"item-details\">\n<h3 class=\"entry-title td-module-title\"><a href=\"https:\/\/r3media.ro\/mihail-neamtu-oblgatie-romania\/\" rel=\"bookmark\" title=\"Mihail Neam\u021bu: Suntem o \u021bar\u0103 mic\u0103, iar singura obliga\u021bie a politicienilor de la Bucure\u0219ti e s\u0103 nu introduc\u0103 Rom\u00e2nia \u00eentr-un r\u0103zboi stupid \u0219i perdant\">Mihail Neam\u021bu: Suntem o \u021bar\u0103 mic\u0103, iar singura obliga\u021bie a politicienilor de la Bucure\u0219ti&#8230;<\/a><\/h3>\n<div class=\"td-module-meta-info\"><a href=\"https:\/\/r3media.ro\/category\/actualitate\/\" class=\"td-post-category\">ACTUALITATE<\/a><span class=\"td-post-author-name\"><a href=\"https:\/\/r3media.ro\/author\/redactia\/\">Redac\u021bia<\/a><span>&#8211;<\/span><\/span><span class=\"td-post-date\"><time class=\"entry-date updated td-module-date\" datetime=\"2026-07-20T22:01:16+03:00\">20\/07\/2026<\/time><\/span><\/div>\n<\/div>\n<\/div>\n<\/div>\n<\/div>\n<div class=\"td-block-row\">\n<div class=\"td-block-span6\">\n<div class=\"td_module_8 td_module_wrap\">\n<div class=\"item-details\">\n<h3 class=\"entry-title td-module-title\"><a href=\"https:\/\/r3media.ro\/petrisor-peiu-conditii-aur-vot-guvernul-vestea-nicusor-dan-solutii-bunastare-romani\/\" rel=\"bookmark\" title=\"Condi\u021biile AUR pentru a vota Guvernul Ve\u0219tea. Petri\u0219or Peiu propune solu\u021bii clare pentru bun\u0103starea rom\u00e2nilor\">Condi\u021biile AUR pentru a vota Guvernul Ve\u0219tea. Petri\u0219or Peiu propune solu\u021bii clare pentru bun\u0103starea&#8230;<\/a><\/h3>\n<div class=\"td-module-meta-info\"><a href=\"https:\/\/r3media.ro\/category\/stiri\/\" class=\"td-post-category\">\u0218TIRI<\/a><span class=\"td-post-author-name\"><a href=\"https:\/\/r3media.ro\/author\/oana\/\">Oana Ivan<\/a><span>&#8211;<\/span><\/span><span class=\"td-post-date\"><time class=\"entry-date updated td-module-date\" datetime=\"2026-06-17T10:10:31+03:00\">17\/06\/2026<\/time><\/span><\/div>\n<\/div>\n<\/div>\n<\/div>\n<div class=\"td-block-span6\">\n<div class=\"td_module_8 td_module_wrap\">\n<div class=\"item-details\">\n<h3 class=\"entry-title td-module-title\"><a href=\"https:\/\/r3media.ro\/mihail-neamtu-neeuropeana-imperiu-birocrati-bruxelles-inarmarea-germaniei\/\" rel=\"bookmark\" title=\"EXCLUSIVITATE Mihail Neam\u021bu: Exist\u0103 o tendin\u021b\u0103 neeuropean\u0103 de a se crea un imperiu condus de birocra\u021bi de la Bruxelles \/ Pericolul \u00eenarm\u0103rii Germaniei\">EXCLUSIVITATE Mihail Neam\u021bu: Exist\u0103 o tendin\u021b\u0103 neeuropean\u0103 de a se crea un imperiu condus&#8230;<\/a><\/h3>\n<div class=\"td-module-meta-info\"><a href=\"https:\/\/r3media.ro\/category\/stiri\/\" class=\"td-post-category\">\u0218TIRI<\/a><span class=\"td-post-author-name\"><a href=\"https:\/\/r3media.ro\/author\/oana\/\">Oana Ivan<\/a><span>&#8211;<\/span><\/span><span class=\"td-post-date\"><time class=\"entry-date updated td-module-date\" datetime=\"2026-06-22T09:02:12+03:00\">22\/06\/2026<\/time><\/span><\/div>\n<\/div>\n<\/div>\n<\/div>\n<\/div>\n<\/div>\n<div class=\"td-load-more-wrap td-load-more-infinite-wrap\" id=\"infinite-lm-tdi_20\"><a href=\"https:\/\/r3media.ro\/28-iulie-3-august-1919-unirea-banatului-romania\/\" class=\"td_ajax_load_more td_ajax_load_more_js\" aria-label=\"\u00cenc\u0103rca\u021bi mai multe\" id=\"next-page-tdi_20\" data-td_block_id=\"tdi_20\">\u00cenc\u0103rca\u021bi mai multe<\/a><\/div>\n<\/div>\n<div class=\"td_block_wrap tdb_single_comments tdi_21 tdb-comm-layout2 td-pb-border-top td_block_template_1\" data-td-block-uid=\"tdi_21\">\n<div class=\"tdb-block-inner td-fix-index\">\n<div class=\"comments\" id=\"comments\">\n<div id=\"respond\" class=\"comment-respond\">\n<h3 id=\"reply-title\" class=\"comment-reply-title\">AI CEVA DE SPUS? <small><a rel=\"nofollow\" id=\"cancel-comment-reply-link\" href=\"https:\/\/r3media.ro\/28-iulie-3-august-1919-unirea-banatului-romania\/#respond\">Renun\u021ba\u021bi la r\u0103spuns<\/a><\/small><\/h3>\n<div class=\"comment-form-input-wrap td-form-comment\">\n<div class=\"td-warning-comment\">V\u0103 rug\u0103m s\u0103 introduce\u021bi comentariul dvs.!<\/div>\n<\/div>\n<div class=\"comment-form-input-wrap td-form-author\">\n<div class=\"td-warning-author\">Introduce\u021bi aici numele dvs.<\/div>\n<\/div>\n<div class=\"comment-form-input-wrap td-form-email\">\n<div class=\"td-warning-email-error\">A\u021bi introdus o adres\u0103 de e-mail incorect\u0103!<\/div>\n<div class=\"td-warning-email\">V\u0103 rug\u0103m s\u0103 introduce\u021bi adresa dvs. de e-mail aici<\/div>\n<\/div>\n<\/div>\n<\/div>\n<\/div>\n<\/div>\n<\/div>\n<\/div>\n<div class=\"vc_column tdi_23  wpb_column vc_column_container tdc-column td-pb-span4 td-is-sticky\">\n<div class=\"wpb_wrapper\" data-sticky-enabled-on=\"W3RydWUsdHJ1ZSx0cnVlLHRydWVd\" data-sticky-offset=\"20\" data-sticky-is-width-auto=\"W2ZhbHNlLGZhbHNlLGZhbHNlLGZhbHNlXQ==\">\n<div class=\"wpb_wrapper td_block_wrap vc_widget_sidebar tdi_25 \">\n<div class=\"td_block_wrap td_block_7 td_block_widget tdi_26 td-pb-border-top td_block_template_1 td-column-1 td_block_padding\" data-td-block-uid=\"tdi_26\">\n<div class=\"td-block-title-wrap\">\n<h4 class=\"block-title td-block-title\"><span class=\"td-pulldown-size\">Articole RELA\u021aIONATE<\/span><\/h4>\n<\/div>\n<div id=\"tdi_26\" class=\"td_block_inner\">\n<div class=\"td-block-span12\">\n<div class=\"td_module_6 td_module_wrap td-animation-stack\">\n<div class=\"td-module-thumb\"><a href=\"https:\/\/r3media.ro\/avioane-americane-bulgaria-energie-radev-sua\/\" rel=\"bookmark\" class=\"td-image-wrap \" title=\"Avioane americane la Bezmer, la schimb cu avantaje \u00een zona energetic\u0103 pentru Bulgaria: ce a ob\u021binut guvernul Radev de la SUA\"><img loading=\"lazy\" decoding=\"async\" class=\"entry-thumb\" src=\"https:\/\/r3media.ro\/wp-content\/uploads\/2026\/06\/rumen-radev-bulgaria-100x70.webp\" alt title=\"Avioane americane la Bezmer, la schimb cu avantaje \u00een zona energetic\u0103 pentru Bulgaria: ce a ob\u021binut guvernul Radev de la SUA\" width=\"100\" height=\"70\"><\/a><\/div>\n<div class=\"item-details\">\n<h3 class=\"entry-title td-module-title\"><a href=\"https:\/\/r3media.ro\/avioane-americane-bulgaria-energie-radev-sua\/\" rel=\"bookmark\" title=\"Avioane americane la Bezmer, la schimb cu avantaje \u00een zona energetic\u0103 pentru Bulgaria: ce a ob\u021binut guvernul Radev de la SUA\">Avioane americane la Bezmer, la schimb cu avantaje \u00een zona energetic\u0103&#8230;<\/a><\/h3>\n<div class=\"td-module-meta-info\"><span class=\"td-post-date\"><time class=\"entry-date updated td-module-date\" datetime=\"2026-07-27T21:38:24+03:00\">27\/07\/2026<\/time><\/span><\/div>\n<\/div>\n<\/div>\n<\/div>\n<div class=\"td-block-span12\">\n<div class=\"td_module_6 td_module_wrap td-animation-stack\">\n<div class=\"td-module-thumb\"><a href=\"https:\/\/r3media.ro\/28-iulie-sfintii-apostoli-si-diaconi-prohor-nicanor-timon-si-parmena-dintre-cei-70\/\" rel=\"bookmark\" class=\"td-image-wrap \" title=\"Calendarul zilei 28 iulie: Sfin\u021bii Apostoli \u0219i Diaconi Prohor, Nicanor, Timon \u0219i Parmena, dintre cei 70\"><img loading=\"lazy\" decoding=\"async\" class=\"entry-thumb\" src=\"https:\/\/r3media.ro\/wp-content\/uploads\/2023\/07\/sddefault-4-100x70.jpg\" alt title=\"Calendarul zilei 28 iulie: Sfin\u021bii Apostoli \u0219i Diaconi Prohor, Nicanor, Timon \u0219i Parmena, dintre cei 70\" width=\"100\" height=\"70\"><\/a><\/div>\n<div class=\"item-details\">\n<h3 class=\"entry-title td-module-title\"><a href=\"https:\/\/r3media.ro\/28-iulie-sfintii-apostoli-si-diaconi-prohor-nicanor-timon-si-parmena-dintre-cei-70\/\" rel=\"bookmark\" title=\"Calendarul zilei 28 iulie: Sfin\u021bii Apostoli \u0219i Diaconi Prohor, Nicanor, Timon \u0219i Parmena, dintre cei 70\">Calendarul zilei 28 iulie: Sfin\u021bii Apostoli \u0219i Diaconi Prohor, Nicanor, Timon&#8230;<\/a><\/h3>\n<div class=\"td-module-meta-info\"><span class=\"td-post-date\"><time class=\"entry-date updated td-module-date\" datetime=\"2026-07-27T21:33:31+03:00\">27\/07\/2026<\/time><\/span><\/div>\n<\/div>\n<\/div>\n<\/div>\n<div class=\"td-block-span12\">\n<div class=\"td_module_6 td_module_wrap td-animation-stack\">\n<div class=\"td-module-thumb\"><a href=\"https:\/\/r3media.ro\/iranul-respinge-orice-negociere-cu-statele-unite\/\" rel=\"bookmark\" class=\"td-image-wrap \" title=\"Iranul respinge orice negociere cu Statele Unite\"><img loading=\"lazy\" decoding=\"async\" class=\"entry-thumb\" src=\"https:\/\/r3media.ro\/wp-content\/uploads\/2026\/07\/steag-iran-100x70.jpg\" alt title=\"Iranul respinge orice negociere cu Statele Unite\" width=\"100\" height=\"70\"><\/a><\/div>\n<div class=\"item-details\">\n<h3 class=\"entry-title td-module-title\"><a href=\"https:\/\/r3media.ro\/iranul-respinge-orice-negociere-cu-statele-unite\/\" rel=\"bookmark\" title=\"Iranul respinge orice negociere cu Statele Unite\">Iranul respinge orice negociere cu Statele Unite<\/a><\/h3>\n<div class=\"td-module-meta-info\"><span class=\"td-post-date\"><time class=\"entry-date updated td-module-date\" datetime=\"2026-07-27T20:59:23+03:00\">27\/07\/2026<\/time><\/span><\/div>\n<\/div>\n<\/div>\n<\/div>\n<div class=\"td-block-span12\">\n<div class=\"td_module_6 td_module_wrap td-animation-stack\">\n<div class=\"td-module-thumb\"><a href=\"https:\/\/r3media.ro\/rusia-romania-drona-ambasador-moscova-porturi-dunare\/\" rel=\"bookmark\" class=\"td-image-wrap \" title=\"Rusia, avertizat\u0103 de Rom\u00e2nia dup\u0103 incidentele cu drona. Ambasadorul Moscovei acuz\u0103 Bucure\u0219tiul c\u0103 folose\u0219te porturile de la Dun\u0103re pentru a transporta arme \u00een Ucraina\"><img loading=\"lazy\" decoding=\"async\" class=\"entry-thumb\" src=\"https:\/\/r3media.ro\/wp-content\/uploads\/2024\/04\/vladimir-lipaev-mid-ru-100x70.jpg\" alt title=\"Rusia, avertizat\u0103 de Rom\u00e2nia dup\u0103 incidentele cu drona. Ambasadorul Moscovei acuz\u0103 Bucure\u0219tiul c\u0103 folose\u0219te porturile de la Dun\u0103re pentru a transporta arme \u00een Ucraina\" width=\"100\" height=\"70\"><\/a><\/div>\n<div class=\"item-details\">\n<h3 class=\"entry-title td-module-title\"><a href=\"https:\/\/r3media.ro\/rusia-romania-drona-ambasador-moscova-porturi-dunare\/\" rel=\"bookmark\" title=\"Rusia, avertizat\u0103 de Rom\u00e2nia dup\u0103 incidentele cu drona. Ambasadorul Moscovei acuz\u0103 Bucure\u0219tiul c\u0103 folose\u0219te porturile de la Dun\u0103re pentru a transporta arme \u00een Ucraina\">Rusia, avertizat\u0103 de Rom\u00e2nia dup\u0103 incidentele cu drona. Ambasadorul Moscovei acuz\u0103&#8230;<\/a><\/h3>\n<div class=\"td-module-meta-info\"><span class=\"td-post-date\"><time class=\"entry-date updated td-module-date\" datetime=\"2026-07-27T20:15:53+03:00\">27\/07\/2026<\/time><\/span><\/div>\n<\/div>\n<\/div>\n<\/div>\n<div class=\"td-block-span12\">\n<div class=\"td_module_6 td_module_wrap td-animation-stack\">\n<div class=\"td-module-thumb\"><a href=\"https:\/\/r3media.ro\/statul-roman-a-semnat-actul-propriei-disparitii\/\" rel=\"bookmark\" class=\"td-image-wrap \" title=\"Statul rom\u00e2n a semnat actul propriei dispari\u021bii?\"><img loading=\"lazy\" decoding=\"async\" class=\"entry-thumb\" src=\"https:\/\/r3media.ro\/wp-content\/uploads\/2026\/07\/disparitia-statului-roman-100x70.png\" alt title=\"Statul rom\u00e2n a semnat actul propriei dispari\u021bii?\" width=\"100\" height=\"70\"><\/a><\/div>\n<div class=\"item-details\">\n<h3 class=\"entry-title td-module-title\"><a href=\"https:\/\/r3media.ro\/statul-roman-a-semnat-actul-propriei-disparitii\/\" rel=\"bookmark\" title=\"Statul rom\u00e2n a semnat actul propriei dispari\u021bii?\">Statul rom\u00e2n a semnat actul propriei dispari\u021bii?<\/a><\/h3>\n<div class=\"td-module-meta-info\"><span class=\"td-post-date\"><time class=\"entry-date updated td-module-date\" datetime=\"2026-07-27T15:07:05+03:00\">27\/07\/2026<\/time><\/span><\/div>\n<\/div>\n<\/div>\n<\/div>\n<div class=\"td-block-span12\">\n<div class=\"td_module_6 td_module_wrap td-animation-stack\">\n<div class=\"td-module-thumb\"><a href=\"https:\/\/r3media.ro\/raport-sau-propaganda-de-joasa-calitate\/\" rel=\"bookmark\" class=\"td-image-wrap \" title=\"Raport sau propagand\u0103 de joas\u0103 calitate?\"><img loading=\"lazy\" decoding=\"async\" class=\"entry-thumb\" src=\"https:\/\/r3media.ro\/wp-content\/uploads\/2026\/07\/grupul-de-reflectie-strategica-ue-100x70.jpg\" alt title=\"Raport sau propagand\u0103 de joas\u0103 calitate?\" width=\"100\" height=\"70\"><\/a><\/div>\n<div class=\"item-details\">\n<h3 class=\"entry-title td-module-title\"><a href=\"https:\/\/r3media.ro\/raport-sau-propaganda-de-joasa-calitate\/\" rel=\"bookmark\" title=\"Raport sau propagand\u0103 de joas\u0103 calitate?\">Raport sau propagand\u0103 de joas\u0103 calitate?<\/a><\/h3>\n<div class=\"td-module-meta-info\"><span class=\"td-post-date\"><time class=\"entry-date updated td-module-date\" datetime=\"2026-07-27T14:01:27+03:00\">27\/07\/2026<\/time><\/span><\/div>\n<\/div>\n<\/div>\n<\/div>\n<div class=\"td-block-span12\">\n<div class=\"td_module_6 td_module_wrap td-animation-stack\">\n<div class=\"td-module-thumb\"><a href=\"https:\/\/r3media.ro\/bnr-recomanda-romani-rezerve-de-cash-atacuri-cibernetice-numerar-relevant-criza\/\" rel=\"bookmark\" class=\"td-image-wrap \" title=\"BNR le recomand\u0103 rom\u00e2nilor s\u0103 p\u0103streze rezerve de cash: Numerarul se poate dovedi relevant \u00een criz\u0103\"><img loading=\"lazy\" decoding=\"async\" class=\"entry-thumb\" src=\"https:\/\/r3media.ro\/wp-content\/uploads\/2023\/10\/plati-cash-numerar-100x70.jpg\" alt title=\"BNR le recomand\u0103 rom\u00e2nilor s\u0103 p\u0103streze rezerve de cash: Numerarul se poate dovedi relevant \u00een criz\u0103\" width=\"100\" height=\"70\"><\/a><\/div>\n<div class=\"item-details\">\n<h3 class=\"entry-title td-module-title\"><a href=\"https:\/\/r3media.ro\/bnr-recomanda-romani-rezerve-de-cash-atacuri-cibernetice-numerar-relevant-criza\/\" rel=\"bookmark\" title=\"BNR le recomand\u0103 rom\u00e2nilor s\u0103 p\u0103streze rezerve de cash: Numerarul se poate dovedi relevant \u00een criz\u0103\">BNR le recomand\u0103 rom\u00e2nilor s\u0103 p\u0103streze rezerve de cash: Numerarul se&#8230;<\/a><\/h3>\n<div class=\"td-module-meta-info\"><span class=\"td-post-date\"><time class=\"entry-date updated td-module-date\" datetime=\"2026-07-27T13:11:47+03:00\">27\/07\/2026<\/time><\/span><\/div>\n<\/div>\n<\/div>\n<\/div>\n<\/div>\n<\/div>\n<aside class=\"td_block_template_1 widget widget_recent_comments\">\n<h4 class=\"block-title\"><span>INTR\u0102 \u00ceN DISCU\u021aIE!<\/span><\/h4>\n<ul id=\"recentcomments\">\n<li class=\"recentcomments\"><span class=\"comment-author-link\">Redac\u021bia<\/span> la <a href=\"https:\/\/r3media.ro\/raport-sau-propaganda-de-joasa-calitate\/#comment-40317\">Raport sau propagand\u0103 de joas\u0103 calitate?<\/a><\/li>\n<li class=\"recentcomments\"><span class=\"comment-author-link\">George<\/span> la <a href=\"https:\/\/r3media.ro\/raport-sau-propaganda-de-joasa-calitate\/#comment-40316\">Raport sau propagand\u0103 de joas\u0103 calitate?<\/a><\/li>\n<li class=\"recentcomments\"><span class=\"comment-author-link\">Radu<\/span> la <a href=\"https:\/\/r3media.ro\/prima-oara-istorie-presedintia-document-primplan-patriotism-european\/#comment-40315\">Pentru prima oar\u0103 \u00een istorie, Pre\u0219edin\u021bia Rom\u00e2niei emite un document care pune pe primul plan o alt\u0103 entitate dec\u00e2t \u021bara noastr\u0103: patriotismul european<\/a><\/li>\n<li class=\"recentcomments\"><span class=\"comment-author-link\">E.T.<\/span> la <a href=\"https:\/\/r3media.ro\/vladimir-putin-romania-teritorii-ucraina\/#comment-40314\">Vladimir Putin spune c\u0103 Rom\u00e2nia va fi printre statele care vor recupera teritorii de la Ucraina<\/a><\/li>\n<li class=\"recentcomments\"><span class=\"comment-author-link\">Nicu<\/span> la <a href=\"https:\/\/r3media.ro\/ford-recheama-service-500-000-masini-risc-incendiu-motor\/#comment-40311\">Ford recheam\u0103 \u00een service peste 500.000 de ma\u0219ini din cauza riscului de incendiu la motor<\/a><\/li>\n<li class=\"recentcomments\"><span class=\"comment-author-link\">Nicu<\/span> la <a href=\"https:\/\/r3media.ro\/iiccmer-solicita-demolare-statuie-poet-adrian-paunescu-gradina-icoanei-bucuresti\/#comment-40309\">IICCMER solicit\u0103 demolarea statuii poetului Adrian P\u0103unescu din Gr\u0103dina Icoanei din Bucure\u0219ti<\/a><\/li>\n<li class=\"recentcomments\"><span class=\"comment-author-link\">Eu<\/span> la <a href=\"https:\/\/r3media.ro\/mihail-neamtu-aur-transparentizarea-surselor-de-finantare-a-ong-urilor-este-obligatorie-unele-dintre-ele-pun-in-pericol-interesele-romaniei\/#comment-40308\">Mihail Neam\u021bu (AUR): Transparentizarea surselor de finan\u021bare a ONG-urilor este obligatorie! Unele dintre ele pun \u00een pericol interesele Rom\u00e2niei<\/a><\/li>\n<\/ul>\n<\/aside>\n<aside class=\"td_block_template_1 widget widget_search\">\n<h4 class=\"block-title\"><span>CAUT\u0102 \u0218I VEI G\u0102SI<\/span><\/h4>\n<\/aside>\n<\/div>\n<\/div>\n<\/div>\n<\/div>\n<\/div>\n<\/div>\n<\/div>\n<p><span class=\"td-page-meta\"><\/span><span class=\"td-page-meta\"><span class=\"td-page-meta\"><\/span><\/span><span class=\"td-page-meta\"><\/span><\/article>\n<\/p>\n<div class=\"td_block_wrap tdb_single_content tdi_18 td-pb-border-top td_block_template_1 td-post-content tagdiv-type\" data-td-block-uid=\"tdi_18\">\n<div class=\"tdb-block-inner td-fix-index\">\n<p>\u201e\u2026<strong>Marea Unire din 1918 a fost \u0219i va r\u0103m\u00e2ne pagina cea mai sublim\u0103 a istoriei rom\u00e2ne\u0219ti<\/strong>. M\u0103re\u0163ia sa st\u0103 \u00een faptul c\u0103 des\u0103v\u00e2r\u0219irea unit\u0103\u0163ii na\u0163ionale nu este opera nici a unui om politic, nici a unui guvern, nici a unui partid; este fapta istoric\u0103 a \u00eentregii na\u0163iuni rom\u00e2ne, realizat\u0103 \u00eentr-un elan r\u00e2vnit cu putere, din str\u0103fundurile con\u0219tiin\u0163ei unit\u0103\u0163ii neamului\u2026Nu o victorie militar\u0103 a stat la temelia Rom\u00e2niei Mari, ci actul de voin\u0163\u0103 al na\u0163iunii rom\u00e2ne de a-i da arm\u0103tura teritorial-institu\u0163ional\u0103, care este statul na\u0163ional\u201d, spunea istoricul <strong>Florin Constantiniu<\/strong>, iar felul \u00een care s-au desf\u0103\u0219urat lucrurile \u00een <strong>Banat<\/strong> dovede\u0219te acest lucru cu des\u0103v\u00e2r\u0219ire!<\/p>\n<p>Proclamat\u0103 la 1 decembrie 1918 la <strong>Marea Adunare Na\u021bional\u0103 de la Alba Iulia<\/strong>, <strong>Unirea<\/strong> a \u00eent\u00e2mpinat numeroase opreli\u0219ti, de\u0219i rom\u00e2nii b\u0103n\u0103\u021beni s-au pronun\u021bat ferm \u00een favoarea unei Uniri \u201eimediate \u0219i necondi\u021bionate\u201d cu Rom\u00e2nia. Maghiarii, s\u00e2rbii \u0219i germanii, deveni\u021bi importan\u021bi numeric \u00een spa\u021biul b\u0103n\u0103\u021bean prin coloniz\u0103rile derulate de imperiu timp de dou\u0103 secole, au \u00eencercat s\u0103-\u0219i impun\u0103 propriile proiecte pentru a st\u0103p\u00e2ni Banatul.<\/p>\n<h1><strong>Tentativa maghiar\u0103<\/strong><\/h1>\n<p>Prima \u00eencercare le-a apar\u021binut maghiarilor. La 31 octombrie 1918, dr. Otto Roth, membru \u00een conducerea Partidului Social Democrat din Ungaria \u0219i adversar al unirii Banatului cu Rom\u00e2nia, proclama la Timi\u0219oara, \u00eempreun\u0103 cu locotenent-colonelul Albert Bartha, Republica B\u0103n\u0103\u021bean\u0103. Cei doi erau proasp\u0103t \u00eentor\u0219i de la Budapesta, unde avusese loc \u00eentrunirea liderilor politici maghiari. \u201eRepublica\u201d urma s\u0103 fie subordonat\u0103 Budapestei, ca organism temporar autonom \u00een cadrul Ungariei, cu un comisar civil \u0219i unul militar. Manevra cercurilor maghiare a sucombat aproape instantaneu, sub opozi\u021bia rom\u00e2nilor. Aurel Cosma, liderul rom\u00e2nilor din Banat, avea s\u0103 le r\u0103spund\u0103: Noi, rom\u00e2nii, nu putem primi propunerea domnului Otto Roth. Aspira\u021biile neamului nostru ne \u00eendeamn\u0103 s\u0103 urm\u0103m alt\u0103 cale. Vom constitui Consiliul nostru na\u021bional.\u201d \u00cen seara aceleia\u0219i zile de 31 octombrie, mii de rom\u00e2ni din Timi\u0219oara \u0219i din satele \u00eenvecinate au participat la o impresionant\u0103 adunare na\u021bional\u0103 \u00een Pia\u021ba Libert\u0103\u021bii \u0219i au aprobat cu ova\u021bii cuvintele rostite de dr. Aurel Cosma: \u201eDe ast\u0103zi \u00eenainte s-au rupt pentru totdeauna lan\u021burile robiei na\u021biunii rom\u00e2ne.\u201d<\/p>\n<p>Situa\u021bia \u0219i ferma pozi\u021bionare a rom\u00e2nilor este surprins\u0103 de marele patriot rom\u00e2n b\u0103n\u0103\u021bean Avram Imbroane, \u00eentr-un articol din presa epocii,: \u201e\u00cen acest stadiu \u0219i r\u0103bdarea noastr\u0103 este pe sf\u00e2r\u0219ite \u0219i a sosit momentul ca s\u0103 rostim \u00een aceast\u0103 chestiune un cuv\u00e2nt energic. Acest cuv\u00e2nt se rezum\u0103 \u00een urm\u0103toarele: nu v\u0103 vom mai r\u0103bda; la amenin\u021barea voastr\u0103, a celor pu\u021bini, r\u0103spundem noi, cei mul\u021bi.(\u2026) \u00cei \u0219tim ce fac \u0219i \u00een ce c\u0103i umbl\u0103. Le adres\u0103m ultimul \u00eendemn s\u0103 p\u0103r\u0103seasc\u0103 aceste c\u0103i. Altfel, ca m\u00e2ine nu vor mai avea ce c\u0103uta \u00een mijlocul nostru. \u00cei vom invita s\u0103-\u0219i fac\u0103 bagajele \u0219i s\u0103 plece de unde au venit.(\u2026)\u00a0 Tot nu va fi bol\u0219evism \u00een Banat, cum nu va fi nici republic\u0103 b\u0103n\u0103\u021bean\u0103, oric\u00e2te drumuri s-ar face la Belgrad \u0219i la Budapesta \u0219i oric\u00e2t\u0103 cerneal\u0103 ar strica cutare fiu de magnat ungur f\u0103c\u00e2nd jonglerie de statistic\u0103 \u0219i \u00eemp\u0103r\u021bind Banatul \u00een cantoane elve\u021biene, pe h\u00e2rtia at\u00e2t de r\u0103bd\u0103toare a gazetei.\u201d<\/p>\n<p>Cea de-a doua \u00eencercare le-a apar\u021binut s\u00e2rbilor. Sesiz\u00e2nd oportunitatea existent\u0103, trupele s\u00e2rbe au trecut Dun\u0103rea \u00eenainte de parafarea acordului de armisti\u021biu \u0219i au ocupat\u00a0 Timi\u0219oara la 14 noiembrie 1918, \u00een timp ce armata rom\u00e2n\u0103 neutraliza trupele germane ale lui Mackensen, iar ulterior r\u0103spundea atacurilor Ungariei bol\u0219evice a lui Bela Kuhn, care au dus la scurtul r\u0103zboi soldat cu ocuparea Budapestei de c\u0103tre trupele rom\u00e2ne\u0219ti. Ajunse la Timi\u0219oara, trupele s\u00e2rbe\u0219ti au fost \u00eent\u00e2mpinate cu amici\u021bie, ca trupe ale Antantei, deci aliate Rom\u00e2niei.\u00a0La scurt timp, lucrurile s-au schimbat radical, dup\u0103 ce rom\u00e2nii b\u0103n\u0103\u021beni au devenit \u021binta predilect\u0103 a persecu\u021biilor noii administra\u021bii. S-a trecut la anihilarea sistematic\u0103 a mi\u0219c\u0103rii na\u021bionale rom\u00e2ne\u0219ti, la desfiin\u021barea consiliilor na\u021bionale rom\u00e2ne \u0219i a g\u0103rzilor rom\u00e2ne\u0219ti. \u00cen func\u021biile oficiale au fost numi\u021bi tot mai mul\u021bi s\u00e2rbi. Otto Roth \u0219i reprezentan\u021bii social-democra\u021bilor din r\u00e2ndul minorit\u0103\u021bilor maghiare \u0219i \u0219v\u0103be\u0219ti, vedeau \u00een armata s\u00e2rb\u0103 un ajutor pentru perpetuarea st\u0103p\u00e2nirii maghiare. Ei sperau \u00een continuare c\u0103 r\u0103zboiul se va termina cu o Ungarie Mare, care s\u0103 cuprind\u0103 \u0219i Banatul. Pe de alt\u0103 parte, s\u00e2rbii duceau \u00een occident o puternic\u0103 propagand\u0103 pentru cauza lor, urm\u0103rind politica \u201cfaptului \u00eemplinit\u201d \u0219i \u00eencheierea r\u0103zboiului cu un Banat aflat \u00een \u00eentregime, de facto, sub suveranitate s\u00e2rbeasc\u0103, de\u0219i sub 18% din popula\u021bia sa era alc\u0103tuit\u0103 din s\u00e2rbi.<\/p>\n<p>\u00cen ciuda restric\u021biilor \u0219i impedimentelor de tot felul impuse de trupele de ocupa\u021bie, mii de b\u0103n\u0103\u021beni au r\u0103spuns la chemarea Consiliului Na\u021bional Central \u0219i s-au \u00eendreptat c\u0103tre Alba Iulia pentru a lua parte la Marea Adunare care avea s\u0103 proclame Unirea. Alegerea delega\u021bilor a fost un eveniment de mare importan\u021b\u0103 pentru comunit\u0103\u021bile rom\u00e2ne\u0219ti.<\/p>\n<p>Procesul de alegere a fost pe toate c\u0103ile \u00eempiedicat s\u0103 aib\u0103 loc, iar cei care au reu\u0219it s\u0103 fie ale\u0219i, au fost \u00eempiedica\u021bi s\u0103 p\u0103r\u0103seasc\u0103 Banatul. Armata s\u00e2rb\u0103 a \u00eenchis trecerile c\u0103tre Ardeal, pentru a bloca ajungerea b\u0103n\u0103\u021benilor la Alba Iulia. Nu a reu\u0219it s\u0103 \u00eei opreasc\u0103 , \u00eens\u0103, pe to\u021bi: delega\u021bia b\u0103n\u0103\u021benilor a avut \u00een final 359 de membri oficiali, reprezent\u00e2nd toate categoriile sociale \u0219i principalele organiza\u021bii politice, sociale \u0219i culturale b\u0103n\u0103\u021bene.<\/p>\n<p>Alte c\u00e2teva mii de b\u0103n\u0103\u021beni au ajuns la Alba Iulia trec\u00e2nd de patrulele armatei s\u00e2rbe cum \u0219i pe unde au putut. Conduita armatei s\u00e2rbe se domole\u0219te doar dup\u0103 ce \u00een Banat a ajuns generalul Berthelot \u0219i a \u00eenceput instalarea trupelor de pace franceze. Armata s\u00e2rb\u0103 p\u0103r\u0103se\u0219te Timi\u0219oara abia pe 27 iulie, nu \u00eenainte, \u00eens\u0103, de a recurge la rechizi\u021bionarea de bunuri materiale.<\/p>\n<p>O ultim\u0103 \u00eencercare de a bloca Unirea Banatului cu Rom\u00e2nia venea din partea germanilor, care pe 16 aprilie 1920 aveau s\u0103 trimit\u0103 o peti\u021bie la Conferin\u021ba de Pace de la Paris, cer\u00e2nd reinstituirea republicii b\u0103n\u0103\u021bene, care ar fi inclus nu doar Banatul, ci \u0219i regiunea vecin\u0103 Bacika. Noua \u201erepublic\u0103\u201d s-ar fi \u00eentins pe un areal \u00een care fuseser\u0103 coloniza\u021bi numero\u0219i germani \u0219i, dup\u0103 planurile ini\u021biatorilor, urma s\u0103 fie \u00eemp\u0103r\u021bit\u0103 \u00een cantoane administrate de grupurile etnice majoritare din fiecare canton. Conferin\u021ba de Pace de la Paris a refuzat aceast\u0103 propunere.<\/p>\n<h2><strong>28 iulie \u2013 3 august momentele mult a\u0219teptate<\/strong><\/h2>\n<p>La opt luni de la Proclamarea Unirii de c\u0103tre b\u0103n\u0103\u021beni, <strong>pe 28 iulie 1919<\/strong>, avea s\u0103 fie instalat\u0103 administra\u021bia rom\u00e2neasc\u0103. Gheorghe Dobrin a fost numit prefect pentru jude\u021bul Cara\u0219-Severin cu sediul la Lugoj, iar Aurel Cosma pentru jude\u021bul Timi\u0219-Torontal, cu sediul la Timi\u0219oara.<\/p>\n<p>Peste o sut\u0103 de mii de rom\u00e2ni din toate col\u021burile Banatului vin s\u0103-\u0219i \u00eent\u00e2mpine fra\u021bii la Timi\u0219oara <strong>pe 3 august<\/strong>, c\u00e2nd armata rom\u00e2n\u0103 ajunge \u00een ora\u0219. \u201eStr\u0103zile erau inundate de mul\u021bimea celor dornici s\u0103 ova\u021bioneze solda\u021bii. La ora 10:00, pe Calea Lugojului, intr\u0103 \u00een ora\u0219 coloana militar\u0103.<\/p>\n<p>\u00cen acordurile R\u0103sunetului (De\u0219teapt\u0103-te Rom\u00e2ne), \u00eei \u00eent\u00e2mpin\u0103 un banderiu de 900 de tineri b\u0103n\u0103\u021beni c\u0103lare, to\u021bi \u00een haine albe, na\u021bionale, cu c\u0103ciul\u0103 de doroban\u021b, decorat\u0103 cu panglic\u0103 tricolor\u0103\u201d, consemneaz\u0103 Prof. univ. dr Ioan Munteanu. Prefectul Aurel Cosma adreseaz\u0103 salutul de bun\u0103 venire: \u201eVeacuri de-a r\u00e2ndul am avut bucurii pu\u021bine, sup\u0103r\u0103ri multe, dup\u0103 cum arat\u0103 istoria. Acum, fra\u021bii no\u0219tri, a\u021bi venit \u00een leag\u0103nul rom\u00e2nilor, v\u0103rs\u00e2nd s\u00e2nge pentru noi, care am gemut sub st\u0103p\u00e2nire str\u0103in\u0103.\u201d Avea s\u0103 le r\u0103spund\u0103 tuturor, colonelul Virgil Economu: \u201eDumnezeu a fost totdeauna \u00een inimile rom\u00e2nilor, \u00een inimi curate, cu sentimente valabile \u0219i ne-a \u00eenv\u0103\u021bat ca rom\u00e2nul s\u0103 se iubeasc\u0103 \u0219i s\u0103 nu tr\u0103iasc\u0103 desp\u0103r\u021bit\u201d.<\/p>\n<p>Banatul avea s\u0103 fie \u00eemp\u0103r\u021bit \u00eentre Rom\u00e2nia \u0219i Regatul Serbiei, Croa\u021bilor \u0219i Slovenilor (numit mai t\u00e2rziu Iugoslavia), prin decizia puterilor \u00eenving\u0103toare din primul r\u0103zboi mondial, o mic\u0103 parte fiind cedat\u0103 \u0219i Ungariei.<\/p>\n<p>Revendicarea s\u00e2rbilor nu se baza pe vreun drept istoric, ci pe existen\u021ba a 250.000 de s\u00e2rbi locuitori la nord de Dun\u0103re \u0219i pe pozi\u021bia geografic\u0103 a capitalei Belgrad, aflat\u0103 exact la grani\u021ba cu Banatul \u0219i prin urmare vulnerabil\u0103 din punct de vedere strategic \u0219i militar. Cea mai mare parte a Banatului a revenit Rom\u00e2niei, parte \u00een care peste 65% din popula\u021bie era rom\u00e2neasc\u0103.<\/p>\n<p>\u00cen \u021bara vecin\u0103 au r\u0103mas aproape 80 000 de rom\u00e2ni b\u0103n\u0103\u021beni, o parte aleg\u00e2nd ulterior s\u0103 treac\u0103 \u00een Rom\u00e2nia, o alta perpetu\u00e2ndu-\u0219i rom\u00e2nitatea p\u00e2n\u0103 ast\u0103zi, c\u00e2nd comunitatea lor \u00eenc\u0103 num\u0103r\u0103 aproximativ 30 000 de suflete.<\/p>\n<p>La <strong>10 august 1919<\/strong> are loc la Timi\u0219oara o mare adunare popular\u0103 a tuturor b\u0103n\u0103\u021benilor, veni\u021bi din nou cu zecile de mii din toate col\u021burile provinciei, s\u0103 consfin\u021beasc\u0103 unirea Banatului cu Rom\u00e2nia. Adunarea adopt\u0103 o rezolu\u021bie ce va r\u0103m\u00e2ne \u00een istorie:<\/p>\n<p>\u201eDeclar\u0103m unirea pe vecie a \u00eentregului B\u0103nat cu Statul rom\u00e2n sub sceptrul dinastiei rom\u00e2ne. Jur\u0103m credin\u021b\u0103 \u0219i supunere M.S. Regelui Ferdinand I, domnitorul tuturor rom\u00e2nilor. Aducem omagiile noastre glorioasei armate rom\u00e2ne pentru m\u0103rea\u021ba oper\u0103 \u0219i jertf\u0103 depus\u0103 pe altarul dezrobirii noastre de sub jugul de o mie de ani, pentru \u00eenvingerea bol\u0219evismului maghiar \u0219i pentru intrarea triumfal\u0103 \u00een capitala Ungariei. Lu\u0103m cu mul\u021bumirea la cuno\u0219tin\u021b\u0103 hot\u0103r\u00e2rile Suveranului nostru \u0219i a sfetnicilor s\u0103i de a impune tuturor respectarea drepturilor istorice, teritoriale \u0219i suverane ale statului \u0219i neamului rom\u00e2nesc.<\/p>\n<p>Pretindem respectarea tratatului din 4 august 1916, \u00eencheiat de c\u0103tre Regatul rom\u00e2n cu marile puteri aliate, pretindem \u00eentreaga provincie a Banatului cu hotarele sale naturale Dun\u0103rea, Tisa \u0219i Mure\u0219ul, din punct de vedere istoric, etnografic \u0219i economic, protest\u0103m prin urmare contra oric\u0103rei \u00eencerc\u0103ri de schimbare arbitrar\u0103 a hotarelor Rom\u00e2niei Mari. Protest\u0103m contra oric\u0103rei \u00eencerc\u0103ri de a \u0219tirbi, sub orice pretext, suveranitatea neamului \u0219i statului rom\u00e2nesc, contra oric\u0103rui amestec \u00een chestiunile interne ale statului rom\u00e2n.\u201d<\/p>\n<p><em>Articol publicat mai \u00eent\u00e2i pe <a href=\"https:\/\/www.demnitatea.info\/2021\/08\/02\/banatul-si-marea-unire\/\" target=\"_blank\" rel=\"noopener\">Demnitatea<\/a> \u0219i preluat cu acordul autorului.<\/em><\/p>\n<div class=\"crp_related     crp-masonry\">\n<h2>\u00ceN CONTEXT<\/h2>\n<ul>\n<li><a href=\"https:\/\/r3media.ro\/calendarul-zilei-4-august-1919-cucerirea-budapestei-de-catre-armata-romana\/\" class=\"crp_link post-25422\"><span class=\"crp_title\">Calendarul zilei: 4 august 1919, cucerirea Budapestei de c\u0103tre Armata Rom\u00e2n\u0103<\/span><\/a><\/li>\n<li><a href=\"https:\/\/r3media.ro\/4-iunie-1920-trianon-marea-unire-ioan-aurel-pop\/\" class=\"crp_link post-21834\"><span class=\"crp_title\">4 iunie 1920: Semnarea tratatului de la Trianon, care a consfin\u021bit Marea Unire. Prof.\u2026<\/span><\/a><\/li>\n<li><a href=\"https:\/\/r3media.ro\/calendarul-zilei-8-august-1917-incepe-marea-batalie-de-la-oituz-din-primul-razboi-mondial\/\" class=\"crp_link post-25646\"><span class=\"crp_title\">Calendarul zilei | 8 august 1917: \u00cencepe marea b\u0103t\u0103lie de la Oituz, din Primul R\u0103zboi Mondial<\/span><\/a><\/li>\n<li><a href=\"https:\/\/r3media.ro\/calendarul-zilei-23-august-1944-romania-iese-din-alianta-cu-germania-nazista-maresalul-antonescu-este-arestat-23-august-1939-semnarea-pactului-ribbentrop-molotov\/\" class=\"crp_link post-26515\"><span class=\"crp_title\">Calendarul zilei: 23 august 1944, Rom\u00e2nia iese din alian\u021ba cu Germania nazist\u0103. Mare\u0219alul\u2026<\/span><\/a><\/li>\n<li><a href=\"https:\/\/r3media.ro\/calendarul-zilei-30-august-1940-dictatul-de-la-viena-prin-care-romaniei-i-s-a-luat-o-parte-din-ardeal\/\" class=\"crp_link post-26988\"><span class=\"crp_title\">Calendarul zilei | 30 august 1940: Dictatul de la Viena, prin care Rom\u00e2niei i s-a luat o\u2026<\/span><\/a><\/li>\n<li><a href=\"https:\/\/r3media.ro\/istoricul-maresalul-antonescu-obtinuse-conditii-mai-bune-pentru-armistitiu-23-august-1944-cea-mai-mare-eroare-politico-militara-din-istoria-romaniei\/\" class=\"crp_link post-102087\"><span class=\"crp_title\">Istoricul Constantin Corneanu: Mare\u0219alul Antonescu ob\u021binuse condi\u021bii mai bune pentru\u2026<\/span><\/a><\/li>\n<li><a href=\"https:\/\/r3media.ro\/calendarul-zilei-3-august-1601-batalia-de-la-guruslau-ultima-victorie-a-lui-mihai-viteazul\/\" class=\"crp_link post-25368\"><span class=\"crp_title\">Calendarul zilei: 3 august 1601, B\u0103t\u0103lia de la Gurusl\u0103u. Ultima victorie a lui Mihai Viteazul<\/span><\/a><\/li>\n<li><a href=\"https:\/\/r3media.ro\/calendarul-zilei-22-august-moartea-ecaterinei-teodoroiu-ultimele-cuvinte-ale-eroinei-au-fost-inainte-baieti-nu-vedeti-ca-sunt-intre-voi\/\" class=\"crp_link post-26436\"><span class=\"crp_title\">Calendarul zilei 22 august: 108 ani de la moartea Ecaterinei Teodoroiu. Ultimele cuvinte ale\u2026<\/span><\/a><\/li>\n<\/ul>\n<\/div>\n<\/div>\n<\/div>\n<p>[analyse_source url=&#8221;https:\/\/r3media.ro\/28-iulie-3-august-1919-unirea-banatului-romania\/&#8221;]<\/p>\n","protected":false},"excerpt":{"rendered":"<p>[analyse_image type=&#8221;featured&#8221; src=&#8221;https:\/\/r3media.ro\/wp-content\/uploads\/2021\/08\/10-mai-1920-timisoara.jpghttps:\/\/r3media.ro\/wp-content\/uploads\/2021\/08\/10-mai-1920-timisoara.jpg&#8221;] PRIM PLAN28 iulie &#8211; 3 august 1919: Unirea Banatului cu Rom\u00e2nia PRIM PLAN\u0218TIRI 28 iulie \u2013 3 august 1919: Unirea Banatului cu Rom\u00e2nia Cosmin \u021a\u00eent\u0103 27\/07\/2026 \u201e\u2026Marea Unire din 1918 a fost \u0219i va r\u0103m\u00e2ne pagina cea mai sublim\u0103 a istoriei rom\u00e2ne\u0219ti. M\u0103re\u0163ia sa st\u0103 \u00een faptul c\u0103 des\u0103v\u00e2r\u0219irea unit\u0103\u0163ii na\u0163ionale nu [&hellip;]<\/p>\n","protected":false},"author":1,"featured_media":0,"comment_status":"open","ping_status":"","sticky":false,"template":"","format":"standard","meta":{"footnotes":""},"categories":[89],"tags":[226,93],"class_list":["post-2064537","post","type-post","status-publish","format-standard","hentry","category-romania","tag-crawlmanager","tag-r3media-ro"],"_links":{"self":[{"href":"https:\/\/analyse.optim.biz\/index.php?rest_route=\/wp\/v2\/posts\/2064537","targetHints":{"allow":["GET"]}}],"collection":[{"href":"https:\/\/analyse.optim.biz\/index.php?rest_route=\/wp\/v2\/posts"}],"about":[{"href":"https:\/\/analyse.optim.biz\/index.php?rest_route=\/wp\/v2\/types\/post"}],"author":[{"embeddable":true,"href":"https:\/\/analyse.optim.biz\/index.php?rest_route=\/wp\/v2\/users\/1"}],"replies":[{"embeddable":true,"href":"https:\/\/analyse.optim.biz\/index.php?rest_route=%2Fwp%2Fv2%2Fcomments&post=2064537"}],"version-history":[{"count":0,"href":"https:\/\/analyse.optim.biz\/index.php?rest_route=\/wp\/v2\/posts\/2064537\/revisions"}],"wp:attachment":[{"href":"https:\/\/analyse.optim.biz\/index.php?rest_route=%2Fwp%2Fv2%2Fmedia&parent=2064537"}],"wp:term":[{"taxonomy":"category","embeddable":true,"href":"https:\/\/analyse.optim.biz\/index.php?rest_route=%2Fwp%2Fv2%2Fcategories&post=2064537"},{"taxonomy":"post_tag","embeddable":true,"href":"https:\/\/analyse.optim.biz\/index.php?rest_route=%2Fwp%2Fv2%2Ftags&post=2064537"}],"curies":[{"name":"wp","href":"https:\/\/api.w.org\/{rel}","templated":true}]}}