{"id":2064510,"date":"2026-07-27T16:43:00","date_gmt":"2026-07-27T13:43:00","guid":{"rendered":"https:\/\/analyse.optim.biz\/?p=2064510"},"modified":"2026-07-27T16:43:00","modified_gmt":"2026-07-27T13:43:00","slug":"situatie-critica-la-spitalul-judetean-buzau-epuizare-si-sute-de-angajati-cu-probleme-de-sanatate","status":"publish","type":"post","link":"https:\/\/analyse.optim.biz\/?p=2064510","title":{"rendered":"Situa\u021bie critic\u0103 la Spitalul Jude\u021bean Buz\u0103u. Epuizare \u0219i sute de angaja\u021bi cu probleme de s\u0103n\u0103tate"},"content":{"rendered":"<p>[analyse_image type=&#8221;featured&#8221; src=&#8221;https:\/\/www.campusbuzau.ro\/wp-content\/uploads\/2026\/04\/spitalul-judetean-buzau.jpghttps:\/\/www.campusbuzau.ro\/wp-content\/uploads\/2026\/04\/spitalul-judetean-buzau.jpg&#8221;]<\/p>\n<div class=\"entry-content\">\n<p><strong><em><mark class=\"has-inline-color has-maincolor-color\">Situa\u021bie \u00eengrijor\u0103toare la cel mai mare spital din jude\u021bul Buz\u0103u! Un raport al Comisiei de S\u0103n\u0103tate \u0219i Securitate \u00een Munc\u0103 arat\u0103 c\u0103 \u00een 2025, peste 500 de angaja\u021bi ai Spitalului Jude\u021bean Buz\u0103u erau diagnostica\u021bi cu o serie de afec\u021biuni medicale, unele destul de grave.<\/mark><\/em><\/strong><\/p>\n<p>Potrivit conducerii Sanitas Buz\u0103u, aproape jum\u0103tate dintre cazuri se refer\u0103 la afec\u021biuni osteomusculoscheletale, \u00eens\u0103 alte sute de angaja\u021bi sufer\u0103 de afec\u021biuni cardiovasculare, pulmonare, cu diabet zaharat sau chiar hepatit\u0103. <\/p>\n<figure class=\"wp-block-image size-full is-resized\"><img loading=\"lazy\" decoding=\"async\" width=\"795\" height=\"470\" src=\"https:\/\/www.campusbuzau.ro\/wp-content\/uploads\/2026\/07\/greva-spital-2.jpg\" alt class=\"wp-image-155674\"><\/figure>\n<p>Din cauza deficitului mare de personal, la Spitalul Jude\u021bean de Urgen\u021b\u0103 Buz\u0103u, nivelul de epuizare profesional\u0103 a ajuns la cote alarmante, mai ales \u00een sec\u021biile considerate critice.\u00a0<\/p>\n<p>Conducerea Spitalului Jude\u021bean Buz\u0103u a solicitat, prin memorandum transmis Guvernului, scoaterea la concurs a 103 posturi. Dintre acestea, \u00eens\u0103, au fost aprobate doar 33.<\/p>\n<p>\u00centre timp, tot mai mul\u021bi angaja\u021bi ies la pensie sau solicit\u0103 transfer la alte unit\u0103\u021bi din jude\u021b, unde volumul de munc\u0103 este mai mic.<\/p>\n<p>Marcel Ciolacu, pre\u0219edintele Consiliului Jude\u021bean Buz\u0103u, critic\u0103 politica adoptat\u0103 de Guvernul interimar \u00een leg\u0103tur\u0103 cu angaj\u0103rile \u00een spitale. De exemplu, fostul premier nu \u00een\u021belege cum la Spitalul or\u0103\u0219enesc Nehoiu s-a aprobat deblocarea a 29 de posturi, iar la cel mai mare spital din jude\u021b, doar 33.<\/p>\n<figure class=\"wp-block-image size-full is-resized\"><img loading=\"lazy\" decoding=\"async\" width=\"900\" height=\"506\" src=\"https:\/\/www.campusbuzau.ro\/wp-content\/uploads\/2026\/07\/sefii-cj-buzau.jpg\" alt class=\"wp-image-155799\"><\/figure>\n<p>Deaoerece autorit\u0103\u021bile nu le-au luat \u00een seam\u0103 revendic\u0103rile prezentate la greva de avertisment de lunea trecut\u0103, cadrele medicale din peste 400 de spitale intr\u0103 de m\u00e2ine, 28 iulie, \u00een Grev\u0103 General\u0103. Activitatea \u00een spitale se va opri pe termen nedeterminat, iar medicii vor trata doar cazurile urgente.<\/p>\n<p>Tot de m\u00e2ine, 28 iulie, cele mai mari confedera\u021bii sindicale au anun\u021bat c\u0103 \u00eencep protestele \u00een fa\u0163a Palatului Parlamentului.<\/p>\n<figure class=\"wp-block-embed is-type-video is-provider-youtube wp-block-embed-youtube wp-embed-aspect-16-9 wp-has-aspect-ratio\">\n<div class=\"wp-block-embed__wrapper\">\n<iframe loading=\"lazy\" title=\"EPUIZARE \u015eI SUTE DE ANGAJA\u0162I CU PROBLEME DE S\u0102N\u0102TATE\" width=\"500\" height=\"281\" src=\"https:\/\/www.youtube.com\/embed\/QGrgTf6dGtM?feature=oembed\" frameborder allow=\"accelerometer; autoplay; clipboard-write; encrypted-media; gyroscope; picture-in-picture; web-share\" referrerpolicy=\"strict-origin-when-cross-origin\" allowfullscreen><\/iframe>\n<\/div>\n<\/figure>\n<\/div>\n<p>[analyse_source url=&#8221;https:\/\/www.campusbuzau.ro\/situatie-critica-la-spitalul-judetean-buzau-epuizare-si-sute-de-angajati-cu-probleme-de-sanatate\/&#8221;]<\/p>\n","protected":false},"excerpt":{"rendered":"<p>[analyse_image type=&#8221;featured&#8221; src=&#8221;https:\/\/www.campusbuzau.ro\/wp-content\/uploads\/2026\/04\/spitalul-judetean-buzau.jpghttps:\/\/www.campusbuzau.ro\/wp-content\/uploads\/2026\/04\/spitalul-judetean-buzau.jpg&#8221;] Situa\u021bie \u00eengrijor\u0103toare la cel mai mare spital din jude\u021bul Buz\u0103u! Un raport al Comisiei de S\u0103n\u0103tate \u0219i Securitate \u00een Munc\u0103 arat\u0103 c\u0103 \u00een 2025, peste 500 de angaja\u021bi ai Spitalului Jude\u021bean Buz\u0103u erau diagnostica\u021bi cu o serie de afec\u021biuni medicale, unele destul de grave. Potrivit conducerii Sanitas Buz\u0103u, aproape jum\u0103tate dintre cazuri [&hellip;]<\/p>\n","protected":false},"author":1,"featured_media":0,"comment_status":"open","ping_status":"","sticky":false,"template":"","format":"standard","meta":{"footnotes":""},"categories":[2],"tags":[118,226],"class_list":["post-2064510","post","type-post","status-publish","format-standard","hentry","category-politics","tag-campusbuzau-ro","tag-crawlmanager"],"_links":{"self":[{"href":"https:\/\/analyse.optim.biz\/index.php?rest_route=\/wp\/v2\/posts\/2064510","targetHints":{"allow":["GET"]}}],"collection":[{"href":"https:\/\/analyse.optim.biz\/index.php?rest_route=\/wp\/v2\/posts"}],"about":[{"href":"https:\/\/analyse.optim.biz\/index.php?rest_route=\/wp\/v2\/types\/post"}],"author":[{"embeddable":true,"href":"https:\/\/analyse.optim.biz\/index.php?rest_route=\/wp\/v2\/users\/1"}],"replies":[{"embeddable":true,"href":"https:\/\/analyse.optim.biz\/index.php?rest_route=%2Fwp%2Fv2%2Fcomments&post=2064510"}],"version-history":[{"count":0,"href":"https:\/\/analyse.optim.biz\/index.php?rest_route=\/wp\/v2\/posts\/2064510\/revisions"}],"wp:attachment":[{"href":"https:\/\/analyse.optim.biz\/index.php?rest_route=%2Fwp%2Fv2%2Fmedia&parent=2064510"}],"wp:term":[{"taxonomy":"category","embeddable":true,"href":"https:\/\/analyse.optim.biz\/index.php?rest_route=%2Fwp%2Fv2%2Fcategories&post=2064510"},{"taxonomy":"post_tag","embeddable":true,"href":"https:\/\/analyse.optim.biz\/index.php?rest_route=%2Fwp%2Fv2%2Ftags&post=2064510"}],"curies":[{"name":"wp","href":"https:\/\/api.w.org\/{rel}","templated":true}]}}