{"id":206448,"date":"2014-05-05T04:43:07","date_gmt":"2014-05-05T01:43:07","guid":{"rendered":"https:\/\/analyse.optim.biz\/?p=206448"},"modified":"2014-05-05T04:43:07","modified_gmt":"2014-05-05T01:43:07","slug":"traian-basescu-ii-raspunde-lui-victor-ponta-csat-nu-e-un-club-de-dezbatere","status":"publish","type":"post","link":"https:\/\/analyse.optim.biz\/?p=206448","title":{"rendered":"Traian B\u0103sescu \u00eei r\u0103spunde lui Victor Ponta: CSAT nu e un club de dezbatere"},"content":{"rendered":"<div class=\"entry data-app-meta data-app-meta-article\" data-embed-base-url-canonical=\"https:\/\/www.digi24.ro\/embed\/stiri\/actualitate\/politica\/traian-basescu-ii-raspunde-lui-victor-ponta-csat-nu-e-un-club-de-dezbatere-238240\">\n<p data-index=\"1\">\u201e<span>Eu fac, dac\u0103 e nevoie, un apel public la premier, s\u0103 nu terfeleasc\u0103 \u0219i aceast\u0103 institu\u021bie, a mai \u00eencercat s\u0103 o fac\u0103, dar nu-i voi permite acest lucru, va trebui s\u0103 se \u00eencadreze \u00een rigorile de func\u021bionare. \u00cen plus, cred c\u0103 era elegant s\u0103 m\u0103 sune \u0219i s\u0103-mi spun\u0103: dl. Pre\u0219edinte, am urm\u0103toarele fr\u0103m\u00e2nt\u0103ri metafizice \u0219i vreau s\u0103 le \u00eemp\u0103rt\u0103\u0219esc CSAT\u201d, a declara <strong>Traian B\u0103sescu<\/strong> la<a href=\"http:\/\/www.b1.ro\/stiri\/politica\/traian-basescu-in-direct-pe-b1-tv-premierul-vorbe-te-de-dragul-de-a-vorbi-a-tept-sa-depuna-o-strategie-la-csat-privind-situa-ia-din-ucraina-81846.html\" target=\"_blank\" data-skip-linkfix=\"1\" rel=\"noopener\"> B1 TV.<\/a> \u201eEu nu vreau s\u0103-l jignesc, dar o spun public, nu se va participa la niciun CSAT p\u00e2n\u0103 c\u00e2nd nu depune un document. CSAT nu este club de dezbatere, este structura de decizie \u00een securitatea na\u0163ional\u0103!\u201d, a ad\u0103ugat pre\u0219edintele.<\/span><\/p>\n<p data-index=\"2\">\u015eeful statului \u00eel acuz\u0103 pe <strong>Victor Ponta<\/strong> c\u0103 introduce subiecte sensibile, cum sunt cele de siguran\u0163\u0103 na\u0163ional\u0103, \u00een lupta electoral\u0103.<\/p>\n<p data-index=\"3\">\u201eDomnia sa face propagand\u0103 electoral\u0103 \u0219i m\u0103 tem c\u0103 \u00een mintea lui crede c\u0103 putem tensiona popula\u021bia vizavi de Ucraina \u0219i s\u0103 introduc\u0103 aceast\u0103 tem\u0103 de securitate na\u021bional\u0103 \u00eentr-o dezbatere electoral\u0103 derizorie\u201d, a spus <strong>Traian B\u0103sescu.<\/strong><\/p>\n<p data-index=\"4\">La r\u00e2ndul s\u0103u, premierul a declarat c\u0103, \u00een situa\u0163ia \u00een care pre\u015fedintele nu convoac\u0103 CSAT, o va face el. Legea de func\u0163ionare spune c\u0103 structura poate fi convocat\u0103 \u015fi la ini\u0163iativa a <strong>cel pu\u0163in o treime din num\u0103rul membrilor s\u0103i.<\/strong><\/p>\n<p data-index=\"5\">\u201e<span>Eu sunt vicepre\u015fedintele CSAT, vom cere o discu\u021bie \u00een CSAT pe aceast\u0103 tem\u0103. Dac\u0103 pre\u015fedintele nu va convoca CSAT, \u00eel vom convoca noi, bine\u00een\u0163eles\u201d, a spus Victor Ponta.<\/span><\/p>\n<p data-index=\"6\">Premierul a preciziat c\u0103 dup\u0103 ce va face solicitarea, data \u00een care CSAT se va \u00eentruni va fi stabilit\u0103 de pre\u015fedintele \u0163\u0103rii.<\/p>\n<p data-index=\"7\">Victor Ponta a amintit c\u0103 ultima \u015fedin\u0163\u0103 a CSAT a fost \u00een 27 martie. \u201eDe atunci a trecut o lun\u0103 \u015fi jum\u0103tate \u015fi \u00een fiecare zi se \u00eent\u00e2mpl\u0103 ceva r\u0103u \u00een Ucraina, conflictul se apropie de grani\u0163ele noastre, Odessa e la o sut\u0103 \u015fi ceva de kilometri, \u015fi dac\u0103 e\u015fti un lider responsabil \u015fi serios al Rom\u00e2niei, nu po\u0163i s\u0103 zici c\u0103 am discutat \u00een martie, p\u0103i \u00een martie nu mai seam\u0103n\u0103 nimic cu ce e acum \u015fi dac\u0103 pre\u015fedintele nu va convoca CSAT, \u00eel vom convoca noi, bine\u00een\u0163eles&#8221;, a spus Ponta.<\/p>\n<p data-index=\"8\">\u201eSitua\u0163ia Ucrainei s-a discutat demult \u00een CSAT, dar premierul Victor Ponta nu \u015fi-a dat seama c\u00e2nd\u201d,<a href=\"https:\/\/www.digi24.ro\/Stiri\/Digi24\/Actualitate\/Politica\/Ponta+vrea+discutie+in+CSAT+despre+R+Moldova+Replica+lui+Basescu\" target=\"_blank\" data-skip-linkfix=\"1\" rel=\"noopener\"> a declarat, s\u00e2mb\u0103t\u0103 seara, pre\u015fedintele Traian B\u0103sescu,<\/a> solicitat s\u0103 comenteze faptul c\u0103 premierul a precizat c\u0103 va propune acest subliect la viitoarea \u015fedin\u0163\u0103 a Consiliului Suprem de Ap\u0103rare a \u0162\u0103rii.<\/p>\n<\/div>\n<p> Source URL: https:\/\/www.digi24.ro\/stiri\/actualitate\/politica\/traian-basescu-ii-raspunde-lui-victor-ponta-csat-nu-e-un-club-de-dezbatere-238240<\/p>\n","protected":false},"excerpt":{"rendered":"<p>\u201eEu fac, dac\u0103 e nevoie, un apel public la premier, s\u0103 nu terfeleasc\u0103 \u0219i aceast\u0103 institu\u021bie, a mai \u00eencercat s\u0103 o fac\u0103, dar nu-i voi permite acest lucru, va trebui s\u0103 se \u00eencadreze \u00een rigorile de func\u021bionare. \u00cen plus, cred c\u0103 era elegant s\u0103 m\u0103 sune \u0219i s\u0103-mi spun\u0103: dl. Pre\u0219edinte, am urm\u0103toarele fr\u0103m\u00e2nt\u0103ri metafizice [&hellip;]<\/p>\n","protected":false},"author":1,"featured_media":206449,"comment_status":"open","ping_status":"","sticky":false,"template":"","format":"standard","meta":{"footnotes":""},"categories":[2],"tags":[11],"class_list":["post-206448","post","type-post","status-publish","format-standard","has-post-thumbnail","hentry","category-politics","tag-digi24"],"_links":{"self":[{"href":"https:\/\/analyse.optim.biz\/index.php?rest_route=\/wp\/v2\/posts\/206448","targetHints":{"allow":["GET"]}}],"collection":[{"href":"https:\/\/analyse.optim.biz\/index.php?rest_route=\/wp\/v2\/posts"}],"about":[{"href":"https:\/\/analyse.optim.biz\/index.php?rest_route=\/wp\/v2\/types\/post"}],"author":[{"embeddable":true,"href":"https:\/\/analyse.optim.biz\/index.php?rest_route=\/wp\/v2\/users\/1"}],"replies":[{"embeddable":true,"href":"https:\/\/analyse.optim.biz\/index.php?rest_route=%2Fwp%2Fv2%2Fcomments&post=206448"}],"version-history":[{"count":0,"href":"https:\/\/analyse.optim.biz\/index.php?rest_route=\/wp\/v2\/posts\/206448\/revisions"}],"wp:featuredmedia":[{"embeddable":true,"href":"https:\/\/analyse.optim.biz\/index.php?rest_route=\/wp\/v2\/media\/206449"}],"wp:attachment":[{"href":"https:\/\/analyse.optim.biz\/index.php?rest_route=%2Fwp%2Fv2%2Fmedia&parent=206448"}],"wp:term":[{"taxonomy":"category","embeddable":true,"href":"https:\/\/analyse.optim.biz\/index.php?rest_route=%2Fwp%2Fv2%2Fcategories&post=206448"},{"taxonomy":"post_tag","embeddable":true,"href":"https:\/\/analyse.optim.biz\/index.php?rest_route=%2Fwp%2Fv2%2Ftags&post=206448"}],"curies":[{"name":"wp","href":"https:\/\/api.w.org\/{rel}","templated":true}]}}