{"id":206436,"date":"2014-05-05T06:04:12","date_gmt":"2014-05-05T03:04:12","guid":{"rendered":"https:\/\/analyse.optim.biz\/?p=206436"},"modified":"2014-05-05T06:04:12","modified_gmt":"2014-05-05T03:04:12","slug":"aurora-liiceanu-elena-udrea-a-intarit-misoginismul-in-politica-nu-vii-cu-fizicul-pe-care-pui-atata-pret","status":"publish","type":"post","link":"https:\/\/analyse.optim.biz\/?p=206436","title":{"rendered":"Aurora Liiceanu: Elena Udrea a \u00eent\u0103rit misoginismul. \u00cen politic\u0103 nu vii cu fizicul pe care pui at\u00e2ta pre\u021b!"},"content":{"rendered":"<div class=\"entry data-app-meta data-app-meta-article\" data-embed-base-url-canonical=\"https:\/\/www.digi24.ro\/embed\/stiri\/actualitate\/politica\/aurora-liiceanu-elena-udrea-a-intarit-misoginismul-in-politica-nu-vii-cu-fizicul-pe-care-pui-atata-pret-238243\">\n<p data-index=\"1\"><img decoding=\"async\" src=\"https:\/\/analyse.optim.biz\/wp-content\/uploads\/2024\/09\/nzy2ytyxotawn2i4yzc4zdjlyjzlmzyzyw-thumb_.jpg\" data-skip-htmlfix=\"1\" title=\"nzy2ytyxotawn2i4yzc4zdjlyjzlmzyzyw-thumb_\">\u201e<span>Nu prea avem pe cine, nu avem ofert\u0103 \u00een primul r\u00e2nd\u201d, a spus <strong>Aurora Liiceanu<\/strong>, \u00eentrebat\u0103 dac\u0103 vede o femeie cu \u0219anse s\u0103 candideze la Pre\u0219edin\u021bie Rim\u00e2niei.<\/span><\/p>\n<p data-index=\"2\">\u00cen al doilea r\u00e2nd, psihologul a ridicat dou\u0103 probleme: \u201e\u00cen Rom\u00e2nia nu e \u0219i un anume tip de misoginism? Femeile n-au intrat \u00een acest misoginism ca s\u0103-l \u00eent\u0103reasc\u0103?\u201d \u0219i a argumentat:<\/p>\n<p data-index=\"3\">\u201e<span>At\u00e2ta vreme c\u00e2t pui foarte mare pre\u021b pe imaginea fizic\u0103 \u0219i nu cite\u0219ti \u0219i nu te documentezi \u0219i n-ai consilieri, faci o gre\u0219eal\u0103! <strong>S-a \u00eent\u0103rit misoginismul prin faptul c\u0103 dna Udrea a intrat exact pe tiparul care era respins, \u0219i anume: g\u0103tit\u0103<\/strong> \u2013 exact de chestia c\u0103 cine arat\u0103 foarte bine du-te, dom&#8217;le, \u015fi f\u0103-te model, f\u0103-te ceva, dar nu intra \u00een politic\u0103! <strong>\u00cen politic\u0103 nu vii cu fizicul pe care pui at\u00e2ta pre\u021b<\/strong>\u201d, a men\u021bionat Aurora Liiceanu. \u201eNici <strong>Hillary (Clinton<\/strong> \u2013 n.r.), nici (<strong>Angela) Merkel<\/strong> nu \u0219i-au pus problema c\u0103 ar\u0103t prost sau ar\u0103t bine, c\u0103 nu pentru asta&#8230; Adic\u0103 <strong>s-a \u00eent\u0103rit exact disocierea asta \u00eentre \u201ebrain\u201d (creier \u2013 n.r.) \u0219i \u201ebeauty\u201d<\/strong> (frumuse\u021be \u2013 n.r.): <em>merg pe beauty!<\/em>\u201d, a ar\u0103tat psihologul.<\/span><\/p>\n<p data-index=\"4\">Pe de alt\u0103 parte, spune Aurora Liiceanu, toate cercet\u0103rile arat\u0103 c\u0103 <strong>cu c\u00e2t urci scara ierarhic\u0103<\/strong> \u2013 ca femeie &#8211; cu c\u00e2t e\u0219ti mai jos, cu at\u00e2t trebuie s\u0103 ar\u0103\u021bi mai bine, <strong>cu c\u00e2t umbli mai sus, cu at\u00e2t trebuie s\u0103 ar\u0103\u021bi mai neutru<\/strong>. \u201eSunt (aspecte) demonstrate! Ce fac consilierii de imagine?\u201d, s-a \u00eentrebat Aurora Liiceanu.<\/p>\n<p data-index=\"5\">Totu\u0219i, psihologul a \u021binut s\u0103 sublinieze c\u0103 \u00een toat\u0103 lumea e un curent de leadership feminin, pentru c\u0103 femeile sunt mai flexibile \u0219i ar c\u0103dea la negocieri. \u201e\u0218ti\u021bi cum se spune: dac\u0103 erau femeile s\u0103 conduc\u0103 Israelul, nu erau r\u0103zboaie, se \u00een\u021belegeau, c\u0103deau la pace \u00eentr-un fel!\u201d, a spus invitata lui <strong>Luca Niculescu.<\/strong><\/p>\n<p data-index=\"6\">\u201e<span>Lumea condus\u0103 numai de b\u0103rba\u021bi nu este o lume bun\u0103. S-a f\u0103cut un chestionar \u00een 2013 din care rezult\u0103 c\u0103 lumea nu e mul\u021bumit\u0103 de felul \u00een care este condus\u0103 de b\u0103rba\u021bi\u201d, a punctat <strong>Aurora Liiceanu<\/strong>. Cu toate acestea, psihologul a remarcat c\u0103 \u00een 2008, \u00een cursa democrat\u0103 pentru candidatura la pre\u0219edin\u021bie, <strong>Barack Obama<\/strong> a avut c\u00e2\u0219tig de cauz\u0103 \u00een fa\u021ba lui <strong>Hillary Clinton<\/strong> tocmai pentru c\u0103 era b\u0103rbat. Deci, \u00eentr-o constatare cumva paradoxal\u0103, sexul a \u00eenvins rasa chiar \u0219i \u00een SUA.<\/span><\/p>\n<p data-index=\"7\">\u00centrebat\u0103 dac\u0103 i se pare c\u0103 societatea rom\u00e2neasc\u0103 este marcat\u0103 de actuala pre\u0219edin\u021bie de zece ani a lui Traian B\u0103sescu \u2013 fapt f\u0103r\u0103 precedent, ca durat\u0103, dup\u0103 1989 &#8211; \u0219i dac\u0103 se va \u00eent\u00e2mpla ceva dup\u0103 ce actualul pre\u0219edinte nu va mai fi la Cotroceni, Aurora Liiceanu s-a declarat <strong>pesimist\u0103<\/strong>.<\/p>\n<p data-index=\"8\">\u00a0\u201e<span><strong>Nu cred c\u0103 o s\u0103 fie mai bine<\/strong>, eu nu sunt optimist\u0103 din punctul \u0103sta de vedere \u0219i cred c\u0103 <strong>clasa politic\u0103 nu are niciun fel de interes ca s\u0103 fac\u0103 o educa\u021bie politic\u0103 oamenilor<\/strong>. Poate nici ei nu \u0219tiu prea multe, dar \u00een orice caz, tineretul nu se prea implic\u0103 \u2013 \u0219i asta e foarte r\u0103u. Ca s\u0103 spui c\u0103 dl. Ponta este un politician t\u00e2n\u0103r e cam pu\u021bin de spus. \u00cen primul r\u00e2nd c\u0103 nu mai este \u00een splendoarea splendorilor. \u0218i \u00een al doilea r\u00e2nd, este at\u00e2t de rar, sunt a\u0219a de pu\u021bini!\u201d, a conchis <strong>Aurora Liiceanu<\/strong>.<\/span><\/p>\n<\/div>\n<p> Source URL: https:\/\/www.digi24.ro\/stiri\/actualitate\/politica\/aurora-liiceanu-elena-udrea-a-intarit-misoginismul-in-politica-nu-vii-cu-fizicul-pe-care-pui-atata-pret-238243<\/p>\n","protected":false},"excerpt":{"rendered":"<p>\u201eNu prea avem pe cine, nu avem ofert\u0103 \u00een primul r\u00e2nd\u201d, a spus Aurora Liiceanu, \u00eentrebat\u0103 dac\u0103 vede o femeie cu \u0219anse s\u0103 candideze la Pre\u0219edin\u021bie Rim\u00e2niei. \u00cen al doilea r\u00e2nd, psihologul a ridicat dou\u0103 probleme: \u201e\u00cen Rom\u00e2nia nu e \u0219i un anume tip de misoginism? Femeile n-au intrat \u00een acest misoginism ca s\u0103-l \u00eent\u0103reasc\u0103?\u201d [&hellip;]<\/p>\n","protected":false},"author":1,"featured_media":206437,"comment_status":"open","ping_status":"","sticky":false,"template":"","format":"standard","meta":{"footnotes":""},"categories":[2],"tags":[11],"class_list":["post-206436","post","type-post","status-publish","format-standard","has-post-thumbnail","hentry","category-politics","tag-digi24"],"_links":{"self":[{"href":"https:\/\/analyse.optim.biz\/index.php?rest_route=\/wp\/v2\/posts\/206436","targetHints":{"allow":["GET"]}}],"collection":[{"href":"https:\/\/analyse.optim.biz\/index.php?rest_route=\/wp\/v2\/posts"}],"about":[{"href":"https:\/\/analyse.optim.biz\/index.php?rest_route=\/wp\/v2\/types\/post"}],"author":[{"embeddable":true,"href":"https:\/\/analyse.optim.biz\/index.php?rest_route=\/wp\/v2\/users\/1"}],"replies":[{"embeddable":true,"href":"https:\/\/analyse.optim.biz\/index.php?rest_route=%2Fwp%2Fv2%2Fcomments&post=206436"}],"version-history":[{"count":0,"href":"https:\/\/analyse.optim.biz\/index.php?rest_route=\/wp\/v2\/posts\/206436\/revisions"}],"wp:featuredmedia":[{"embeddable":true,"href":"https:\/\/analyse.optim.biz\/index.php?rest_route=\/wp\/v2\/media\/206437"}],"wp:attachment":[{"href":"https:\/\/analyse.optim.biz\/index.php?rest_route=%2Fwp%2Fv2%2Fmedia&parent=206436"}],"wp:term":[{"taxonomy":"category","embeddable":true,"href":"https:\/\/analyse.optim.biz\/index.php?rest_route=%2Fwp%2Fv2%2Fcategories&post=206436"},{"taxonomy":"post_tag","embeddable":true,"href":"https:\/\/analyse.optim.biz\/index.php?rest_route=%2Fwp%2Fv2%2Ftags&post=206436"}],"curies":[{"name":"wp","href":"https:\/\/api.w.org\/{rel}","templated":true}]}}