{"id":2064327,"date":"2026-07-27T13:44:41","date_gmt":"2026-07-27T10:44:41","guid":{"rendered":"https:\/\/analyse.optim.biz\/?p=2064327"},"modified":"2026-07-27T13:44:41","modified_gmt":"2026-07-27T10:44:41","slug":"peste-200-de-evenimente-in-patru-zile-de-muzica-cultura-si-sport-vineri-incepe-ziua-timisoarei","status":"publish","type":"post","link":"https:\/\/analyse.optim.biz\/?p=2064327","title":{"rendered":"Peste 200 de evenimente \u00een patru zile de muzic\u0103, cultur\u0103 \u015fi sport! Vineri \u00eencepe Ziua Timi\u015foarei"},"content":{"rendered":"<p>[analyse_image type=&#8221;featured&#8221; src=&#8221;https:\/\/www.banatulmeu.ro\/wp-content\/uploads\/2026\/07\/756043952_1787940992638054_2976369618282310345_n-1-e1785161090169.jpg&#8221;]<\/p>\n<div class=\"post-content-bd\">\n<p>203 de evenimente cu acces gratuit vor avea loc la Timi\u015foara, \u00eentre 31 iulie \u015fi 3 august, cu ocazia zilei ora\u015fului.\u00a0Beth Hart, The Script \u0219i Marija \u0160erifovi\u0107 conduc lineup-ul unei edi\u021bii care aduce \u00eempreun\u0103 scena interna\u021bional\u0103 \u0219i operatorii culturali, festivalurile \u0219i arti\u0219tii locali. Evenimentele din cadrul Ziua Timi\u0219oarei | Timi\u0219oara City Celebration vor avea loc \u00een Parcul Civic, Parcul \u0219i Bulevardul I.C. Br\u0103tianu, zona Uszoda, Splaiul Nicolae Titulescu, Pia\u021ba Victoriei \u0219i \u00een alte peste 30 de spa\u021bii din ora\u015f.<\/p>\n<p><em>\u201cSub mesajul \u201eUn ora\u0219. O mie de feluri de a-l tr\u0103i.\u201d, edi\u021bia din acest an propune o celebrare a comunit\u0103\u021bilor, culturilor, genera\u021biilor \u0219i formelor de expresie care definesc identitatea contemporan\u0103 a Timi\u0219oarei. Programul muzical este deschis de trei headlineri interna\u021bionali care vor concerta pentru prima dat\u0103 la Timi\u0219oara: artista american\u0103 Beth Hart, trupa irlandez\u0103 The Script \u0219i Marija \u0160erifovi\u0107, una dintre cele mai apreciate voci din Europa de Sud-Est\u201d<\/em>, a informat Centrul de Proiecte al Municipiului Timi\u015foara.<\/p>\n<p>Vineri, 31 iulie, Beth Hart va aduce pe scena principal\u0103 de pe Bulevardul I.C. Br\u0103tianu un concert mult a\u0219teptat de fanii timi\u0219oreni. Nominalizat\u0103 la Premiile Grammy \u0219i recunoscut\u0103 pentru intensitatea interpret\u0103rilor sale live, artista american\u0103 are o carier\u0103 de aproape trei decenii, peste 600 de milioane de ascult\u0103ri pe platformele digitale \u0219i colabor\u0103ri cu arti\u0219ti precum Slash, Joe Bonamassa \u0219i Eric Gales.<\/p>\n<p>S\u00e2mb\u0103t\u0103, 1 august, The Script va sus\u021bine unul dintre cele mai a\u0219teptate concerte ale edi\u021biei. Trupa originar\u0103 din Dublin, cunoscut\u0103 pentru hituri precum \u201eHall of Fame\u201d, \u201eThe Man Who Can\u2019t Be Moved\u201d, \u201eBreakeven\u201d, \u201eNothing\u201d \u0219i \u201eSuperheroes\u201d, ajunge \u00een premier\u0103 la Timi\u0219oara, dup\u0103 dou\u0103 decenii de succes interna\u021bional \u0219i miliarde de ascult\u0103ri \u00een mediul online.<\/p>\n<p>Duminic\u0103, 2 august, Marija \u0160erifovi\u0107, c\u00e2\u0219tig\u0103toare a concursului Eurovision \u00een 2007, va \u00eencheia seria marilor concerte interna\u021bionale de pe Bulevardul I.C. Br\u0103tianu. Artista este una dintre cele mai importante voci din spa\u021biul ex-iugoslav, apreciat\u0103 pentru for\u021ba interpret\u0103rilor \u0219i rela\u021bia special\u0103 pe care o construie\u0219te cu publicul.<\/p>\n<p>Al\u0103turi de headlinerii interna\u021bionali, scena principal\u0103 va reuni arti\u0219ti consacra\u021bi \u0219i reprezentan\u021bi ai noii genera\u021bii din Rom\u00e2nia \u0219i Republica Moldova. Irina Rimes, Satoshi \u0219i Dora Gaitanovici vor completa programul serii de s\u00e2mb\u0103t\u0103, iar Alexandra C\u0103pit\u0103nescu \u0219i trupa timi\u0219orean\u0103 JazzyBIT &amp; K-lu vor urca pe scen\u0103 \u00een prima zi a evenimentului. Programul de duminic\u0103 va aduce \u00eempreun\u0103 muzica u\u0219oar\u0103 rom\u00e2neasc\u0103 \u0219i patrimoniul cultural al regiunii, prin recitalurile sus\u021binute de Monica Anghel, Nico \u0219i Daniel Iord\u0103chioaie, al\u0103turi de Ansamblul Timi\u0219ul \u0219i interpre\u021bii de muzic\u0103 popular\u0103 Andreea Voica, Alexandru Br\u0103d\u0103\u021ban, Aurora \u0219i S\u0103ndel Mihai.<\/p>\n<p>Ziua Timi\u0219oarei | Timi\u0219oara City Celebration reune\u015fte \u00een acela\u0219i program arti\u0219ti, festivaluri \u0219i organiza\u021bii care dau identitate cultural\u0103 ora\u0219ului pe tot parcursul anului. \u00cen Parcul Civic \u0219i Parcul I.C. Br\u0103tianu, Psihodrom, Muzicon Hub, Time to Rock by FITT, CODRU, Guilty Corner, AnonimTM, Embargo Hub \u0219i JAZZx propun concerte, showcase-uri \u0219i experien\u021be dedicate comunit\u0103\u021bilor lor, oferind vizibilitate arti\u0219tilor locali \u0219i independen\u021bi \u0219i transform\u00e2nd Ziua Timi\u0219oarei \u00eentr-o adev\u0103rat\u0103 vitrin\u0103 a creativit\u0103\u021bii timi\u0219orene.<\/p>\n<p>\u00centre 31 iulie \u0219i 2 august, zona Uszoda \u0219i Spaliul Nicolae Titulescu se transform\u0103 \u00eentr-un spa\u021biu dedicat sportului \u0219i mi\u0219c\u0103rii \u00een aer liber, cu competi\u021bii, demonstra\u021bii \u0219i activit\u0103\u021bi pentru toate v\u00e2rstele. Programul reune\u0219te turnee de baschet 3\u00d73, rugby, handbal \u0219i activit\u0103\u021bi recreative organizate de Sport Club Municipal Timi\u0219oara \u0219i organiza\u021bii sportive din Timi\u0219oara. AnonimTM completeaz\u0103 programul cu concursuri de skateboarding, BMX \u0219i trotinet\u0103, sesiuni de ini\u021biere \u0219i o dezbatere dedicat\u0103 viitorului Skatepark Timi\u0219oara.<\/p>\n<p>\u201eMeraviglia\u201d transform\u0103 Pia\u021ba Victoriei prin ap\u0103, foc \u0219i acroba\u021bie aerian\u0103 \u00cen serile de 1 \u0219i 2 august, Pia\u021ba Victoriei va deveni scena spectacolului \u201eMeraviglia | F\u00e2nt\u00e2ni dansante, fl\u0103c\u0103ri \u0219i acroba\u021bii aeriene\u201d, o produc\u021bie impresionant\u0103 care \u00eembin\u0103 apa, focul, lumina, muzica, proiec\u021biile video \u0219i acroba\u021bia aerian\u0103. Realizat de The Aerial Acrobats of Sonics \u0219i Viorica Water &amp; Fire, sub coordonarea BlueX Creative Collective, spectacolul transform\u0103 centrul Timi\u0219oarei \u00eentr-un univers vizual spectaculos. Dup\u0103 participarea la ceremonia de \u00eenchidere a programului Timi\u0219oara \u2013 Capital\u0103 European\u0103 a Culturii 2023, BlueX revine cu o crea\u021bie conceput\u0103 special pentru spa\u021biul urban, construit\u0103 \u00een jurul emo\u021biei, imagina\u021biei \u0219i frumuse\u021bii.<\/p>\n<p>Dincolo de concerte \u0219i marile scene ale evenimentului, Ziua Timi\u0219oarei | Timi\u0219oara City Celebration se extinde \u00een cartiere \u0219i spa\u021bii culturale din \u00eentreg ora\u0219ul prin proiectele finan\u021bate de Municipiul Timi\u0219oara, prin Centrul de Proiecte, \u00een cadrul programelor Cultura \u00een prezent \u0219i Repere \u00een cultur\u0103. Din Kuncz, Fabric \u0219i Braytim p\u00e2n\u0103 \u00een Cetate, Pia\u021ba Maria sau pe malurile Beg\u0103i, organiza\u021biile culturale locale propun tururi ghidate, instala\u021bii \u0219i expozi\u021bii, interven\u021bii artistice, spectacole, laboratoare creative, experien\u021be participative, proiecte dedicate patrimoniului, memoriei, literaturii, \u0219tiin\u021bei \u0219i noilor tehnologii, transform\u00e2nd ora\u0219ul \u00eentr-un laborator deschis al creativit\u0103\u021bii \u0219i particip\u0103rii.<\/p>\n<p>Programul complet al evenimentului este disponibil <a href=\"https:\/\/www.celebrare-timisoara.ro\/ro\/\">AICI<\/a>!<\/p>\n<\/div>\n<p>[analyse_source url=&#8221;https:\/\/www.banatulmeu.ro\/peste-200-de-evenimente-in-patru-zile-de-muzica-cultura-si-sport-vineri-incepe-ziua-timisoarei\/&#8221;]<\/p>\n","protected":false},"excerpt":{"rendered":"<p>[analyse_image type=&#8221;featured&#8221; src=&#8221;https:\/\/www.banatulmeu.ro\/wp-content\/uploads\/2026\/07\/756043952_1787940992638054_2976369618282310345_n-1-e1785161090169.jpg&#8221;] 203 de evenimente cu acces gratuit vor avea loc la Timi\u015foara, \u00eentre 31 iulie \u015fi 3 august, cu ocazia zilei ora\u015fului.\u00a0Beth Hart, The Script \u0219i Marija \u0160erifovi\u0107 conduc lineup-ul unei edi\u021bii care aduce \u00eempreun\u0103 scena interna\u021bional\u0103 \u0219i operatorii culturali, festivalurile \u0219i arti\u0219tii locali. Evenimentele din cadrul Ziua Timi\u0219oarei | Timi\u0219oara City Celebration [&hellip;]<\/p>\n","protected":false},"author":1,"featured_media":0,"comment_status":"open","ping_status":"","sticky":false,"template":"","format":"standard","meta":{"footnotes":""},"categories":[89],"tags":[204,226],"class_list":["post-2064327","post","type-post","status-publish","format-standard","hentry","category-romania","tag-banatulmeu-ro","tag-crawlmanager"],"_links":{"self":[{"href":"https:\/\/analyse.optim.biz\/index.php?rest_route=\/wp\/v2\/posts\/2064327","targetHints":{"allow":["GET"]}}],"collection":[{"href":"https:\/\/analyse.optim.biz\/index.php?rest_route=\/wp\/v2\/posts"}],"about":[{"href":"https:\/\/analyse.optim.biz\/index.php?rest_route=\/wp\/v2\/types\/post"}],"author":[{"embeddable":true,"href":"https:\/\/analyse.optim.biz\/index.php?rest_route=\/wp\/v2\/users\/1"}],"replies":[{"embeddable":true,"href":"https:\/\/analyse.optim.biz\/index.php?rest_route=%2Fwp%2Fv2%2Fcomments&post=2064327"}],"version-history":[{"count":0,"href":"https:\/\/analyse.optim.biz\/index.php?rest_route=\/wp\/v2\/posts\/2064327\/revisions"}],"wp:attachment":[{"href":"https:\/\/analyse.optim.biz\/index.php?rest_route=%2Fwp%2Fv2%2Fmedia&parent=2064327"}],"wp:term":[{"taxonomy":"category","embeddable":true,"href":"https:\/\/analyse.optim.biz\/index.php?rest_route=%2Fwp%2Fv2%2Fcategories&post=2064327"},{"taxonomy":"post_tag","embeddable":true,"href":"https:\/\/analyse.optim.biz\/index.php?rest_route=%2Fwp%2Fv2%2Ftags&post=2064327"}],"curies":[{"name":"wp","href":"https:\/\/api.w.org\/{rel}","templated":true}]}}