{"id":2064326,"date":"2026-07-27T13:34:04","date_gmt":"2026-07-27T10:34:04","guid":{"rendered":"https:\/\/analyse.optim.biz\/?p=2064326"},"modified":"2026-07-27T13:34:04","modified_gmt":"2026-07-27T10:34:04","slug":"traficul-va-fi-inchis-temporar-pe-autostrada-a1-in-vestul-tarii-din-cauza-unor-lucrari","status":"publish","type":"post","link":"https:\/\/analyse.optim.biz\/?p=2064326","title":{"rendered":"Traficul va fi \u00eenchis temporar pe autostrada A1, \u00een vestul \u0163\u0103rii, din cauza unor lucr\u0103ri"},"content":{"rendered":"<p>[analyse_image type=&#8221;featured&#8221; src=&#8221;https:\/\/www.banatulmeu.ro\/wp-content\/uploads\/2026\/07\/Foto-A1_VMS-e1785160966109.jpg&#8221;]<\/p>\n<div class=\"post-content-bd\">\n<p>Anun\u0163 important pentru \u015foferi! Direc\u0163ia Regional\u0103 de Drumuri \u015fi Poduri Timi\u015foara informeaz\u0103 c\u0103, \u00eencep\u00e2nd de mar\u021bi noaptea, 28 iulie, se vor executa lucr\u0103ri etapizate de modernizare \u0219i calibrare a sistemelor inteligente de transport (ITS). A\u015fadar, pentru montarea portalurilor VMS (panouri de informare cu mesaje variabile), vor fi instituite \u00eenchideri temporare de trafic (dou\u0103 ore, pe timpul nop\u021bii) pe anumite sectoare ale autostr\u0103zii A1, \u00een jude\u021bul Hunedoara, cu devierea circula\u021biei pe re\u021beaua de drumuri na\u021bionale.<\/p>\n<p>Iat\u0103 programul restric\u0163iilor \u015fi rutele de deviere:<\/p>\n<p><em>Data: 28.07.2026, ora \u00eencepere: 0:00 \u2013 Ora finalizare: 2:00<\/em><\/p>\n<p>\u2022 Rela\u021bia: N\u0103dlac \u2013 Sebe\u0219<br \/>\n\u2022 Portal VMS: km 357+200<br \/>\n\u2022 Rut\u0103 deviere: Nod \u0218oimu\u0219, A1 km 369+200 \u2013&gt; intersec\u021bie DN 68 km 0+900 \u2013&gt; intersec\u021bie cu DN 7 km 394+780 \u2013&gt; Deva \u2013&gt; S\u00e2ntuhalm \u2013&gt; Simeria \u2013&gt; Nod rutier Simeria Veche, A1 km 354+400.<\/p>\n<p><em>Data: 29.07.2026, Ora \u00eencepere: 0:00 \u2013 Ora finalizare: 2:00<\/em><\/p>\n<p>\u2022 Rela\u021bia: Sebe\u0219 \u2013 N\u0103dlac<br \/>\n\u2022 Portal VMS: km 350+850<br \/>\n\u2022 Rut\u0103 deviere: Nod Rutier Or\u0103\u0219tie, A1 km 333+800 \u2013&gt; intersec\u021bie DN 7 km 357+000 \u2013&gt; Or\u0103\u0219tie \u2013&gt; Turda\u0219 \u2013&gt; Spini \u2013&gt; intersec\u021bie Nod Rutier Simeria Veche, A1 km 354+300.<\/p>\n<p><em>Data: 29.07.2026, Ora \u00eencepere: 2:00 \u2013 Ora finalizare: 4:00<\/em><\/p>\n<p>\u2022 Rela\u021bia: N\u0103dlac-Sebe\u0219<br \/>\n\u2022 Portal VMS: km 350+850<br \/>\n\u2022 Rut\u0103 deviere: Nod Rutier Simeria Veche, A1 km 354+400 \u2013&gt; intersec\u021bie DN 7 km 377+600 \u2013&gt; Simeria \u2013&gt; S\u00e2ntuhalm \u2013&gt; Deva \u2013&gt; intersec\u021bie cu DN 7 km 394+780 \u2013&gt; intersec\u021bie DN 68 km 0+900 \u2013&gt; Nod \u0218oimu\u0219, A1 km 369+200.<\/p>\n<p>\u201c<em>\u00cen cadrul acestui proiect, se instaleaz\u0103 portaluri \u0219i echipamente ITS, se \u00eenlocuiesc camerele de supraveghere (CCTV) de pe st\u00e2lpii existen\u021bi \u00een zona median\u0103 a autostr\u0103zii \u0219i se monteaz\u0103 senzori \u00een carosabil, at\u00e2t pe banda de circula\u021bie a autostr\u0103zii, c\u00e2t \u0219i pe bretelele bidirec\u021bionale. \u00cen zonele cu lucr\u0103ri va fi montat\u0103 semnalizare rutier\u0103 temporar\u0103, fiind posibile \u00eenchideri ale unei benzi de circula\u021bie \u0219i dirijarea traficului pe o singur\u0103 band\u0103. Rug\u0103m conduc\u0103torii auto s\u0103 circule cu pruden\u021b\u0103, s\u0103 respecte semnalizarea rutier\u0103 temporar\u0103 instituit\u0103 \u0219i indica\u021biile personalului prezent \u00een teren<\/em>\u201c, a transmis DRDP Timi\u015foara.<\/p>\n<\/div>\n<p>[analyse_source url=&#8221;https:\/\/www.banatulmeu.ro\/traficul-va-fi-inchis-temporar-pe-autostrada-a1-in-vestul-tarii-din-cauza-unor-lucrari\/&#8221;]<\/p>\n","protected":false},"excerpt":{"rendered":"<p>[analyse_image type=&#8221;featured&#8221; src=&#8221;https:\/\/www.banatulmeu.ro\/wp-content\/uploads\/2026\/07\/Foto-A1_VMS-e1785160966109.jpg&#8221;] Anun\u0163 important pentru \u015foferi! Direc\u0163ia Regional\u0103 de Drumuri \u015fi Poduri Timi\u015foara informeaz\u0103 c\u0103, \u00eencep\u00e2nd de mar\u021bi noaptea, 28 iulie, se vor executa lucr\u0103ri etapizate de modernizare \u0219i calibrare a sistemelor inteligente de transport (ITS). A\u015fadar, pentru montarea portalurilor VMS (panouri de informare cu mesaje variabile), vor fi instituite \u00eenchideri temporare de trafic [&hellip;]<\/p>\n","protected":false},"author":1,"featured_media":0,"comment_status":"open","ping_status":"","sticky":false,"template":"","format":"standard","meta":{"footnotes":""},"categories":[89],"tags":[204,226],"class_list":["post-2064326","post","type-post","status-publish","format-standard","hentry","category-romania","tag-banatulmeu-ro","tag-crawlmanager"],"_links":{"self":[{"href":"https:\/\/analyse.optim.biz\/index.php?rest_route=\/wp\/v2\/posts\/2064326","targetHints":{"allow":["GET"]}}],"collection":[{"href":"https:\/\/analyse.optim.biz\/index.php?rest_route=\/wp\/v2\/posts"}],"about":[{"href":"https:\/\/analyse.optim.biz\/index.php?rest_route=\/wp\/v2\/types\/post"}],"author":[{"embeddable":true,"href":"https:\/\/analyse.optim.biz\/index.php?rest_route=\/wp\/v2\/users\/1"}],"replies":[{"embeddable":true,"href":"https:\/\/analyse.optim.biz\/index.php?rest_route=%2Fwp%2Fv2%2Fcomments&post=2064326"}],"version-history":[{"count":0,"href":"https:\/\/analyse.optim.biz\/index.php?rest_route=\/wp\/v2\/posts\/2064326\/revisions"}],"wp:attachment":[{"href":"https:\/\/analyse.optim.biz\/index.php?rest_route=%2Fwp%2Fv2%2Fmedia&parent=2064326"}],"wp:term":[{"taxonomy":"category","embeddable":true,"href":"https:\/\/analyse.optim.biz\/index.php?rest_route=%2Fwp%2Fv2%2Fcategories&post=2064326"},{"taxonomy":"post_tag","embeddable":true,"href":"https:\/\/analyse.optim.biz\/index.php?rest_route=%2Fwp%2Fv2%2Ftags&post=2064326"}],"curies":[{"name":"wp","href":"https:\/\/api.w.org\/{rel}","templated":true}]}}