{"id":2064325,"date":"2026-07-27T12:31:58","date_gmt":"2026-07-27T09:31:58","guid":{"rendered":"https:\/\/analyse.optim.biz\/?p=2064325"},"modified":"2026-07-27T12:31:58","modified_gmt":"2026-07-27T09:31:58","slug":"trafic-inchis-timp-de-cateva-zile-pe-o-portiune-din-bulevardul-liviu-rebreanu","status":"publish","type":"post","link":"https:\/\/analyse.optim.biz\/?p=2064325","title":{"rendered":"Trafic \u00eenchis timp de c\u00e2teva zile pe o por\u0163iune din Bulevardul Liviu Rebreanu"},"content":{"rendered":"<p>[analyse_image type=&#8221;featured&#8221; src=&#8221;https:\/\/www.banatulmeu.ro\/wp-content\/uploads\/2026\/07\/rebranu-e1785160992877.jpg&#8221;]<\/p>\n<div class=\"post-content-bd\">\n<p>Prim\u0103ria Timi\u015foara vine cu un anun\u0163 important pentru \u015foferi! \u015ei anume, o por\u0163iune din Bulevardul Liviu Rebreanu va fi \u00eenchis\u0103 circula\u0163iei timp de c\u00e2teva zile, \u00een vederea realiz\u0103rii lucr\u0103rilor de repara\u0163ii.<\/p>\n<p><em>\u201cLucr\u0103rile de modernizare a infrastructurii rutiere de pe bulevardul Liviu Rebreanu intr\u0103 \u00eentr-o nou\u0103 etap\u0103. Prim\u0103ria Municipiului Timi\u0219oara, prin Societatea Drumuri Municipale (SDM), deruleaz\u0103 noi interven\u021bii pentru refacerea carosabilului pe una dintre cele mai circulate artere din ora\u0219. \u00cen aceast\u0103 etap\u0103 a lucr\u0103rilor, echipele SDM vor interveni pentru schimbarea covorului asfaltic \u00een intersec\u021bia Bulevardul Liviu Rebreanu \u2013 Calea Martirilor 1989, opera\u021biune care nu se poate desf\u0103\u0219ura \u00een condi\u021bii de trafic. Astfel, pentru realizarea interven\u021biilor \u00een siguran\u021b\u0103, traficul rutier va fi \u00eenchis, \u00een perioada 29.07.2026-01.08.2026, pe sensul de deplasare Spitalul Jude\u021bean \u2013 Calea \u0218agului\u201d<\/em>, a informat institu\u0163ia.<\/p>\n<p>Pe durata interven\u021biei, circula\u021bia rutier\u0103 va fi deviat\u0103 pe strada Diaconu Coresi \u0219i strada Arie\u0219.<\/p>\n<p>P\u00e2n\u0103 \u00een prezent, pe Bulevardul Liviu Rebreanu au fost finalizate interven\u021biile pe tronsonul cuprins \u00eentre strada Drubeta \u0219i Calea Martirilor, pe sensul de mers spre Spitalul Jude\u021bean. De asemenea, au fost ref\u0103cute integral trotuarele dintre sensul giratoriu AEM \u0219i bulevardul Sudului, pe o lungime de aproximativ 1,5 kilometri, pe ambele sensuri de circula\u021bie.<\/p>\n<\/div>\n<p>[analyse_source url=&#8221;https:\/\/www.banatulmeu.ro\/trafic-inchis-timp-de-cateva-zile-pe-o-portiune-din-bulevardul-liviu-rebreanu\/&#8221;]<\/p>\n","protected":false},"excerpt":{"rendered":"<p>[analyse_image type=&#8221;featured&#8221; src=&#8221;https:\/\/www.banatulmeu.ro\/wp-content\/uploads\/2026\/07\/rebranu-e1785160992877.jpg&#8221;] Prim\u0103ria Timi\u015foara vine cu un anun\u0163 important pentru \u015foferi! \u015ei anume, o por\u0163iune din Bulevardul Liviu Rebreanu va fi \u00eenchis\u0103 circula\u0163iei timp de c\u00e2teva zile, \u00een vederea realiz\u0103rii lucr\u0103rilor de repara\u0163ii. \u201cLucr\u0103rile de modernizare a infrastructurii rutiere de pe bulevardul Liviu Rebreanu intr\u0103 \u00eentr-o nou\u0103 etap\u0103. Prim\u0103ria Municipiului Timi\u0219oara, prin Societatea Drumuri [&hellip;]<\/p>\n","protected":false},"author":1,"featured_media":0,"comment_status":"open","ping_status":"","sticky":false,"template":"","format":"standard","meta":{"footnotes":""},"categories":[89],"tags":[204,226],"class_list":["post-2064325","post","type-post","status-publish","format-standard","hentry","category-romania","tag-banatulmeu-ro","tag-crawlmanager"],"_links":{"self":[{"href":"https:\/\/analyse.optim.biz\/index.php?rest_route=\/wp\/v2\/posts\/2064325","targetHints":{"allow":["GET"]}}],"collection":[{"href":"https:\/\/analyse.optim.biz\/index.php?rest_route=\/wp\/v2\/posts"}],"about":[{"href":"https:\/\/analyse.optim.biz\/index.php?rest_route=\/wp\/v2\/types\/post"}],"author":[{"embeddable":true,"href":"https:\/\/analyse.optim.biz\/index.php?rest_route=\/wp\/v2\/users\/1"}],"replies":[{"embeddable":true,"href":"https:\/\/analyse.optim.biz\/index.php?rest_route=%2Fwp%2Fv2%2Fcomments&post=2064325"}],"version-history":[{"count":0,"href":"https:\/\/analyse.optim.biz\/index.php?rest_route=\/wp\/v2\/posts\/2064325\/revisions"}],"wp:attachment":[{"href":"https:\/\/analyse.optim.biz\/index.php?rest_route=%2Fwp%2Fv2%2Fmedia&parent=2064325"}],"wp:term":[{"taxonomy":"category","embeddable":true,"href":"https:\/\/analyse.optim.biz\/index.php?rest_route=%2Fwp%2Fv2%2Fcategories&post=2064325"},{"taxonomy":"post_tag","embeddable":true,"href":"https:\/\/analyse.optim.biz\/index.php?rest_route=%2Fwp%2Fv2%2Ftags&post=2064325"}],"curies":[{"name":"wp","href":"https:\/\/api.w.org\/{rel}","templated":true}]}}