{"id":2064321,"date":"2026-07-27T12:52:36","date_gmt":"2026-07-27T09:52:36","guid":{"rendered":"https:\/\/analyse.optim.biz\/?p=2064321"},"modified":"2026-07-27T12:52:36","modified_gmt":"2026-07-27T09:52:36","slug":"revine-canicula-in-banat-termometrele-vor-arata-si-38-grade-celsius","status":"publish","type":"post","link":"https:\/\/analyse.optim.biz\/?p=2064321","title":{"rendered":"Revine canicula \u00een Banat! Termometrele vor ar\u0103ta \u015fi 38 grade Celsius"},"content":{"rendered":"<p>[analyse_image type=&#8221;featured&#8221; src=&#8221;http:\/\/www.banatulmeu.ro\/wp-content\/uploads\/2021\/08\/canicula6.jpg&#8221;]<\/p>\n<div class=\"post-content-bd\">\n<p>Revine canicula \u00een zona de vest a \u0163\u0103rii. Potrivit Administra\u0163iei Na\u0163ionale de Meteorologie, care a f\u0103cut public\u0103 prognoza meteo p\u00e2n\u0103 \u00een data de 09 august \u00een Banat, termometrele vor ar\u0103ta \u015fi 38 grade Celsius \u00een zilele urm\u0103toare.<\/p>\n<p><em>\u201cP\u00e2n\u0103 \u00een data de 6 august vremea se va afla \u00eentr-un proces de \u00eenc\u0103lzire, va deveni canicular\u0103, iar disconfortul termic se va accentua. Media temperaturilor maxime va cre\u0219te de la 31 de grade \u00een prima zi, p\u00e2n\u0103 \u00een jurul a 38 de grade, la mijlocul celei de a doua s\u0103pt\u0103m\u00e2ni. \u00cen perioada urm\u0103toare, temperaturile diurne vor sc\u0103dea treptat, dar canicula \u0219i disconfortul termic vor persista. Media minimelor termice va sc\u0103dea de la 17 grade, la 14 grade \u00een diminea\u021ba zilei de 29 iulie, va cre\u0219te cu aproximativ 5 grade p\u00e2n\u0103 la \u00eenceputul lunii august, apoi va avea varia\u021bii \u00eentre 18 \u0219i 20 de grade\u201d,<\/em> a informat ANM.<\/p>\n<p>Potrivit meteorologilor, manifest\u0103ri de instabilitate atmosferic\u0103 vor fi \u00een prima zi \u0219i posibil dup\u0103 data de 5 august.<\/p>\n<\/div>\n<p>[analyse_source url=&#8221;https:\/\/www.banatulmeu.ro\/revine-canicula-in-banat-termometrele-vor-arata-si-38-grade-celsius\/&#8221;]<\/p>\n","protected":false},"excerpt":{"rendered":"<p>[analyse_image type=&#8221;featured&#8221; src=&#8221;http:\/\/www.banatulmeu.ro\/wp-content\/uploads\/2021\/08\/canicula6.jpg&#8221;] Revine canicula \u00een zona de vest a \u0163\u0103rii. Potrivit Administra\u0163iei Na\u0163ionale de Meteorologie, care a f\u0103cut public\u0103 prognoza meteo p\u00e2n\u0103 \u00een data de 09 august \u00een Banat, termometrele vor ar\u0103ta \u015fi 38 grade Celsius \u00een zilele urm\u0103toare. \u201cP\u00e2n\u0103 \u00een data de 6 august vremea se va afla \u00eentr-un proces de \u00eenc\u0103lzire, va [&hellip;]<\/p>\n","protected":false},"author":1,"featured_media":0,"comment_status":"open","ping_status":"","sticky":false,"template":"","format":"standard","meta":{"footnotes":""},"categories":[89],"tags":[204,226],"class_list":["post-2064321","post","type-post","status-publish","format-standard","hentry","category-romania","tag-banatulmeu-ro","tag-crawlmanager"],"_links":{"self":[{"href":"https:\/\/analyse.optim.biz\/index.php?rest_route=\/wp\/v2\/posts\/2064321","targetHints":{"allow":["GET"]}}],"collection":[{"href":"https:\/\/analyse.optim.biz\/index.php?rest_route=\/wp\/v2\/posts"}],"about":[{"href":"https:\/\/analyse.optim.biz\/index.php?rest_route=\/wp\/v2\/types\/post"}],"author":[{"embeddable":true,"href":"https:\/\/analyse.optim.biz\/index.php?rest_route=\/wp\/v2\/users\/1"}],"replies":[{"embeddable":true,"href":"https:\/\/analyse.optim.biz\/index.php?rest_route=%2Fwp%2Fv2%2Fcomments&post=2064321"}],"version-history":[{"count":0,"href":"https:\/\/analyse.optim.biz\/index.php?rest_route=\/wp\/v2\/posts\/2064321\/revisions"}],"wp:attachment":[{"href":"https:\/\/analyse.optim.biz\/index.php?rest_route=%2Fwp%2Fv2%2Fmedia&parent=2064321"}],"wp:term":[{"taxonomy":"category","embeddable":true,"href":"https:\/\/analyse.optim.biz\/index.php?rest_route=%2Fwp%2Fv2%2Fcategories&post=2064321"},{"taxonomy":"post_tag","embeddable":true,"href":"https:\/\/analyse.optim.biz\/index.php?rest_route=%2Fwp%2Fv2%2Ftags&post=2064321"}],"curies":[{"name":"wp","href":"https:\/\/api.w.org\/{rel}","templated":true}]}}