{"id":2064320,"date":"2026-07-27T12:06:18","date_gmt":"2026-07-27T09:06:18","guid":{"rendered":"https:\/\/analyse.optim.biz\/?p=2064320"},"modified":"2026-07-27T12:06:18","modified_gmt":"2026-07-27T09:06:18","slug":"timisoara-se-prelungeste-devierea-liniilor-expres-4-si-expres-4b-pana-la-sfarsitul-lui-august","status":"publish","type":"post","link":"https:\/\/analyse.optim.biz\/?p=2064320","title":{"rendered":"Timi\u0219oara: Se prelunge\u0219te devierea liniilor Expres 4 \u0219i Expres 4b, p\u00e2n\u0103 la sf\u00e2r\u0219itul lui august"},"content":{"rendered":"<p>[analyse_image type=&#8221;featured&#8221; src=&#8221;https:\/\/www.banatulmeu.ro\/wp-content\/uploads\/2024\/06\/autobuz-e1717677656814.jpg&#8221;]<\/p>\n<div class=\"post-content-bd\">\n<p>Societatea de Transport Public Timi\u0219oara (STPT) anun\u021b\u0103 prelungirea devierii traseelor liniilor Expres 4 \u0219i Expres 4b p\u00e2n\u0103 la finalul lui august.<\/p>\n<p>M\u0103sura va fi valabil\u0103 \u00een perioada 31 iulie, ora 04:00 \u2013 31 august, ora 24:00, \u0219i este necesar\u0103 deoarece accesul dinspre Calea Lugojului c\u0103tre Aeroportul Interna\u021bional Timi\u0219oara, pe strada Aeroport, va fi \u00eenchis.<\/p>\n<p>Pe durata restric\u021biilor, autobuzele de pe liniile<strong> Expres 4 \u0219i Expres 4b<\/strong> vor circula pe urm\u0103toarele trasee deviate:<\/p>\n<p><strong>Traseu tur:<\/strong> Calea Lugojului \u2013 Varianta Ocolitoare Timi\u0219oara \u2013 Centura Timi\u0219oara \u2013 strada Aeroport \u2013 strada Hella \u2013 traseu normal.<\/p>\n<p><strong>Traseu retur:<\/strong> Traseu normal \u2013 strada Hella \u2013 strada Aeroport \u2013 Centura Timi\u0219oara \u2013 Calea Lugojului \u2013 traseu normal.<\/p>\n<p>Devierile vor r\u0103m\u00e2ne \u00een vigoare p\u00e2n\u0103 la finalul zilei de 31 august.<\/p>\n<\/div>\n<p>[analyse_source url=&#8221;https:\/\/www.banatulmeu.ro\/timisoara-se-prelungeste-devierea-liniilor-expres-4-si-expres-4b-pana-la-sfarsitul-lui-august\/&#8221;]<\/p>\n","protected":false},"excerpt":{"rendered":"<p>[analyse_image type=&#8221;featured&#8221; src=&#8221;https:\/\/www.banatulmeu.ro\/wp-content\/uploads\/2024\/06\/autobuz-e1717677656814.jpg&#8221;] Societatea de Transport Public Timi\u0219oara (STPT) anun\u021b\u0103 prelungirea devierii traseelor liniilor Expres 4 \u0219i Expres 4b p\u00e2n\u0103 la finalul lui august. M\u0103sura va fi valabil\u0103 \u00een perioada 31 iulie, ora 04:00 \u2013 31 august, ora 24:00, \u0219i este necesar\u0103 deoarece accesul dinspre Calea Lugojului c\u0103tre Aeroportul Interna\u021bional Timi\u0219oara, pe strada Aeroport, va [&hellip;]<\/p>\n","protected":false},"author":1,"featured_media":0,"comment_status":"open","ping_status":"","sticky":false,"template":"","format":"standard","meta":{"footnotes":""},"categories":[89],"tags":[204,226],"class_list":["post-2064320","post","type-post","status-publish","format-standard","hentry","category-romania","tag-banatulmeu-ro","tag-crawlmanager"],"_links":{"self":[{"href":"https:\/\/analyse.optim.biz\/index.php?rest_route=\/wp\/v2\/posts\/2064320","targetHints":{"allow":["GET"]}}],"collection":[{"href":"https:\/\/analyse.optim.biz\/index.php?rest_route=\/wp\/v2\/posts"}],"about":[{"href":"https:\/\/analyse.optim.biz\/index.php?rest_route=\/wp\/v2\/types\/post"}],"author":[{"embeddable":true,"href":"https:\/\/analyse.optim.biz\/index.php?rest_route=\/wp\/v2\/users\/1"}],"replies":[{"embeddable":true,"href":"https:\/\/analyse.optim.biz\/index.php?rest_route=%2Fwp%2Fv2%2Fcomments&post=2064320"}],"version-history":[{"count":0,"href":"https:\/\/analyse.optim.biz\/index.php?rest_route=\/wp\/v2\/posts\/2064320\/revisions"}],"wp:attachment":[{"href":"https:\/\/analyse.optim.biz\/index.php?rest_route=%2Fwp%2Fv2%2Fmedia&parent=2064320"}],"wp:term":[{"taxonomy":"category","embeddable":true,"href":"https:\/\/analyse.optim.biz\/index.php?rest_route=%2Fwp%2Fv2%2Fcategories&post=2064320"},{"taxonomy":"post_tag","embeddable":true,"href":"https:\/\/analyse.optim.biz\/index.php?rest_route=%2Fwp%2Fv2%2Ftags&post=2064320"}],"curies":[{"name":"wp","href":"https:\/\/api.w.org\/{rel}","templated":true}]}}