{"id":2064319,"date":"2026-07-27T10:51:32","date_gmt":"2026-07-27T07:51:32","guid":{"rendered":"https:\/\/analyse.optim.biz\/?p=2064319"},"modified":"2026-07-27T10:51:32","modified_gmt":"2026-07-27T07:51:32","slug":"timisoara-politist-lovit-cu-pumnul-in-timp-ce-legitima-mai-multe-persoane-pe-malul-begai-agresorul-a-fost-arestat-preventiv","status":"publish","type":"post","link":"https:\/\/analyse.optim.biz\/?p=2064319","title":{"rendered":"Timi\u0219oara: Poli\u021bist lovit cu pumnul \u00een timp ce legitima mai multe persoane pe malul Beg\u0103i. Agresorul a fost arestat preventiv"},"content":{"rendered":"<p>[analyse_image type=&#8221;featured&#8221; src=&#8221;https:\/\/www.banatulmeu.ro\/wp-content\/uploads\/2025\/07\/IMG_0360.jpeg&#8221;]<\/p>\n<div class=\"post-content-bd\">\n<p>Un b\u0103rbat a fost arestat preventiv pentru 30 de zile, dup\u0103 ce ar fi lovit cu pumnul un poli\u021bist aflat \u00een exercitarea atribu\u021biilor de serviciu, pe malul r\u00e2ului Bega, \u00een Timi\u0219oara. Incidentul s-a produs \u00een noaptea de s\u00e2mb\u0103t\u0103 spre duminic\u0103.<\/p>\n<p>Potrivit Parchetului de pe l\u00e2ng\u0103 Judec\u0103toria Timi\u0219oara, \u00een jurul orei 23:30, un agent de poli\u021bie din cadrul Sec\u021biei 1 se afla \u00een timpul unei ac\u021biuni pentru men\u021binerea ordinii publice \u0219i proceda la legitimarea mai multor persoane care consumau b\u0103uturi alcoolice pe malul Beg\u0103i.<\/p>\n<p>\u00cen aceste \u00eemprejur\u0103ri, unul dintre b\u0103rba\u021bi l-ar fi lovit pe poli\u021bist cu pumnul \u00een zona g\u00e2tului \u0219i a capului, \u00een partea st\u00e2ng\u0103.<\/p>\n<p>Anchetatorii sus\u021bin c\u0103, prin comportamentul s\u0103u agresiv, b\u0103rbatul a provocat indignare \u0219i team\u0103 persoanelor aflate \u00een zon\u0103 \u0219i a tulburat ordinea \u0219i lini\u0219tea public\u0103.<\/p>\n<p>Conform Parchetului de pe l\u00e2ng\u0103 Judec\u0103toria Timi\u0219oara, gravitatea faptei este conturat\u0103 at\u00e2t de modalitatea \u00een care ar fi fost comis\u0103, c\u00e2t \u0219i de situa\u021bia inculpatului. Acesta este recidivist postcondamnatoriu, av\u00e2nd o condamnare anterioar\u0103 la pedeapsa \u00eenchisorii cu suspendarea execut\u0103rii sub supraveghere.<\/p>\n<p>Astfel c\u0103, duminic\u0103, 26 iulie, procurorul de caz din cadrul Parchetului de pe l\u00e2ng\u0103 Judec\u0103toria Timi\u0219oara a dispus punerea \u00een mi\u0219care a ac\u021biunii penale fa\u021b\u0103 de b\u0103rbat pentru ultraj \u0219i tulburarea ordinii \u0219i lini\u0219tii publice. Totodat\u0103, procurorul a solicitat arestarea preventiv\u0103 a inculpatului pentru 30 de zile. Propunerea a fost admis\u0103 \u00een aceea\u0219i zi de judec\u0103torul de drepturi \u0219i libert\u0103\u021bi din cadrul Judec\u0103toriei Timi\u0219oara.<\/p>\n<p>Cercet\u0103rile sunt efectuate de procurorul de caz din cadrul Parchetului de pe l\u00e2ng\u0103 Judec\u0103toria Timi\u0219oara, cu sprijinul poli\u021bi\u0219tilor din cadrul Poli\u021biei Municipiului Timi\u0219oara \u2013 Sec\u021bia 1 Poli\u021bie.<\/p>\n<\/div>\n<p>[analyse_source url=&#8221;https:\/\/www.banatulmeu.ro\/timisoara-politist-lovit-cu-pumnul-in-timp-ce-legitima-mai-multe-persoane-pe-malul-begai-agresorul-a-fost-arestat-preventiv\/&#8221;]<\/p>\n","protected":false},"excerpt":{"rendered":"<p>[analyse_image type=&#8221;featured&#8221; src=&#8221;https:\/\/www.banatulmeu.ro\/wp-content\/uploads\/2025\/07\/IMG_0360.jpeg&#8221;] Un b\u0103rbat a fost arestat preventiv pentru 30 de zile, dup\u0103 ce ar fi lovit cu pumnul un poli\u021bist aflat \u00een exercitarea atribu\u021biilor de serviciu, pe malul r\u00e2ului Bega, \u00een Timi\u0219oara. Incidentul s-a produs \u00een noaptea de s\u00e2mb\u0103t\u0103 spre duminic\u0103. Potrivit Parchetului de pe l\u00e2ng\u0103 Judec\u0103toria Timi\u0219oara, \u00een jurul orei 23:30, un [&hellip;]<\/p>\n","protected":false},"author":1,"featured_media":0,"comment_status":"open","ping_status":"","sticky":false,"template":"","format":"standard","meta":{"footnotes":""},"categories":[89],"tags":[204,226],"class_list":["post-2064319","post","type-post","status-publish","format-standard","hentry","category-romania","tag-banatulmeu-ro","tag-crawlmanager"],"_links":{"self":[{"href":"https:\/\/analyse.optim.biz\/index.php?rest_route=\/wp\/v2\/posts\/2064319","targetHints":{"allow":["GET"]}}],"collection":[{"href":"https:\/\/analyse.optim.biz\/index.php?rest_route=\/wp\/v2\/posts"}],"about":[{"href":"https:\/\/analyse.optim.biz\/index.php?rest_route=\/wp\/v2\/types\/post"}],"author":[{"embeddable":true,"href":"https:\/\/analyse.optim.biz\/index.php?rest_route=\/wp\/v2\/users\/1"}],"replies":[{"embeddable":true,"href":"https:\/\/analyse.optim.biz\/index.php?rest_route=%2Fwp%2Fv2%2Fcomments&post=2064319"}],"version-history":[{"count":0,"href":"https:\/\/analyse.optim.biz\/index.php?rest_route=\/wp\/v2\/posts\/2064319\/revisions"}],"wp:attachment":[{"href":"https:\/\/analyse.optim.biz\/index.php?rest_route=%2Fwp%2Fv2%2Fmedia&parent=2064319"}],"wp:term":[{"taxonomy":"category","embeddable":true,"href":"https:\/\/analyse.optim.biz\/index.php?rest_route=%2Fwp%2Fv2%2Fcategories&post=2064319"},{"taxonomy":"post_tag","embeddable":true,"href":"https:\/\/analyse.optim.biz\/index.php?rest_route=%2Fwp%2Fv2%2Ftags&post=2064319"}],"curies":[{"name":"wp","href":"https:\/\/api.w.org\/{rel}","templated":true}]}}