{"id":2064318,"date":"2026-07-27T10:29:54","date_gmt":"2026-07-27T07:29:54","guid":{"rendered":"https:\/\/analyse.optim.biz\/?p=2064318"},"modified":"2026-07-27T10:29:54","modified_gmt":"2026-07-27T07:29:54","slug":"simonis-timisoara-devine-dormitorul-comunei-mosnita-noua","status":"publish","type":"post","link":"https:\/\/analyse.optim.biz\/?p=2064318","title":{"rendered":"Simonis: Timisoara devine \u201edormitorul\u201d comunei Mosnita Noua"},"content":{"rendered":"<p>[analyse_image type=&#8221;featured&#8221; src=&#8221;http:\/\/www.banatulmeu.ro\/wp-content\/uploads\/2026\/07\/IMG_4587-e1785148043286.jpeg&#8221;]<\/p>\n<div class=\"post-content-bd\">\n<p>Se schimb\u0103 rolurile \u00eentre Timi\u0219oara \u0219i Mo\u0219ni\u021ba Nou\u0103, cel pu\u021bin \u00een viziunea lui Gerald Simonis, primarul independent al comunei. Dac\u0103 p\u00e2n\u0103 acum comuna de l\u00e2ng\u0103 municipiu a fost privit\u0103 mai degrab\u0103 drept o zon\u0103-dormitor a Timi\u0219oarei, Simonis vede lucrurile exact invers \u0219i spune c\u0103, odat\u0103 cu dezvoltarea infrastructurii \u0219i atragerea de noi investi\u021bii, \u201eTimi\u0219oara va fi dormitorul nostru\u201d.<\/p>\n<p>Declara\u021bia a fost f\u0103cut\u0103 \u00een cadrul podcastului \u201e<a href=\"https:\/\/vm.tiktok.com\/ZN8J76mER\/\">Televiziunea Pro Banat<\/a>\u201d, unde Gerald Simonis a vorbit despre viitorul Plan Urbanistic General (PUG) al comunei Mo\u0219ni\u021ba Nou\u0103. Acesta sus\u021bine c\u0103 documenta\u021bia va fi realizat\u0103 \u00een interesul comunit\u0103\u021bii \u0219i nu \u00een func\u021bie de interesele unor persoane, proiectan\u021bi sau investitori.<\/p>\n<p>Potrivit lui Simonis, finalizarea PUG-ului, al\u0103turi de dezvoltarea infrastructurii rutiere din zon\u0103, ar urma s\u0103 impulsioneze investi\u021biile \u0219i s\u0103 creasc\u0103 valoarea terenurilor.<\/p>\n<p>\u201e<em>PUG-ul comunei Mo\u0219ni\u021ba Nou\u0103 se va face pe interesul comunit\u0103\u021bii din Mo\u0219ni\u021ba Nou\u0103, nu pe interesul lui Gerald Simonis, nu pe interesul proiectan\u021bilor sau al altora care cred c\u0103 e de m\u00e2ncat o p\u00e2ine aici. Nu. De asta m-am asigurat \u0219i ast\u0103zi avem deja\u2026 termin\u0103m studiile \u00een timp record. \u00cen 48 de luni, mai sunt vreo 30 \u0219i ceva de luni, trei ani de zile, vom avea PUG-ul finalizat. Dar, \u00een momentul c\u00e2nd PUG-ul este finalizat \u0219i terenul va fi scos din intravilan \u0219i ei nu vor mai fi obliga\u021bi s\u0103 pl\u0103teasc\u0103 aceast\u0103 tax\u0103 de scoatere din circuit, vor da drumul la investi\u021bii odat\u0103 cu\u2026 pentru c\u0103 \u0219i terenurile lor vor avea alt\u0103 valoare odat\u0103 cu cobor\u00e2rea de la autostrad\u0103 \u0219i centura ocolitoare \u0219i va fi Timi\u0219oara dormitorul nostru<\/em>\u201d, a declarat Gerald Simonis, primarul comunei Mo\u0219ni\u021ba Nou la <a href=\"https:\/\/vm.tiktok.com\/ZN8JWPmvR\/\">podcastul \u201eTeleviziunea Pro Banat\u201d<\/a>.<\/p>\n<\/div>\n<p>[analyse_source url=&#8221;https:\/\/www.banatulmeu.ro\/simonis-timisoara-devine-dormitorul-comunei-mosnita-noua\/&#8221;]<\/p>\n","protected":false},"excerpt":{"rendered":"<p>[analyse_image type=&#8221;featured&#8221; src=&#8221;http:\/\/www.banatulmeu.ro\/wp-content\/uploads\/2026\/07\/IMG_4587-e1785148043286.jpeg&#8221;] Se schimb\u0103 rolurile \u00eentre Timi\u0219oara \u0219i Mo\u0219ni\u021ba Nou\u0103, cel pu\u021bin \u00een viziunea lui Gerald Simonis, primarul independent al comunei. Dac\u0103 p\u00e2n\u0103 acum comuna de l\u00e2ng\u0103 municipiu a fost privit\u0103 mai degrab\u0103 drept o zon\u0103-dormitor a Timi\u0219oarei, Simonis vede lucrurile exact invers \u0219i spune c\u0103, odat\u0103 cu dezvoltarea infrastructurii \u0219i atragerea de noi [&hellip;]<\/p>\n","protected":false},"author":1,"featured_media":0,"comment_status":"open","ping_status":"","sticky":false,"template":"","format":"standard","meta":{"footnotes":""},"categories":[89],"tags":[204,226],"class_list":["post-2064318","post","type-post","status-publish","format-standard","hentry","category-romania","tag-banatulmeu-ro","tag-crawlmanager"],"_links":{"self":[{"href":"https:\/\/analyse.optim.biz\/index.php?rest_route=\/wp\/v2\/posts\/2064318","targetHints":{"allow":["GET"]}}],"collection":[{"href":"https:\/\/analyse.optim.biz\/index.php?rest_route=\/wp\/v2\/posts"}],"about":[{"href":"https:\/\/analyse.optim.biz\/index.php?rest_route=\/wp\/v2\/types\/post"}],"author":[{"embeddable":true,"href":"https:\/\/analyse.optim.biz\/index.php?rest_route=\/wp\/v2\/users\/1"}],"replies":[{"embeddable":true,"href":"https:\/\/analyse.optim.biz\/index.php?rest_route=%2Fwp%2Fv2%2Fcomments&post=2064318"}],"version-history":[{"count":0,"href":"https:\/\/analyse.optim.biz\/index.php?rest_route=\/wp\/v2\/posts\/2064318\/revisions"}],"wp:attachment":[{"href":"https:\/\/analyse.optim.biz\/index.php?rest_route=%2Fwp%2Fv2%2Fmedia&parent=2064318"}],"wp:term":[{"taxonomy":"category","embeddable":true,"href":"https:\/\/analyse.optim.biz\/index.php?rest_route=%2Fwp%2Fv2%2Fcategories&post=2064318"},{"taxonomy":"post_tag","embeddable":true,"href":"https:\/\/analyse.optim.biz\/index.php?rest_route=%2Fwp%2Fv2%2Ftags&post=2064318"}],"curies":[{"name":"wp","href":"https:\/\/api.w.org\/{rel}","templated":true}]}}