{"id":2064317,"date":"2026-07-24T15:09:30","date_gmt":"2026-07-24T12:09:30","guid":{"rendered":"https:\/\/analyse.optim.biz\/?p=2064317"},"modified":"2026-07-24T15:09:30","modified_gmt":"2026-07-24T12:09:30","slug":"deficitul-bugetar-al-romaniei-s-a-redus-la-2-din-pib-in-primul-semestru-din-2026-veniturile-statului-cresc","status":"publish","type":"post","link":"https:\/\/analyse.optim.biz\/?p=2064317","title":{"rendered":"Deficitul bugetar al Rom\u00e2niei s-a redus la 2% din PIB \u00een primul semestru din 2026. Veniturile statului cresc"},"content":{"rendered":"<p>[analyse_image type=&#8221;featured&#8221; src=&#8221;https:\/\/orasul-timisoara.ro\/wp-content\/uploads\/2026\/07\/deficit-bani-reducere.jpg&#8221;]<\/p>\n<article id=\"post-39863\" class=\"td-post-template-7 post-39863 post type-post status-publish format-standard has-post-thumbnail category-featured category-stiri-nationale-si-internationale tag-alexandru-nazare tag-buget tag-deficit-bugetar tag-economie tag-executie-bugetara tag-fonduri-europene tag-investitii-publice tag-ministerul-finantelor-2 tag-pib tag-pnrr tag-romania-2 tag-tva td-container-wrap\">\n<div class=\"td-full-screen-header-image-wrap\">\n<div class=\"td-container td-post-header\">\n<div class=\"td-crumb-container\">\n<div class=\"entry-crumbs\"><span><a title=\"Vede\u021bi toate articolele \u00een \u0218tiri na\u021bionale \u0219i interna\u021bionale\" class=\"entry-crumb\" href=\"https:\/\/orasul-timisoara.ro\/local-category\/stiri-nationale-si-internationale\/\">\u0218tiri na\u021bionale \u0219i interna\u021bionale<\/a><\/span><span class=\"td-bred-no-url-last\">Deficitul bugetar al Rom\u00e2niei s-a redus la 2% din PIB \u00een primul&#8230;<\/span><\/div>\n<\/div>\n<div class=\"td-post-header-holder\">\n<div class=\"td-parallax-header\">\n<header class=\"td-post-title\">\n<ul class=\"td-category\">\n<li class=\"entry-category\"><a href=\"https:\/\/orasul-timisoara.ro\/local-category\/stiri-nationale-si-internationale\/\">\u0218tiri na\u021bionale \u0219i interna\u021bionale<\/a><\/li>\n<\/ul>\n<h1 class=\"entry-title\">Deficitul bugetar al Rom\u00e2niei s-a redus la 2% din PIB \u00een primul semestru din 2026. Veniturile statului cresc cu peste 10%, iar investi\u021biile ajung la aproape 60 de miliarde de lei<\/h1>\n<div class=\"td-module-meta-info\">\n<div class=\"td-post-author-name\">\n<div class=\"td-author-by\">De c\u0103tre<\/div>\n<p><a href=\"https:\/\/orasul-timisoara.ro\/author\/timisoara\/\">redactia<\/a><\/p>\n<div class=\"td-author-line\"> &#8211; <\/div>\n<\/div>\n<p><span class=\"td-post-date\"><time class=\"entry-date updated td-module-date\" datetime=\"2026-07-24T18:09:30+03:00\">24\/07\/2026<\/time><\/span><\/div>\n<\/header>\n<\/div>\n<\/div>\n<\/div>\n<div id=\"td-full-screen-header-image\" class=\"td-image-gradient-style7\"><img decoding=\"async\" class=\"td-backstretch\" src=\"https:\/\/orasul-timisoara.ro\/wp-content\/uploads\/2026\/07\/deficit-bani-reducere.jpg\"><\/div>\n<\/div>\n<div class=\"td-container\">\n<div class=\"td-pb-row\">\n<div class=\"td-pb-span8 td-main-content\" role=\"main\">\n<div class=\"td-ss-main-content\">\n<div class=\"td-post-sharing-top\">\n<div class=\"td-post-sharing-classic\"><iframe title=\"topFacebookLike\" frameborder src=\"https:\/\/www.facebook.com\/plugins\/like.php?href=https:\/\/orasul-timisoara.ro\/local-39863\/&amp;layout=button_count&amp;show_faces=false&amp;width=105&amp;action=like&amp;colorscheme=light&amp;height=21\"><\/iframe><\/div>\n<div id=\"td_social_sharing_article_top\" class=\"td-post-sharing td-ps-bg td-ps-notext td-post-sharing-style1 \">\n<div class=\"td-post-sharing-visible\"><a class=\"td-social-sharing-button td-social-sharing-button-js td-social-network td-social-facebook\" href=\"https:\/\/www.facebook.com\/sharer.php?u=https%3A%2F%2Forasul-timisoara.ro%2Flocal-39863%2F\" title=\"Facebook\"><\/p>\n<div class=\"td-social-but-text\">Facebook<\/div>\n<p><\/a><a class=\"td-social-sharing-button td-social-sharing-button-js td-social-network td-social-twitter\" href=\"https:\/\/twitter.com\/intent\/tweet?text=Deficitul+bugetar+al+Rom%C3%A2niei+s-a+redus+la+2%25+din+PIB+%C3%AEn+primul+semestru+din+2026.+Veniturile+statului+cresc+cu+peste+10%25%2C+iar+investi%C8%9Biile+ajung+la+aproape+60+de+miliarde+de+lei&amp;url=https%3A%2F%2Forasul-timisoara.ro%2Flocal-39863%2F&amp;via=orasultm\" title=\"Twitter\"><\/p>\n<div class=\"td-social-but-text\">Twitter<\/div>\n<p><\/a><a class=\"td-social-sharing-button td-social-sharing-button-js td-social-network td-social-whatsapp\" href=\"https:\/\/api.whatsapp.com\/send?text=Deficitul+bugetar+al+Rom%C3%A2niei+s-a+redus+la+2%25+din+PIB+%C3%AEn+primul+semestru+din+2026.+Veniturile+statului+cresc+cu+peste+10%25%2C+iar+investi%C8%9Biile+ajung+la+aproape+60+de+miliarde+de+lei%20%0A%0A%20https:\/\/orasul-timisoara.ro\/local-39863\/\" title=\"WhatsApp\"><\/p>\n<div class=\"td-social-but-text\">WhatsApp<\/div>\n<p><\/a><a class=\"td-social-sharing-button td-social-sharing-button-js td-social-network td-social-linkedin\" href=\"https:\/\/www.linkedin.com\/shareArticle?mini=true&amp;url=https:\/\/orasul-timisoara.ro\/local-39863\/&amp;title=Deficitul+bugetar+al+Rom%C3%A2niei+s-a+redus+la+2%25+din+PIB+%C3%AEn+primul+semestru+din+2026.+Veniturile+statului+cresc+cu+peste+10%25%2C+iar+investi%C8%9Biile+ajung+la+aproape+60+de+miliarde+de+lei\" title=\"Linkedin\"><\/p>\n<div class=\"td-social-but-text\">Linkedin<\/div>\n<p><\/a><a class=\"td-social-sharing-button td-social-sharing-button-js td-social-network td-social-reddit\" href=\"https:\/\/reddit.com\/submit?url=https:\/\/orasul-timisoara.ro\/local-39863\/&amp;title=Deficitul+bugetar+al+Rom%C3%A2niei+s-a+redus+la+2%25+din+PIB+%C3%AEn+primul+semestru+din+2026.+Veniturile+statului+cresc+cu+peste+10%25%2C+iar+investi%C8%9Biile+ajung+la+aproape+60+de+miliarde+de+lei\" title=\"ReddIt\"><\/p>\n<div class=\"td-social-but-text\">ReddIt<\/div>\n<p><\/a><a class=\"td-social-sharing-button td-social-sharing-button-js td-social-network td-social-mail\" href=\"mailto:?subject=Deficitul%20bugetar%20al%20Rom%C3%A2niei%20s-a%20redus%20la%202%25%20din%20PIB%20%C3%AEn%20primul%20semestru%20din%202026.%20Veniturile%20statului%20cresc%20cu%20peste%2010%25,%20iar%20investi%C8%9Biile%20ajung%20la%20aproape%2060%20de%20miliarde%20de%20lei&amp;body=https:\/\/orasul-timisoara.ro\/local-39863\/\" title=\"Email\"><\/p>\n<div class=\"td-social-but-text\">Email<\/div>\n<p><\/a><a class=\"td-social-sharing-button td-social-sharing-button-js td-social-network td-social-print\" href=\"https:\/\/orasul-timisoara.ro\/local-39863\/\" title=\"Imprimare\"><\/p>\n<div class=\"td-social-but-text\">Imprimare<\/div>\n<p><\/a><\/div>\n<\/div>\n<\/div>\n<div class=\"td-post-content tagdiv-type\">\n<p class=\"wp-block-paragraph\">Execu\u021bia bugetului general consolidat la finalul primelor \u0219ase luni din 2026 s-a \u00eencheiat cu un deficit de 2% din Produsul Intern Brut (PIB), potrivit datelor publicate de Ministerul Finan\u021belor. Comparativ cu aceea\u0219i perioad\u0103 din 2025, c\u00e2nd deficitul era de 3,64% din PIB, Rom\u00e2nia a \u00eenregistrat o reducere semnificativ\u0103, at\u00e2t ca pondere \u00een economie, c\u00e2t \u0219i \u00een valoare nominal\u0103.<\/p>\n<p class=\"wp-block-paragraph\">\u00cen termeni absolu\u021bi, deficitul bugetar s-a diminuat cu aproape 28,8 miliarde de lei, de la 69,8 miliarde de lei \u00een primul semestru din 2025 la 41,03 miliarde de lei \u00een acest an. Ministerul Finan\u021belor consider\u0103 c\u0103 evolu\u021bia confirm\u0103 continuarea procesului de consolidare fiscal-bugetar\u0103 \u0219i respectarea angajamentelor asumate la nivel european.<\/p>\n<h2 class=\"wp-block-heading\">Alexandru Nazare: \u201eEste un semnal de seriozitate pentru pie\u021bele financiare\u201d<\/h2>\n<p class=\"wp-block-paragraph\">Ministrul Finan\u021belor, Alexandru Nazare, apreciaz\u0103 c\u0103 rezultatele execu\u021biei bugetare transmit un mesaj pozitiv \u00eenaintea evalu\u0103rilor pe care agen\u021biile interna\u021bionale de rating Fitch \u0219i Moody\u2019s urmeaz\u0103 s\u0103 le realizeze \u00een privin\u021ba Rom\u00e2niei.<\/p>\n<p class=\"wp-block-paragraph\">Potrivit acestuia, reducerea deficitului demonstreaz\u0103 c\u0103 m\u0103surile de consolidare fiscal\u0103 \u00eencep s\u0103 produc\u0103 efecte, \u00eens\u0103 avertizeaz\u0103 c\u0103 men\u021binerea ratingului de investi\u021bii depinde \u00een continuare de respectarea disciplinei bugetare, implementarea Planului Na\u021bional de Redresare \u0219i Rezilien\u021b\u0103 (PNRR) \u0219i men\u021binerea stabilit\u0103\u021bii politice.<\/p>\n<h2 class=\"wp-block-heading\">Veniturile statului au crescut cu peste 10%<\/h2>\n<p class=\"wp-block-paragraph\">\u00cen perioada ianuarie\u2013iunie 2026, veniturile totale ale bugetului general consolidat au ajuns la 342,52 miliarde de lei, \u00een cre\u0219tere cu 10,3% fa\u021b\u0103 de aceea\u0219i perioad\u0103 a anului trecut.<\/p>\n<p class=\"wp-block-paragraph\">Evolu\u021bia a fost sus\u021binut\u0103 \u00een principal de majorarea \u00eencas\u0103rilor din TVA, impozitul pe salarii \u0219i venit, contribu\u021biile sociale \u0219i impozitul pe profit, dar \u0219i de accelerarea absorb\u021biei fondurilor europene.<\/p>\n<p class=\"wp-block-paragraph\">\u00cencas\u0103rile din TVA au crescut cu 25,1%, ajung\u00e2nd la 74,14 miliarde de lei, \u00een timp ce contribu\u021biile de asigur\u0103ri sociale au \u00eensumat aproape 111 miliarde de lei, iar veniturile din impozitul pe profit au dep\u0103\u0219it 18,9 miliarde de lei.<\/p>\n<h2 class=\"wp-block-heading\">Fondurile europene \u0219i restituirile de TVA au sus\u021binut economia<\/h2>\n<p class=\"wp-block-paragraph\">Ministerul Finan\u021belor eviden\u021biaz\u0103 \u0219i cre\u0219terea sumelor rambursate de Uniunea European\u0103, care au ajuns la peste 30 de miliarde de lei, cu aproape 21% mai mult dec\u00e2t \u00een primul semestru din 2025.<\/p>\n<p class=\"wp-block-paragraph\">Totodat\u0103, restituirile nete de TVA c\u0103tre companii au crescut la 18 miliarde de lei, m\u0103sur\u0103 despre care ministrul Alexandru Nazare afirm\u0103 c\u0103 ofer\u0103 lichiditate mediului de afaceri \u0219i contribuie la reducerea blocajelor financiare.<\/p>\n<h2 class=\"wp-block-heading\">Cheltuielile statului au fost temperate<\/h2>\n<p class=\"wp-block-paragraph\">Cheltuielile totale ale bugetului general consolidat au \u00eensumat 383,55 miliarde de lei, \u00een cre\u0219tere cu doar 0,8% fa\u021b\u0103 de aceea\u0219i perioad\u0103 din 2025. Ca pondere \u00een PIB, acestea au sc\u0103zut de la 19,85% la 18,66%.<\/p>\n<p class=\"wp-block-paragraph\">Ministerul Finan\u021belor arat\u0103 c\u0103 ajustarea s-a realizat \u00een principal prin limitarea cheltuielilor curente. Cheltuielile de personal s-au redus cu 3,3 miliarde de lei, iar cele cu asisten\u021ba social\u0103 au \u00eenregistrat o sc\u0103dere u\u0219oar\u0103 fa\u021b\u0103 de anul precedent.<\/p>\n<p class=\"wp-block-paragraph\">\u00cen schimb, cheltuielile cu dob\u00e2nzile au continuat s\u0103 creasc\u0103, ajung\u00e2nd la 29,37 miliarde de lei, reflect\u00e2nd costurile mai ridicate ale finan\u021b\u0103rii datoriei publice.<\/p>\n<h2 class=\"wp-block-heading\">Investi\u021biile publice au ajuns la aproape 60 de miliarde de lei<\/h2>\n<p class=\"wp-block-paragraph\">Unul dintre cele mai importante capitole ale execu\u021biei bugetare \u00eel reprezint\u0103 investi\u021biile publice. \u00cen primele \u0219ase luni din 2026, acestea au totalizat 59,96 miliarde de lei, cu peste 9,5 miliarde de lei mai mult dec\u00e2t \u00een aceea\u0219i perioad\u0103 din 2025.<\/p>\n<p class=\"wp-block-paragraph\">Aproape 71% din investi\u021bii au fost finan\u021bate din fonduri europene nerambursabile \u0219i din componenta de \u00eemprumut a PNRR. Totodat\u0103, pl\u0103\u021bile aferente proiectelor finan\u021bate prin programele europene 2021\u20132027 \u0219i PNRR au crescut cu peste 56% comparativ cu primul semestru al anului trecut.<\/p>\n<h2 class=\"wp-block-heading\">Consolidarea fiscal\u0103 r\u0103m\u00e2ne obiectivul principal<\/h2>\n<p class=\"wp-block-paragraph\">Ministerul Finan\u021belor consider\u0103 c\u0103 rezultatele execu\u021biei bugetare confirm\u0103 continuarea consolid\u0103rii fiscale \u0219i \u00eent\u0103rirea disciplinei bugetare, \u00eentr-un context economic caracterizat de reforme \u0219i ajust\u0103ri structurale.<\/p>\n<p class=\"wp-block-paragraph\">Autorit\u0103\u021bile subliniaz\u0103 c\u0103 reducerea deficitului, cre\u0219terea veniturilor \u0219i accelerarea investi\u021biilor finan\u021bate din fonduri europene reprezint\u0103 elemente esen\u021biale pentru men\u021binerea stabilit\u0103\u021bii economice \u0219i respectarea angajamentelor asumate de Rom\u00e2nia \u00een rela\u021bia cu institu\u021biile europene \u0219i cu investitorii interna\u021bionali.<\/p>\n<\/div>\n<footer>\n<div class=\"td-post-source-tags\">\n<ul class=\"td-tags td-post-small-box clearfix\">\n<li><span>ETICHETE<\/span><\/li>\n<li><a href=\"https:\/\/orasul-timisoara.ro\/local-tag\/alexandru-nazare\/\">alexandru nazare<\/a><\/li>\n<li><a href=\"https:\/\/orasul-timisoara.ro\/local-tag\/buget\/\">buget<\/a><\/li>\n<li><a href=\"https:\/\/orasul-timisoara.ro\/local-tag\/deficit-bugetar\/\">deficit bugetar<\/a><\/li>\n<li><a href=\"https:\/\/orasul-timisoara.ro\/local-tag\/economie\/\">economie<\/a><\/li>\n<li><a href=\"https:\/\/orasul-timisoara.ro\/local-tag\/executie-bugetara\/\">execu\u021bie bugetar\u0103<\/a><\/li>\n<li><a href=\"https:\/\/orasul-timisoara.ro\/local-tag\/fonduri-europene\/\">fonduri europene<\/a><\/li>\n<li><a href=\"https:\/\/orasul-timisoara.ro\/local-tag\/investitii-publice\/\">investi\u021bii publice<\/a><\/li>\n<li><a href=\"https:\/\/orasul-timisoara.ro\/local-tag\/ministerul-finantelor-2\/\">Ministerul Finan\u021belor<\/a><\/li>\n<li><a href=\"https:\/\/orasul-timisoara.ro\/local-tag\/pib\/\">PIB<\/a><\/li>\n<li><a href=\"https:\/\/orasul-timisoara.ro\/local-tag\/pnrr\/\">pnrr<\/a><\/li>\n<li><a href=\"https:\/\/orasul-timisoara.ro\/local-tag\/romania-2\/\">rom\u00e2nia<\/a><\/li>\n<li><a href=\"https:\/\/orasul-timisoara.ro\/local-tag\/tva\/\">TVA<\/a><\/li>\n<\/ul>\n<\/div>\n<div class=\"td-post-sharing-bottom\">\n<div class=\"td-post-sharing-classic\"><iframe title=\"bottomFacebookLike\" frameborder src=\"https:\/\/www.facebook.com\/plugins\/like.php?href=https:\/\/orasul-timisoara.ro\/local-39863\/&amp;layout=button_count&amp;show_faces=false&amp;width=105&amp;action=like&amp;colorscheme=light&amp;height=21\"><\/iframe><\/div>\n<div id=\"td_social_sharing_article_bottom\" class=\"td-post-sharing td-ps-bg td-ps-notext td-post-sharing-style1 \">\n<div class=\"td-post-sharing-visible\"><a class=\"td-social-sharing-button td-social-sharing-button-js td-social-network td-social-facebook\" href=\"https:\/\/www.facebook.com\/sharer.php?u=https%3A%2F%2Forasul-timisoara.ro%2Flocal-39863%2F\" title=\"Facebook\"><\/p>\n<div class=\"td-social-but-text\">Facebook<\/div>\n<p><\/a><a class=\"td-social-sharing-button td-social-sharing-button-js td-social-network td-social-twitter\" href=\"https:\/\/twitter.com\/intent\/tweet?text=Deficitul+bugetar+al+Rom%C3%A2niei+s-a+redus+la+2%25+din+PIB+%C3%AEn+primul+semestru+din+2026.+Veniturile+statului+cresc+cu+peste+10%25%2C+iar+investi%C8%9Biile+ajung+la+aproape+60+de+miliarde+de+lei&amp;url=https%3A%2F%2Forasul-timisoara.ro%2Flocal-39863%2F&amp;via=orasultm\" title=\"Twitter\"><\/p>\n<div class=\"td-social-but-text\">Twitter<\/div>\n<p><\/a><a class=\"td-social-sharing-button td-social-sharing-button-js td-social-network td-social-whatsapp\" href=\"https:\/\/api.whatsapp.com\/send?text=Deficitul+bugetar+al+Rom%C3%A2niei+s-a+redus+la+2%25+din+PIB+%C3%AEn+primul+semestru+din+2026.+Veniturile+statului+cresc+cu+peste+10%25%2C+iar+investi%C8%9Biile+ajung+la+aproape+60+de+miliarde+de+lei%20%0A%0A%20https:\/\/orasul-timisoara.ro\/local-39863\/\" title=\"WhatsApp\"><\/p>\n<div class=\"td-social-but-text\">WhatsApp<\/div>\n<p><\/a><a class=\"td-social-sharing-button td-social-sharing-button-js td-social-network td-social-linkedin\" href=\"https:\/\/www.linkedin.com\/shareArticle?mini=true&amp;url=https:\/\/orasul-timisoara.ro\/local-39863\/&amp;title=Deficitul+bugetar+al+Rom%C3%A2niei+s-a+redus+la+2%25+din+PIB+%C3%AEn+primul+semestru+din+2026.+Veniturile+statului+cresc+cu+peste+10%25%2C+iar+investi%C8%9Biile+ajung+la+aproape+60+de+miliarde+de+lei\" title=\"Linkedin\"><\/p>\n<div class=\"td-social-but-text\">Linkedin<\/div>\n<p><\/a><a class=\"td-social-sharing-button td-social-sharing-button-js td-social-network td-social-reddit\" href=\"https:\/\/reddit.com\/submit?url=https:\/\/orasul-timisoara.ro\/local-39863\/&amp;title=Deficitul+bugetar+al+Rom%C3%A2niei+s-a+redus+la+2%25+din+PIB+%C3%AEn+primul+semestru+din+2026.+Veniturile+statului+cresc+cu+peste+10%25%2C+iar+investi%C8%9Biile+ajung+la+aproape+60+de+miliarde+de+lei\" title=\"ReddIt\"><\/p>\n<div class=\"td-social-but-text\">ReddIt<\/div>\n<p><\/a><a class=\"td-social-sharing-button td-social-sharing-button-js td-social-network td-social-mail\" href=\"mailto:?subject=Deficitul%20bugetar%20al%20Rom%C3%A2niei%20s-a%20redus%20la%202%25%20din%20PIB%20%C3%AEn%20primul%20semestru%20din%202026.%20Veniturile%20statului%20cresc%20cu%20peste%2010%25,%20iar%20investi%C8%9Biile%20ajung%20la%20aproape%2060%20de%20miliarde%20de%20lei&amp;body=https:\/\/orasul-timisoara.ro\/local-39863\/\" title=\"Email\"><\/p>\n<div class=\"td-social-but-text\">Email<\/div>\n<p><\/a><a class=\"td-social-sharing-button td-social-sharing-button-js td-social-network td-social-print\" href=\"https:\/\/orasul-timisoara.ro\/local-39863\/\" title=\"Imprimare\"><\/p>\n<div class=\"td-social-but-text\">Imprimare<\/div>\n<p><\/a><\/div>\n<\/div>\n<\/div>\n<div class=\"td-block-row td-post-next-prev\">\n<div class=\"td-block-span6 td-post-prev-post\">\n<div class=\"td-post-next-prev-content\"><span>Articolul precedent<\/span><a href=\"https:\/\/orasul-timisoara.ro\/local-39860\/\">Accesul c\u0103tre Aeroportul Timi\u0219oara, afectat de lucr\u0103rile la calea ferat\u0103 p\u00e2n\u0103 la sf\u00e2r\u0219itul lunii august<\/a><\/div>\n<\/div>\n<div class=\"td-block-span6 td-post-next-post\">\n<div class=\"td-post-next-prev-content\"><span>Articolul urm\u0103tor<\/span><a href=\"https:\/\/orasul-timisoara.ro\/local-39866\/\">Biarena c\u00e2\u0219tig\u0103 definitiv procesul cu Prim\u0103ria S\u00e2nandrei. Comuna este obligat\u0103 s\u0103 restituie peste dou\u0103 milioane de lei \u0219i poate fi executat\u0103 silit dac\u0103 nu pl\u0103te\u0219te<\/a><\/div>\n<\/div>\n<\/div>\n<div class=\"td-author-name vcard author\"><span class=\"fn\"><a href=\"https:\/\/orasul-timisoara.ro\/author\/timisoara\/\">redactia<\/a><\/span><\/div>\n<p><span class=\"td-page-meta\"><\/span><span class=\"td-page-meta\"><span class=\"td-page-meta\"><\/span><\/span><span class=\"td-page-meta\"><\/span><\/footer>\n<div class=\"td_block_wrap td_block_related_posts tdi_3 td_with_ajax_pagination td-pb-border-top td_block_template_8\" data-td-block-uid=\"tdi_3\">\n<h4 class=\"td-related-title td-block-title\"><a id=\"tdi_4\" class=\"td-related-left td-cur-simple-item\" data-td_filter_value data-td_block_id=\"tdi_3\" href=\"https:\/\/orasul-timisoara.ro\/local-39863\/\">ARTICOLE SIMILARE<\/a><a id=\"tdi_5\" class=\"td-related-right\" data-td_filter_value=\"td_related_more_from_author\" data-td_block_id=\"tdi_3\" href=\"https:\/\/orasul-timisoara.ro\/local-39863\/\">DE LA ACELA\u0218I AUTOR<\/a><\/h4>\n<div id=\"tdi_3\" class=\"td_block_inner\">\n<div class=\"td-related-row\">\n<div class=\"td-related-span4\">\n<div class=\"td_module_related_posts td-animation-stack td_mod_related_posts\">\n<div class=\"td-module-image\">\n<div class=\"td-module-thumb\"><a href=\"https:\/\/orasul-timisoara.ro\/local-39424\/\" rel=\"bookmark\" class=\"td-image-wrap \" title=\"Motorina se scumpe\u0219te de m\u00e2ine cu peste 30 de bani pe litru\"><img loading=\"lazy\" decoding=\"async\" class=\"entry-thumb\" src=\"https:\/\/orasul-timisoara.ro\/wp-content\/uploads\/2026\/03\/statie-carburanti-pompa-436x300.jpg\" alt title=\"Motorina se scumpe\u0219te de m\u00e2ine cu peste 30 de bani pe litru\" width=\"218\" height=\"150\"><\/a><\/div>\n<\/div>\n<div class=\"item-details\">\n<h3 class=\"entry-title td-module-title\"><a href=\"https:\/\/orasul-timisoara.ro\/local-39424\/\" rel=\"bookmark\" title=\"Motorina se scumpe\u0219te de m\u00e2ine cu peste 30 de bani pe litru\">Motorina se scumpe\u0219te de m\u00e2ine cu peste 30 de bani pe litru<\/a><\/h3>\n<\/div>\n<\/div>\n<\/div>\n<div class=\"td-related-span4\">\n<div class=\"td_module_related_posts td-animation-stack td_mod_related_posts\">\n<div class=\"td-module-image\">\n<div class=\"td-module-thumb\"><a href=\"https:\/\/orasul-timisoara.ro\/local-39014\/\" rel=\"bookmark\" class=\"td-image-wrap \" title=\"Cine ar putea face parte din Guvernul Tomac. Nume importante vehiculate pentru Externe, Ap\u0103rare, Finan\u021be \u0219i S\u0103n\u0103tate\"><img loading=\"lazy\" decoding=\"async\" class=\"entry-thumb\" src=\"https:\/\/orasul-timisoara.ro\/wp-content\/uploads\/2020\/09\/guvernul-romaniei-stand.jpg\" alt title=\"Cine ar putea face parte din Guvernul Tomac. Nume importante vehiculate pentru Externe, Ap\u0103rare, Finan\u021be \u0219i S\u0103n\u0103tate\" width=\"218\" height=\"150\"><\/a><\/div>\n<\/div>\n<div class=\"item-details\">\n<h3 class=\"entry-title td-module-title\"><a href=\"https:\/\/orasul-timisoara.ro\/local-39014\/\" rel=\"bookmark\" title=\"Cine ar putea face parte din Guvernul Tomac. Nume importante vehiculate pentru Externe, Ap\u0103rare, Finan\u021be \u0219i S\u0103n\u0103tate\">Cine ar putea face parte din Guvernul Tomac. Nume importante vehiculate pentru Externe, Ap\u0103rare, Finan\u021be \u0219i S\u0103n\u0103tate<\/a><\/h3>\n<\/div>\n<\/div>\n<\/div>\n<div class=\"td-related-span4\">\n<div class=\"td_module_related_posts td-animation-stack td_mod_related_posts\">\n<div class=\"td-module-image\">\n<div class=\"td-module-thumb\"><a href=\"https:\/\/orasul-timisoara.ro\/local-38800\/\" rel=\"bookmark\" class=\"td-image-wrap \" title=\"Agen\u021bia S&amp;P avertizeaz\u0103: Rom\u00e2nia risc\u0103 \u00eemprumuturi mai scumpe \u0219i deprecierea leului dac\u0103 instabilitatea politic\u0103  continu\u0103\"><img loading=\"lazy\" decoding=\"async\" class=\"entry-thumb\" src=\"https:\/\/orasul-timisoara.ro\/wp-content\/uploads\/2026\/05\/parlament-romania-bani-economie-436x300.jpg\" alt title=\"Agen\u021bia S&amp;P avertizeaz\u0103: Rom\u00e2nia risc\u0103 \u00eemprumuturi mai scumpe \u0219i deprecierea leului dac\u0103 instabilitatea politic\u0103  continu\u0103\" width=\"218\" height=\"150\"><\/a><\/div>\n<\/div>\n<div class=\"item-details\">\n<h3 class=\"entry-title td-module-title\"><a href=\"https:\/\/orasul-timisoara.ro\/local-38800\/\" rel=\"bookmark\" title=\"Agen\u021bia S&amp;P avertizeaz\u0103: Rom\u00e2nia risc\u0103 \u00eemprumuturi mai scumpe \u0219i deprecierea leului dac\u0103 instabilitatea politic\u0103  continu\u0103\">Agen\u021bia S&amp;P avertizeaz\u0103: Rom\u00e2nia risc\u0103 \u00eemprumuturi mai scumpe \u0219i deprecierea leului dac\u0103 instabilitatea politic\u0103  continu\u0103<\/a><\/h3>\n<\/div>\n<\/div>\n<\/div>\n<\/div>\n<\/div>\n<\/div>\n<div class=\"comments\" id=\"comments\">\n<div id=\"respond\" class=\"comment-respond\">\n<h3 id=\"reply-title\" class=\"comment-reply-title\">L\u0102SA\u021aI UN MESAJ<\/h3>\n<div class=\"comment-form-input-wrap td-form-comment\">\n<div class=\"td-warning-comment\">V\u0103 rug\u0103m s\u0103 introduce\u021bi comentariul dvs.!<\/div>\n<\/div>\n<div class=\"comment-form-input-wrap td-form-author\">\n<div class=\"td-warning-author\">Introduce\u021bi aici numele dvs.<\/div>\n<\/div>\n<div class=\"comment-form-input-wrap td-form-email\">\n<div class=\"td-warning-email-error\">A\u021bi introdus o adres\u0103 de e-mail incorect\u0103!<\/div>\n<div class=\"td-warning-email\">V\u0103 rug\u0103m s\u0103 introduce\u021bi adresa dvs. de e-mail aici<\/div>\n<\/div>\n<\/div>\n<p class=\"akismet_comment_form_privacy_notice\">Acest site folose\u0219te Akismet pentru a reduce spamul. <a href=\"https:\/\/akismet.com\/privacy\/\" target=\"_blank\" rel=\"nofollow noopener\">Afl\u0103 cum sunt procesate datele comentariilor tale<\/a>.<\/p>\n<\/div>\n<\/div>\n<\/div>\n<div class=\"td-pb-span4 td-main-sidebar\" role=\"complementary\">\n<div class=\"td-ss-main-sidebar\">\n<aside id=\"block-4\" class=\"td_block_template_8 widget block-4 widget_block widget_media_image\">\n<figure class=\"wp-block-image size-full\"><img loading=\"lazy\" decoding=\"async\" width=\"336\" height=\"280\" src=\"https:\/\/orasul-timisoara.ro\/wp-content\/uploads\/2024\/11\/ReTIM-Abonamentul-Verde-Google-Ads-336x280px.gif\" alt class=\"wp-image-29257\"><\/figure>\n<\/aside>\n<div class=\"td_block_wrap td_block_social_counter td_block_widget tdi_6 td-social-style5 td-social-boxed td-pb-border-top td_block_template_8\">\n<div class=\"td-block-title-wrap\">\n<h4 class=\"td-block-title\"><span>Urm\u0103re\u0219te-ne pe Social Media<\/span><\/h4>\n<\/div>\n<div class=\"td-social-list\">\n<div class=\"td_social_type td-pb-margin-side td_social_facebook\">\n<div class=\"td-social-box\"><span class=\"td_social_info td_social_info_counter\">344,595<\/span><span class=\"td_social_info td_social_info_name\">Fani<\/span><span class=\"td_social_button\"><a href=\"https:\/\/www.facebook.com\/247timisoara\" target=\"_blank\" rel=\"nofollow\">\u00cemi place<\/a><\/span><\/div>\n<\/div>\n<div class=\"td_social_type td-pb-margin-side td_social_instagram\">\n<div class=\"td-social-box\"><span class=\"td_social_info td_social_info_counter\">4,416<\/span><span class=\"td_social_info td_social_info_name\">Cititori<\/span><span class=\"td_social_button\"><a href=\"https:\/\/instagram.com\/orasultimisoararo\/\" target=\"_blank\" rel=\"nofollow\">Conecta\u021bi-v\u0103<\/a><\/span><\/div>\n<\/div>\n<div class=\"td_social_type td-pb-margin-side td_social_rss\">\n<div class=\"td-social-box\"><span class=\"td_social_info td_social_info_counter\">12,506<\/span><span class=\"td_social_info td_social_info_name\">Cititori<\/span><span class=\"td_social_button\"><a href=\"https:\/\/orasul-timisoara.ro\/feed\/\" target=\"_blank\" rel=\"nofollow\">Conecta\u021bi-v\u0103<\/a><\/span><\/div>\n<\/div>\n<div class=\"td_social_type td-pb-margin-side td_social_tiktok\">\n<div class=\"td-social-box\"><span class=\"td_social_info td_social_info_counter\">1,500<\/span><span class=\"td_social_info td_social_info_name\">Cititori<\/span><span class=\"td_social_button\"><a href=\"https:\/\/www.tiktok.com\/@orasultimisoara\" target=\"_blank\" rel=\"nofollow\">Conecta\u021bi-v\u0103<\/a><\/span><\/div>\n<\/div>\n<div class=\"td_social_type td-pb-margin-side td_social_twitter\">\n<div class=\"td-social-box\"><span class=\"td_social_info td_social_info_counter\">1,595<\/span><span class=\"td_social_info td_social_info_name\">Cititori<\/span><span class=\"td_social_button\"><a href=\"https:\/\/twitter.com\/orasultm\" target=\"_blank\" rel=\"nofollow\">Conecta\u021bi-v\u0103<\/a><\/span><\/div>\n<\/div>\n<div class=\"td_social_type td-pb-margin-side td_social_youtube\">\n<div class=\"td-social-box\"><span class=\"td_social_info td_social_info_counter\">3,506<\/span><span class=\"td_social_info td_social_info_name\">Abona\u021bi<\/span><span class=\"td_social_button\"><a href=\"https:\/\/www.youtube.com\/channel\/UCQNsQvs2XCSIm1Z-AHRturw?sub_confirmation=1\" target=\"_blank\" rel=\"nofollow\">Abona\u021bi-v\u0103<\/a><\/span><\/div>\n<\/div>\n<\/div>\n<\/div>\n<aside id=\"text-7\" class=\"td_block_template_8 widget text-7 widget_text\">\n<h4 class=\"td-block-title\"><span>C\u0103ut\u0103ri populare pe OTM<\/span><\/h4>\n<div class=\"textwidget\"><a href=\"https:\/\/orasul-timisoara.ro\/?s=timisoara\"><span>Timisoara<\/span><\/a><a href=\"https:\/\/orasul-timisoara.ro\/?s=calin+dobra\"><span>Calin Dobra<\/span><\/a><a href=\"https:\/\/orasul-timisoara.ro\/?s=primaria+timisoara\"><span>Primaria Timisoara<\/span><\/a><a href=\"https:\/\/orasul-timisoara.ro\/?s=dominic+fritz\"><span>Dominic Fritz<\/span><\/a><a href=\"https:\/\/orasul-timisoara.ro\/?s=nicolae+robu\"><span>Nicolae Robu<\/span><\/a><a href=\"https:\/\/orasul-timisoara.ro\/?s=consiliul+local+timisoara\">Consiliul Local Timisoara<\/a><a href=\"https:\/\/orasul-timisoara.ro\/?s=consiliul+judetean+timis\"><span>Consiliul Judetean Timis<\/span><\/a><a href=\"https:\/\/orasul-timisoara.ro\/?s=cjt\"><span>CJT<\/span><\/a><a href=\"https:\/\/orasul-timisoara.ro\/?s=Alfred+Simonis\"><span>Alfred Simonis<\/span><\/a><a href=\"https:\/\/orasul-timisoara.ro\/?s=PNL\"><span>PNL<\/span><\/a><a href=\"https:\/\/orasul-timisoara.ro\/?s=coronavirus\"><span>coronavirus<\/span><\/a><a href=\"https:\/\/orasul-timisoara.ro\/?s=teatru+timisoara\">teatru Timisoara<\/a><a href=\"https:\/\/orasul-timisoara.ro\/?s=restaurante\"><span>restaurante Timisoara<\/span><\/a><a href=\"https:\/\/orasul-timisoara.ro\/?s=diskoteka\"><span>Diskoteka<\/span><\/a><a href=\"https:\/\/orasul-timisoara.ro\/?s=iulius+town\"><span>Iulius Town<\/span><\/a><a href=\"https:\/\/orasul-timisoara.ro\/?s=iulius+mall\"><span>Iulius Mall<\/span><\/a><a href=\"https:\/\/orasul-timisoara.ro\/?s=stpt\"><span>STPT<\/span><\/a><a href=\"https:\/\/orasul-timisoara.ro\/?s=alin+nica\"><span>Alin Nica<\/span><\/a><a href=\"https:\/\/orasul-timisoara.ro\/?s=psd\"><span>PSD<\/span><\/a><a href=\"https:\/\/orasul-timisoara.ro\/?s=aeroport\"><span>Aeroportul International Timisoara<\/span><\/a><a href=\"https:\/\/orasul-timisoara.ro\/?s=babes\"><span>Spitalul Victor Babes Timisoara<\/span><\/a><a href=\"https:\/\/orasul-timisoara.ro\/?s=poli\"><span>Poli Timi\u0219oara<\/span><\/a><a href=\"https:\/\/orasul-timisoara.ro\/?s=carantina\"><span>carantina<\/span><\/a><a href=\"https:\/\/orasul-timisoara.ro\/?s=aquatim\"><span>Aquatim<\/span><\/a><a href=\"https:\/\/orasul-timisoara.ro\/local-category\/stiri-timisoara\/\"><span>Stiri Timisoara<\/span><\/a><a href=\"https:\/\/orasul-timisoara.ro\/local-category\/investitii-in-timisoara\/\"><span>Investi\u021bii in Timi\u0219oara<\/span><\/a><a href=\"https:\/\/orasul-timisoara.ro\/local-9463\/\"><span>shaorma<\/span><\/a><a href=\"https:\/\/orasul-timisoara.ro\/?s=trafic\"><span>trafic rutier<\/span><\/a><a href=\"https:\/\/orasul-timisoara.ro\/?s=politia\"><span>politia locala timisoara<\/span><\/a><a href=\"https:\/\/orasul-timisoara.ro\/?s=roxana\"><span>Roxana Iliescu<\/span><\/a><a href=\"https:\/\/orasul-timisoara.ro\/?s=colterm\"><span>Colterm<\/span><\/a><a href=\"https:\/\/orasul-timisoara.ro\/?s=latcau\"><span>Ruben La\u021bc\u0103u<\/span><\/a><a href=\"https:\/\/orasul-timisoara.ro\/?s=timis\"><span>\u0218tiri din Timi\u0219<\/span><\/a><a href=\"https:\/\/orasul-timisoara.ro\/?s=spital\"><span>Spitale din Timi\u0219oara<\/span><\/a><a href=\"https:\/\/orasul-timisoara.ro\/?s=tabara\"><span>Cosmin Tab\u0103r\u0103<\/span><\/a><\/div>\n<\/aside>\n<aside id=\"rss-2\" class=\"td_block_template_8 widget rss-2 widget_rss\">\n<h4 class=\"td-block-title\"><span><a class=\"rsswidget rss-widget-feed\" href=\"https:\/\/fashionfridays.ro\/feed\"><img decoding=\"async\" class=\"rss-widget-icon\" width=\"14\" height=\"14\" src=\"https:\/\/orasul-timisoara.ro\/wp-includes\/images\/rss.png\" alt=\"RSS\" loading=\"lazy\"><\/a><a class=\"rsswidget rss-widget-title\" href=\"https:\/\/fashionfridays.ro\/\">Fashion Fridays<\/a><\/span><\/h4>\n<ul>\n<li><a class=\"rsswidget\" href=\"https:\/\/fashionfridays.ro\/romania-devine-a-29-a-piata-vogue-o-noua-era-pentru-industria-locala-de-moda\/\">Rom\u00e2nia devine a 29-a pia\u021b\u0103 Vogue: o nou\u0103 er\u0103 pentru industria local\u0103 de mod\u0103<\/a>\n<div class=\"rssSummary\">Revista Vogue \u00ee\u0219i extinde prezen\u021ba global\u0103 \u0219i va fi lansat\u0103 oficial \u00een Rom\u00e2nia \u00een prim\u0103vara anului 2027, marc\u00e2nd intrarea pe cea de-a 29-a pia\u021b\u0103 interna\u021bional\u0103. Proiectul este realizat \u00een parteneriat cu AEMME Publishing, o companie media recent \u00eenfiin\u021bat\u0103, care va publica edi\u021bia local\u0103 sub licen\u021b\u0103. Noua edi\u021bie, Vogue Rom\u00e2nia, \u00ee\u0219i propune s\u0103 combine autoritatea global\u0103 [\u2026]<\/div>\n<\/li>\n<\/ul>\n<\/aside>\n<aside id=\"rss-4\" class=\"td_block_template_8 widget rss-4 widget_rss\">\n<h4 class=\"td-block-title\"><span><a class=\"rsswidget rss-widget-feed\" href=\"https:\/\/emasini.ro\/feed\"><img decoding=\"async\" class=\"rss-widget-icon\" width=\"14\" height=\"14\" src=\"https:\/\/orasul-timisoara.ro\/wp-includes\/images\/rss.png\" alt=\"RSS\" loading=\"lazy\"><\/a><a class=\"rsswidget rss-widget-title\" href=\"https:\/\/emasini.ro\/\">eMasini<\/a><\/span><\/h4>\n<ul>\n<li><a class=\"rsswidget\" href=\"https:\/\/emasini.ro\/dacia-analizeaza-lansarea-lui-hipster-automobilul-urban-de-doar-3-metri-lungime\/\">Dacia analizeaz\u0103 lansarea lui Hipster, automobilul urban de doar 3 metri lungime (video)<\/a>\n<div class=\"rssSummary\">Dacia ar putea introduce pe pia\u021b\u0103 unul dintre cele mai neobi\u0219nuite modele din istoria sa recent\u0103. Conceptul Hipster, prezentat anul trecut ca o reinterpretare radical\u0103 a automobilului urban accesibil, se afl\u0103 \u00een prezent \u00eentr-o etap\u0103 de evaluare, iar decizia privind produc\u021bia de serie va fi luat\u0103 \u00een func\u021bie de reac\u021bia publicului \u0219i de evolu\u021bia reglement\u0103rilor [\u2026]<\/div>\n<\/li>\n<\/ul>\n<\/aside>\n<\/div>\n<\/div>\n<\/div>\n<\/div>\n<\/article>\n<div class=\"td-post-content tagdiv-type\">\n<p class=\"wp-block-paragraph\">Execu\u021bia bugetului general consolidat la finalul primelor \u0219ase luni din 2026 s-a \u00eencheiat cu un deficit de 2% din Produsul Intern Brut (PIB), potrivit datelor publicate de Ministerul Finan\u021belor. Comparativ cu aceea\u0219i perioad\u0103 din 2025, c\u00e2nd deficitul era de 3,64% din PIB, Rom\u00e2nia a \u00eenregistrat o reducere semnificativ\u0103, at\u00e2t ca pondere \u00een economie, c\u00e2t \u0219i \u00een valoare nominal\u0103.<\/p>\n<p class=\"wp-block-paragraph\">\u00cen termeni absolu\u021bi, deficitul bugetar s-a diminuat cu aproape 28,8 miliarde de lei, de la 69,8 miliarde de lei \u00een primul semestru din 2025 la 41,03 miliarde de lei \u00een acest an. Ministerul Finan\u021belor consider\u0103 c\u0103 evolu\u021bia confirm\u0103 continuarea procesului de consolidare fiscal-bugetar\u0103 \u0219i respectarea angajamentelor asumate la nivel european.<\/p>\n<h2 class=\"wp-block-heading\">Alexandru Nazare: \u201eEste un semnal de seriozitate pentru pie\u021bele financiare\u201d<\/h2>\n<p class=\"wp-block-paragraph\">Ministrul Finan\u021belor, Alexandru Nazare, apreciaz\u0103 c\u0103 rezultatele execu\u021biei bugetare transmit un mesaj pozitiv \u00eenaintea evalu\u0103rilor pe care agen\u021biile interna\u021bionale de rating Fitch \u0219i Moody\u2019s urmeaz\u0103 s\u0103 le realizeze \u00een privin\u021ba Rom\u00e2niei.<\/p>\n<p class=\"wp-block-paragraph\">Potrivit acestuia, reducerea deficitului demonstreaz\u0103 c\u0103 m\u0103surile de consolidare fiscal\u0103 \u00eencep s\u0103 produc\u0103 efecte, \u00eens\u0103 avertizeaz\u0103 c\u0103 men\u021binerea ratingului de investi\u021bii depinde \u00een continuare de respectarea disciplinei bugetare, implementarea Planului Na\u021bional de Redresare \u0219i Rezilien\u021b\u0103 (PNRR) \u0219i men\u021binerea stabilit\u0103\u021bii politice.<\/p>\n<h2 class=\"wp-block-heading\">Veniturile statului au crescut cu peste 10%<\/h2>\n<p class=\"wp-block-paragraph\">\u00cen perioada ianuarie\u2013iunie 2026, veniturile totale ale bugetului general consolidat au ajuns la 342,52 miliarde de lei, \u00een cre\u0219tere cu 10,3% fa\u021b\u0103 de aceea\u0219i perioad\u0103 a anului trecut.<\/p>\n<p class=\"wp-block-paragraph\">Evolu\u021bia a fost sus\u021binut\u0103 \u00een principal de majorarea \u00eencas\u0103rilor din TVA, impozitul pe salarii \u0219i venit, contribu\u021biile sociale \u0219i impozitul pe profit, dar \u0219i de accelerarea absorb\u021biei fondurilor europene.<\/p>\n<p class=\"wp-block-paragraph\">\u00cencas\u0103rile din TVA au crescut cu 25,1%, ajung\u00e2nd la 74,14 miliarde de lei, \u00een timp ce contribu\u021biile de asigur\u0103ri sociale au \u00eensumat aproape 111 miliarde de lei, iar veniturile din impozitul pe profit au dep\u0103\u0219it 18,9 miliarde de lei.<\/p>\n<h2 class=\"wp-block-heading\">Fondurile europene \u0219i restituirile de TVA au sus\u021binut economia<\/h2>\n<p class=\"wp-block-paragraph\">Ministerul Finan\u021belor eviden\u021biaz\u0103 \u0219i cre\u0219terea sumelor rambursate de Uniunea European\u0103, care au ajuns la peste 30 de miliarde de lei, cu aproape 21% mai mult dec\u00e2t \u00een primul semestru din 2025.<\/p>\n<p class=\"wp-block-paragraph\">Totodat\u0103, restituirile nete de TVA c\u0103tre companii au crescut la 18 miliarde de lei, m\u0103sur\u0103 despre care ministrul Alexandru Nazare afirm\u0103 c\u0103 ofer\u0103 lichiditate mediului de afaceri \u0219i contribuie la reducerea blocajelor financiare.<\/p>\n<h2 class=\"wp-block-heading\">Cheltuielile statului au fost temperate<\/h2>\n<p class=\"wp-block-paragraph\">Cheltuielile totale ale bugetului general consolidat au \u00eensumat 383,55 miliarde de lei, \u00een cre\u0219tere cu doar 0,8% fa\u021b\u0103 de aceea\u0219i perioad\u0103 din 2025. Ca pondere \u00een PIB, acestea au sc\u0103zut de la 19,85% la 18,66%.<\/p>\n<p class=\"wp-block-paragraph\">Ministerul Finan\u021belor arat\u0103 c\u0103 ajustarea s-a realizat \u00een principal prin limitarea cheltuielilor curente. Cheltuielile de personal s-au redus cu 3,3 miliarde de lei, iar cele cu asisten\u021ba social\u0103 au \u00eenregistrat o sc\u0103dere u\u0219oar\u0103 fa\u021b\u0103 de anul precedent.<\/p>\n<p class=\"wp-block-paragraph\">\u00cen schimb, cheltuielile cu dob\u00e2nzile au continuat s\u0103 creasc\u0103, ajung\u00e2nd la 29,37 miliarde de lei, reflect\u00e2nd costurile mai ridicate ale finan\u021b\u0103rii datoriei publice.<\/p>\n<h2 class=\"wp-block-heading\">Investi\u021biile publice au ajuns la aproape 60 de miliarde de lei<\/h2>\n<p class=\"wp-block-paragraph\">Unul dintre cele mai importante capitole ale execu\u021biei bugetare \u00eel reprezint\u0103 investi\u021biile publice. \u00cen primele \u0219ase luni din 2026, acestea au totalizat 59,96 miliarde de lei, cu peste 9,5 miliarde de lei mai mult dec\u00e2t \u00een aceea\u0219i perioad\u0103 din 2025.<\/p>\n<p class=\"wp-block-paragraph\">Aproape 71% din investi\u021bii au fost finan\u021bate din fonduri europene nerambursabile \u0219i din componenta de \u00eemprumut a PNRR. Totodat\u0103, pl\u0103\u021bile aferente proiectelor finan\u021bate prin programele europene 2021\u20132027 \u0219i PNRR au crescut cu peste 56% comparativ cu primul semestru al anului trecut.<\/p>\n<h2 class=\"wp-block-heading\">Consolidarea fiscal\u0103 r\u0103m\u00e2ne obiectivul principal<\/h2>\n<p class=\"wp-block-paragraph\">Ministerul Finan\u021belor consider\u0103 c\u0103 rezultatele execu\u021biei bugetare confirm\u0103 continuarea consolid\u0103rii fiscale \u0219i \u00eent\u0103rirea disciplinei bugetare, \u00eentr-un context economic caracterizat de reforme \u0219i ajust\u0103ri structurale.<\/p>\n<p class=\"wp-block-paragraph\">Autorit\u0103\u021bile subliniaz\u0103 c\u0103 reducerea deficitului, cre\u0219terea veniturilor \u0219i accelerarea investi\u021biilor finan\u021bate din fonduri europene reprezint\u0103 elemente esen\u021biale pentru men\u021binerea stabilit\u0103\u021bii economice \u0219i respectarea angajamentelor asumate de Rom\u00e2nia \u00een rela\u021bia cu institu\u021biile europene \u0219i cu investitorii interna\u021bionali.<\/p>\n<\/div>\n<p>[analyse_source url=&#8221;https:\/\/orasul-timisoara.ro\/local-39863\/&#8221;]<\/p>\n","protected":false},"excerpt":{"rendered":"<p>[analyse_image type=&#8221;featured&#8221; src=&#8221;https:\/\/orasul-timisoara.ro\/wp-content\/uploads\/2026\/07\/deficit-bani-reducere.jpg&#8221;] \u0218tiri na\u021bionale \u0219i interna\u021bionaleDeficitul bugetar al Rom\u00e2niei s-a redus la 2% din PIB \u00een primul&#8230; \u0218tiri na\u021bionale \u0219i interna\u021bionale Deficitul bugetar al Rom\u00e2niei s-a redus la 2% din PIB \u00een primul semestru din 2026. Veniturile statului cresc cu peste 10%, iar investi\u021biile ajung la aproape 60 de miliarde de lei De c\u0103tre [&hellip;]<\/p>\n","protected":false},"author":1,"featured_media":0,"comment_status":"open","ping_status":"","sticky":false,"template":"","format":"standard","meta":{"footnotes":""},"categories":[89],"tags":[226,189],"class_list":["post-2064317","post","type-post","status-publish","format-standard","hentry","category-romania","tag-crawlmanager","tag-orasul-timisoara-ro"],"_links":{"self":[{"href":"https:\/\/analyse.optim.biz\/index.php?rest_route=\/wp\/v2\/posts\/2064317","targetHints":{"allow":["GET"]}}],"collection":[{"href":"https:\/\/analyse.optim.biz\/index.php?rest_route=\/wp\/v2\/posts"}],"about":[{"href":"https:\/\/analyse.optim.biz\/index.php?rest_route=\/wp\/v2\/types\/post"}],"author":[{"embeddable":true,"href":"https:\/\/analyse.optim.biz\/index.php?rest_route=\/wp\/v2\/users\/1"}],"replies":[{"embeddable":true,"href":"https:\/\/analyse.optim.biz\/index.php?rest_route=%2Fwp%2Fv2%2Fcomments&post=2064317"}],"version-history":[{"count":0,"href":"https:\/\/analyse.optim.biz\/index.php?rest_route=\/wp\/v2\/posts\/2064317\/revisions"}],"wp:attachment":[{"href":"https:\/\/analyse.optim.biz\/index.php?rest_route=%2Fwp%2Fv2%2Fmedia&parent=2064317"}],"wp:term":[{"taxonomy":"category","embeddable":true,"href":"https:\/\/analyse.optim.biz\/index.php?rest_route=%2Fwp%2Fv2%2Fcategories&post=2064317"},{"taxonomy":"post_tag","embeddable":true,"href":"https:\/\/analyse.optim.biz\/index.php?rest_route=%2Fwp%2Fv2%2Ftags&post=2064317"}],"curies":[{"name":"wp","href":"https:\/\/api.w.org\/{rel}","templated":true}]}}