{"id":2064313,"date":"2026-07-27T17:15:53","date_gmt":"2026-07-27T14:15:53","guid":{"rendered":"https:\/\/analyse.optim.biz\/?p=2064313"},"modified":"2026-07-27T17:15:53","modified_gmt":"2026-07-27T14:15:53","slug":"rusia-avertizata-de-romania-dupa-incidentele-cu-drona-ambasadorul-moscovei-acuza-bucurestiul-ca-foloseste-porturile-de-la-dunare-pentru-a-transporta-arme-in-ucraina","status":"publish","type":"post","link":"https:\/\/analyse.optim.biz\/?p=2064313","title":{"rendered":"Rusia, avertizat\u0103 de Rom\u00e2nia dup\u0103 incidentele cu drona. Ambasadorul Moscovei acuz\u0103 Bucure\u0219tiul c\u0103 folose\u0219te porturile de la Dun\u0103re pentru a transporta arme \u00een Ucraina"},"content":{"rendered":"<p>[analyse_image type=&#8221;featured&#8221; src=&#8221;https:\/\/r3media.ro\/wp-content\/uploads\/2024\/04\/vladimir-lipaev-mid-ru-e1713338767786.jpghttps:\/\/r3media.ro\/wp-content\/uploads\/2024\/04\/vladimir-lipaev-mid-ru-e1713338767786.jpg&#8221;]<\/p>\n<article id=\"template-id-109\" class=\"post-109 tdb_templates type-tdb_templates status-publish post\">\n<div id=\"tdi_2\" class=\"tdc-zone\">\n<div class=\"tdc_zone tdi_3  wpb_row td-pb-row\">\n<div id=\"tdi_4\" class=\"tdc-row\">\n<div class=\"vc_row tdi_5  wpb_row td-pb-row\">\n<div class=\"vc_column tdi_7  wpb_column vc_column_container tdc-column td-pb-span8\">\n<div class=\"wpb_wrapper\">\n<div class=\"td_block_wrap tdb_breadcrumbs tdi_8 td-pb-border-top td_block_template_1 tdb-breadcrumbs \" data-td-block-uid=\"tdi_8\">\n<div class=\"tdb-block-inner td-fix-index\"><span><a title=\"Vede\u021bi toate articolele \u00een PRIM PLAN\" class=\"tdb-entry-crumb\" href=\"https:\/\/r3media.ro\/category\/stiri-prim-plan\/\">PRIM PLAN<\/a><\/span><span class=\"tdb-bred-no-url-last\">Rusia, avertizat\u0103 de Rom\u00e2nia dup\u0103 incidentele cu drona. Ambasadorul Moscovei acuz\u0103 Bucure\u0219tiul&#8230;<\/span><\/div>\n<\/div>\n<div class=\"td_block_wrap tdb_single_categories tdi_9 td-pb-border-top td_block_template_1 \" data-td-block-uid=\"tdi_9\">\n<div class=\"tdb-category td-fix-index\"><a class=\"tdb-entry-category\" href=\"https:\/\/r3media.ro\/category\/stiri-prim-plan\/\">PRIM PLAN<\/a><a class=\"tdb-entry-category\" href=\"https:\/\/r3media.ro\/category\/stiri\/\">\u0218TIRI<\/a><\/div>\n<\/div>\n<div class=\"td_block_wrap tdb_title tdi_10 tdb-single-title td-pb-border-top td_block_template_1\" data-td-block-uid=\"tdi_10\">\n<div class=\"tdb-block-inner td-fix-index\">\n<h1 class=\"tdb-title-text\">Rusia, avertizat\u0103 de Rom\u00e2nia dup\u0103 incidentele cu drona. Ambasadorul Moscovei acuz\u0103 Bucure\u0219tiul c\u0103 folose\u0219te porturile de la Dun\u0103re pentru a transporta arme \u00een Ucraina<\/h1>\n<\/div>\n<\/div>\n<div class=\"vc_row_inner tdi_12  vc_row vc_inner wpb_row td-pb-row\">\n<div class=\"vc_column_inner tdi_14  wpb_column vc_column_container tdc-inner-column td-pb-span12\">\n<div class=\"vc_column-inner\">\n<div class=\"wpb_wrapper\">\n<div class=\"td_block_wrap tdb_single_author tdi_15 td-pb-border-top td_block_template_1 tdb-post-meta\" data-td-block-uid=\"tdi_15\">\n<div class=\"tdb-block-inner td-fix-index\">\n<div class=\"tdb-author-name-wrap\"><a class=\"tdb-author-name\" href=\"https:\/\/r3media.ro\/author\/redactia\/\">Redac\u021bia<\/a><\/div>\n<\/div>\n<\/div>\n<div class=\"td_block_wrap tdb_single_date tdi_16 td-pb-border-top td_block_template_1 tdb-post-meta\" data-td-block-uid=\"tdi_16\">\n<div class=\"tdb-block-inner td-fix-index\"><time class=\"entry-date updated td-module-date\" datetime=\"2026-07-27T20:15:53+03:00\">27\/07\/2026<\/time><\/div>\n<\/div>\n<\/div>\n<\/div>\n<\/div>\n<\/div>\n<div class=\"td_block_wrap tdb_single_featured_image tdi_17 tdb-content-horiz-left td-pb-border-top td_block_template_1\" data-td-block-uid=\"tdi_17\">\n<div class=\"tdb-block-inner td-fix-index\">\n<figure><figcaption class=\"tdb-caption-text\">Sursa foto: Profit.ro<\/figcaption><\/figure>\n<\/div>\n<\/div>\n<div class=\"td_block_wrap tdb_single_content tdi_18 td-pb-border-top td_block_template_1 td-post-content tagdiv-type\" data-td-block-uid=\"tdi_18\">\n<div class=\"tdb-block-inner td-fix-index\">\n<p><strong>Ambasadorul Federa\u021biei Ruse la Bucure\u0219ti, Vladimir Lipaev, a fost convocat luni, 27 iulie 2026, la Ministerul Afacerilor Externe, la dispozi\u021bia ministrului Oana \u021aoiu.<\/strong><\/p>\n<p>Convocarea a venit ca reac\u021bie la \u00eenc\u0103lc\u0103rile repetate ale spa\u021biului aerian rom\u00e2nesc din perioada 24-26 iulie, interval \u00een care Armata Rom\u00e2n\u0103 a dobor\u00e2t trei drone p\u0103trunse neautorizat pe teritoriul na\u021bional.<\/p>\n<p>\u00cen cadrul \u00eent\u00e2lnirii, diplomatului rus i-au fost prezentate fragmente ale dronei distruse \u00een jude\u021bul Buz\u0103u \u2014 componente despre care investiga\u021biile Parchetului au confirmat oficial c\u0103 sunt de provenien\u021b\u0103 ruseasc\u0103.<\/p>\n<p>Tot atunci, ambasadorului i-a fost \u00eenm\u00e2nat\u0103 nota verbal\u0103 prin care un membru al misiunii ruse la Bucure\u0219ti este declarat inacceptabil, cu obliga\u021bia de a p\u0103r\u0103si Rom\u00e2nia \u00een termen de 5 zile.<\/p>\n<p>\u00cen paralel, MAE l-a rechemat la Bucure\u0219ti pentru consult\u0103ri pe ambasadorul rom\u00e2n la Moscova.<\/p>\n<p>Partea rom\u00e2n\u0103 \u0219i-a exprimat protestul ferm fa\u021b\u0103 de aceste ac\u021biuni, subliniind c\u0103 este inadmisibil ca Rusia s\u0103 continue s\u0103 \u00eencalce spa\u021biul aerian al Rom\u00e2niei, care este deopotriv\u0103 spa\u021biu aerian NATO \u0219i al Uniunii Europene. MAE a insistat asupra faptului c\u0103 Federa\u021bia Rus\u0103 poart\u0103 responsabilitatea exclusiv\u0103 pentru aceste incidente \u0219i pentru deteriorarea securit\u0103\u021bii regionale.<\/p>\n<p>\u201eRom\u00e2nia va continua s\u0103 \u00ee\u015fi coordoneze \u00eendeaproape r\u0103spunsul cu alia\u0163ii \u015fi partenerii din cadrul NATO \u015fi UE \u015fi r\u0103m\u00e2ne ferm angajat\u0103 \u00een adoptarea tuturor m\u0103surilor necesare pentru protejarea securit\u0103\u0163ii na\u0163ionale \u015fi a cet\u0103\u0163enilor s\u0103i\u201d, au transmis reprezentan\u021bii ministerului.<\/p>\n<h2>Reac\u021bia Moscovei<\/h2>\n<p>De cealalt\u0103 parte, ambasadorul Vladimir Lipaev a calificat convocarea drept o manevr\u0103 de propagand\u0103, \u00eentr-o declara\u021bie pentru agen\u021bia oficial\u0103 rus\u0103 TASS.<\/p>\n<p>\u201eEste evident c\u0103 este vorba de o \u00eenscenare propagandistic\u0103, al c\u0103rei scop este de a \u00eempiedica noi lovituri ale for\u0163elor armate ruse asupra infrastructurii portuare ucrainene de pe Dun\u0103re \u015fi de la Marea Neagr\u0103, care este utilizat\u0103 intens de blocul NATO pentru livrarea de armament \u015fi echipamente militare prin teritoriul Rom\u00e2niei c\u0103tre For\u0163ele Armate ale Ucrainei\u201d, a spus el.<\/p>\n<p>Diplomatul a acuzat autorit\u0103\u021bile rom\u00e2ne c\u0103 nu au adus dovezi \u00een sprijinul acuza\u021biilor. Potrivit lui, \u201epartea rom\u00e2n\u0103, ca de obicei, s-a limitat la acuza\u0163ii nefondate, f\u0103r\u0103 nicio dovad\u0103, la adresa Rusiei, refuz\u00e2nd s\u0103 comunice orice parametri tehnici ai zborului care ar fi permis identificarea dronelor \u015fi nu a furnizat dovezi c\u00e2t de c\u00e2t concrete privind provenien\u0163a acestora\u201d.<\/p>\n<p>Lipaev a ad\u0103ugat c\u0103 \u201epartea rom\u00e2n\u0103 a fost avertizat\u0103 cu privire la pericolul unei escalad\u0103ri ulterioare a confrunt\u0103rii cu Federa\u0163ia Rus\u0103 \u015fi al implic\u0103rii For\u0163elor Armate ale Rom\u00e2niei \u00een ac\u0163iuni militare directe \u00een spa\u0163iul aerian al Ucrainei\u201d.<\/p>\n<p>Ambasadorul a negat orice implicare a Rusiei: \u201eS-a subliniat \u00eenc\u0103 o dat\u0103 c\u0103 Rusia nu a direc\u0163ionat \u015fi nu direc\u0163ioneaz\u0103 dronele sale de lupt\u0103 c\u0103tre obiective de pe teritoriul Rom\u00e2niei, iar toate specula\u0163iile pe aceast\u0103 tem\u0103 sunt lipsite de orice temei\u201d.<\/p>\n<p>El a mai avertizat c\u0103 \u201esprijinirea \u00een continuare a regimului terorist de la Kiev, sub orice form\u0103, este absolut inadmisibil\u0103 \u015fi intolerabil\u0103\u201d.<\/p>\n<p>Referitor la expulzarea diplomatului, Lipaev a promis represalii: \u201eExpulzarea nejustificat\u0103 a unui angajat al ambasadei nu va r\u0103m\u00e2ne f\u0103r\u0103 o reac\u0163ie adecvat\u0103 din partea Rusiei\u201d.<\/p>\n<div class=\"crp_related     crp-masonry\">\n<h2>\u00ceN CONTEXT<\/h2>\n<ul>\n<li><a href=\"https:\/\/r3media.ro\/florin-cojocariu-drona-ucraina-constanta-dovezi-catastrofa\/\" class=\"crp_link post-117854\"><span class=\"crp_title\">Florin Cojocariu, despre drona ucrainean\u0103 de la Constan\u021ba: Dovezile circumstan\u021biale indic\u0103\u2026<\/span><\/a><\/li>\n<li><a href=\"https:\/\/r3media.ro\/video-exploziv-traian-basescu-ucraina-drona-constanta\/\" class=\"crp_link post-118603\"><span class=\"crp_title\">VIDEO EXPLOZIV | Fostul pre\u0219edinte Traian B\u0103sescu spune c\u0103 Ucraina a dirijat INTEN\u021aIONAT\u2026<\/span><\/a><\/li>\n<li><a href=\"https:\/\/r3media.ro\/drona-marina-constanta-explozie-mapn-razboi-rusia-ucraina-video\/\" class=\"crp_link post-117786\"><span class=\"crp_title\">VIDEO | O dron\u0103 marin\u0103 a explodat vineri \u00een Portul Constan\u021ba. MApN: Este de tipul celor\u2026<\/span><\/a><\/li>\n<li><a href=\"https:\/\/r3media.ro\/consiliu-securitate-onu-romania-drona-galati-video\/\" class=\"crp_link post-117507\"><span class=\"crp_title\">Consiliul de Securitate al ONU s-a reunit la cererea Rom\u00e2niei \u00een cazul dronei de la Gala\u021bi (VIDEO)<\/span><\/a><\/li>\n<li><a href=\"https:\/\/r3media.ro\/ucraina-scuze-grecia-drona-marina-insula-lefkada-expolozie-portul-constanta\/\" class=\"crp_link post-117814\"><span class=\"crp_title\">Ucraina i-a cerut scuze Greciei pentru c\u0103 o dron\u0103 marin\u0103 a ajuns l\u00e2ng\u0103 Insula Lefkada. Nicio\u2026<\/span><\/a><\/li>\n<li><a href=\"https:\/\/r3media.ro\/drona-galati-mapn-siguranta\/\" class=\"crp_link post-117240\"><span class=\"crp_title\">De ce nu s-a dobor\u00e2t drona de la Gala\u021bi? Un general MAPN explic\u0103: Nu s-a putut \u00een condi\u021bii\u2026<\/span><\/a><\/li>\n<li><a href=\"https:\/\/r3media.ro\/discursul-integral-al-premierului-ungariei-viktor-orban-de-la-baile-tusnad-bugetul-ue-este-un-buget-de-razboi-sper-sa-avem-o-alianta-pentru-pace-cu-romanii\/\" class=\"crp_link post-111993\"><span class=\"crp_title\">Discursul INTEGRAL al premierului Ungariei, Viktor Orban, de la B\u0103ile Tu\u0219nad: Bugetul UE\u2026<\/span><\/a><\/li>\n<li><a href=\"https:\/\/r3media.ro\/romania-ar-trebui-sa-sustina-planul-trump-de-pace-pentru-ucraina\/\" class=\"crp_link post-114245\"><span class=\"crp_title\">Rom\u00e2nia ar trebui s\u0103 sus\u021bin\u0103 \u201eplanul Trump\u201d de pace pentru Ucraina<\/span><\/a><\/li>\n<\/ul>\n<\/div>\n<\/div>\n<\/div>\n<div class=\"td_block_wrap tdb_single_tags tdi_19 td-pb-border-top td_block_template_1\" data-td-block-uid=\"tdi_19\">\n<div class=\"tdb-block-inner td-fix-index\">\n<ul class=\"tdb-tags\">\n<li><span>SUBIECTE FIERBIN\u021aI<\/span><\/li>\n<li><a href=\"https:\/\/r3media.ro\/tag\/ambasada-rusiei-la-bucuresti\/\">Ambasada Rusiei la Bucure\u0219ti<\/a><\/li>\n<li><a href=\"https:\/\/r3media.ro\/tag\/ministerul-afacerilor-externe-mae\/\">ministerul afacerilor externe (MAE)<\/a><\/li>\n<li><a href=\"https:\/\/r3media.ro\/tag\/razboi-rusia-ucraina\/\">razboi rusia ucraina<\/a><\/li>\n<li><a href=\"https:\/\/r3media.ro\/tag\/rusia-romania\/\">rusia &#8211; romania<\/a><\/li>\n<\/ul>\n<\/div>\n<\/div>\n<div class=\"td_block_wrap td_block_9 tdi_20 td_with_ajax_pagination td-pb-border-top td_block_template_1 td-column-2 td_block_padding td_block_bot_line\" data-td-block-uid=\"tdi_20\">\n<div class=\"td-block-title-wrap\">\n<h4 class=\"block-title td-block-title\"><span class=\"td-pulldown-size\">CITE\u0218TE MAI MULT<\/span><\/h4>\n<\/div>\n<div id=\"tdi_20\" class=\"td_block_inner\">\n<div class=\"td-block-row\">\n<div class=\"td-block-span6\">\n<div class=\"td_module_8 td_module_wrap\">\n<div class=\"item-details\">\n<h3 class=\"entry-title td-module-title\"><a href=\"https:\/\/r3media.ro\/dictatura-forma-suprema-a-democratiei\/\" rel=\"bookmark\" title=\"Dictatura \u2013 forma suprem\u0103 a democra\u021biei\">Dictatura \u2013 forma suprem\u0103 a democra\u021biei<\/a><\/h3>\n<div class=\"td-module-meta-info\"><a href=\"https:\/\/r3media.ro\/category\/opinii\/\" class=\"td-post-category\">OPINII<\/a><span class=\"td-post-author-name\"><a href=\"https:\/\/r3media.ro\/author\/tru\/\">TRU (Traian Ungureanu)<\/a><span>&#8211;<\/span><\/span><span class=\"td-post-date\"><time class=\"entry-date updated td-module-date\" datetime=\"2026-07-25T16:43:11+03:00\">25\/07\/2026<\/time><\/span><\/div>\n<\/div>\n<\/div>\n<\/div>\n<div class=\"td-block-span6\">\n<div class=\"td_module_8 td_module_wrap\">\n<div class=\"item-details\">\n<h3 class=\"entry-title td-module-title\"><a href=\"https:\/\/r3media.ro\/film-nou-stapanul-inelelor-corect-politic-regizor-andy-serkis-diversitate-tolkien-mitologie-nordica\/\" rel=\"bookmark\" title=\"Noul film \u201eSt\u0103p\u00e2nul Inelelor\u201d nu va fi corect politic. Regizorul Andy Serkis: J.R.R. Tolkien a fost influen\u021bat de mitologia nordic\u0103. Nu vrem o distribu\u021bie de dragul de a bifa c\u0103su\u021be\">Noul film \u201eSt\u0103p\u00e2nul Inelelor\u201d nu va fi corect politic. Regizorul Andy Serkis: J.R.R. Tolkien&#8230;<\/a><\/h3>\n<div class=\"td-module-meta-info\"><a href=\"https:\/\/r3media.ro\/category\/stiri-prim-plan\/\" class=\"td-post-category\">PRIM PLAN<\/a><span class=\"td-post-author-name\"><a href=\"https:\/\/r3media.ro\/author\/oana\/\">Oana Ivan<\/a><span>&#8211;<\/span><\/span><span class=\"td-post-date\"><time class=\"entry-date updated td-module-date\" datetime=\"2026-07-26T15:49:31+03:00\">26\/07\/2026<\/time><\/span><\/div>\n<\/div>\n<\/div>\n<\/div>\n<\/div>\n<div class=\"td-block-row\">\n<div class=\"td-block-span6\">\n<div class=\"td_module_8 td_module_wrap\">\n<div class=\"item-details\">\n<h3 class=\"entry-title td-module-title\"><a href=\"https:\/\/r3media.ro\/marea-britanie-apa-inteligenta-artificiala-romania-centru-ai-restrictii-consum-apa\/\" rel=\"bookmark\" title=\"Marea Britanie nu mai are suficient\u0103 ap\u0103 pentru Inteligen\u021ba Artificial\u0103, dar Rom\u00e2nia vrea s\u0103 g\u0103zduiasc\u0103 un centru AI care consum\u0103 c\u00e2t sute de mii de oameni \u0219i impune restric\u021bii la consumul de ap\u0103 al popula\u021biei\">Marea Britanie nu mai are suficient\u0103 ap\u0103 pentru Inteligen\u021ba Artificial\u0103, dar Rom\u00e2nia vrea s\u0103&#8230;<\/a><\/h3>\n<div class=\"td-module-meta-info\"><a href=\"https:\/\/r3media.ro\/category\/actualitate\/\" class=\"td-post-category\">ACTUALITATE<\/a><span class=\"td-post-author-name\"><a href=\"https:\/\/r3media.ro\/author\/radu_ursan\/\">Radu Ursan<\/a><span>&#8211;<\/span><\/span><span class=\"td-post-date\"><time class=\"entry-date updated td-module-date\" datetime=\"2026-07-23T11:44:13+03:00\">23\/07\/2026<\/time><\/span><\/div>\n<\/div>\n<\/div>\n<\/div>\n<div class=\"td-block-span6\">\n<div class=\"td_module_8 td_module_wrap\">\n<div class=\"item-details\">\n<h3 class=\"entry-title td-module-title\"><a href=\"https:\/\/r3media.ro\/campion-olimpic-olaf-tufte-mort-subit-50-ani\/\" rel=\"bookmark\" title=\"Campionul olimpic Olaf Tufte a murit subit la 50 de ani\">Campionul olimpic Olaf Tufte a murit subit la 50 de ani<\/a><\/h3>\n<div class=\"td-module-meta-info\"><a href=\"https:\/\/r3media.ro\/category\/actualitate\/\" class=\"td-post-category\">ACTUALITATE<\/a><span class=\"td-post-author-name\"><a href=\"https:\/\/r3media.ro\/author\/oana\/\">Oana Ivan<\/a><span>&#8211;<\/span><\/span><span class=\"td-post-date\"><time class=\"entry-date updated td-module-date\" datetime=\"2026-07-22T12:11:02+03:00\">22\/07\/2026<\/time><\/span><\/div>\n<\/div>\n<\/div>\n<\/div>\n<\/div>\n<div class=\"td-block-row\">\n<div class=\"td-block-span6\">\n<div class=\"td_module_8 td_module_wrap\">\n<div class=\"item-details\">\n<h3 class=\"entry-title td-module-title\"><a href=\"https:\/\/r3media.ro\/explozie-incendiu-fabrica-kronospan-brasov-video\/\" rel=\"bookmark\" title=\"VIDEO | Explozie urmat\u0103 de un incendiu la fabrica Kronospan din Bra\u0219ov. \u00cen timp ce pompierii \u00eencercau s\u0103 sting\u0103 focul s-a produs o alt\u0103 explozie\">VIDEO | Explozie urmat\u0103 de un incendiu la fabrica Kronospan din Bra\u0219ov. \u00cen timp&#8230;<\/a><\/h3>\n<div class=\"td-module-meta-info\"><a href=\"https:\/\/r3media.ro\/category\/actualitate\/\" class=\"td-post-category\">ACTUALITATE<\/a><span class=\"td-post-author-name\"><a href=\"https:\/\/r3media.ro\/author\/oana\/\">Oana Ivan<\/a><span>&#8211;<\/span><\/span><span class=\"td-post-date\"><time class=\"entry-date updated td-module-date\" datetime=\"2026-07-22T10:01:28+03:00\">22\/07\/2026<\/time><\/span><\/div>\n<\/div>\n<\/div>\n<\/div>\n<div class=\"td-block-span6\">\n<div class=\"td_module_8 td_module_wrap\">\n<div class=\"item-details\">\n<h3 class=\"entry-title td-module-title\"><a href=\"https:\/\/r3media.ro\/asa-incepe-compania-openai-afirma-un-model-de-inteligenta-artificiala-a-atacat-din-proprie-initiativa-sistemele-unei-alte-companii\/\" rel=\"bookmark\" title=\"A\u0219a \u00eencepe? Compania OpenAI afirm\u0103 un model de inteligen\u021b\u0103 artificial\u0103 a ATACAT din proprie ini\u021biativ\u0103 sistemele unei alte companii\">A\u0219a \u00eencepe? Compania OpenAI afirm\u0103 un model de inteligen\u021b\u0103 artificial\u0103 a ATACAT din proprie&#8230;<\/a><\/h3>\n<div class=\"td-module-meta-info\"><a href=\"https:\/\/r3media.ro\/category\/actualitate\/\" class=\"td-post-category\">ACTUALITATE<\/a><span class=\"td-post-author-name\"><a href=\"https:\/\/r3media.ro\/author\/teodor_stan\/\">Teodor Stan<\/a><span>&#8211;<\/span><\/span><span class=\"td-post-date\"><time class=\"entry-date updated td-module-date\" datetime=\"2026-07-22T09:10:53+03:00\">22\/07\/2026<\/time><\/span><\/div>\n<\/div>\n<\/div>\n<\/div>\n<\/div>\n<div class=\"td-block-row\">\n<div class=\"td-block-span6\">\n<div class=\"td_module_8 td_module_wrap\">\n<div class=\"item-details\">\n<h3 class=\"entry-title td-module-title\"><a href=\"https:\/\/r3media.ro\/episcopul-husilor-oameni-animale-therieni-degradare-progresism\/\" rel=\"bookmark\" title=\"Episcopul Hu\u0219ilor, despre oamenii care se cred animale: V\u0103 da\u021bi seama c\u00e2t\u0103 degradare uman\u0103 este? De ce? Pentru c\u0103 se \u00eencred \u00een progresism\">Episcopul Hu\u0219ilor, despre oamenii care se cred animale: V\u0103 da\u021bi seama c\u00e2t\u0103 degradare uman\u0103&#8230;<\/a><\/h3>\n<div class=\"td-module-meta-info\"><a href=\"https:\/\/r3media.ro\/category\/actualitate\/\" class=\"td-post-category\">ACTUALITATE<\/a><span class=\"td-post-author-name\"><a href=\"https:\/\/r3media.ro\/author\/radu_ursan\/\">Radu Ursan<\/a><span>&#8211;<\/span><\/span><span class=\"td-post-date\"><time class=\"entry-date updated td-module-date\" datetime=\"2026-07-21T19:30:46+03:00\">21\/07\/2026<\/time><\/span><\/div>\n<\/div>\n<\/div>\n<\/div>\n<div class=\"td-block-span6\">\n<div class=\"td_module_8 td_module_wrap\">\n<div class=\"item-details\">\n<h3 class=\"entry-title td-module-title\"><a href=\"https:\/\/r3media.ro\/video-cult-femeie-dumnezeu-mama-romania\/\" rel=\"bookmark\" title=\"VIDEO | Un cult care consider\u0103 o femeie coreean\u0103 drept \u201eDumnezeu Mama\u201d face prozeli\u021bi \u00een Rom\u00e2nia\">VIDEO | Un cult care consider\u0103 o femeie coreean\u0103 drept \u201eDumnezeu Mama\u201d face prozeli\u021bi&#8230;<\/a><\/h3>\n<div class=\"td-module-meta-info\"><a href=\"https:\/\/r3media.ro\/category\/actualitate\/\" class=\"td-post-category\">ACTUALITATE<\/a><span class=\"td-post-author-name\"><a href=\"https:\/\/r3media.ro\/author\/redactia\/\">Redac\u021bia<\/a><span>&#8211;<\/span><\/span><span class=\"td-post-date\"><time class=\"entry-date updated td-module-date\" datetime=\"2026-07-21T11:14:08+03:00\">21\/07\/2026<\/time><\/span><\/div>\n<\/div>\n<\/div>\n<\/div>\n<\/div>\n<div class=\"td-block-row\">\n<div class=\"td-block-span6\">\n<div class=\"td_module_8 td_module_wrap\">\n<div class=\"item-details\">\n<h3 class=\"entry-title td-module-title\"><a href=\"https:\/\/r3media.ro\/cehia-interzice-telefoanele-in-scoli\/\" rel=\"bookmark\" title=\"Cehia se preg\u0103te\u0219te s\u0103 interzic\u0103 telefoanele mobile \u00een \u0219coli\">Cehia se preg\u0103te\u0219te s\u0103 interzic\u0103 telefoanele mobile \u00een \u0219coli<\/a><\/h3>\n<div class=\"td-module-meta-info\"><a href=\"https:\/\/r3media.ro\/category\/actualitate\/\" class=\"td-post-category\">ACTUALITATE<\/a><span class=\"td-post-author-name\"><a href=\"https:\/\/r3media.ro\/author\/redactia\/\">Redac\u021bia<\/a><span>&#8211;<\/span><\/span><span class=\"td-post-date\"><time class=\"entry-date updated td-module-date\" datetime=\"2026-07-20T22:34:13+03:00\">20\/07\/2026<\/time><\/span><\/div>\n<\/div>\n<\/div>\n<\/div>\n<div class=\"td-block-span6\">\n<div class=\"td_module_8 td_module_wrap\">\n<div class=\"item-details\">\n<h3 class=\"entry-title td-module-title\"><a href=\"https:\/\/r3media.ro\/mihail-neamtu-oblgatie-romania\/\" rel=\"bookmark\" title=\"Mihail Neam\u021bu: Suntem o \u021bar\u0103 mic\u0103, iar singura obliga\u021bie a politicienilor de la Bucure\u0219ti e s\u0103 nu introduc\u0103 Rom\u00e2nia \u00eentr-un r\u0103zboi stupid \u0219i perdant\">Mihail Neam\u021bu: Suntem o \u021bar\u0103 mic\u0103, iar singura obliga\u021bie a politicienilor de la Bucure\u0219ti&#8230;<\/a><\/h3>\n<div class=\"td-module-meta-info\"><a href=\"https:\/\/r3media.ro\/category\/actualitate\/\" class=\"td-post-category\">ACTUALITATE<\/a><span class=\"td-post-author-name\"><a href=\"https:\/\/r3media.ro\/author\/redactia\/\">Redac\u021bia<\/a><span>&#8211;<\/span><\/span><span class=\"td-post-date\"><time class=\"entry-date updated td-module-date\" datetime=\"2026-07-20T22:01:16+03:00\">20\/07\/2026<\/time><\/span><\/div>\n<\/div>\n<\/div>\n<\/div>\n<\/div>\n<div class=\"td-block-row\">\n<div class=\"td-block-span6\">\n<div class=\"td_module_8 td_module_wrap\">\n<div class=\"item-details\">\n<h3 class=\"entry-title td-module-title\"><a href=\"https:\/\/r3media.ro\/petrisor-peiu-conditii-aur-vot-guvernul-vestea-nicusor-dan-solutii-bunastare-romani\/\" rel=\"bookmark\" title=\"Condi\u021biile AUR pentru a vota Guvernul Ve\u0219tea. Petri\u0219or Peiu propune solu\u021bii clare pentru bun\u0103starea rom\u00e2nilor\">Condi\u021biile AUR pentru a vota Guvernul Ve\u0219tea. Petri\u0219or Peiu propune solu\u021bii clare pentru bun\u0103starea&#8230;<\/a><\/h3>\n<div class=\"td-module-meta-info\"><a href=\"https:\/\/r3media.ro\/category\/stiri\/\" class=\"td-post-category\">\u0218TIRI<\/a><span class=\"td-post-author-name\"><a href=\"https:\/\/r3media.ro\/author\/oana\/\">Oana Ivan<\/a><span>&#8211;<\/span><\/span><span class=\"td-post-date\"><time class=\"entry-date updated td-module-date\" datetime=\"2026-06-17T10:10:31+03:00\">17\/06\/2026<\/time><\/span><\/div>\n<\/div>\n<\/div>\n<\/div>\n<div class=\"td-block-span6\">\n<div class=\"td_module_8 td_module_wrap\">\n<div class=\"item-details\">\n<h3 class=\"entry-title td-module-title\"><a href=\"https:\/\/r3media.ro\/mihail-neamtu-neeuropeana-imperiu-birocrati-bruxelles-inarmarea-germaniei\/\" rel=\"bookmark\" title=\"EXCLUSIVITATE Mihail Neam\u021bu: Exist\u0103 o tendin\u021b\u0103 neeuropean\u0103 de a se crea un imperiu condus de birocra\u021bi de la Bruxelles \/ Pericolul \u00eenarm\u0103rii Germaniei\">EXCLUSIVITATE Mihail Neam\u021bu: Exist\u0103 o tendin\u021b\u0103 neeuropean\u0103 de a se crea un imperiu condus&#8230;<\/a><\/h3>\n<div class=\"td-module-meta-info\"><a href=\"https:\/\/r3media.ro\/category\/stiri\/\" class=\"td-post-category\">\u0218TIRI<\/a><span class=\"td-post-author-name\"><a href=\"https:\/\/r3media.ro\/author\/oana\/\">Oana Ivan<\/a><span>&#8211;<\/span><\/span><span class=\"td-post-date\"><time class=\"entry-date updated td-module-date\" datetime=\"2026-06-22T09:02:12+03:00\">22\/06\/2026<\/time><\/span><\/div>\n<\/div>\n<\/div>\n<\/div>\n<\/div>\n<\/div>\n<div class=\"td-load-more-wrap td-load-more-infinite-wrap\" id=\"infinite-lm-tdi_20\"><a href=\"https:\/\/r3media.ro\/rusia-romania-drona-ambasador-moscova-porturi-dunare\/\" class=\"td_ajax_load_more td_ajax_load_more_js\" aria-label=\"\u00cenc\u0103rca\u021bi mai multe\" id=\"next-page-tdi_20\" data-td_block_id=\"tdi_20\">\u00cenc\u0103rca\u021bi mai multe<\/a><\/div>\n<\/div>\n<div class=\"td_block_wrap tdb_single_comments tdi_21 tdb-comm-layout2 td-pb-border-top td_block_template_1\" data-td-block-uid=\"tdi_21\">\n<div class=\"tdb-block-inner td-fix-index\">\n<div class=\"comments\" id=\"comments\">\n<div id=\"respond\" class=\"comment-respond\">\n<h3 id=\"reply-title\" class=\"comment-reply-title\">AI CEVA DE SPUS? <small><a rel=\"nofollow\" id=\"cancel-comment-reply-link\" href=\"https:\/\/r3media.ro\/rusia-romania-drona-ambasador-moscova-porturi-dunare\/#respond\">Renun\u021ba\u021bi la r\u0103spuns<\/a><\/small><\/h3>\n<div class=\"comment-form-input-wrap td-form-comment\">\n<div class=\"td-warning-comment\">V\u0103 rug\u0103m s\u0103 introduce\u021bi comentariul dvs.!<\/div>\n<\/div>\n<div class=\"comment-form-input-wrap td-form-author\">\n<div class=\"td-warning-author\">Introduce\u021bi aici numele dvs.<\/div>\n<\/div>\n<div class=\"comment-form-input-wrap td-form-email\">\n<div class=\"td-warning-email-error\">A\u021bi introdus o adres\u0103 de e-mail incorect\u0103!<\/div>\n<div class=\"td-warning-email\">V\u0103 rug\u0103m s\u0103 introduce\u021bi adresa dvs. de e-mail aici<\/div>\n<\/div>\n<\/div>\n<\/div>\n<\/div>\n<\/div>\n<\/div>\n<\/div>\n<div class=\"vc_column tdi_23  wpb_column vc_column_container tdc-column td-pb-span4 td-is-sticky\">\n<div class=\"wpb_wrapper\" data-sticky-enabled-on=\"W3RydWUsdHJ1ZSx0cnVlLHRydWVd\" data-sticky-offset=\"20\" data-sticky-is-width-auto=\"W2ZhbHNlLGZhbHNlLGZhbHNlLGZhbHNlXQ==\">\n<div class=\"wpb_wrapper td_block_wrap vc_widget_sidebar tdi_25 \">\n<div class=\"td_block_wrap td_block_7 td_block_widget tdi_26 td-pb-border-top td_block_template_1 td-column-1 td_block_padding\" data-td-block-uid=\"tdi_26\">\n<div class=\"td-block-title-wrap\">\n<h4 class=\"block-title td-block-title\"><span class=\"td-pulldown-size\">Articole RELA\u021aIONATE<\/span><\/h4>\n<\/div>\n<div id=\"tdi_26\" class=\"td_block_inner\">\n<div class=\"td-block-span12\">\n<div class=\"td_module_6 td_module_wrap td-animation-stack\">\n<div class=\"td-module-thumb\"><a href=\"https:\/\/r3media.ro\/28-iulie-3-august-1919-unirea-banatului-romania\/\" rel=\"bookmark\" class=\"td-image-wrap \" title=\"28 iulie \u2013 3 august 1919: Unirea Banatului cu Rom\u00e2nia\"><img loading=\"lazy\" decoding=\"async\" class=\"entry-thumb\" src=\"https:\/\/r3media.ro\/wp-content\/uploads\/2021\/08\/10-mai-1920-timisoara-100x70.jpg\" alt title=\"28 iulie \u2013 3 august 1919: Unirea Banatului cu Rom\u00e2nia\" width=\"100\" height=\"70\"><\/a><\/div>\n<div class=\"item-details\">\n<h3 class=\"entry-title td-module-title\"><a href=\"https:\/\/r3media.ro\/28-iulie-3-august-1919-unirea-banatului-romania\/\" rel=\"bookmark\" title=\"28 iulie \u2013 3 august 1919: Unirea Banatului cu Rom\u00e2nia\">28 iulie \u2013 3 august 1919: Unirea Banatului cu Rom\u00e2nia<\/a><\/h3>\n<div class=\"td-module-meta-info\"><span class=\"td-post-date\"><time class=\"entry-date updated td-module-date\" datetime=\"2026-07-27T21:40:14+03:00\">27\/07\/2026<\/time><\/span><\/div>\n<\/div>\n<\/div>\n<\/div>\n<div class=\"td-block-span12\">\n<div class=\"td_module_6 td_module_wrap td-animation-stack\">\n<div class=\"td-module-thumb\"><a href=\"https:\/\/r3media.ro\/avioane-americane-bulgaria-energie-radev-sua\/\" rel=\"bookmark\" class=\"td-image-wrap \" title=\"Avioane americane la Bezmer, la schimb cu avantaje \u00een zona energetic\u0103 pentru Bulgaria: ce a ob\u021binut guvernul Radev de la SUA\"><img loading=\"lazy\" decoding=\"async\" class=\"entry-thumb\" src=\"https:\/\/r3media.ro\/wp-content\/uploads\/2026\/06\/rumen-radev-bulgaria-100x70.webp\" alt title=\"Avioane americane la Bezmer, la schimb cu avantaje \u00een zona energetic\u0103 pentru Bulgaria: ce a ob\u021binut guvernul Radev de la SUA\" width=\"100\" height=\"70\"><\/a><\/div>\n<div class=\"item-details\">\n<h3 class=\"entry-title td-module-title\"><a href=\"https:\/\/r3media.ro\/avioane-americane-bulgaria-energie-radev-sua\/\" rel=\"bookmark\" title=\"Avioane americane la Bezmer, la schimb cu avantaje \u00een zona energetic\u0103 pentru Bulgaria: ce a ob\u021binut guvernul Radev de la SUA\">Avioane americane la Bezmer, la schimb cu avantaje \u00een zona energetic\u0103&#8230;<\/a><\/h3>\n<div class=\"td-module-meta-info\"><span class=\"td-post-date\"><time class=\"entry-date updated td-module-date\" datetime=\"2026-07-27T21:38:24+03:00\">27\/07\/2026<\/time><\/span><\/div>\n<\/div>\n<\/div>\n<\/div>\n<div class=\"td-block-span12\">\n<div class=\"td_module_6 td_module_wrap td-animation-stack\">\n<div class=\"td-module-thumb\"><a href=\"https:\/\/r3media.ro\/28-iulie-sfintii-apostoli-si-diaconi-prohor-nicanor-timon-si-parmena-dintre-cei-70\/\" rel=\"bookmark\" class=\"td-image-wrap \" title=\"Calendarul zilei 28 iulie: Sfin\u021bii Apostoli \u0219i Diaconi Prohor, Nicanor, Timon \u0219i Parmena, dintre cei 70\"><img loading=\"lazy\" decoding=\"async\" class=\"entry-thumb\" src=\"https:\/\/r3media.ro\/wp-content\/uploads\/2023\/07\/sddefault-4-100x70.jpg\" alt title=\"Calendarul zilei 28 iulie: Sfin\u021bii Apostoli \u0219i Diaconi Prohor, Nicanor, Timon \u0219i Parmena, dintre cei 70\" width=\"100\" height=\"70\"><\/a><\/div>\n<div class=\"item-details\">\n<h3 class=\"entry-title td-module-title\"><a href=\"https:\/\/r3media.ro\/28-iulie-sfintii-apostoli-si-diaconi-prohor-nicanor-timon-si-parmena-dintre-cei-70\/\" rel=\"bookmark\" title=\"Calendarul zilei 28 iulie: Sfin\u021bii Apostoli \u0219i Diaconi Prohor, Nicanor, Timon \u0219i Parmena, dintre cei 70\">Calendarul zilei 28 iulie: Sfin\u021bii Apostoli \u0219i Diaconi Prohor, Nicanor, Timon&#8230;<\/a><\/h3>\n<div class=\"td-module-meta-info\"><span class=\"td-post-date\"><time class=\"entry-date updated td-module-date\" datetime=\"2026-07-27T21:33:31+03:00\">27\/07\/2026<\/time><\/span><\/div>\n<\/div>\n<\/div>\n<\/div>\n<div class=\"td-block-span12\">\n<div class=\"td_module_6 td_module_wrap td-animation-stack\">\n<div class=\"td-module-thumb\"><a href=\"https:\/\/r3media.ro\/iranul-respinge-orice-negociere-cu-statele-unite\/\" rel=\"bookmark\" class=\"td-image-wrap \" title=\"Iranul respinge orice negociere cu Statele Unite\"><img loading=\"lazy\" decoding=\"async\" class=\"entry-thumb\" src=\"https:\/\/r3media.ro\/wp-content\/uploads\/2026\/07\/steag-iran-100x70.jpg\" alt title=\"Iranul respinge orice negociere cu Statele Unite\" width=\"100\" height=\"70\"><\/a><\/div>\n<div class=\"item-details\">\n<h3 class=\"entry-title td-module-title\"><a href=\"https:\/\/r3media.ro\/iranul-respinge-orice-negociere-cu-statele-unite\/\" rel=\"bookmark\" title=\"Iranul respinge orice negociere cu Statele Unite\">Iranul respinge orice negociere cu Statele Unite<\/a><\/h3>\n<div class=\"td-module-meta-info\"><span class=\"td-post-date\"><time class=\"entry-date updated td-module-date\" datetime=\"2026-07-27T20:59:23+03:00\">27\/07\/2026<\/time><\/span><\/div>\n<\/div>\n<\/div>\n<\/div>\n<div class=\"td-block-span12\">\n<div class=\"td_module_6 td_module_wrap td-animation-stack\">\n<div class=\"td-module-thumb\"><a href=\"https:\/\/r3media.ro\/statul-roman-a-semnat-actul-propriei-disparitii\/\" rel=\"bookmark\" class=\"td-image-wrap \" title=\"Statul rom\u00e2n a semnat actul propriei dispari\u021bii?\"><img loading=\"lazy\" decoding=\"async\" class=\"entry-thumb\" src=\"https:\/\/r3media.ro\/wp-content\/uploads\/2026\/07\/disparitia-statului-roman-100x70.png\" alt title=\"Statul rom\u00e2n a semnat actul propriei dispari\u021bii?\" width=\"100\" height=\"70\"><\/a><\/div>\n<div class=\"item-details\">\n<h3 class=\"entry-title td-module-title\"><a href=\"https:\/\/r3media.ro\/statul-roman-a-semnat-actul-propriei-disparitii\/\" rel=\"bookmark\" title=\"Statul rom\u00e2n a semnat actul propriei dispari\u021bii?\">Statul rom\u00e2n a semnat actul propriei dispari\u021bii?<\/a><\/h3>\n<div class=\"td-module-meta-info\"><span class=\"td-post-date\"><time class=\"entry-date updated td-module-date\" datetime=\"2026-07-27T15:07:05+03:00\">27\/07\/2026<\/time><\/span><\/div>\n<\/div>\n<\/div>\n<\/div>\n<div class=\"td-block-span12\">\n<div class=\"td_module_6 td_module_wrap td-animation-stack\">\n<div class=\"td-module-thumb\"><a href=\"https:\/\/r3media.ro\/raport-sau-propaganda-de-joasa-calitate\/\" rel=\"bookmark\" class=\"td-image-wrap \" title=\"Raport sau propagand\u0103 de joas\u0103 calitate?\"><img loading=\"lazy\" decoding=\"async\" class=\"entry-thumb\" src=\"https:\/\/r3media.ro\/wp-content\/uploads\/2026\/07\/grupul-de-reflectie-strategica-ue-100x70.jpg\" alt title=\"Raport sau propagand\u0103 de joas\u0103 calitate?\" width=\"100\" height=\"70\"><\/a><\/div>\n<div class=\"item-details\">\n<h3 class=\"entry-title td-module-title\"><a href=\"https:\/\/r3media.ro\/raport-sau-propaganda-de-joasa-calitate\/\" rel=\"bookmark\" title=\"Raport sau propagand\u0103 de joas\u0103 calitate?\">Raport sau propagand\u0103 de joas\u0103 calitate?<\/a><\/h3>\n<div class=\"td-module-meta-info\"><span class=\"td-post-date\"><time class=\"entry-date updated td-module-date\" datetime=\"2026-07-27T14:01:27+03:00\">27\/07\/2026<\/time><\/span><\/div>\n<\/div>\n<\/div>\n<\/div>\n<div class=\"td-block-span12\">\n<div class=\"td_module_6 td_module_wrap td-animation-stack\">\n<div class=\"td-module-thumb\"><a href=\"https:\/\/r3media.ro\/bnr-recomanda-romani-rezerve-de-cash-atacuri-cibernetice-numerar-relevant-criza\/\" rel=\"bookmark\" class=\"td-image-wrap \" title=\"BNR le recomand\u0103 rom\u00e2nilor s\u0103 p\u0103streze rezerve de cash: Numerarul se poate dovedi relevant \u00een criz\u0103\"><img loading=\"lazy\" decoding=\"async\" class=\"entry-thumb\" src=\"https:\/\/r3media.ro\/wp-content\/uploads\/2023\/10\/plati-cash-numerar-100x70.jpg\" alt title=\"BNR le recomand\u0103 rom\u00e2nilor s\u0103 p\u0103streze rezerve de cash: Numerarul se poate dovedi relevant \u00een criz\u0103\" width=\"100\" height=\"70\"><\/a><\/div>\n<div class=\"item-details\">\n<h3 class=\"entry-title td-module-title\"><a href=\"https:\/\/r3media.ro\/bnr-recomanda-romani-rezerve-de-cash-atacuri-cibernetice-numerar-relevant-criza\/\" rel=\"bookmark\" title=\"BNR le recomand\u0103 rom\u00e2nilor s\u0103 p\u0103streze rezerve de cash: Numerarul se poate dovedi relevant \u00een criz\u0103\">BNR le recomand\u0103 rom\u00e2nilor s\u0103 p\u0103streze rezerve de cash: Numerarul se&#8230;<\/a><\/h3>\n<div class=\"td-module-meta-info\"><span class=\"td-post-date\"><time class=\"entry-date updated td-module-date\" datetime=\"2026-07-27T13:11:47+03:00\">27\/07\/2026<\/time><\/span><\/div>\n<\/div>\n<\/div>\n<\/div>\n<\/div>\n<\/div>\n<aside class=\"td_block_template_1 widget widget_recent_comments\">\n<h4 class=\"block-title\"><span>INTR\u0102 \u00ceN DISCU\u021aIE!<\/span><\/h4>\n<ul id=\"recentcomments\">\n<li class=\"recentcomments\"><span class=\"comment-author-link\">Redac\u021bia<\/span> la <a href=\"https:\/\/r3media.ro\/raport-sau-propaganda-de-joasa-calitate\/#comment-40317\">Raport sau propagand\u0103 de joas\u0103 calitate?<\/a><\/li>\n<li class=\"recentcomments\"><span class=\"comment-author-link\">George<\/span> la <a href=\"https:\/\/r3media.ro\/raport-sau-propaganda-de-joasa-calitate\/#comment-40316\">Raport sau propagand\u0103 de joas\u0103 calitate?<\/a><\/li>\n<li class=\"recentcomments\"><span class=\"comment-author-link\">Radu<\/span> la <a href=\"https:\/\/r3media.ro\/prima-oara-istorie-presedintia-document-primplan-patriotism-european\/#comment-40315\">Pentru prima oar\u0103 \u00een istorie, Pre\u0219edin\u021bia Rom\u00e2niei emite un document care pune pe primul plan o alt\u0103 entitate dec\u00e2t \u021bara noastr\u0103: patriotismul european<\/a><\/li>\n<li class=\"recentcomments\"><span class=\"comment-author-link\">E.T.<\/span> la <a href=\"https:\/\/r3media.ro\/vladimir-putin-romania-teritorii-ucraina\/#comment-40314\">Vladimir Putin spune c\u0103 Rom\u00e2nia va fi printre statele care vor recupera teritorii de la Ucraina<\/a><\/li>\n<li class=\"recentcomments\"><span class=\"comment-author-link\">Nicu<\/span> la <a href=\"https:\/\/r3media.ro\/ford-recheama-service-500-000-masini-risc-incendiu-motor\/#comment-40311\">Ford recheam\u0103 \u00een service peste 500.000 de ma\u0219ini din cauza riscului de incendiu la motor<\/a><\/li>\n<li class=\"recentcomments\"><span class=\"comment-author-link\">Nicu<\/span> la <a href=\"https:\/\/r3media.ro\/iiccmer-solicita-demolare-statuie-poet-adrian-paunescu-gradina-icoanei-bucuresti\/#comment-40309\">IICCMER solicit\u0103 demolarea statuii poetului Adrian P\u0103unescu din Gr\u0103dina Icoanei din Bucure\u0219ti<\/a><\/li>\n<li class=\"recentcomments\"><span class=\"comment-author-link\">Eu<\/span> la <a href=\"https:\/\/r3media.ro\/mihail-neamtu-aur-transparentizarea-surselor-de-finantare-a-ong-urilor-este-obligatorie-unele-dintre-ele-pun-in-pericol-interesele-romaniei\/#comment-40308\">Mihail Neam\u021bu (AUR): Transparentizarea surselor de finan\u021bare a ONG-urilor este obligatorie! Unele dintre ele pun \u00een pericol interesele Rom\u00e2niei<\/a><\/li>\n<\/ul>\n<\/aside>\n<aside class=\"td_block_template_1 widget widget_search\">\n<h4 class=\"block-title\"><span>CAUT\u0102 \u0218I VEI G\u0102SI<\/span><\/h4>\n<\/aside>\n<\/div>\n<\/div>\n<\/div>\n<\/div>\n<\/div>\n<\/div>\n<\/div>\n<p><span class=\"td-page-meta\"><\/span><span class=\"td-page-meta\"><span class=\"td-page-meta\"><\/span><\/span><span class=\"td-page-meta\"><\/span><\/article>\n<\/p>\n<div class=\"td_block_wrap tdb_single_content tdi_18 td-pb-border-top td_block_template_1 td-post-content tagdiv-type\" data-td-block-uid=\"tdi_18\">\n<div class=\"tdb-block-inner td-fix-index\">\n<p><strong>Ambasadorul Federa\u021biei Ruse la Bucure\u0219ti, Vladimir Lipaev, a fost convocat luni, 27 iulie 2026, la Ministerul Afacerilor Externe, la dispozi\u021bia ministrului Oana \u021aoiu.<\/strong><\/p>\n<p>Convocarea a venit ca reac\u021bie la \u00eenc\u0103lc\u0103rile repetate ale spa\u021biului aerian rom\u00e2nesc din perioada 24-26 iulie, interval \u00een care Armata Rom\u00e2n\u0103 a dobor\u00e2t trei drone p\u0103trunse neautorizat pe teritoriul na\u021bional.<\/p>\n<p>\u00cen cadrul \u00eent\u00e2lnirii, diplomatului rus i-au fost prezentate fragmente ale dronei distruse \u00een jude\u021bul Buz\u0103u \u2014 componente despre care investiga\u021biile Parchetului au confirmat oficial c\u0103 sunt de provenien\u021b\u0103 ruseasc\u0103.<\/p>\n<p>Tot atunci, ambasadorului i-a fost \u00eenm\u00e2nat\u0103 nota verbal\u0103 prin care un membru al misiunii ruse la Bucure\u0219ti este declarat inacceptabil, cu obliga\u021bia de a p\u0103r\u0103si Rom\u00e2nia \u00een termen de 5 zile.<\/p>\n<p>\u00cen paralel, MAE l-a rechemat la Bucure\u0219ti pentru consult\u0103ri pe ambasadorul rom\u00e2n la Moscova.<\/p>\n<p>Partea rom\u00e2n\u0103 \u0219i-a exprimat protestul ferm fa\u021b\u0103 de aceste ac\u021biuni, subliniind c\u0103 este inadmisibil ca Rusia s\u0103 continue s\u0103 \u00eencalce spa\u021biul aerian al Rom\u00e2niei, care este deopotriv\u0103 spa\u021biu aerian NATO \u0219i al Uniunii Europene. MAE a insistat asupra faptului c\u0103 Federa\u021bia Rus\u0103 poart\u0103 responsabilitatea exclusiv\u0103 pentru aceste incidente \u0219i pentru deteriorarea securit\u0103\u021bii regionale.<\/p>\n<p>\u201eRom\u00e2nia va continua s\u0103 \u00ee\u015fi coordoneze \u00eendeaproape r\u0103spunsul cu alia\u0163ii \u015fi partenerii din cadrul NATO \u015fi UE \u015fi r\u0103m\u00e2ne ferm angajat\u0103 \u00een adoptarea tuturor m\u0103surilor necesare pentru protejarea securit\u0103\u0163ii na\u0163ionale \u015fi a cet\u0103\u0163enilor s\u0103i\u201d, au transmis reprezentan\u021bii ministerului.<\/p>\n<h2>Reac\u021bia Moscovei<\/h2>\n<p>De cealalt\u0103 parte, ambasadorul Vladimir Lipaev a calificat convocarea drept o manevr\u0103 de propagand\u0103, \u00eentr-o declara\u021bie pentru agen\u021bia oficial\u0103 rus\u0103 TASS.<\/p>\n<p>\u201eEste evident c\u0103 este vorba de o \u00eenscenare propagandistic\u0103, al c\u0103rei scop este de a \u00eempiedica noi lovituri ale for\u0163elor armate ruse asupra infrastructurii portuare ucrainene de pe Dun\u0103re \u015fi de la Marea Neagr\u0103, care este utilizat\u0103 intens de blocul NATO pentru livrarea de armament \u015fi echipamente militare prin teritoriul Rom\u00e2niei c\u0103tre For\u0163ele Armate ale Ucrainei\u201d, a spus el.<\/p>\n<p>Diplomatul a acuzat autorit\u0103\u021bile rom\u00e2ne c\u0103 nu au adus dovezi \u00een sprijinul acuza\u021biilor. Potrivit lui, \u201epartea rom\u00e2n\u0103, ca de obicei, s-a limitat la acuza\u0163ii nefondate, f\u0103r\u0103 nicio dovad\u0103, la adresa Rusiei, refuz\u00e2nd s\u0103 comunice orice parametri tehnici ai zborului care ar fi permis identificarea dronelor \u015fi nu a furnizat dovezi c\u00e2t de c\u00e2t concrete privind provenien\u0163a acestora\u201d.<\/p>\n<p>Lipaev a ad\u0103ugat c\u0103 \u201epartea rom\u00e2n\u0103 a fost avertizat\u0103 cu privire la pericolul unei escalad\u0103ri ulterioare a confrunt\u0103rii cu Federa\u0163ia Rus\u0103 \u015fi al implic\u0103rii For\u0163elor Armate ale Rom\u00e2niei \u00een ac\u0163iuni militare directe \u00een spa\u0163iul aerian al Ucrainei\u201d.<\/p>\n<p>Ambasadorul a negat orice implicare a Rusiei: \u201eS-a subliniat \u00eenc\u0103 o dat\u0103 c\u0103 Rusia nu a direc\u0163ionat \u015fi nu direc\u0163ioneaz\u0103 dronele sale de lupt\u0103 c\u0103tre obiective de pe teritoriul Rom\u00e2niei, iar toate specula\u0163iile pe aceast\u0103 tem\u0103 sunt lipsite de orice temei\u201d.<\/p>\n<p>El a mai avertizat c\u0103 \u201esprijinirea \u00een continuare a regimului terorist de la Kiev, sub orice form\u0103, este absolut inadmisibil\u0103 \u015fi intolerabil\u0103\u201d.<\/p>\n<p>Referitor la expulzarea diplomatului, Lipaev a promis represalii: \u201eExpulzarea nejustificat\u0103 a unui angajat al ambasadei nu va r\u0103m\u00e2ne f\u0103r\u0103 o reac\u0163ie adecvat\u0103 din partea Rusiei\u201d.<\/p>\n<div class=\"crp_related     crp-masonry\">\n<h2>\u00ceN CONTEXT<\/h2>\n<ul>\n<li><a href=\"https:\/\/r3media.ro\/florin-cojocariu-drona-ucraina-constanta-dovezi-catastrofa\/\" class=\"crp_link post-117854\"><span class=\"crp_title\">Florin Cojocariu, despre drona ucrainean\u0103 de la Constan\u021ba: Dovezile circumstan\u021biale indic\u0103\u2026<\/span><\/a><\/li>\n<li><a href=\"https:\/\/r3media.ro\/video-exploziv-traian-basescu-ucraina-drona-constanta\/\" class=\"crp_link post-118603\"><span class=\"crp_title\">VIDEO EXPLOZIV | Fostul pre\u0219edinte Traian B\u0103sescu spune c\u0103 Ucraina a dirijat INTEN\u021aIONAT\u2026<\/span><\/a><\/li>\n<li><a href=\"https:\/\/r3media.ro\/drona-marina-constanta-explozie-mapn-razboi-rusia-ucraina-video\/\" class=\"crp_link post-117786\"><span class=\"crp_title\">VIDEO | O dron\u0103 marin\u0103 a explodat vineri \u00een Portul Constan\u021ba. MApN: Este de tipul celor\u2026<\/span><\/a><\/li>\n<li><a href=\"https:\/\/r3media.ro\/consiliu-securitate-onu-romania-drona-galati-video\/\" class=\"crp_link post-117507\"><span class=\"crp_title\">Consiliul de Securitate al ONU s-a reunit la cererea Rom\u00e2niei \u00een cazul dronei de la Gala\u021bi (VIDEO)<\/span><\/a><\/li>\n<li><a href=\"https:\/\/r3media.ro\/ucraina-scuze-grecia-drona-marina-insula-lefkada-expolozie-portul-constanta\/\" class=\"crp_link post-117814\"><span class=\"crp_title\">Ucraina i-a cerut scuze Greciei pentru c\u0103 o dron\u0103 marin\u0103 a ajuns l\u00e2ng\u0103 Insula Lefkada. Nicio\u2026<\/span><\/a><\/li>\n<li><a href=\"https:\/\/r3media.ro\/drona-galati-mapn-siguranta\/\" class=\"crp_link post-117240\"><span class=\"crp_title\">De ce nu s-a dobor\u00e2t drona de la Gala\u021bi? Un general MAPN explic\u0103: Nu s-a putut \u00een condi\u021bii\u2026<\/span><\/a><\/li>\n<li><a href=\"https:\/\/r3media.ro\/discursul-integral-al-premierului-ungariei-viktor-orban-de-la-baile-tusnad-bugetul-ue-este-un-buget-de-razboi-sper-sa-avem-o-alianta-pentru-pace-cu-romanii\/\" class=\"crp_link post-111993\"><span class=\"crp_title\">Discursul INTEGRAL al premierului Ungariei, Viktor Orban, de la B\u0103ile Tu\u0219nad: Bugetul UE\u2026<\/span><\/a><\/li>\n<li><a href=\"https:\/\/r3media.ro\/romania-ar-trebui-sa-sustina-planul-trump-de-pace-pentru-ucraina\/\" class=\"crp_link post-114245\"><span class=\"crp_title\">Rom\u00e2nia ar trebui s\u0103 sus\u021bin\u0103 \u201eplanul Trump\u201d de pace pentru Ucraina<\/span><\/a><\/li>\n<\/ul>\n<\/div>\n<\/div>\n<\/div>\n<p>[analyse_source url=&#8221;https:\/\/r3media.ro\/rusia-romania-drona-ambasador-moscova-porturi-dunare\/&#8221;]<\/p>\n","protected":false},"excerpt":{"rendered":"<p>[analyse_image type=&#8221;featured&#8221; src=&#8221;https:\/\/r3media.ro\/wp-content\/uploads\/2024\/04\/vladimir-lipaev-mid-ru-e1713338767786.jpghttps:\/\/r3media.ro\/wp-content\/uploads\/2024\/04\/vladimir-lipaev-mid-ru-e1713338767786.jpg&#8221;] PRIM PLANRusia, avertizat\u0103 de Rom\u00e2nia dup\u0103 incidentele cu drona. Ambasadorul Moscovei acuz\u0103 Bucure\u0219tiul&#8230; PRIM PLAN\u0218TIRI Rusia, avertizat\u0103 de Rom\u00e2nia dup\u0103 incidentele cu drona. Ambasadorul Moscovei acuz\u0103 Bucure\u0219tiul c\u0103 folose\u0219te porturile de la Dun\u0103re pentru a transporta arme \u00een Ucraina Redac\u021bia 27\/07\/2026 Sursa foto: Profit.ro Ambasadorul Federa\u021biei Ruse la Bucure\u0219ti, Vladimir Lipaev, a [&hellip;]<\/p>\n","protected":false},"author":1,"featured_media":0,"comment_status":"open","ping_status":"","sticky":false,"template":"","format":"standard","meta":{"footnotes":""},"categories":[89],"tags":[226,93],"class_list":["post-2064313","post","type-post","status-publish","format-standard","hentry","category-romania","tag-crawlmanager","tag-r3media-ro"],"_links":{"self":[{"href":"https:\/\/analyse.optim.biz\/index.php?rest_route=\/wp\/v2\/posts\/2064313","targetHints":{"allow":["GET"]}}],"collection":[{"href":"https:\/\/analyse.optim.biz\/index.php?rest_route=\/wp\/v2\/posts"}],"about":[{"href":"https:\/\/analyse.optim.biz\/index.php?rest_route=\/wp\/v2\/types\/post"}],"author":[{"embeddable":true,"href":"https:\/\/analyse.optim.biz\/index.php?rest_route=\/wp\/v2\/users\/1"}],"replies":[{"embeddable":true,"href":"https:\/\/analyse.optim.biz\/index.php?rest_route=%2Fwp%2Fv2%2Fcomments&post=2064313"}],"version-history":[{"count":0,"href":"https:\/\/analyse.optim.biz\/index.php?rest_route=\/wp\/v2\/posts\/2064313\/revisions"}],"wp:attachment":[{"href":"https:\/\/analyse.optim.biz\/index.php?rest_route=%2Fwp%2Fv2%2Fmedia&parent=2064313"}],"wp:term":[{"taxonomy":"category","embeddable":true,"href":"https:\/\/analyse.optim.biz\/index.php?rest_route=%2Fwp%2Fv2%2Fcategories&post=2064313"},{"taxonomy":"post_tag","embeddable":true,"href":"https:\/\/analyse.optim.biz\/index.php?rest_route=%2Fwp%2Fv2%2Ftags&post=2064313"}],"curies":[{"name":"wp","href":"https:\/\/api.w.org\/{rel}","templated":true}]}}