{"id":2064311,"date":"2026-07-27T10:11:47","date_gmt":"2026-07-27T07:11:47","guid":{"rendered":"https:\/\/analyse.optim.biz\/?p=2064311"},"modified":"2026-07-27T10:11:47","modified_gmt":"2026-07-27T07:11:47","slug":"bnr-le-recomanda-romanilor-sa-pastreze-rezerve-de-cash-numerarul-se-poate-dovedi-relevant-in-criza","status":"publish","type":"post","link":"https:\/\/analyse.optim.biz\/?p=2064311","title":{"rendered":"BNR le recomand\u0103 rom\u00e2nilor s\u0103 p\u0103streze rezerve de cash: Numerarul se poate dovedi relevant \u00een criz\u0103"},"content":{"rendered":"<p>[analyse_image type=&#8221;featured&#8221; src=&#8221;https:\/\/r3media.ro\/wp-content\/uploads\/2023\/10\/plati-cash-numerar-e1697196092893.jpghttps:\/\/r3media.ro\/wp-content\/uploads\/2023\/10\/plati-cash-numerar-e1697196092893.jpg&#8221;]<\/p>\n<article id=\"template-id-109\" class=\"post-109 tdb_templates type-tdb_templates status-publish post\">\n<div id=\"tdi_2\" class=\"tdc-zone\">\n<div class=\"tdc_zone tdi_3  wpb_row td-pb-row\">\n<div id=\"tdi_4\" class=\"tdc-row\">\n<div class=\"vc_row tdi_5  wpb_row td-pb-row\">\n<div class=\"vc_column tdi_7  wpb_column vc_column_container tdc-column td-pb-span8\">\n<div class=\"wpb_wrapper\">\n<div class=\"td_block_wrap tdb_breadcrumbs tdi_8 td-pb-border-top td_block_template_1 tdb-breadcrumbs \" data-td-block-uid=\"tdi_8\">\n<div class=\"tdb-block-inner td-fix-index\"><span><a title=\"Vede\u021bi toate articolele \u00een FEATURED\" class=\"tdb-entry-crumb\" href=\"https:\/\/r3media.ro\/category\/featured\/\">FEATURED<\/a><\/span><span class=\"tdb-bred-no-url-last\">BNR le recomand\u0103 rom\u00e2nilor s\u0103 p\u0103streze rezerve de cash: Numerarul se poate&#8230;<\/span><\/div>\n<\/div>\n<div class=\"td_block_wrap tdb_single_categories tdi_9 td-pb-border-top td_block_template_1 \" data-td-block-uid=\"tdi_9\">\n<div class=\"tdb-category td-fix-index\"><a class=\"tdb-entry-category\" href=\"https:\/\/r3media.ro\/category\/featured\/\">FEATURED<\/a><a class=\"tdb-entry-category\" href=\"https:\/\/r3media.ro\/category\/stiri\/\">\u0218TIRI<\/a><\/div>\n<\/div>\n<div class=\"td_block_wrap tdb_title tdi_10 tdb-single-title td-pb-border-top td_block_template_1\" data-td-block-uid=\"tdi_10\">\n<div class=\"tdb-block-inner td-fix-index\">\n<h1 class=\"tdb-title-text\">BNR le recomand\u0103 rom\u00e2nilor s\u0103 p\u0103streze rezerve de cash: Numerarul se poate dovedi relevant \u00een criz\u0103<\/h1>\n<\/div>\n<\/div>\n<div class=\"vc_row_inner tdi_12  vc_row vc_inner wpb_row td-pb-row\">\n<div class=\"vc_column_inner tdi_14  wpb_column vc_column_container tdc-inner-column td-pb-span12\">\n<div class=\"vc_column-inner\">\n<div class=\"wpb_wrapper\">\n<div class=\"td_block_wrap tdb_single_author tdi_15 td-pb-border-top td_block_template_1 tdb-post-meta\" data-td-block-uid=\"tdi_15\">\n<div class=\"tdb-block-inner td-fix-index\">\n<div class=\"tdb-author-name-wrap\"><a class=\"tdb-author-name\" href=\"https:\/\/r3media.ro\/author\/oana\/\">Oana Ivan<\/a><\/div>\n<\/div>\n<\/div>\n<div class=\"td_block_wrap tdb_single_date tdi_16 td-pb-border-top td_block_template_1 tdb-post-meta\" data-td-block-uid=\"tdi_16\">\n<div class=\"tdb-block-inner td-fix-index\"><time class=\"entry-date updated td-module-date\" datetime=\"2026-07-27T13:11:47+03:00\">27\/07\/2026<\/time><\/div>\n<\/div>\n<\/div>\n<\/div>\n<\/div>\n<\/div>\n<div class=\"td_block_wrap tdb_single_featured_image tdi_17 tdb-content-horiz-left td-pb-border-top td_block_template_1\" data-td-block-uid=\"tdi_17\">\n<div class=\"tdb-block-inner td-fix-index\">\n<figure><figcaption class=\"tdb-caption-text\">Imagine de <a href=\"https:\/\/pixabay.com\/ro\/users\/septimiu-3938551\/?utm_source=link-attribution&amp;utm_medium=referral&amp;utm_campaign=image&amp;utm_content=6934763\">Septimiu Balica<\/a> de la <a href=\"https:\/\/pixabay.com\/ro\/\/?utm_source=link-attribution&amp;utm_medium=referral&amp;utm_campaign=image&amp;utm_content=6934763\">Pixabay<\/a><\/figcaption><\/figure>\n<\/div>\n<\/div>\n<div class=\"td_block_wrap tdb_single_content tdi_18 td-pb-border-top td_block_template_1 td-post-content tagdiv-type\" data-td-block-uid=\"tdi_18\">\n<div class=\"tdb-block-inner td-fix-index\">\n<p><strong><a href=\"https:\/\/r3media.ro\/tag\/banca-nationala-a-romaniei-bnr\/\" target=\"_blank\" rel=\"noopener\">Banca Na\u021bional\u0103 a Rom\u00e2niei (BNR)<\/a> le recomand\u0103 rom\u00e2nilor s\u0103 p\u0103streze rezerve de numerar. \u00centr-un comunicat publicat pe <a href=\"https:\/\/www.bnr.ro\/25676-2026-07-24-precizari-privind-securitatea-cibernetica-a-sistemului-financiar-si-rolul-numerarului\" target=\"_blank\" rel=\"noopener\">site<\/a>-ul institu\u021biei, BNR informeaz\u0103 c\u0103 CERS (Comitetul European pentru Risc Sistemic) a publicat Avertismentul CERS\/2026\/3 privind riscurile cibernetice sistemice generate de modelele de inteligen\u021b\u0103 artificial\u0103 de frontier\u0103.\u00a0<\/strong><\/p>\n<p>\u201eDocumentul arat\u0103 c\u0103 aceste modele pot spori viteza, amploarea \u0219i gradul de sofisticare a atacurilor cibernetice. Ele pot modifica structural profilul de risc al sistemului financiar european. La elaborarea analizei tehnice care fundamenteaz\u0103 avertismentul din perspectiva stabilit\u0103\u021bii financiare au participat \u0219i exper\u021bi ai B\u0103ncii Na\u021bionale a Rom\u00e2niei. Avertismentul este un instrument preventiv de politic\u0103 macropruden\u021bial\u0103, adresat autorit\u0103\u021bilor \u0219i institu\u021biilor financiare \u00een vederea consolid\u0103rii rezilien\u021bei. Acesta nu anun\u021b\u0103 producerea unui incident \u0219i nu anticipeaz\u0103 inevitabilitatea unui blocaj sistemic a sectorului financiar. Identificarea \u0219i comunicarea din timp a riscurilor reprezint\u0103 o condi\u021bie pentru prevenirea acestora \u0219i pentru limitarea efectelor poten\u021biale.<\/p>\n<p>Preocuparea pentru aceste riscuri nu este una recent\u0103. BNR monitorizeaz\u0103 permanent riscurile opera\u021bionale \u0219i cibernetice prin supravegherea institu\u021biilor de credit \u0219i a infrastructurilor pie\u021bei financiare, analiza incidentelor raportate, misiuni de evaluare, chestionare \u0219i analize tematice privind digitalizarea \u0219i utilizarea inteligen\u021bei artificiale. Instrumentele folosite includ at\u00e2t exerci\u021bii de testare la stres a sectorului bancar din perspectiva riscului cibernetic, c\u00e2t \u0219i, distinct, teste avansate de rezilien\u021b\u0103 cibernetic\u0103. Aceste din urm\u0103 teste sunt efectuate cu regularitate, \u00eenc\u0103 din 2024, de infrastructurile pie\u021bei financiare \u0219i de institu\u021biile de credit sistemice la nivel na\u021bional \u0219i simuleaz\u0103 tehnicile utilizate de atacatori avansa\u021bi. Cel mai recent exerci\u021biu nu a eviden\u021biat vulnerabilit\u0103\u021bi opera\u021bionale semnificative la nivelul entit\u0103\u021bilor evaluate, institu\u021biile de credit fiind, \u00een general, preg\u0103tite s\u0103 activeze planurile de continuitate a activit\u0103\u021bii \u0219i procedurile de gestionare a crizelor\u201c, precizeaz\u0103 BNR.<\/p>\n<h2><strong>BNR le recomand\u0103 rom\u00e2nilor s\u0103 p\u0103streze rezerve de cash: Numerarul se poate dovedi relevant \u00een criz\u0103<\/strong><\/h2>\n<p>\u00a0<\/p>\n<p>Banca Na\u021bional\u0103 a Rom\u00e2niei precizeaz\u0103 c\u0103 numerarul r\u0103m\u00e2ne o component\u0103 esen\u021bial\u0103 a sistemului monetar. \u00cen plus, numerarul se poate dovedi relevant \u00een situa\u021bii de criz\u0103, potrivit BNR.<\/p>\n<p>\u201eCadrul de reglementare european impune institu\u021biilor financiare obliga\u021bii stricte privind rezilien\u021ba opera\u021bional\u0103 digital\u0103. Astfel, b\u0103ncile trebuie s\u0103 demonstreze nu doar c\u0103 dispun de m\u0103suri eficiente de protec\u021bie, ci \u0219i c\u0103 pot asigura continuitatea serviciilor critice sau, dup\u01ce caz, restabilirea lor rapid\u0103 \u00een urma unor incidente sau evenimente perturbatoare, prin testarea periodic\u0103 a capacit\u0103\u021bii lor opera\u021bionale.<\/p>\n<p>Numerarul r\u0103m\u00e2ne \u00eens\u0103 o component\u0103 esen\u021bial\u0103 a sistemului monetar, iar asigurarea accesului popula\u021biei \u0219i agen\u021bilor economici la numerar este una dintre preocup\u0103rile constante ale BNR, \u00een concordan\u021b\u0103 cu nevoile reale ale acestora. Accesul la numerar are un rol important \u00een asigurarea particip\u0103rii la activit\u0103\u021bile economice, c\u00e2t \u0219i ca instrument de asigurare a incluziunii financiare, \u00een special \u00een regiunile cu infrastructur\u0103 financiar\u0103 slab dezvoltat\u0103.<\/p>\n<p>Pe l\u00e2ng\u0103 rolul important pe care numerarul \u00eel are \u00een circumstan\u021be normale, acesta se poate dovedi relevant \u00een situa\u021bii de criz\u0103, mai ales av\u00e2nd \u00een vedere intensificarea riscului cibernetic pe fondul evolu\u021biilor geopolitice. Tema special\u0103 privind accesul la numerar, publicat\u0103 de BNR \u00een Raportul asupra stabilit\u0103\u021bii financiare din decembrie 2024, arat\u0103 c\u0103 numerarul \u00een circula\u021bie ajunsese la 120,3 miliarde lei, iar gradul s\u0103u de disponibilitate era de 98 la sut\u0103. Re\u021beaua de bancomate acoperea aproximativ 13,4 milioane de persoane, respectiv 71 la sut\u0103 din popula\u021bia rezident\u0103 de peste 15 ani. Toate localit\u0103\u021bile urbane dispun de cel pu\u021bin un bancomat. Raportat la popula\u021bie, re\u021beaua din Rom\u00e2nia este comparabil\u0103 cu cea din Polonia \u0219i mai extins\u0103 dec\u00e2t cea din Cehia, de\u0219i persist\u0103 diferen\u021be de acces \u00een zonele rurale.<\/p>\n<h2><strong>P\u0103strarea de numerar poate sprijini continuitatea pl\u0103\u021bilor esen\u021biale<\/strong><\/h2>\n<p>\u00a0<\/p>\n<p>Numerarul \u0219i serviciile financiare digitale trebuie privite ca instrumente complementare. P\u0103strarea unor sume rezonabile \u00een numerar poate sprijini continuitatea pl\u0103\u021bilor esen\u021biale \u00een situa\u021bii excep\u021bionale, \u00eens\u0103 de\u021binerea unor sume mari \u00een afara sectorului bancar implic\u0103 riscuri de furt, pierdere sau distrugere, \u00een condi\u021biile \u00een care stabilitatea sistemului bancar rom\u00e2nesc este un fapt dovedit. Depozitele eligibile beneficiaz\u0103 de protec\u021bia schemei de garantare \u00een limita echivalentului a 100.000 euro pentru fiecare deponent, la fiecare banc\u0103.<\/p>\n<p>Analiza prudent\u0103 a riscurilor cibernetice nu trebuie, prin urmare, confundat\u0103 cu un \u00eendemn la retragerea depozitelor sau la renun\u021barea la serviciile financiare digitale\u201c, transmite institu\u021bia.<\/p>\n<h2><strong>Numero\u0219i formatori de opinie s-au pozi\u021bionat \u00een favoarea pl\u0103\u021bilor cash<\/strong><\/h2>\n<p>\u00a0<\/p>\n<p>\u00cen ultimii ani, numero\u0219i formatori de opinie s-au pozi\u021bionat \u00een favoarea pl\u0103\u021bilor cash \u00een detrimentul celor electronice. Jurnalistul <strong><a href=\"https:\/\/r3media.ro\/madalin-ionescu-eliminare-bani-cash-inceput-dictatura-guverne-banci-corporatii-numerar-periculos-libertate\/\" target=\"_blank\" rel=\"noopener\">M\u0103d\u0103lin Ionescu a afirmat<\/a><\/strong> c\u0103 eliminarea banilor cash din circula\u021bie nu reprezint\u0103 altceva dec\u00e2t \u00eenceputul unei dictaturi. El vorbea \u00een 2025 fix de problemele pe care le transmite BNR \u00een prezent.<\/p>\n<p>\u201eCe e, de fapt, eliminarea banilor cash? Un pas imens c\u0103tre control total: Fiecare cump\u0103r\u0103tur\u0103 este \u00eenregistrat\u0103, analizat\u0103, evaluat\u0103.<\/p>\n<p>Dac\u0103 \u201egre\u0219e\u0219ti\u201d politic, \u00ee\u021bi pot fi blocate conturile. Dac\u0103 sistemul cade, nu mai exi\u0219ti economic. F\u0103r\u0103 cash, devii prizonierul unei b\u0103nci + unui stat + unei aplica\u021bii. Nu mai po\u021bi \u00eemprumuta discret. Nu mai po\u021bi d\u0103rui f\u0103r\u0103 aprobare. Nu mai po\u021bi cump\u0103ra dec\u00e2t ce e \u201eacceptabil\u201d economic \u0219i ideologic.<\/p>\n<p>Problema e c\u0103 orice arhitectur\u0103 financiar\u0103 100% digital\u0103 e dependent\u0103 de:<\/p>\n<ul>\n<li>re\u021bele energetice stabile<\/li>\n<li>internet func\u021bional<\/li>\n<li>sisteme bancare neperturbate de crize globale.<\/li>\n<\/ul>\n<p>\u0218i totu\u0219i: vulcanii dorm, dar nu uit\u0103. Yellowstone \u0219i Campi Flegrei sunt pe lista scurt\u0103. Soarele e activ \u0219i capricios\u201d, scria M\u0103d\u0103lin Ionescu.<\/p>\n<p>Un alt jurnalist care s-a declarat pro-numerar este Mircea Badea, care <strong><a href=\"https:\/\/r3media.ro\/plata-cu-cardul-mircea-badea-nu-mai-plec-de-acasa-fara-bani-cash-spalarea-pe-creier-a-oamenilor-de-pe-planeta-este-ingrozitoare-dar-oamenii-merita\/\" target=\"_blank\" rel=\"noopener\">a anun\u021bat c\u0103 nu mai pleac\u0103 f\u0103r\u0103 bani cash<\/a><\/strong>\u00a0la el.<\/p>\n<div class=\"crp_related     crp-masonry\">\n<h2>\u00ceN CONTEXT<\/h2>\n<ul>\n<li><a href=\"https:\/\/r3media.ro\/fara-tine-in-google-r3media-dispare-iata-ce-poti-face-in-10-secunde\/\" class=\"crp_link post-119031\"><span class=\"crp_title\">F\u0103r\u0103 tine \u00een Google, R3media dispare. Iat\u0103 ce po\u021bi face \u00een 10 secunde<\/span><\/a><\/li>\n<li><a href=\"https:\/\/r3media.ro\/madalin-ionescu-eliminare-bani-cash-inceput-dictatura-guverne-banci-corporatii-numerar-periculos-libertate\/\" class=\"crp_link post-112240\"><span class=\"crp_title\">Jurnalistul M\u0103d\u0103lin Ionescu explic\u0103 de ce se \u00eencearc\u0103 eliminarea banilor cash: A\u0219a \u00eencepe\u2026<\/span><\/a><\/li>\n<li><a href=\"https:\/\/r3media.ro\/victorie-a-libertatii-slovenia-parlamentul-votat-introducere-constitutie-drept-utilizare-numerar-cetateni\/\" class=\"crp_link post-114394\"><span class=\"crp_title\">Victorie a libert\u0103\u021bii \u00een Slovenia: Parlamentul a votat introducerea \u00een Constitu\u021bie a\u2026<\/span><\/a><\/li>\n<li><a href=\"https:\/\/r3media.ro\/elvetia-cetatean-lasat-scoata-propriii-bani-banca-cetatenii-revolta-magazine-cafenele-restaurante-nu-accepta-numerarul\/\" class=\"crp_link post-114582\"><span class=\"crp_title\">Elve\u021bia | Un cet\u0103\u021bean nu a fost l\u0103sat s\u0103-\u0219i scoat\u0103 propriii bani din banc\u0103. Cet\u0103\u021benii se\u2026<\/span><\/a><\/li>\n<li><a href=\"https:\/\/r3media.ro\/gheorghe-piperea-europarlamentar-aur-ecr-un-atac-cibernetic-poate-bloca-platile-bancomatele-si-accesul-la-conturile-bancare-numerarul-trebuie-protejat-ca-ultima-garantie-a-independentei-financiar\/\" class=\"crp_link post-120326\"><span class=\"crp_title\">Gheorghe Piperea (europarlamentar AUR\/ECR): Un atac cibernetic poate bloca pl\u0103\u021bile,\u2026<\/span><\/a><\/li>\n<li><a href=\"https:\/\/r3media.ro\/petrisor-peiu-bnr-guvern-bolojan-stagflatie\/\" class=\"crp_link post-117049\"><span class=\"crp_title\">Petri\u0219or Peiu: BNR \u00eemparte responsabilitatea cu guvernul Bolojan pentru stagfla\u021bia din Rom\u00e2nia<\/span><\/a><\/li>\n<li><a href=\"https:\/\/r3media.ro\/banca-centrala-europeana-bce-recomanda-pastrare-numerar-acasa-instabilitate-majora\/\" class=\"crp_link post-113327\"><span class=\"crp_title\">Banca Central\u0103 European\u0103 (BCE) recomand\u0103 cet\u0103\u021benilor s\u0103 p\u0103streze acas\u0103 numerar \u201esuficient\u2026<\/span><\/a><\/li>\n<li><a href=\"https:\/\/r3media.ro\/mugur-isarescu-bnr-taie-adoptare-moneda-euro-digital-bani-numerar-populatie\/\" class=\"crp_link post-113276\"><span class=\"crp_title\">Mugur Is\u0103rescu taie din fa\u0219\u0103 adoptarea monedei euro digitale: Nu e vorba doar c\u0103 sunt un\u2026<\/span><\/a><\/li>\n<\/ul>\n<\/div>\n<\/div>\n<\/div>\n<div class=\"td_block_wrap tdb_single_tags tdi_19 td-pb-border-top td_block_template_1\" data-td-block-uid=\"tdi_19\">\n<div class=\"tdb-block-inner td-fix-index\">\n<ul class=\"tdb-tags\">\n<li><span>SUBIECTE FIERBIN\u021aI<\/span><\/li>\n<li><a href=\"https:\/\/r3media.ro\/tag\/banca-nationala-a-romaniei-bnr\/\">banca nationala a romaniei (bnr)<\/a><\/li>\n<li><a href=\"https:\/\/r3media.ro\/tag\/disparitia-banilor-fizici-numerar\/\">disparitia banilor fizici (numerar)<\/a><\/li>\n<li><a href=\"https:\/\/r3media.ro\/tag\/plati-online-vs-plati-cash\/\">plati online vs plati cash<\/a><\/li>\n<\/ul>\n<\/div>\n<\/div>\n<div class=\"td_block_wrap td_block_9 tdi_20 td_with_ajax_pagination td-pb-border-top td_block_template_1 td-column-2 td_block_padding td_block_bot_line\" data-td-block-uid=\"tdi_20\">\n<div class=\"td-block-title-wrap\">\n<h4 class=\"block-title td-block-title\"><span class=\"td-pulldown-size\">CITE\u0218TE MAI MULT<\/span><\/h4>\n<\/div>\n<div id=\"tdi_20\" class=\"td_block_inner\">\n<div class=\"td-block-row\">\n<div class=\"td-block-span6\">\n<div class=\"td_module_8 td_module_wrap\">\n<div class=\"item-details\">\n<h3 class=\"entry-title td-module-title\"><a href=\"https:\/\/r3media.ro\/dictatura-forma-suprema-a-democratiei\/\" rel=\"bookmark\" title=\"Dictatura \u2013 forma suprem\u0103 a democra\u021biei\">Dictatura \u2013 forma suprem\u0103 a democra\u021biei<\/a><\/h3>\n<div class=\"td-module-meta-info\"><a href=\"https:\/\/r3media.ro\/category\/opinii\/\" class=\"td-post-category\">OPINII<\/a><span class=\"td-post-author-name\"><a href=\"https:\/\/r3media.ro\/author\/tru\/\">TRU (Traian Ungureanu)<\/a><span>&#8211;<\/span><\/span><span class=\"td-post-date\"><time class=\"entry-date updated td-module-date\" datetime=\"2026-07-25T16:43:11+03:00\">25\/07\/2026<\/time><\/span><\/div>\n<\/div>\n<\/div>\n<\/div>\n<div class=\"td-block-span6\">\n<div class=\"td_module_8 td_module_wrap\">\n<div class=\"item-details\">\n<h3 class=\"entry-title td-module-title\"><a href=\"https:\/\/r3media.ro\/film-nou-stapanul-inelelor-corect-politic-regizor-andy-serkis-diversitate-tolkien-mitologie-nordica\/\" rel=\"bookmark\" title=\"Noul film \u201eSt\u0103p\u00e2nul Inelelor\u201d nu va fi corect politic. Regizorul Andy Serkis: J.R.R. Tolkien a fost influen\u021bat de mitologia nordic\u0103. Nu vrem o distribu\u021bie de dragul de a bifa c\u0103su\u021be\">Noul film \u201eSt\u0103p\u00e2nul Inelelor\u201d nu va fi corect politic. Regizorul Andy Serkis: J.R.R. Tolkien&#8230;<\/a><\/h3>\n<div class=\"td-module-meta-info\"><a href=\"https:\/\/r3media.ro\/category\/stiri-prim-plan\/\" class=\"td-post-category\">PRIM PLAN<\/a><span class=\"td-post-author-name\"><a href=\"https:\/\/r3media.ro\/author\/oana\/\">Oana Ivan<\/a><span>&#8211;<\/span><\/span><span class=\"td-post-date\"><time class=\"entry-date updated td-module-date\" datetime=\"2026-07-26T15:49:31+03:00\">26\/07\/2026<\/time><\/span><\/div>\n<\/div>\n<\/div>\n<\/div>\n<\/div>\n<div class=\"td-block-row\">\n<div class=\"td-block-span6\">\n<div class=\"td_module_8 td_module_wrap\">\n<div class=\"item-details\">\n<h3 class=\"entry-title td-module-title\"><a href=\"https:\/\/r3media.ro\/marea-britanie-apa-inteligenta-artificiala-romania-centru-ai-restrictii-consum-apa\/\" rel=\"bookmark\" title=\"Marea Britanie nu mai are suficient\u0103 ap\u0103 pentru Inteligen\u021ba Artificial\u0103, dar Rom\u00e2nia vrea s\u0103 g\u0103zduiasc\u0103 un centru AI care consum\u0103 c\u00e2t sute de mii de oameni \u0219i impune restric\u021bii la consumul de ap\u0103 al popula\u021biei\">Marea Britanie nu mai are suficient\u0103 ap\u0103 pentru Inteligen\u021ba Artificial\u0103, dar Rom\u00e2nia vrea s\u0103&#8230;<\/a><\/h3>\n<div class=\"td-module-meta-info\"><a href=\"https:\/\/r3media.ro\/category\/actualitate\/\" class=\"td-post-category\">ACTUALITATE<\/a><span class=\"td-post-author-name\"><a href=\"https:\/\/r3media.ro\/author\/radu_ursan\/\">Radu Ursan<\/a><span>&#8211;<\/span><\/span><span class=\"td-post-date\"><time class=\"entry-date updated td-module-date\" datetime=\"2026-07-23T11:44:13+03:00\">23\/07\/2026<\/time><\/span><\/div>\n<\/div>\n<\/div>\n<\/div>\n<div class=\"td-block-span6\">\n<div class=\"td_module_8 td_module_wrap\">\n<div class=\"item-details\">\n<h3 class=\"entry-title td-module-title\"><a href=\"https:\/\/r3media.ro\/campion-olimpic-olaf-tufte-mort-subit-50-ani\/\" rel=\"bookmark\" title=\"Campionul olimpic Olaf Tufte a murit subit la 50 de ani\">Campionul olimpic Olaf Tufte a murit subit la 50 de ani<\/a><\/h3>\n<div class=\"td-module-meta-info\"><a href=\"https:\/\/r3media.ro\/category\/actualitate\/\" class=\"td-post-category\">ACTUALITATE<\/a><span class=\"td-post-author-name\"><a href=\"https:\/\/r3media.ro\/author\/oana\/\">Oana Ivan<\/a><span>&#8211;<\/span><\/span><span class=\"td-post-date\"><time class=\"entry-date updated td-module-date\" datetime=\"2026-07-22T12:11:02+03:00\">22\/07\/2026<\/time><\/span><\/div>\n<\/div>\n<\/div>\n<\/div>\n<\/div>\n<div class=\"td-block-row\">\n<div class=\"td-block-span6\">\n<div class=\"td_module_8 td_module_wrap\">\n<div class=\"item-details\">\n<h3 class=\"entry-title td-module-title\"><a href=\"https:\/\/r3media.ro\/explozie-incendiu-fabrica-kronospan-brasov-video\/\" rel=\"bookmark\" title=\"VIDEO | Explozie urmat\u0103 de un incendiu la fabrica Kronospan din Bra\u0219ov. \u00cen timp ce pompierii \u00eencercau s\u0103 sting\u0103 focul s-a produs o alt\u0103 explozie\">VIDEO | Explozie urmat\u0103 de un incendiu la fabrica Kronospan din Bra\u0219ov. \u00cen timp&#8230;<\/a><\/h3>\n<div class=\"td-module-meta-info\"><a href=\"https:\/\/r3media.ro\/category\/actualitate\/\" class=\"td-post-category\">ACTUALITATE<\/a><span class=\"td-post-author-name\"><a href=\"https:\/\/r3media.ro\/author\/oana\/\">Oana Ivan<\/a><span>&#8211;<\/span><\/span><span class=\"td-post-date\"><time class=\"entry-date updated td-module-date\" datetime=\"2026-07-22T10:01:28+03:00\">22\/07\/2026<\/time><\/span><\/div>\n<\/div>\n<\/div>\n<\/div>\n<div class=\"td-block-span6\">\n<div class=\"td_module_8 td_module_wrap\">\n<div class=\"item-details\">\n<h3 class=\"entry-title td-module-title\"><a href=\"https:\/\/r3media.ro\/asa-incepe-compania-openai-afirma-un-model-de-inteligenta-artificiala-a-atacat-din-proprie-initiativa-sistemele-unei-alte-companii\/\" rel=\"bookmark\" title=\"A\u0219a \u00eencepe? Compania OpenAI afirm\u0103 un model de inteligen\u021b\u0103 artificial\u0103 a ATACAT din proprie ini\u021biativ\u0103 sistemele unei alte companii\">A\u0219a \u00eencepe? Compania OpenAI afirm\u0103 un model de inteligen\u021b\u0103 artificial\u0103 a ATACAT din proprie&#8230;<\/a><\/h3>\n<div class=\"td-module-meta-info\"><a href=\"https:\/\/r3media.ro\/category\/actualitate\/\" class=\"td-post-category\">ACTUALITATE<\/a><span class=\"td-post-author-name\"><a href=\"https:\/\/r3media.ro\/author\/teodor_stan\/\">Teodor Stan<\/a><span>&#8211;<\/span><\/span><span class=\"td-post-date\"><time class=\"entry-date updated td-module-date\" datetime=\"2026-07-22T09:10:53+03:00\">22\/07\/2026<\/time><\/span><\/div>\n<\/div>\n<\/div>\n<\/div>\n<\/div>\n<div class=\"td-block-row\">\n<div class=\"td-block-span6\">\n<div class=\"td_module_8 td_module_wrap\">\n<div class=\"item-details\">\n<h3 class=\"entry-title td-module-title\"><a href=\"https:\/\/r3media.ro\/episcopul-husilor-oameni-animale-therieni-degradare-progresism\/\" rel=\"bookmark\" title=\"Episcopul Hu\u0219ilor, despre oamenii care se cred animale: V\u0103 da\u021bi seama c\u00e2t\u0103 degradare uman\u0103 este? De ce? Pentru c\u0103 se \u00eencred \u00een progresism\">Episcopul Hu\u0219ilor, despre oamenii care se cred animale: V\u0103 da\u021bi seama c\u00e2t\u0103 degradare uman\u0103&#8230;<\/a><\/h3>\n<div class=\"td-module-meta-info\"><a href=\"https:\/\/r3media.ro\/category\/actualitate\/\" class=\"td-post-category\">ACTUALITATE<\/a><span class=\"td-post-author-name\"><a href=\"https:\/\/r3media.ro\/author\/radu_ursan\/\">Radu Ursan<\/a><span>&#8211;<\/span><\/span><span class=\"td-post-date\"><time class=\"entry-date updated td-module-date\" datetime=\"2026-07-21T19:30:46+03:00\">21\/07\/2026<\/time><\/span><\/div>\n<\/div>\n<\/div>\n<\/div>\n<div class=\"td-block-span6\">\n<div class=\"td_module_8 td_module_wrap\">\n<div class=\"item-details\">\n<h3 class=\"entry-title td-module-title\"><a href=\"https:\/\/r3media.ro\/video-cult-femeie-dumnezeu-mama-romania\/\" rel=\"bookmark\" title=\"VIDEO | Un cult care consider\u0103 o femeie coreean\u0103 drept \u201eDumnezeu Mama\u201d face prozeli\u021bi \u00een Rom\u00e2nia\">VIDEO | Un cult care consider\u0103 o femeie coreean\u0103 drept \u201eDumnezeu Mama\u201d face prozeli\u021bi&#8230;<\/a><\/h3>\n<div class=\"td-module-meta-info\"><a href=\"https:\/\/r3media.ro\/category\/actualitate\/\" class=\"td-post-category\">ACTUALITATE<\/a><span class=\"td-post-author-name\"><a href=\"https:\/\/r3media.ro\/author\/redactia\/\">Redac\u021bia<\/a><span>&#8211;<\/span><\/span><span class=\"td-post-date\"><time class=\"entry-date updated td-module-date\" datetime=\"2026-07-21T11:14:08+03:00\">21\/07\/2026<\/time><\/span><\/div>\n<\/div>\n<\/div>\n<\/div>\n<\/div>\n<div class=\"td-block-row\">\n<div class=\"td-block-span6\">\n<div class=\"td_module_8 td_module_wrap\">\n<div class=\"item-details\">\n<h3 class=\"entry-title td-module-title\"><a href=\"https:\/\/r3media.ro\/cehia-interzice-telefoanele-in-scoli\/\" rel=\"bookmark\" title=\"Cehia se preg\u0103te\u0219te s\u0103 interzic\u0103 telefoanele mobile \u00een \u0219coli\">Cehia se preg\u0103te\u0219te s\u0103 interzic\u0103 telefoanele mobile \u00een \u0219coli<\/a><\/h3>\n<div class=\"td-module-meta-info\"><a href=\"https:\/\/r3media.ro\/category\/actualitate\/\" class=\"td-post-category\">ACTUALITATE<\/a><span class=\"td-post-author-name\"><a href=\"https:\/\/r3media.ro\/author\/redactia\/\">Redac\u021bia<\/a><span>&#8211;<\/span><\/span><span class=\"td-post-date\"><time class=\"entry-date updated td-module-date\" datetime=\"2026-07-20T22:34:13+03:00\">20\/07\/2026<\/time><\/span><\/div>\n<\/div>\n<\/div>\n<\/div>\n<div class=\"td-block-span6\">\n<div class=\"td_module_8 td_module_wrap\">\n<div class=\"item-details\">\n<h3 class=\"entry-title td-module-title\"><a href=\"https:\/\/r3media.ro\/mihail-neamtu-oblgatie-romania\/\" rel=\"bookmark\" title=\"Mihail Neam\u021bu: Suntem o \u021bar\u0103 mic\u0103, iar singura obliga\u021bie a politicienilor de la Bucure\u0219ti e s\u0103 nu introduc\u0103 Rom\u00e2nia \u00eentr-un r\u0103zboi stupid \u0219i perdant\">Mihail Neam\u021bu: Suntem o \u021bar\u0103 mic\u0103, iar singura obliga\u021bie a politicienilor de la Bucure\u0219ti&#8230;<\/a><\/h3>\n<div class=\"td-module-meta-info\"><a href=\"https:\/\/r3media.ro\/category\/actualitate\/\" class=\"td-post-category\">ACTUALITATE<\/a><span class=\"td-post-author-name\"><a href=\"https:\/\/r3media.ro\/author\/redactia\/\">Redac\u021bia<\/a><span>&#8211;<\/span><\/span><span class=\"td-post-date\"><time class=\"entry-date updated td-module-date\" datetime=\"2026-07-20T22:01:16+03:00\">20\/07\/2026<\/time><\/span><\/div>\n<\/div>\n<\/div>\n<\/div>\n<\/div>\n<div class=\"td-block-row\">\n<div class=\"td-block-span6\">\n<div class=\"td_module_8 td_module_wrap\">\n<div class=\"item-details\">\n<h3 class=\"entry-title td-module-title\"><a href=\"https:\/\/r3media.ro\/petrisor-peiu-conditii-aur-vot-guvernul-vestea-nicusor-dan-solutii-bunastare-romani\/\" rel=\"bookmark\" title=\"Condi\u021biile AUR pentru a vota Guvernul Ve\u0219tea. Petri\u0219or Peiu propune solu\u021bii clare pentru bun\u0103starea rom\u00e2nilor\">Condi\u021biile AUR pentru a vota Guvernul Ve\u0219tea. Petri\u0219or Peiu propune solu\u021bii clare pentru bun\u0103starea&#8230;<\/a><\/h3>\n<div class=\"td-module-meta-info\"><a href=\"https:\/\/r3media.ro\/category\/stiri\/\" class=\"td-post-category\">\u0218TIRI<\/a><span class=\"td-post-author-name\"><a href=\"https:\/\/r3media.ro\/author\/oana\/\">Oana Ivan<\/a><span>&#8211;<\/span><\/span><span class=\"td-post-date\"><time class=\"entry-date updated td-module-date\" datetime=\"2026-06-17T10:10:31+03:00\">17\/06\/2026<\/time><\/span><\/div>\n<\/div>\n<\/div>\n<\/div>\n<div class=\"td-block-span6\">\n<div class=\"td_module_8 td_module_wrap\">\n<div class=\"item-details\">\n<h3 class=\"entry-title td-module-title\"><a href=\"https:\/\/r3media.ro\/mihail-neamtu-neeuropeana-imperiu-birocrati-bruxelles-inarmarea-germaniei\/\" rel=\"bookmark\" title=\"EXCLUSIVITATE Mihail Neam\u021bu: Exist\u0103 o tendin\u021b\u0103 neeuropean\u0103 de a se crea un imperiu condus de birocra\u021bi de la Bruxelles \/ Pericolul \u00eenarm\u0103rii Germaniei\">EXCLUSIVITATE Mihail Neam\u021bu: Exist\u0103 o tendin\u021b\u0103 neeuropean\u0103 de a se crea un imperiu condus&#8230;<\/a><\/h3>\n<div class=\"td-module-meta-info\"><a href=\"https:\/\/r3media.ro\/category\/stiri\/\" class=\"td-post-category\">\u0218TIRI<\/a><span class=\"td-post-author-name\"><a href=\"https:\/\/r3media.ro\/author\/oana\/\">Oana Ivan<\/a><span>&#8211;<\/span><\/span><span class=\"td-post-date\"><time class=\"entry-date updated td-module-date\" datetime=\"2026-06-22T09:02:12+03:00\">22\/06\/2026<\/time><\/span><\/div>\n<\/div>\n<\/div>\n<\/div>\n<\/div>\n<\/div>\n<div class=\"td-load-more-wrap td-load-more-infinite-wrap\" id=\"infinite-lm-tdi_20\"><a href=\"https:\/\/r3media.ro\/bnr-recomanda-romani-rezerve-de-cash-atacuri-cibernetice-numerar-relevant-criza\/\" class=\"td_ajax_load_more td_ajax_load_more_js\" aria-label=\"\u00cenc\u0103rca\u021bi mai multe\" id=\"next-page-tdi_20\" data-td_block_id=\"tdi_20\">\u00cenc\u0103rca\u021bi mai multe<\/a><\/div>\n<\/div>\n<div class=\"td_block_wrap tdb_single_comments tdi_21 tdb-comm-layout2 td-pb-border-top td_block_template_1\" data-td-block-uid=\"tdi_21\">\n<div class=\"tdb-block-inner td-fix-index\">\n<div class=\"comments\" id=\"comments\">\n<div id=\"respond\" class=\"comment-respond\">\n<h3 id=\"reply-title\" class=\"comment-reply-title\">AI CEVA DE SPUS? <small><a rel=\"nofollow\" id=\"cancel-comment-reply-link\" href=\"https:\/\/r3media.ro\/bnr-recomanda-romani-rezerve-de-cash-atacuri-cibernetice-numerar-relevant-criza\/#respond\">Renun\u021ba\u021bi la r\u0103spuns<\/a><\/small><\/h3>\n<div class=\"comment-form-input-wrap td-form-comment\">\n<div class=\"td-warning-comment\">V\u0103 rug\u0103m s\u0103 introduce\u021bi comentariul dvs.!<\/div>\n<\/div>\n<div class=\"comment-form-input-wrap td-form-author\">\n<div class=\"td-warning-author\">Introduce\u021bi aici numele dvs.<\/div>\n<\/div>\n<div class=\"comment-form-input-wrap td-form-email\">\n<div class=\"td-warning-email-error\">A\u021bi introdus o adres\u0103 de e-mail incorect\u0103!<\/div>\n<div class=\"td-warning-email\">V\u0103 rug\u0103m s\u0103 introduce\u021bi adresa dvs. de e-mail aici<\/div>\n<\/div>\n<\/div>\n<\/div>\n<\/div>\n<\/div>\n<\/div>\n<\/div>\n<div class=\"vc_column tdi_23  wpb_column vc_column_container tdc-column td-pb-span4 td-is-sticky\">\n<div class=\"wpb_wrapper\" data-sticky-enabled-on=\"W3RydWUsdHJ1ZSx0cnVlLHRydWVd\" data-sticky-offset=\"20\" data-sticky-is-width-auto=\"W2ZhbHNlLGZhbHNlLGZhbHNlLGZhbHNlXQ==\">\n<div class=\"wpb_wrapper td_block_wrap vc_widget_sidebar tdi_25 \">\n<div class=\"td_block_wrap td_block_7 td_block_widget tdi_26 td-pb-border-top td_block_template_1 td-column-1 td_block_padding\" data-td-block-uid=\"tdi_26\">\n<div class=\"td-block-title-wrap\">\n<h4 class=\"block-title td-block-title\"><span class=\"td-pulldown-size\">Articole RELA\u021aIONATE<\/span><\/h4>\n<\/div>\n<div id=\"tdi_26\" class=\"td_block_inner\">\n<div class=\"td-block-span12\">\n<div class=\"td_module_6 td_module_wrap td-animation-stack\">\n<div class=\"td-module-thumb\"><a href=\"https:\/\/r3media.ro\/28-iulie-3-august-1919-unirea-banatului-romania\/\" rel=\"bookmark\" class=\"td-image-wrap \" title=\"28 iulie \u2013 3 august 1919: Unirea Banatului cu Rom\u00e2nia\"><img loading=\"lazy\" decoding=\"async\" class=\"entry-thumb\" src=\"https:\/\/r3media.ro\/wp-content\/uploads\/2021\/08\/10-mai-1920-timisoara-100x70.jpg\" alt title=\"28 iulie \u2013 3 august 1919: Unirea Banatului cu Rom\u00e2nia\" width=\"100\" height=\"70\"><\/a><\/div>\n<div class=\"item-details\">\n<h3 class=\"entry-title td-module-title\"><a href=\"https:\/\/r3media.ro\/28-iulie-3-august-1919-unirea-banatului-romania\/\" rel=\"bookmark\" title=\"28 iulie \u2013 3 august 1919: Unirea Banatului cu Rom\u00e2nia\">28 iulie \u2013 3 august 1919: Unirea Banatului cu Rom\u00e2nia<\/a><\/h3>\n<div class=\"td-module-meta-info\"><span class=\"td-post-date\"><time class=\"entry-date updated td-module-date\" datetime=\"2026-07-27T21:40:14+03:00\">27\/07\/2026<\/time><\/span><\/div>\n<\/div>\n<\/div>\n<\/div>\n<div class=\"td-block-span12\">\n<div class=\"td_module_6 td_module_wrap td-animation-stack\">\n<div class=\"td-module-thumb\"><a href=\"https:\/\/r3media.ro\/avioane-americane-bulgaria-energie-radev-sua\/\" rel=\"bookmark\" class=\"td-image-wrap \" title=\"Avioane americane la Bezmer, la schimb cu avantaje \u00een zona energetic\u0103 pentru Bulgaria: ce a ob\u021binut guvernul Radev de la SUA\"><img loading=\"lazy\" decoding=\"async\" class=\"entry-thumb\" src=\"https:\/\/r3media.ro\/wp-content\/uploads\/2026\/06\/rumen-radev-bulgaria-100x70.webp\" alt title=\"Avioane americane la Bezmer, la schimb cu avantaje \u00een zona energetic\u0103 pentru Bulgaria: ce a ob\u021binut guvernul Radev de la SUA\" width=\"100\" height=\"70\"><\/a><\/div>\n<div class=\"item-details\">\n<h3 class=\"entry-title td-module-title\"><a href=\"https:\/\/r3media.ro\/avioane-americane-bulgaria-energie-radev-sua\/\" rel=\"bookmark\" title=\"Avioane americane la Bezmer, la schimb cu avantaje \u00een zona energetic\u0103 pentru Bulgaria: ce a ob\u021binut guvernul Radev de la SUA\">Avioane americane la Bezmer, la schimb cu avantaje \u00een zona energetic\u0103&#8230;<\/a><\/h3>\n<div class=\"td-module-meta-info\"><span class=\"td-post-date\"><time class=\"entry-date updated td-module-date\" datetime=\"2026-07-27T21:38:24+03:00\">27\/07\/2026<\/time><\/span><\/div>\n<\/div>\n<\/div>\n<\/div>\n<div class=\"td-block-span12\">\n<div class=\"td_module_6 td_module_wrap td-animation-stack\">\n<div class=\"td-module-thumb\"><a href=\"https:\/\/r3media.ro\/28-iulie-sfintii-apostoli-si-diaconi-prohor-nicanor-timon-si-parmena-dintre-cei-70\/\" rel=\"bookmark\" class=\"td-image-wrap \" title=\"Calendarul zilei 28 iulie: Sfin\u021bii Apostoli \u0219i Diaconi Prohor, Nicanor, Timon \u0219i Parmena, dintre cei 70\"><img loading=\"lazy\" decoding=\"async\" class=\"entry-thumb\" src=\"https:\/\/r3media.ro\/wp-content\/uploads\/2023\/07\/sddefault-4-100x70.jpg\" alt title=\"Calendarul zilei 28 iulie: Sfin\u021bii Apostoli \u0219i Diaconi Prohor, Nicanor, Timon \u0219i Parmena, dintre cei 70\" width=\"100\" height=\"70\"><\/a><\/div>\n<div class=\"item-details\">\n<h3 class=\"entry-title td-module-title\"><a href=\"https:\/\/r3media.ro\/28-iulie-sfintii-apostoli-si-diaconi-prohor-nicanor-timon-si-parmena-dintre-cei-70\/\" rel=\"bookmark\" title=\"Calendarul zilei 28 iulie: Sfin\u021bii Apostoli \u0219i Diaconi Prohor, Nicanor, Timon \u0219i Parmena, dintre cei 70\">Calendarul zilei 28 iulie: Sfin\u021bii Apostoli \u0219i Diaconi Prohor, Nicanor, Timon&#8230;<\/a><\/h3>\n<div class=\"td-module-meta-info\"><span class=\"td-post-date\"><time class=\"entry-date updated td-module-date\" datetime=\"2026-07-27T21:33:31+03:00\">27\/07\/2026<\/time><\/span><\/div>\n<\/div>\n<\/div>\n<\/div>\n<div class=\"td-block-span12\">\n<div class=\"td_module_6 td_module_wrap td-animation-stack\">\n<div class=\"td-module-thumb\"><a href=\"https:\/\/r3media.ro\/iranul-respinge-orice-negociere-cu-statele-unite\/\" rel=\"bookmark\" class=\"td-image-wrap \" title=\"Iranul respinge orice negociere cu Statele Unite\"><img loading=\"lazy\" decoding=\"async\" class=\"entry-thumb\" src=\"https:\/\/r3media.ro\/wp-content\/uploads\/2026\/07\/steag-iran-100x70.jpg\" alt title=\"Iranul respinge orice negociere cu Statele Unite\" width=\"100\" height=\"70\"><\/a><\/div>\n<div class=\"item-details\">\n<h3 class=\"entry-title td-module-title\"><a href=\"https:\/\/r3media.ro\/iranul-respinge-orice-negociere-cu-statele-unite\/\" rel=\"bookmark\" title=\"Iranul respinge orice negociere cu Statele Unite\">Iranul respinge orice negociere cu Statele Unite<\/a><\/h3>\n<div class=\"td-module-meta-info\"><span class=\"td-post-date\"><time class=\"entry-date updated td-module-date\" datetime=\"2026-07-27T20:59:23+03:00\">27\/07\/2026<\/time><\/span><\/div>\n<\/div>\n<\/div>\n<\/div>\n<div class=\"td-block-span12\">\n<div class=\"td_module_6 td_module_wrap td-animation-stack\">\n<div class=\"td-module-thumb\"><a href=\"https:\/\/r3media.ro\/rusia-romania-drona-ambasador-moscova-porturi-dunare\/\" rel=\"bookmark\" class=\"td-image-wrap \" title=\"Rusia, avertizat\u0103 de Rom\u00e2nia dup\u0103 incidentele cu drona. Ambasadorul Moscovei acuz\u0103 Bucure\u0219tiul c\u0103 folose\u0219te porturile de la Dun\u0103re pentru a transporta arme \u00een Ucraina\"><img loading=\"lazy\" decoding=\"async\" class=\"entry-thumb\" src=\"https:\/\/r3media.ro\/wp-content\/uploads\/2024\/04\/vladimir-lipaev-mid-ru-100x70.jpg\" alt title=\"Rusia, avertizat\u0103 de Rom\u00e2nia dup\u0103 incidentele cu drona. Ambasadorul Moscovei acuz\u0103 Bucure\u0219tiul c\u0103 folose\u0219te porturile de la Dun\u0103re pentru a transporta arme \u00een Ucraina\" width=\"100\" height=\"70\"><\/a><\/div>\n<div class=\"item-details\">\n<h3 class=\"entry-title td-module-title\"><a href=\"https:\/\/r3media.ro\/rusia-romania-drona-ambasador-moscova-porturi-dunare\/\" rel=\"bookmark\" title=\"Rusia, avertizat\u0103 de Rom\u00e2nia dup\u0103 incidentele cu drona. Ambasadorul Moscovei acuz\u0103 Bucure\u0219tiul c\u0103 folose\u0219te porturile de la Dun\u0103re pentru a transporta arme \u00een Ucraina\">Rusia, avertizat\u0103 de Rom\u00e2nia dup\u0103 incidentele cu drona. Ambasadorul Moscovei acuz\u0103&#8230;<\/a><\/h3>\n<div class=\"td-module-meta-info\"><span class=\"td-post-date\"><time class=\"entry-date updated td-module-date\" datetime=\"2026-07-27T20:15:53+03:00\">27\/07\/2026<\/time><\/span><\/div>\n<\/div>\n<\/div>\n<\/div>\n<div class=\"td-block-span12\">\n<div class=\"td_module_6 td_module_wrap td-animation-stack\">\n<div class=\"td-module-thumb\"><a href=\"https:\/\/r3media.ro\/statul-roman-a-semnat-actul-propriei-disparitii\/\" rel=\"bookmark\" class=\"td-image-wrap \" title=\"Statul rom\u00e2n a semnat actul propriei dispari\u021bii?\"><img loading=\"lazy\" decoding=\"async\" class=\"entry-thumb\" src=\"https:\/\/r3media.ro\/wp-content\/uploads\/2026\/07\/disparitia-statului-roman-100x70.png\" alt title=\"Statul rom\u00e2n a semnat actul propriei dispari\u021bii?\" width=\"100\" height=\"70\"><\/a><\/div>\n<div class=\"item-details\">\n<h3 class=\"entry-title td-module-title\"><a href=\"https:\/\/r3media.ro\/statul-roman-a-semnat-actul-propriei-disparitii\/\" rel=\"bookmark\" title=\"Statul rom\u00e2n a semnat actul propriei dispari\u021bii?\">Statul rom\u00e2n a semnat actul propriei dispari\u021bii?<\/a><\/h3>\n<div class=\"td-module-meta-info\"><span class=\"td-post-date\"><time class=\"entry-date updated td-module-date\" datetime=\"2026-07-27T15:07:05+03:00\">27\/07\/2026<\/time><\/span><\/div>\n<\/div>\n<\/div>\n<\/div>\n<div class=\"td-block-span12\">\n<div class=\"td_module_6 td_module_wrap td-animation-stack\">\n<div class=\"td-module-thumb\"><a href=\"https:\/\/r3media.ro\/raport-sau-propaganda-de-joasa-calitate\/\" rel=\"bookmark\" class=\"td-image-wrap \" title=\"Raport sau propagand\u0103 de joas\u0103 calitate?\"><img loading=\"lazy\" decoding=\"async\" class=\"entry-thumb\" src=\"https:\/\/r3media.ro\/wp-content\/uploads\/2026\/07\/grupul-de-reflectie-strategica-ue-100x70.jpg\" alt title=\"Raport sau propagand\u0103 de joas\u0103 calitate?\" width=\"100\" height=\"70\"><\/a><\/div>\n<div class=\"item-details\">\n<h3 class=\"entry-title td-module-title\"><a href=\"https:\/\/r3media.ro\/raport-sau-propaganda-de-joasa-calitate\/\" rel=\"bookmark\" title=\"Raport sau propagand\u0103 de joas\u0103 calitate?\">Raport sau propagand\u0103 de joas\u0103 calitate?<\/a><\/h3>\n<div class=\"td-module-meta-info\"><span class=\"td-post-date\"><time class=\"entry-date updated td-module-date\" datetime=\"2026-07-27T14:01:27+03:00\">27\/07\/2026<\/time><\/span><\/div>\n<\/div>\n<\/div>\n<\/div>\n<\/div>\n<\/div>\n<aside class=\"td_block_template_1 widget widget_recent_comments\">\n<h4 class=\"block-title\"><span>INTR\u0102 \u00ceN DISCU\u021aIE!<\/span><\/h4>\n<ul id=\"recentcomments\">\n<li class=\"recentcomments\"><span class=\"comment-author-link\">Redac\u021bia<\/span> la <a href=\"https:\/\/r3media.ro\/raport-sau-propaganda-de-joasa-calitate\/#comment-40317\">Raport sau propagand\u0103 de joas\u0103 calitate?<\/a><\/li>\n<li class=\"recentcomments\"><span class=\"comment-author-link\">George<\/span> la <a href=\"https:\/\/r3media.ro\/raport-sau-propaganda-de-joasa-calitate\/#comment-40316\">Raport sau propagand\u0103 de joas\u0103 calitate?<\/a><\/li>\n<li class=\"recentcomments\"><span class=\"comment-author-link\">Radu<\/span> la <a href=\"https:\/\/r3media.ro\/prima-oara-istorie-presedintia-document-primplan-patriotism-european\/#comment-40315\">Pentru prima oar\u0103 \u00een istorie, Pre\u0219edin\u021bia Rom\u00e2niei emite un document care pune pe primul plan o alt\u0103 entitate dec\u00e2t \u021bara noastr\u0103: patriotismul european<\/a><\/li>\n<li class=\"recentcomments\"><span class=\"comment-author-link\">E.T.<\/span> la <a href=\"https:\/\/r3media.ro\/vladimir-putin-romania-teritorii-ucraina\/#comment-40314\">Vladimir Putin spune c\u0103 Rom\u00e2nia va fi printre statele care vor recupera teritorii de la Ucraina<\/a><\/li>\n<li class=\"recentcomments\"><span class=\"comment-author-link\">Nicu<\/span> la <a href=\"https:\/\/r3media.ro\/ford-recheama-service-500-000-masini-risc-incendiu-motor\/#comment-40311\">Ford recheam\u0103 \u00een service peste 500.000 de ma\u0219ini din cauza riscului de incendiu la motor<\/a><\/li>\n<li class=\"recentcomments\"><span class=\"comment-author-link\">Nicu<\/span> la <a href=\"https:\/\/r3media.ro\/iiccmer-solicita-demolare-statuie-poet-adrian-paunescu-gradina-icoanei-bucuresti\/#comment-40309\">IICCMER solicit\u0103 demolarea statuii poetului Adrian P\u0103unescu din Gr\u0103dina Icoanei din Bucure\u0219ti<\/a><\/li>\n<li class=\"recentcomments\"><span class=\"comment-author-link\">Eu<\/span> la <a href=\"https:\/\/r3media.ro\/mihail-neamtu-aur-transparentizarea-surselor-de-finantare-a-ong-urilor-este-obligatorie-unele-dintre-ele-pun-in-pericol-interesele-romaniei\/#comment-40308\">Mihail Neam\u021bu (AUR): Transparentizarea surselor de finan\u021bare a ONG-urilor este obligatorie! Unele dintre ele pun \u00een pericol interesele Rom\u00e2niei<\/a><\/li>\n<\/ul>\n<\/aside>\n<aside class=\"td_block_template_1 widget widget_search\">\n<h4 class=\"block-title\"><span>CAUT\u0102 \u0218I VEI G\u0102SI<\/span><\/h4>\n<\/aside>\n<\/div>\n<\/div>\n<\/div>\n<\/div>\n<\/div>\n<\/div>\n<\/div>\n<p><span class=\"td-page-meta\"><\/span><span class=\"td-page-meta\"><span class=\"td-page-meta\"><\/span><\/span><span class=\"td-page-meta\"><\/span><\/article>\n<\/p>\n<div class=\"td_block_wrap tdb_single_content tdi_18 td-pb-border-top td_block_template_1 td-post-content tagdiv-type\" data-td-block-uid=\"tdi_18\">\n<div class=\"tdb-block-inner td-fix-index\">\n<p><strong><a href=\"https:\/\/r3media.ro\/tag\/banca-nationala-a-romaniei-bnr\/\" target=\"_blank\" rel=\"noopener\">Banca Na\u021bional\u0103 a Rom\u00e2niei (BNR)<\/a> le recomand\u0103 rom\u00e2nilor s\u0103 p\u0103streze rezerve de numerar. \u00centr-un comunicat publicat pe <a href=\"https:\/\/www.bnr.ro\/25676-2026-07-24-precizari-privind-securitatea-cibernetica-a-sistemului-financiar-si-rolul-numerarului\" target=\"_blank\" rel=\"noopener\">site<\/a>-ul institu\u021biei, BNR informeaz\u0103 c\u0103 CERS (Comitetul European pentru Risc Sistemic) a publicat Avertismentul CERS\/2026\/3 privind riscurile cibernetice sistemice generate de modelele de inteligen\u021b\u0103 artificial\u0103 de frontier\u0103.\u00a0<\/strong><\/p>\n<p>\u201eDocumentul arat\u0103 c\u0103 aceste modele pot spori viteza, amploarea \u0219i gradul de sofisticare a atacurilor cibernetice. Ele pot modifica structural profilul de risc al sistemului financiar european. La elaborarea analizei tehnice care fundamenteaz\u0103 avertismentul din perspectiva stabilit\u0103\u021bii financiare au participat \u0219i exper\u021bi ai B\u0103ncii Na\u021bionale a Rom\u00e2niei. Avertismentul este un instrument preventiv de politic\u0103 macropruden\u021bial\u0103, adresat autorit\u0103\u021bilor \u0219i institu\u021biilor financiare \u00een vederea consolid\u0103rii rezilien\u021bei. Acesta nu anun\u021b\u0103 producerea unui incident \u0219i nu anticipeaz\u0103 inevitabilitatea unui blocaj sistemic a sectorului financiar. Identificarea \u0219i comunicarea din timp a riscurilor reprezint\u0103 o condi\u021bie pentru prevenirea acestora \u0219i pentru limitarea efectelor poten\u021biale.<\/p>\n<p>Preocuparea pentru aceste riscuri nu este una recent\u0103. BNR monitorizeaz\u0103 permanent riscurile opera\u021bionale \u0219i cibernetice prin supravegherea institu\u021biilor de credit \u0219i a infrastructurilor pie\u021bei financiare, analiza incidentelor raportate, misiuni de evaluare, chestionare \u0219i analize tematice privind digitalizarea \u0219i utilizarea inteligen\u021bei artificiale. Instrumentele folosite includ at\u00e2t exerci\u021bii de testare la stres a sectorului bancar din perspectiva riscului cibernetic, c\u00e2t \u0219i, distinct, teste avansate de rezilien\u021b\u0103 cibernetic\u0103. Aceste din urm\u0103 teste sunt efectuate cu regularitate, \u00eenc\u0103 din 2024, de infrastructurile pie\u021bei financiare \u0219i de institu\u021biile de credit sistemice la nivel na\u021bional \u0219i simuleaz\u0103 tehnicile utilizate de atacatori avansa\u021bi. Cel mai recent exerci\u021biu nu a eviden\u021biat vulnerabilit\u0103\u021bi opera\u021bionale semnificative la nivelul entit\u0103\u021bilor evaluate, institu\u021biile de credit fiind, \u00een general, preg\u0103tite s\u0103 activeze planurile de continuitate a activit\u0103\u021bii \u0219i procedurile de gestionare a crizelor\u201c, precizeaz\u0103 BNR.<\/p>\n<h2><strong>BNR le recomand\u0103 rom\u00e2nilor s\u0103 p\u0103streze rezerve de cash: Numerarul se poate dovedi relevant \u00een criz\u0103<\/strong><\/h2>\n<p>\u00a0<\/p>\n<p>Banca Na\u021bional\u0103 a Rom\u00e2niei precizeaz\u0103 c\u0103 numerarul r\u0103m\u00e2ne o component\u0103 esen\u021bial\u0103 a sistemului monetar. \u00cen plus, numerarul se poate dovedi relevant \u00een situa\u021bii de criz\u0103, potrivit BNR.<\/p>\n<p>\u201eCadrul de reglementare european impune institu\u021biilor financiare obliga\u021bii stricte privind rezilien\u021ba opera\u021bional\u0103 digital\u0103. Astfel, b\u0103ncile trebuie s\u0103 demonstreze nu doar c\u0103 dispun de m\u0103suri eficiente de protec\u021bie, ci \u0219i c\u0103 pot asigura continuitatea serviciilor critice sau, dup\u01ce caz, restabilirea lor rapid\u0103 \u00een urma unor incidente sau evenimente perturbatoare, prin testarea periodic\u0103 a capacit\u0103\u021bii lor opera\u021bionale.<\/p>\n<p>Numerarul r\u0103m\u00e2ne \u00eens\u0103 o component\u0103 esen\u021bial\u0103 a sistemului monetar, iar asigurarea accesului popula\u021biei \u0219i agen\u021bilor economici la numerar este una dintre preocup\u0103rile constante ale BNR, \u00een concordan\u021b\u0103 cu nevoile reale ale acestora. Accesul la numerar are un rol important \u00een asigurarea particip\u0103rii la activit\u0103\u021bile economice, c\u00e2t \u0219i ca instrument de asigurare a incluziunii financiare, \u00een special \u00een regiunile cu infrastructur\u0103 financiar\u0103 slab dezvoltat\u0103.<\/p>\n<p>Pe l\u00e2ng\u0103 rolul important pe care numerarul \u00eel are \u00een circumstan\u021be normale, acesta se poate dovedi relevant \u00een situa\u021bii de criz\u0103, mai ales av\u00e2nd \u00een vedere intensificarea riscului cibernetic pe fondul evolu\u021biilor geopolitice. Tema special\u0103 privind accesul la numerar, publicat\u0103 de BNR \u00een Raportul asupra stabilit\u0103\u021bii financiare din decembrie 2024, arat\u0103 c\u0103 numerarul \u00een circula\u021bie ajunsese la 120,3 miliarde lei, iar gradul s\u0103u de disponibilitate era de 98 la sut\u0103. Re\u021beaua de bancomate acoperea aproximativ 13,4 milioane de persoane, respectiv 71 la sut\u0103 din popula\u021bia rezident\u0103 de peste 15 ani. Toate localit\u0103\u021bile urbane dispun de cel pu\u021bin un bancomat. Raportat la popula\u021bie, re\u021beaua din Rom\u00e2nia este comparabil\u0103 cu cea din Polonia \u0219i mai extins\u0103 dec\u00e2t cea din Cehia, de\u0219i persist\u0103 diferen\u021be de acces \u00een zonele rurale.<\/p>\n<h2><strong>P\u0103strarea de numerar poate sprijini continuitatea pl\u0103\u021bilor esen\u021biale<\/strong><\/h2>\n<p>\u00a0<\/p>\n<p>Numerarul \u0219i serviciile financiare digitale trebuie privite ca instrumente complementare. P\u0103strarea unor sume rezonabile \u00een numerar poate sprijini continuitatea pl\u0103\u021bilor esen\u021biale \u00een situa\u021bii excep\u021bionale, \u00eens\u0103 de\u021binerea unor sume mari \u00een afara sectorului bancar implic\u0103 riscuri de furt, pierdere sau distrugere, \u00een condi\u021biile \u00een care stabilitatea sistemului bancar rom\u00e2nesc este un fapt dovedit. Depozitele eligibile beneficiaz\u0103 de protec\u021bia schemei de garantare \u00een limita echivalentului a 100.000 euro pentru fiecare deponent, la fiecare banc\u0103.<\/p>\n<p>Analiza prudent\u0103 a riscurilor cibernetice nu trebuie, prin urmare, confundat\u0103 cu un \u00eendemn la retragerea depozitelor sau la renun\u021barea la serviciile financiare digitale\u201c, transmite institu\u021bia.<\/p>\n<h2><strong>Numero\u0219i formatori de opinie s-au pozi\u021bionat \u00een favoarea pl\u0103\u021bilor cash<\/strong><\/h2>\n<p>\u00a0<\/p>\n<p>\u00cen ultimii ani, numero\u0219i formatori de opinie s-au pozi\u021bionat \u00een favoarea pl\u0103\u021bilor cash \u00een detrimentul celor electronice. Jurnalistul <strong><a href=\"https:\/\/r3media.ro\/madalin-ionescu-eliminare-bani-cash-inceput-dictatura-guverne-banci-corporatii-numerar-periculos-libertate\/\" target=\"_blank\" rel=\"noopener\">M\u0103d\u0103lin Ionescu a afirmat<\/a><\/strong> c\u0103 eliminarea banilor cash din circula\u021bie nu reprezint\u0103 altceva dec\u00e2t \u00eenceputul unei dictaturi. El vorbea \u00een 2025 fix de problemele pe care le transmite BNR \u00een prezent.<\/p>\n<p>\u201eCe e, de fapt, eliminarea banilor cash? Un pas imens c\u0103tre control total: Fiecare cump\u0103r\u0103tur\u0103 este \u00eenregistrat\u0103, analizat\u0103, evaluat\u0103.<\/p>\n<p>Dac\u0103 \u201egre\u0219e\u0219ti\u201d politic, \u00ee\u021bi pot fi blocate conturile. Dac\u0103 sistemul cade, nu mai exi\u0219ti economic. F\u0103r\u0103 cash, devii prizonierul unei b\u0103nci + unui stat + unei aplica\u021bii. Nu mai po\u021bi \u00eemprumuta discret. Nu mai po\u021bi d\u0103rui f\u0103r\u0103 aprobare. Nu mai po\u021bi cump\u0103ra dec\u00e2t ce e \u201eacceptabil\u201d economic \u0219i ideologic.<\/p>\n<p>Problema e c\u0103 orice arhitectur\u0103 financiar\u0103 100% digital\u0103 e dependent\u0103 de:<\/p>\n<ul>\n<li>re\u021bele energetice stabile<\/li>\n<li>internet func\u021bional<\/li>\n<li>sisteme bancare neperturbate de crize globale.<\/li>\n<\/ul>\n<p>\u0218i totu\u0219i: vulcanii dorm, dar nu uit\u0103. Yellowstone \u0219i Campi Flegrei sunt pe lista scurt\u0103. Soarele e activ \u0219i capricios\u201d, scria M\u0103d\u0103lin Ionescu.<\/p>\n<p>Un alt jurnalist care s-a declarat pro-numerar este Mircea Badea, care <strong><a href=\"https:\/\/r3media.ro\/plata-cu-cardul-mircea-badea-nu-mai-plec-de-acasa-fara-bani-cash-spalarea-pe-creier-a-oamenilor-de-pe-planeta-este-ingrozitoare-dar-oamenii-merita\/\" target=\"_blank\" rel=\"noopener\">a anun\u021bat c\u0103 nu mai pleac\u0103 f\u0103r\u0103 bani cash<\/a><\/strong>\u00a0la el.<\/p>\n<div class=\"crp_related     crp-masonry\">\n<h2>\u00ceN CONTEXT<\/h2>\n<ul>\n<li><a href=\"https:\/\/r3media.ro\/fara-tine-in-google-r3media-dispare-iata-ce-poti-face-in-10-secunde\/\" class=\"crp_link post-119031\"><span class=\"crp_title\">F\u0103r\u0103 tine \u00een Google, R3media dispare. Iat\u0103 ce po\u021bi face \u00een 10 secunde<\/span><\/a><\/li>\n<li><a href=\"https:\/\/r3media.ro\/madalin-ionescu-eliminare-bani-cash-inceput-dictatura-guverne-banci-corporatii-numerar-periculos-libertate\/\" class=\"crp_link post-112240\"><span class=\"crp_title\">Jurnalistul M\u0103d\u0103lin Ionescu explic\u0103 de ce se \u00eencearc\u0103 eliminarea banilor cash: A\u0219a \u00eencepe\u2026<\/span><\/a><\/li>\n<li><a href=\"https:\/\/r3media.ro\/victorie-a-libertatii-slovenia-parlamentul-votat-introducere-constitutie-drept-utilizare-numerar-cetateni\/\" class=\"crp_link post-114394\"><span class=\"crp_title\">Victorie a libert\u0103\u021bii \u00een Slovenia: Parlamentul a votat introducerea \u00een Constitu\u021bie a\u2026<\/span><\/a><\/li>\n<li><a href=\"https:\/\/r3media.ro\/elvetia-cetatean-lasat-scoata-propriii-bani-banca-cetatenii-revolta-magazine-cafenele-restaurante-nu-accepta-numerarul\/\" class=\"crp_link post-114582\"><span class=\"crp_title\">Elve\u021bia | Un cet\u0103\u021bean nu a fost l\u0103sat s\u0103-\u0219i scoat\u0103 propriii bani din banc\u0103. Cet\u0103\u021benii se\u2026<\/span><\/a><\/li>\n<li><a href=\"https:\/\/r3media.ro\/gheorghe-piperea-europarlamentar-aur-ecr-un-atac-cibernetic-poate-bloca-platile-bancomatele-si-accesul-la-conturile-bancare-numerarul-trebuie-protejat-ca-ultima-garantie-a-independentei-financiar\/\" class=\"crp_link post-120326\"><span class=\"crp_title\">Gheorghe Piperea (europarlamentar AUR\/ECR): Un atac cibernetic poate bloca pl\u0103\u021bile,\u2026<\/span><\/a><\/li>\n<li><a href=\"https:\/\/r3media.ro\/petrisor-peiu-bnr-guvern-bolojan-stagflatie\/\" class=\"crp_link post-117049\"><span class=\"crp_title\">Petri\u0219or Peiu: BNR \u00eemparte responsabilitatea cu guvernul Bolojan pentru stagfla\u021bia din Rom\u00e2nia<\/span><\/a><\/li>\n<li><a href=\"https:\/\/r3media.ro\/banca-centrala-europeana-bce-recomanda-pastrare-numerar-acasa-instabilitate-majora\/\" class=\"crp_link post-113327\"><span class=\"crp_title\">Banca Central\u0103 European\u0103 (BCE) recomand\u0103 cet\u0103\u021benilor s\u0103 p\u0103streze acas\u0103 numerar \u201esuficient\u2026<\/span><\/a><\/li>\n<li><a href=\"https:\/\/r3media.ro\/mugur-isarescu-bnr-taie-adoptare-moneda-euro-digital-bani-numerar-populatie\/\" class=\"crp_link post-113276\"><span class=\"crp_title\">Mugur Is\u0103rescu taie din fa\u0219\u0103 adoptarea monedei euro digitale: Nu e vorba doar c\u0103 sunt un\u2026<\/span><\/a><\/li>\n<\/ul>\n<\/div>\n<\/div>\n<\/div>\n<p>[analyse_source url=&#8221;https:\/\/r3media.ro\/bnr-recomanda-romani-rezerve-de-cash-atacuri-cibernetice-numerar-relevant-criza\/&#8221;]<\/p>\n","protected":false},"excerpt":{"rendered":"<p>[analyse_image type=&#8221;featured&#8221; src=&#8221;https:\/\/r3media.ro\/wp-content\/uploads\/2023\/10\/plati-cash-numerar-e1697196092893.jpghttps:\/\/r3media.ro\/wp-content\/uploads\/2023\/10\/plati-cash-numerar-e1697196092893.jpg&#8221;] FEATUREDBNR le recomand\u0103 rom\u00e2nilor s\u0103 p\u0103streze rezerve de cash: Numerarul se poate&#8230; FEATURED\u0218TIRI BNR le recomand\u0103 rom\u00e2nilor s\u0103 p\u0103streze rezerve de cash: Numerarul se poate dovedi relevant \u00een criz\u0103 Oana Ivan 27\/07\/2026 Imagine de Septimiu Balica de la Pixabay Banca Na\u021bional\u0103 a Rom\u00e2niei (BNR) le recomand\u0103 rom\u00e2nilor s\u0103 p\u0103streze rezerve de numerar. [&hellip;]<\/p>\n","protected":false},"author":1,"featured_media":0,"comment_status":"open","ping_status":"","sticky":false,"template":"","format":"standard","meta":{"footnotes":""},"categories":[89],"tags":[226,93],"class_list":["post-2064311","post","type-post","status-publish","format-standard","hentry","category-romania","tag-crawlmanager","tag-r3media-ro"],"_links":{"self":[{"href":"https:\/\/analyse.optim.biz\/index.php?rest_route=\/wp\/v2\/posts\/2064311","targetHints":{"allow":["GET"]}}],"collection":[{"href":"https:\/\/analyse.optim.biz\/index.php?rest_route=\/wp\/v2\/posts"}],"about":[{"href":"https:\/\/analyse.optim.biz\/index.php?rest_route=\/wp\/v2\/types\/post"}],"author":[{"embeddable":true,"href":"https:\/\/analyse.optim.biz\/index.php?rest_route=\/wp\/v2\/users\/1"}],"replies":[{"embeddable":true,"href":"https:\/\/analyse.optim.biz\/index.php?rest_route=%2Fwp%2Fv2%2Fcomments&post=2064311"}],"version-history":[{"count":0,"href":"https:\/\/analyse.optim.biz\/index.php?rest_route=\/wp\/v2\/posts\/2064311\/revisions"}],"wp:attachment":[{"href":"https:\/\/analyse.optim.biz\/index.php?rest_route=%2Fwp%2Fv2%2Fmedia&parent=2064311"}],"wp:term":[{"taxonomy":"category","embeddable":true,"href":"https:\/\/analyse.optim.biz\/index.php?rest_route=%2Fwp%2Fv2%2Fcategories&post=2064311"},{"taxonomy":"post_tag","embeddable":true,"href":"https:\/\/analyse.optim.biz\/index.php?rest_route=%2Fwp%2Fv2%2Ftags&post=2064311"}],"curies":[{"name":"wp","href":"https:\/\/api.w.org\/{rel}","templated":true}]}}