{"id":2064310,"date":"2026-07-27T12:07:05","date_gmt":"2026-07-27T09:07:05","guid":{"rendered":"https:\/\/analyse.optim.biz\/?p=2064310"},"modified":"2026-07-27T12:07:05","modified_gmt":"2026-07-27T09:07:05","slug":"statul-roman-a-semnat-actul-propriei-disparitii","status":"publish","type":"post","link":"https:\/\/analyse.optim.biz\/?p=2064310","title":{"rendered":"Statul rom\u00e2n a semnat actul propriei dispari\u021bii?"},"content":{"rendered":"<p>[analyse_image type=&#8221;featured&#8221; src=&#8221;https:\/\/r3media.ro\/wp-content\/uploads\/2026\/07\/disparitia-statului-roman-e1785153964290.pnghttps:\/\/r3media.ro\/wp-content\/uploads\/2026\/07\/disparitia-statului-roman-e1785153964290.png&#8221;]<\/p>\n<article id=\"template-id-109\" class=\"post-109 tdb_templates type-tdb_templates status-publish post\">\n<div id=\"tdi_2\" class=\"tdc-zone\">\n<div class=\"tdc_zone tdi_3  wpb_row td-pb-row\">\n<div id=\"tdi_4\" class=\"tdc-row\">\n<div class=\"vc_row tdi_5  wpb_row td-pb-row\">\n<div class=\"vc_column tdi_7  wpb_column vc_column_container tdc-column td-pb-span8\">\n<div class=\"wpb_wrapper\">\n<div class=\"td_block_wrap tdb_breadcrumbs tdi_8 td-pb-border-top td_block_template_1 tdb-breadcrumbs \" data-td-block-uid=\"tdi_8\">\n<div class=\"tdb-block-inner td-fix-index\"><span><a title=\"Vede\u021bi toate articolele \u00een FEATURED\" class=\"tdb-entry-crumb\" href=\"https:\/\/r3media.ro\/category\/featured\/\">FEATURED<\/a><\/span><span class=\"tdb-bred-no-url-last\">Statul rom\u00e2n a semnat actul propriei dispari\u021bii?<\/span><\/div>\n<\/div>\n<div class=\"td_block_wrap tdb_single_categories tdi_9 td-pb-border-top td_block_template_1 \" data-td-block-uid=\"tdi_9\">\n<div class=\"tdb-category td-fix-index\"><a class=\"tdb-entry-category\" href=\"https:\/\/r3media.ro\/category\/featured\/\">FEATURED<\/a><a class=\"tdb-entry-category\" href=\"https:\/\/r3media.ro\/category\/opinii\/\">OPINII<\/a><a class=\"tdb-entry-category\" href=\"https:\/\/r3media.ro\/category\/stiri\/\">\u0218TIRI<\/a><\/div>\n<\/div>\n<div class=\"td_block_wrap tdb_title tdi_10 tdb-single-title td-pb-border-top td_block_template_1\" data-td-block-uid=\"tdi_10\">\n<div class=\"tdb-block-inner td-fix-index\">\n<h1 class=\"tdb-title-text\">Statul rom\u00e2n a semnat actul propriei dispari\u021bii?<\/h1>\n<\/div>\n<\/div>\n<div class=\"vc_row_inner tdi_12  vc_row vc_inner wpb_row td-pb-row\">\n<div class=\"vc_column_inner tdi_14  wpb_column vc_column_container tdc-inner-column td-pb-span12\">\n<div class=\"vc_column-inner\">\n<div class=\"wpb_wrapper\">\n<div class=\"td_block_wrap tdb_single_author tdi_15 td-pb-border-top td_block_template_1 tdb-post-meta\" data-td-block-uid=\"tdi_15\">\n<div class=\"tdb-block-inner td-fix-index\">\n<div class=\"tdb-author-name-wrap\"><a class=\"tdb-author-name\" href=\"https:\/\/r3media.ro\/author\/gabipopa\/\">Gabriel Popa<\/a><\/div>\n<\/div>\n<\/div>\n<div class=\"td_block_wrap tdb_single_date tdi_16 td-pb-border-top td_block_template_1 tdb-post-meta\" data-td-block-uid=\"tdi_16\">\n<div class=\"tdb-block-inner td-fix-index\"><time class=\"entry-date updated td-module-date\" datetime=\"2026-07-27T15:07:05+03:00\">27\/07\/2026<\/time><\/div>\n<\/div>\n<\/div>\n<\/div>\n<\/div>\n<\/div>\n<div class=\"td_block_wrap tdb_single_featured_image tdi_17 tdb-content-horiz-left td-pb-border-top td_block_template_1\" data-td-block-uid=\"tdi_17\">\n<div class=\"tdb-block-inner td-fix-index\">\n<figure><figcaption class=\"tdb-caption-text\">Sursa foto. Imagine ilustrativ\u0103\/ ChatGPT<\/figcaption><\/figure>\n<\/div>\n<\/div>\n<div class=\"td_block_wrap tdb_single_content tdi_18 td-pb-border-top td_block_template_1 td-post-content tagdiv-type\" data-td-block-uid=\"tdi_18\">\n<div class=\"tdb-block-inner td-fix-index\">\n<p><strong>\u00centrebarea din titlul este legitim\u0103 \u0219i fireasc\u0103 dup\u0103 ce cite\u0219ti <a href=\"https:\/\/www.presidency.ro\/files\/userfiles\/Documente\/Raport%20sintetic%20final%20-%20%20Identitate%20si%20populism%20RUE%2022%20iul%2026.pdf\" target=\"_blank\" rel=\"noopener\">Raportul preziden\u021bial \u201eIdentitate na\u021bional\u0103, identitate european\u0103 \u0219i provocarea populismului\u201d<\/a>, asumat de Pre\u0219edintele Nicu\u0219or Dan.<\/strong><\/p>\n<p>Nu \u00eenlocuirea na\u021biunii \u0219i a statului rom\u00e2n cu o identitate \u0219i un stat european. \u00cen context, clar, \u00eenlocuirea Rom\u00e2niei ca stat independent, cu Uniunea European\u0103, \u00een care Rom\u00e2nia este doar parte component\u0103.<\/p>\n<p>Ceea ce \u0219ocheaz\u0103 nu este at\u00e2t faptul c\u0103 acest document apare \u0219i este asumat de Pre\u0219edintele Rom\u00e2niei, despre care<a href=\"https:\/\/www.presidency.ro\/ro\/presedinte\/constitutia-romaniei\" target=\"_blank\" rel=\"noopener\"> alin.2 al articolului 80 din Constitu\u021bie<\/a> afirm\u0103 c\u0103 \u201eeste garantul independen\u021bei na\u021bionale\u201d, ci gradul de detaliu \u00een care este demolat\u0103 ideea de stat rom\u00e2n.<\/p>\n<p>Echipa de raportori a distrus chiar temelia identitar\u0103 a statului rom\u00e2n: continuitatea daco-roman\u0103 la nord de Dun\u0103re. Chiar dac\u0103 aceast\u0103 teorie este \u0219ubred\u0103, pe ea s-a format legitimitatea politic\u0103 a statului rom\u00e2n, inclusiv a drepturilor rom\u00e2nilor din Transilvania!<\/p>\n<p>Practic, ce ne spune echipa lui Nicu\u0219or Dan este c\u0103 temelia ideologic\u0103 a statului rom\u00e2n a fost util\u0103 un secol, iar acum nu mai e nevoie de ea. Nu pentru c\u0103 s-ar fi identificat o temelie mai solid\u0103, ci pentru c\u0103 nu mai e nevoie de un stat rom\u00e2n. \u0218i subliniez, stat rom\u00e2n!<\/p>\n<p>Identitatea na\u021bional\u0103 nu este ceva definit, potrivit raportului. Este \u201eun proces ne\u00eencheiat\u201d (!). Cu alte cuvinte, a fi rom\u00e2n este un \u201ework in progress\u201d, ceva la care \u00eenc\u0103 se lucreaz\u0103. Poftim?!<\/p>\n<p>Un popor cu o omogenitate etnic\u0103 \u0219i cultural\u0103 precum cel rom\u00e2n nu are o identitate na\u021bional\u0103 fix\u0103? Ci este un proces neterminat? P\u0103i atunci de ce mai avem Constitu\u021bia Rom\u00e2niei?<\/p>\n<p>Dac\u0103 Rom\u00e2nia este statul na\u021bional al rom\u00e2nilor, dar nu \u0219tim exact ce sunt \u201erom\u00e2nii\u201d, e clar c\u0103 <em>statul rom\u00e2n poate fi redefinit.<\/em><\/p>\n<p>Pentru c\u0103 raportul ne spune clar: viitorul apar\u021bine \u201epatriotismului european\u201d, unde cet\u0103\u021benii nu mai sunt identifica\u021bi dup\u0103 etnie, religie \u0219i\/sau cultur\u0103, ci dup\u0103 respectarea \u201eprincipiilor\u201d Uniunii Europene.<\/p>\n<p>E a\u0219a numitul \u201epatriotism civic\u201d. Pentru cei care au deschis mai t\u00e2rziu ochii, acest \u201epatriotism civic\u201d sau \u201epatriotism constitu\u021bional\u201d este ceea ce aveau toate imperiile din trecut pentru supu\u0219ii lor: de la otomani la austro-ungari \u0219i sovietici.<\/p>\n<p>Acest document este, orice s-ar spune, un act fundamental prin care \u201egarantul independen\u021bei na\u021bionale\u201d semnalizeaz\u0103 c\u0103 este gata s\u0103 renun\u021be la <em>garantarea<\/em> acestui concept.<\/p>\n<p>Dac\u0103 ceilal\u021bi mai p\u0103strau m\u0103car aparen\u021bele, acest pre\u0219edinte o spune pe fa\u021b\u0103.<\/p>\n<p>De altfel, rolul \u201eraportului\u201d este tocmai acesta: s\u0103 dea o spoial\u0103 de analiz\u0103 intelectual\u0103 unei concluzii dinainte trase.\u00a0 E suficient s\u0103 privim componen\u021ba \u201e\u201dGrupului de Reflec\u021bie Strategic\u0103 \u201eRom\u00e2nia \u00een UE\u201d .<\/p>\n<p>Condus de <a href=\"https:\/\/r3media.ro\/valentin-naumescu-expert-al-comisiei-europene-si-diplomat-scrie-ca-mai-devreme-sau-mai-tarziu-al-treilea-razboi-mondial-va-avea-loc-daca-nu-cumva-a-si-inceput\/\" target=\"_blank\" rel=\"noopener\">fanaticul pro-r\u0103zboi nuclear<\/a>, Valentin Naumescu,\u00a0 grupul de <em>reflec\u021bie<\/em> este format numai din persoane asemenea lui. De la Bachonshi \u0219i Voinescu, la Remus \u0218tefureac \u0219i Adrian Papahagi. S\u0103 mai men\u021bion\u0103m c\u0103 \u201eraportor\u201d special este Sergiu Mi\u0219coiu, personaj decorat de statul francez?<\/p>\n<p>Despre ce vorbim? Sunt numai oameni ai sistemului Bruxelles. Oare ce concluzii puteau s\u0103 trag\u0103, altele dec\u00e2t: \u201eViitorul nu apar\u021bine nici federalismului abstract, nici suveranismului exclusivist, ci unui patriotism european plural\u201d.<\/p>\n<p>Din toate acestea, \u00eens\u0103, noi cet\u0103\u021benii rom\u00e2ni cu ce r\u0103m\u00e2nem? Cei care suntem fideli \u201emo\u0219tenirii mediteraneene\u201d, suntem etnici rom\u00e2ni de minim 4-5-6 genera\u021bii, cre\u0219tini?<\/p>\n<p>P\u0103i dac\u0103 \u201eCet\u0103\u0163enii au dreptul \u015fi obliga\u0163ia s\u0103 apere Rom\u00e2nia\u201d (art.55, alin.1), dar statul \u00eensu\u0219i abdic\u0103 de la natura sa rom\u00e2neasc\u0103, noi nu suntem dezlega\u021bi de \u201eobliga\u021bia\u201d de a-l mai ap\u0103ra?<\/p>\n<p>Dac\u0103 \u201eidentitatea na\u021bional\u0103\u201d este alta dec\u00e2t cea reprezentat\u0103 de majoritatea absolut\u0103 a rom\u00e2nilor, nu este firesc ca statul acelei identit\u0103\u021bi s\u0103 fie ap\u0103rat de cei care se reg\u0103sesc \u00een noua identitate?<\/p>\n<p>Care, la o adic\u0103, pot fi nepalezi, srilankezi, pakistanezi, vietnamezi, adventi\u0219ti de ziua a 8-a \u0219i oricine respect\u0103 \u201epatriotismul constitu\u021bional\u201d.<\/p>\n<div class=\"crp_related     crp-masonry\">\n<h2>\u00ceN CONTEXT<\/h2>\n<ul>\n<li><a href=\"https:\/\/r3media.ro\/fara-tine-in-google-r3media-dispare-iata-ce-poti-face-in-10-secunde\/\" class=\"crp_link post-119031\"><span class=\"crp_title\">F\u0103r\u0103 tine \u00een Google, R3media dispare. Iat\u0103 ce po\u021bi face \u00een 10 secunde<\/span><\/a><\/li>\n<li><a href=\"https:\/\/r3media.ro\/constitutia-nicusor-dan-voturi-aur-guvern\/\" class=\"crp_link post-119617\"><span class=\"crp_title\">\u0218i cu Constitu\u021bia cum r\u0103m\u00e2ne? Nicu\u0219or Dan spune c\u0103 \u201enu va accepta\u201d voturi de la AUR pentru\u2026<\/span><\/a><\/li>\n<li><a href=\"https:\/\/r3media.ro\/mihail-neamtu-neeuropeana-imperiu-birocrati-bruxelles-inarmarea-germaniei\/\" class=\"crp_link post-118770\"><span class=\"crp_title\">EXCLUSIVITATE Mihail Neam\u021bu: Exist\u0103 o tendin\u021b\u0103 neeuropean\u0103 de a se crea un imperiu condus de\u2026<\/span><\/a><\/li>\n<li><a href=\"https:\/\/r3media.ro\/cine-este-cu-adevarat-francez\/\" class=\"crp_link post-119942\"><span class=\"crp_title\">Cine este cu adev\u0103rat francez?<\/span><\/a><\/li>\n<li><a href=\"https:\/\/r3media.ro\/prima-oara-istorie-presedintia-document-primplan-patriotism-european\/\" class=\"crp_link post-120495\"><span class=\"crp_title\">Pentru prima oar\u0103 \u00een istorie, Pre\u0219edin\u021bia Rom\u00e2niei emite un document care pune pe primul\u2026<\/span><\/a><\/li>\n<li><a href=\"https:\/\/r3media.ro\/de-ce-a-muri-intr-un-razboi-pentru-statul-roman-azi-e-o-mare-prostie\/\" class=\"crp_link post-113088\"><span class=\"crp_title\">De ce a muri \u00eentr-un r\u0103zboi pentru statul rom\u00e2n, AZI, e o mare prostie<\/span><\/a><\/li>\n<li><a href=\"https:\/\/r3media.ro\/adrian-agachi-raspuns-adrian-papahagi-crezul-ortodox\/\" class=\"crp_link post-116598\"><span class=\"crp_title\">Pr. Adrian Agachi i-a r\u0103spuns lui Adrian Papahagi: Crezul Bisericii Ortodoxe nu este un text\u2026<\/span><\/a><\/li>\n<li><a href=\"https:\/\/r3media.ro\/lectii-de-inapoiere\/\" class=\"crp_link post-119526\"><span class=\"crp_title\">Lec\u021bii de \u00eenapoiere<\/span><\/a><\/li>\n<\/ul>\n<\/div>\n<\/div>\n<\/div>\n<div class=\"td_block_wrap tdb_single_tags tdi_19 td-pb-border-top td_block_template_1\" data-td-block-uid=\"tdi_19\">\n<div class=\"tdb-block-inner td-fix-index\">\n<ul class=\"tdb-tags\">\n<li><span>SUBIECTE FIERBIN\u021aI<\/span><\/li>\n<li><a href=\"https:\/\/r3media.ro\/tag\/adrian-papahagi\/\">adrian papahagi<\/a><\/li>\n<li><a href=\"https:\/\/r3media.ro\/tag\/constitutia-romaniei\/\">constitutia romaniei<\/a><\/li>\n<li><a href=\"https:\/\/r3media.ro\/tag\/identitatea-nationala\/\">identitatea nationala<\/a><\/li>\n<li><a href=\"https:\/\/r3media.ro\/tag\/nationalism\/\">nationalism<\/a><\/li>\n<li><a href=\"https:\/\/r3media.ro\/tag\/romania-in-uniunea-europeana\/\">Rom\u00e2nia \u00een Uniunea European\u0103<\/a><\/li>\n<li><a href=\"https:\/\/r3media.ro\/tag\/statele-unite-ale-europei-sue\/\">statele unite ale europei (sue)<\/a><\/li>\n<li><a href=\"https:\/\/r3media.ro\/tag\/suveranitate-nationala\/\">suveranitate na\u021bional\u0103<\/a><\/li>\n<li><a href=\"https:\/\/r3media.ro\/tag\/valentin-naumescu\/\">valentin naumescu<\/a><\/li>\n<\/ul>\n<\/div>\n<\/div>\n<div class=\"td_block_wrap td_block_9 tdi_20 td_with_ajax_pagination td-pb-border-top td_block_template_1 td-column-2 td_block_padding td_block_bot_line\" data-td-block-uid=\"tdi_20\">\n<div class=\"td-block-title-wrap\">\n<h4 class=\"block-title td-block-title\"><span class=\"td-pulldown-size\">CITE\u0218TE MAI MULT<\/span><\/h4>\n<\/div>\n<div id=\"tdi_20\" class=\"td_block_inner\">\n<div class=\"td-block-row\">\n<div class=\"td-block-span6\">\n<div class=\"td_module_8 td_module_wrap\">\n<div class=\"item-details\">\n<h3 class=\"entry-title td-module-title\"><a href=\"https:\/\/r3media.ro\/dictatura-forma-suprema-a-democratiei\/\" rel=\"bookmark\" title=\"Dictatura \u2013 forma suprem\u0103 a democra\u021biei\">Dictatura \u2013 forma suprem\u0103 a democra\u021biei<\/a><\/h3>\n<div class=\"td-module-meta-info\"><a href=\"https:\/\/r3media.ro\/category\/opinii\/\" class=\"td-post-category\">OPINII<\/a><span class=\"td-post-author-name\"><a href=\"https:\/\/r3media.ro\/author\/tru\/\">TRU (Traian Ungureanu)<\/a><span>&#8211;<\/span><\/span><span class=\"td-post-date\"><time class=\"entry-date updated td-module-date\" datetime=\"2026-07-25T16:43:11+03:00\">25\/07\/2026<\/time><\/span><\/div>\n<\/div>\n<\/div>\n<\/div>\n<div class=\"td-block-span6\">\n<div class=\"td_module_8 td_module_wrap\">\n<div class=\"item-details\">\n<h3 class=\"entry-title td-module-title\"><a href=\"https:\/\/r3media.ro\/film-nou-stapanul-inelelor-corect-politic-regizor-andy-serkis-diversitate-tolkien-mitologie-nordica\/\" rel=\"bookmark\" title=\"Noul film \u201eSt\u0103p\u00e2nul Inelelor\u201d nu va fi corect politic. Regizorul Andy Serkis: J.R.R. Tolkien a fost influen\u021bat de mitologia nordic\u0103. Nu vrem o distribu\u021bie de dragul de a bifa c\u0103su\u021be\">Noul film \u201eSt\u0103p\u00e2nul Inelelor\u201d nu va fi corect politic. Regizorul Andy Serkis: J.R.R. Tolkien&#8230;<\/a><\/h3>\n<div class=\"td-module-meta-info\"><a href=\"https:\/\/r3media.ro\/category\/stiri-prim-plan\/\" class=\"td-post-category\">PRIM PLAN<\/a><span class=\"td-post-author-name\"><a href=\"https:\/\/r3media.ro\/author\/oana\/\">Oana Ivan<\/a><span>&#8211;<\/span><\/span><span class=\"td-post-date\"><time class=\"entry-date updated td-module-date\" datetime=\"2026-07-26T15:49:31+03:00\">26\/07\/2026<\/time><\/span><\/div>\n<\/div>\n<\/div>\n<\/div>\n<\/div>\n<div class=\"td-block-row\">\n<div class=\"td-block-span6\">\n<div class=\"td_module_8 td_module_wrap\">\n<div class=\"item-details\">\n<h3 class=\"entry-title td-module-title\"><a href=\"https:\/\/r3media.ro\/marea-britanie-apa-inteligenta-artificiala-romania-centru-ai-restrictii-consum-apa\/\" rel=\"bookmark\" title=\"Marea Britanie nu mai are suficient\u0103 ap\u0103 pentru Inteligen\u021ba Artificial\u0103, dar Rom\u00e2nia vrea s\u0103 g\u0103zduiasc\u0103 un centru AI care consum\u0103 c\u00e2t sute de mii de oameni \u0219i impune restric\u021bii la consumul de ap\u0103 al popula\u021biei\">Marea Britanie nu mai are suficient\u0103 ap\u0103 pentru Inteligen\u021ba Artificial\u0103, dar Rom\u00e2nia vrea s\u0103&#8230;<\/a><\/h3>\n<div class=\"td-module-meta-info\"><a href=\"https:\/\/r3media.ro\/category\/actualitate\/\" class=\"td-post-category\">ACTUALITATE<\/a><span class=\"td-post-author-name\"><a href=\"https:\/\/r3media.ro\/author\/radu_ursan\/\">Radu Ursan<\/a><span>&#8211;<\/span><\/span><span class=\"td-post-date\"><time class=\"entry-date updated td-module-date\" datetime=\"2026-07-23T11:44:13+03:00\">23\/07\/2026<\/time><\/span><\/div>\n<\/div>\n<\/div>\n<\/div>\n<div class=\"td-block-span6\">\n<div class=\"td_module_8 td_module_wrap\">\n<div class=\"item-details\">\n<h3 class=\"entry-title td-module-title\"><a href=\"https:\/\/r3media.ro\/campion-olimpic-olaf-tufte-mort-subit-50-ani\/\" rel=\"bookmark\" title=\"Campionul olimpic Olaf Tufte a murit subit la 50 de ani\">Campionul olimpic Olaf Tufte a murit subit la 50 de ani<\/a><\/h3>\n<div class=\"td-module-meta-info\"><a href=\"https:\/\/r3media.ro\/category\/actualitate\/\" class=\"td-post-category\">ACTUALITATE<\/a><span class=\"td-post-author-name\"><a href=\"https:\/\/r3media.ro\/author\/oana\/\">Oana Ivan<\/a><span>&#8211;<\/span><\/span><span class=\"td-post-date\"><time class=\"entry-date updated td-module-date\" datetime=\"2026-07-22T12:11:02+03:00\">22\/07\/2026<\/time><\/span><\/div>\n<\/div>\n<\/div>\n<\/div>\n<\/div>\n<div class=\"td-block-row\">\n<div class=\"td-block-span6\">\n<div class=\"td_module_8 td_module_wrap\">\n<div class=\"item-details\">\n<h3 class=\"entry-title td-module-title\"><a href=\"https:\/\/r3media.ro\/explozie-incendiu-fabrica-kronospan-brasov-video\/\" rel=\"bookmark\" title=\"VIDEO | Explozie urmat\u0103 de un incendiu la fabrica Kronospan din Bra\u0219ov. \u00cen timp ce pompierii \u00eencercau s\u0103 sting\u0103 focul s-a produs o alt\u0103 explozie\">VIDEO | Explozie urmat\u0103 de un incendiu la fabrica Kronospan din Bra\u0219ov. \u00cen timp&#8230;<\/a><\/h3>\n<div class=\"td-module-meta-info\"><a href=\"https:\/\/r3media.ro\/category\/actualitate\/\" class=\"td-post-category\">ACTUALITATE<\/a><span class=\"td-post-author-name\"><a href=\"https:\/\/r3media.ro\/author\/oana\/\">Oana Ivan<\/a><span>&#8211;<\/span><\/span><span class=\"td-post-date\"><time class=\"entry-date updated td-module-date\" datetime=\"2026-07-22T10:01:28+03:00\">22\/07\/2026<\/time><\/span><\/div>\n<\/div>\n<\/div>\n<\/div>\n<div class=\"td-block-span6\">\n<div class=\"td_module_8 td_module_wrap\">\n<div class=\"item-details\">\n<h3 class=\"entry-title td-module-title\"><a href=\"https:\/\/r3media.ro\/asa-incepe-compania-openai-afirma-un-model-de-inteligenta-artificiala-a-atacat-din-proprie-initiativa-sistemele-unei-alte-companii\/\" rel=\"bookmark\" title=\"A\u0219a \u00eencepe? Compania OpenAI afirm\u0103 un model de inteligen\u021b\u0103 artificial\u0103 a ATACAT din proprie ini\u021biativ\u0103 sistemele unei alte companii\">A\u0219a \u00eencepe? Compania OpenAI afirm\u0103 un model de inteligen\u021b\u0103 artificial\u0103 a ATACAT din proprie&#8230;<\/a><\/h3>\n<div class=\"td-module-meta-info\"><a href=\"https:\/\/r3media.ro\/category\/actualitate\/\" class=\"td-post-category\">ACTUALITATE<\/a><span class=\"td-post-author-name\"><a href=\"https:\/\/r3media.ro\/author\/teodor_stan\/\">Teodor Stan<\/a><span>&#8211;<\/span><\/span><span class=\"td-post-date\"><time class=\"entry-date updated td-module-date\" datetime=\"2026-07-22T09:10:53+03:00\">22\/07\/2026<\/time><\/span><\/div>\n<\/div>\n<\/div>\n<\/div>\n<\/div>\n<div class=\"td-block-row\">\n<div class=\"td-block-span6\">\n<div class=\"td_module_8 td_module_wrap\">\n<div class=\"item-details\">\n<h3 class=\"entry-title td-module-title\"><a href=\"https:\/\/r3media.ro\/episcopul-husilor-oameni-animale-therieni-degradare-progresism\/\" rel=\"bookmark\" title=\"Episcopul Hu\u0219ilor, despre oamenii care se cred animale: V\u0103 da\u021bi seama c\u00e2t\u0103 degradare uman\u0103 este? De ce? Pentru c\u0103 se \u00eencred \u00een progresism\">Episcopul Hu\u0219ilor, despre oamenii care se cred animale: V\u0103 da\u021bi seama c\u00e2t\u0103 degradare uman\u0103&#8230;<\/a><\/h3>\n<div class=\"td-module-meta-info\"><a href=\"https:\/\/r3media.ro\/category\/actualitate\/\" class=\"td-post-category\">ACTUALITATE<\/a><span class=\"td-post-author-name\"><a href=\"https:\/\/r3media.ro\/author\/radu_ursan\/\">Radu Ursan<\/a><span>&#8211;<\/span><\/span><span class=\"td-post-date\"><time class=\"entry-date updated td-module-date\" datetime=\"2026-07-21T19:30:46+03:00\">21\/07\/2026<\/time><\/span><\/div>\n<\/div>\n<\/div>\n<\/div>\n<div class=\"td-block-span6\">\n<div class=\"td_module_8 td_module_wrap\">\n<div class=\"item-details\">\n<h3 class=\"entry-title td-module-title\"><a href=\"https:\/\/r3media.ro\/video-cult-femeie-dumnezeu-mama-romania\/\" rel=\"bookmark\" title=\"VIDEO | Un cult care consider\u0103 o femeie coreean\u0103 drept \u201eDumnezeu Mama\u201d face prozeli\u021bi \u00een Rom\u00e2nia\">VIDEO | Un cult care consider\u0103 o femeie coreean\u0103 drept \u201eDumnezeu Mama\u201d face prozeli\u021bi&#8230;<\/a><\/h3>\n<div class=\"td-module-meta-info\"><a href=\"https:\/\/r3media.ro\/category\/actualitate\/\" class=\"td-post-category\">ACTUALITATE<\/a><span class=\"td-post-author-name\"><a href=\"https:\/\/r3media.ro\/author\/redactia\/\">Redac\u021bia<\/a><span>&#8211;<\/span><\/span><span class=\"td-post-date\"><time class=\"entry-date updated td-module-date\" datetime=\"2026-07-21T11:14:08+03:00\">21\/07\/2026<\/time><\/span><\/div>\n<\/div>\n<\/div>\n<\/div>\n<\/div>\n<div class=\"td-block-row\">\n<div class=\"td-block-span6\">\n<div class=\"td_module_8 td_module_wrap\">\n<div class=\"item-details\">\n<h3 class=\"entry-title td-module-title\"><a href=\"https:\/\/r3media.ro\/cehia-interzice-telefoanele-in-scoli\/\" rel=\"bookmark\" title=\"Cehia se preg\u0103te\u0219te s\u0103 interzic\u0103 telefoanele mobile \u00een \u0219coli\">Cehia se preg\u0103te\u0219te s\u0103 interzic\u0103 telefoanele mobile \u00een \u0219coli<\/a><\/h3>\n<div class=\"td-module-meta-info\"><a href=\"https:\/\/r3media.ro\/category\/actualitate\/\" class=\"td-post-category\">ACTUALITATE<\/a><span class=\"td-post-author-name\"><a href=\"https:\/\/r3media.ro\/author\/redactia\/\">Redac\u021bia<\/a><span>&#8211;<\/span><\/span><span class=\"td-post-date\"><time class=\"entry-date updated td-module-date\" datetime=\"2026-07-20T22:34:13+03:00\">20\/07\/2026<\/time><\/span><\/div>\n<\/div>\n<\/div>\n<\/div>\n<div class=\"td-block-span6\">\n<div class=\"td_module_8 td_module_wrap\">\n<div class=\"item-details\">\n<h3 class=\"entry-title td-module-title\"><a href=\"https:\/\/r3media.ro\/mihail-neamtu-oblgatie-romania\/\" rel=\"bookmark\" title=\"Mihail Neam\u021bu: Suntem o \u021bar\u0103 mic\u0103, iar singura obliga\u021bie a politicienilor de la Bucure\u0219ti e s\u0103 nu introduc\u0103 Rom\u00e2nia \u00eentr-un r\u0103zboi stupid \u0219i perdant\">Mihail Neam\u021bu: Suntem o \u021bar\u0103 mic\u0103, iar singura obliga\u021bie a politicienilor de la Bucure\u0219ti&#8230;<\/a><\/h3>\n<div class=\"td-module-meta-info\"><a href=\"https:\/\/r3media.ro\/category\/actualitate\/\" class=\"td-post-category\">ACTUALITATE<\/a><span class=\"td-post-author-name\"><a href=\"https:\/\/r3media.ro\/author\/redactia\/\">Redac\u021bia<\/a><span>&#8211;<\/span><\/span><span class=\"td-post-date\"><time class=\"entry-date updated td-module-date\" datetime=\"2026-07-20T22:01:16+03:00\">20\/07\/2026<\/time><\/span><\/div>\n<\/div>\n<\/div>\n<\/div>\n<\/div>\n<div class=\"td-block-row\">\n<div class=\"td-block-span6\">\n<div class=\"td_module_8 td_module_wrap\">\n<div class=\"item-details\">\n<h3 class=\"entry-title td-module-title\"><a href=\"https:\/\/r3media.ro\/petrisor-peiu-conditii-aur-vot-guvernul-vestea-nicusor-dan-solutii-bunastare-romani\/\" rel=\"bookmark\" title=\"Condi\u021biile AUR pentru a vota Guvernul Ve\u0219tea. Petri\u0219or Peiu propune solu\u021bii clare pentru bun\u0103starea rom\u00e2nilor\">Condi\u021biile AUR pentru a vota Guvernul Ve\u0219tea. Petri\u0219or Peiu propune solu\u021bii clare pentru bun\u0103starea&#8230;<\/a><\/h3>\n<div class=\"td-module-meta-info\"><a href=\"https:\/\/r3media.ro\/category\/stiri\/\" class=\"td-post-category\">\u0218TIRI<\/a><span class=\"td-post-author-name\"><a href=\"https:\/\/r3media.ro\/author\/oana\/\">Oana Ivan<\/a><span>&#8211;<\/span><\/span><span class=\"td-post-date\"><time class=\"entry-date updated td-module-date\" datetime=\"2026-06-17T10:10:31+03:00\">17\/06\/2026<\/time><\/span><\/div>\n<\/div>\n<\/div>\n<\/div>\n<div class=\"td-block-span6\">\n<div class=\"td_module_8 td_module_wrap\">\n<div class=\"item-details\">\n<h3 class=\"entry-title td-module-title\"><a href=\"https:\/\/r3media.ro\/mihail-neamtu-neeuropeana-imperiu-birocrati-bruxelles-inarmarea-germaniei\/\" rel=\"bookmark\" title=\"EXCLUSIVITATE Mihail Neam\u021bu: Exist\u0103 o tendin\u021b\u0103 neeuropean\u0103 de a se crea un imperiu condus de birocra\u021bi de la Bruxelles \/ Pericolul \u00eenarm\u0103rii Germaniei\">EXCLUSIVITATE Mihail Neam\u021bu: Exist\u0103 o tendin\u021b\u0103 neeuropean\u0103 de a se crea un imperiu condus&#8230;<\/a><\/h3>\n<div class=\"td-module-meta-info\"><a href=\"https:\/\/r3media.ro\/category\/stiri\/\" class=\"td-post-category\">\u0218TIRI<\/a><span class=\"td-post-author-name\"><a href=\"https:\/\/r3media.ro\/author\/oana\/\">Oana Ivan<\/a><span>&#8211;<\/span><\/span><span class=\"td-post-date\"><time class=\"entry-date updated td-module-date\" datetime=\"2026-06-22T09:02:12+03:00\">22\/06\/2026<\/time><\/span><\/div>\n<\/div>\n<\/div>\n<\/div>\n<\/div>\n<\/div>\n<div class=\"td-load-more-wrap td-load-more-infinite-wrap\" id=\"infinite-lm-tdi_20\"><a href=\"https:\/\/r3media.ro\/statul-roman-a-semnat-actul-propriei-disparitii\/\" class=\"td_ajax_load_more td_ajax_load_more_js\" aria-label=\"\u00cenc\u0103rca\u021bi mai multe\" id=\"next-page-tdi_20\" data-td_block_id=\"tdi_20\">\u00cenc\u0103rca\u021bi mai multe<\/a><\/div>\n<\/div>\n<div class=\"td_block_wrap tdb_single_comments tdi_21 tdb-comm-layout2 td-pb-border-top td_block_template_1\" data-td-block-uid=\"tdi_21\">\n<div class=\"tdb-block-inner td-fix-index\">\n<div class=\"comments\" id=\"comments\">\n<div id=\"respond\" class=\"comment-respond\">\n<h3 id=\"reply-title\" class=\"comment-reply-title\">AI CEVA DE SPUS? <small><a rel=\"nofollow\" id=\"cancel-comment-reply-link\" href=\"https:\/\/r3media.ro\/statul-roman-a-semnat-actul-propriei-disparitii\/#respond\">Renun\u021ba\u021bi la r\u0103spuns<\/a><\/small><\/h3>\n<div class=\"comment-form-input-wrap td-form-comment\">\n<div class=\"td-warning-comment\">V\u0103 rug\u0103m s\u0103 introduce\u021bi comentariul dvs.!<\/div>\n<\/div>\n<div class=\"comment-form-input-wrap td-form-author\">\n<div class=\"td-warning-author\">Introduce\u021bi aici numele dvs.<\/div>\n<\/div>\n<div class=\"comment-form-input-wrap td-form-email\">\n<div class=\"td-warning-email-error\">A\u021bi introdus o adres\u0103 de e-mail incorect\u0103!<\/div>\n<div class=\"td-warning-email\">V\u0103 rug\u0103m s\u0103 introduce\u021bi adresa dvs. de e-mail aici<\/div>\n<\/div>\n<\/div>\n<\/div>\n<\/div>\n<\/div>\n<\/div>\n<\/div>\n<div class=\"vc_column tdi_23  wpb_column vc_column_container tdc-column td-pb-span4 td-is-sticky\">\n<div class=\"wpb_wrapper\" data-sticky-enabled-on=\"W3RydWUsdHJ1ZSx0cnVlLHRydWVd\" data-sticky-offset=\"20\" data-sticky-is-width-auto=\"W2ZhbHNlLGZhbHNlLGZhbHNlLGZhbHNlXQ==\">\n<div class=\"wpb_wrapper td_block_wrap vc_widget_sidebar tdi_25 \">\n<div class=\"td_block_wrap td_block_7 td_block_widget tdi_26 td-pb-border-top td_block_template_1 td-column-1 td_block_padding\" data-td-block-uid=\"tdi_26\">\n<div class=\"td-block-title-wrap\">\n<h4 class=\"block-title td-block-title\"><span class=\"td-pulldown-size\">Articole RELA\u021aIONATE<\/span><\/h4>\n<\/div>\n<div id=\"tdi_26\" class=\"td_block_inner\">\n<div class=\"td-block-span12\">\n<div class=\"td_module_6 td_module_wrap td-animation-stack\">\n<div class=\"td-module-thumb\"><a href=\"https:\/\/r3media.ro\/28-iulie-3-august-1919-unirea-banatului-romania\/\" rel=\"bookmark\" class=\"td-image-wrap \" title=\"28 iulie \u2013 3 august 1919: Unirea Banatului cu Rom\u00e2nia\"><img loading=\"lazy\" decoding=\"async\" class=\"entry-thumb\" src=\"https:\/\/r3media.ro\/wp-content\/uploads\/2021\/08\/10-mai-1920-timisoara-100x70.jpg\" alt title=\"28 iulie \u2013 3 august 1919: Unirea Banatului cu Rom\u00e2nia\" width=\"100\" height=\"70\"><\/a><\/div>\n<div class=\"item-details\">\n<h3 class=\"entry-title td-module-title\"><a href=\"https:\/\/r3media.ro\/28-iulie-3-august-1919-unirea-banatului-romania\/\" rel=\"bookmark\" title=\"28 iulie \u2013 3 august 1919: Unirea Banatului cu Rom\u00e2nia\">28 iulie \u2013 3 august 1919: Unirea Banatului cu Rom\u00e2nia<\/a><\/h3>\n<div class=\"td-module-meta-info\"><span class=\"td-post-date\"><time class=\"entry-date updated td-module-date\" datetime=\"2026-07-27T21:40:14+03:00\">27\/07\/2026<\/time><\/span><\/div>\n<\/div>\n<\/div>\n<\/div>\n<div class=\"td-block-span12\">\n<div class=\"td_module_6 td_module_wrap td-animation-stack\">\n<div class=\"td-module-thumb\"><a href=\"https:\/\/r3media.ro\/avioane-americane-bulgaria-energie-radev-sua\/\" rel=\"bookmark\" class=\"td-image-wrap \" title=\"Avioane americane la Bezmer, la schimb cu avantaje \u00een zona energetic\u0103 pentru Bulgaria: ce a ob\u021binut guvernul Radev de la SUA\"><img loading=\"lazy\" decoding=\"async\" class=\"entry-thumb\" src=\"https:\/\/r3media.ro\/wp-content\/uploads\/2026\/06\/rumen-radev-bulgaria-100x70.webp\" alt title=\"Avioane americane la Bezmer, la schimb cu avantaje \u00een zona energetic\u0103 pentru Bulgaria: ce a ob\u021binut guvernul Radev de la SUA\" width=\"100\" height=\"70\"><\/a><\/div>\n<div class=\"item-details\">\n<h3 class=\"entry-title td-module-title\"><a href=\"https:\/\/r3media.ro\/avioane-americane-bulgaria-energie-radev-sua\/\" rel=\"bookmark\" title=\"Avioane americane la Bezmer, la schimb cu avantaje \u00een zona energetic\u0103 pentru Bulgaria: ce a ob\u021binut guvernul Radev de la SUA\">Avioane americane la Bezmer, la schimb cu avantaje \u00een zona energetic\u0103&#8230;<\/a><\/h3>\n<div class=\"td-module-meta-info\"><span class=\"td-post-date\"><time class=\"entry-date updated td-module-date\" datetime=\"2026-07-27T21:38:24+03:00\">27\/07\/2026<\/time><\/span><\/div>\n<\/div>\n<\/div>\n<\/div>\n<div class=\"td-block-span12\">\n<div class=\"td_module_6 td_module_wrap td-animation-stack\">\n<div class=\"td-module-thumb\"><a href=\"https:\/\/r3media.ro\/28-iulie-sfintii-apostoli-si-diaconi-prohor-nicanor-timon-si-parmena-dintre-cei-70\/\" rel=\"bookmark\" class=\"td-image-wrap \" title=\"Calendarul zilei 28 iulie: Sfin\u021bii Apostoli \u0219i Diaconi Prohor, Nicanor, Timon \u0219i Parmena, dintre cei 70\"><img loading=\"lazy\" decoding=\"async\" class=\"entry-thumb\" src=\"https:\/\/r3media.ro\/wp-content\/uploads\/2023\/07\/sddefault-4-100x70.jpg\" alt title=\"Calendarul zilei 28 iulie: Sfin\u021bii Apostoli \u0219i Diaconi Prohor, Nicanor, Timon \u0219i Parmena, dintre cei 70\" width=\"100\" height=\"70\"><\/a><\/div>\n<div class=\"item-details\">\n<h3 class=\"entry-title td-module-title\"><a href=\"https:\/\/r3media.ro\/28-iulie-sfintii-apostoli-si-diaconi-prohor-nicanor-timon-si-parmena-dintre-cei-70\/\" rel=\"bookmark\" title=\"Calendarul zilei 28 iulie: Sfin\u021bii Apostoli \u0219i Diaconi Prohor, Nicanor, Timon \u0219i Parmena, dintre cei 70\">Calendarul zilei 28 iulie: Sfin\u021bii Apostoli \u0219i Diaconi Prohor, Nicanor, Timon&#8230;<\/a><\/h3>\n<div class=\"td-module-meta-info\"><span class=\"td-post-date\"><time class=\"entry-date updated td-module-date\" datetime=\"2026-07-27T21:33:31+03:00\">27\/07\/2026<\/time><\/span><\/div>\n<\/div>\n<\/div>\n<\/div>\n<div class=\"td-block-span12\">\n<div class=\"td_module_6 td_module_wrap td-animation-stack\">\n<div class=\"td-module-thumb\"><a href=\"https:\/\/r3media.ro\/iranul-respinge-orice-negociere-cu-statele-unite\/\" rel=\"bookmark\" class=\"td-image-wrap \" title=\"Iranul respinge orice negociere cu Statele Unite\"><img loading=\"lazy\" decoding=\"async\" class=\"entry-thumb\" src=\"https:\/\/r3media.ro\/wp-content\/uploads\/2026\/07\/steag-iran-100x70.jpg\" alt title=\"Iranul respinge orice negociere cu Statele Unite\" width=\"100\" height=\"70\"><\/a><\/div>\n<div class=\"item-details\">\n<h3 class=\"entry-title td-module-title\"><a href=\"https:\/\/r3media.ro\/iranul-respinge-orice-negociere-cu-statele-unite\/\" rel=\"bookmark\" title=\"Iranul respinge orice negociere cu Statele Unite\">Iranul respinge orice negociere cu Statele Unite<\/a><\/h3>\n<div class=\"td-module-meta-info\"><span class=\"td-post-date\"><time class=\"entry-date updated td-module-date\" datetime=\"2026-07-27T20:59:23+03:00\">27\/07\/2026<\/time><\/span><\/div>\n<\/div>\n<\/div>\n<\/div>\n<div class=\"td-block-span12\">\n<div class=\"td_module_6 td_module_wrap td-animation-stack\">\n<div class=\"td-module-thumb\"><a href=\"https:\/\/r3media.ro\/rusia-romania-drona-ambasador-moscova-porturi-dunare\/\" rel=\"bookmark\" class=\"td-image-wrap \" title=\"Rusia, avertizat\u0103 de Rom\u00e2nia dup\u0103 incidentele cu drona. Ambasadorul Moscovei acuz\u0103 Bucure\u0219tiul c\u0103 folose\u0219te porturile de la Dun\u0103re pentru a transporta arme \u00een Ucraina\"><img loading=\"lazy\" decoding=\"async\" class=\"entry-thumb\" src=\"https:\/\/r3media.ro\/wp-content\/uploads\/2024\/04\/vladimir-lipaev-mid-ru-100x70.jpg\" alt title=\"Rusia, avertizat\u0103 de Rom\u00e2nia dup\u0103 incidentele cu drona. Ambasadorul Moscovei acuz\u0103 Bucure\u0219tiul c\u0103 folose\u0219te porturile de la Dun\u0103re pentru a transporta arme \u00een Ucraina\" width=\"100\" height=\"70\"><\/a><\/div>\n<div class=\"item-details\">\n<h3 class=\"entry-title td-module-title\"><a href=\"https:\/\/r3media.ro\/rusia-romania-drona-ambasador-moscova-porturi-dunare\/\" rel=\"bookmark\" title=\"Rusia, avertizat\u0103 de Rom\u00e2nia dup\u0103 incidentele cu drona. Ambasadorul Moscovei acuz\u0103 Bucure\u0219tiul c\u0103 folose\u0219te porturile de la Dun\u0103re pentru a transporta arme \u00een Ucraina\">Rusia, avertizat\u0103 de Rom\u00e2nia dup\u0103 incidentele cu drona. Ambasadorul Moscovei acuz\u0103&#8230;<\/a><\/h3>\n<div class=\"td-module-meta-info\"><span class=\"td-post-date\"><time class=\"entry-date updated td-module-date\" datetime=\"2026-07-27T20:15:53+03:00\">27\/07\/2026<\/time><\/span><\/div>\n<\/div>\n<\/div>\n<\/div>\n<div class=\"td-block-span12\">\n<div class=\"td_module_6 td_module_wrap td-animation-stack\">\n<div class=\"td-module-thumb\"><a href=\"https:\/\/r3media.ro\/raport-sau-propaganda-de-joasa-calitate\/\" rel=\"bookmark\" class=\"td-image-wrap \" title=\"Raport sau propagand\u0103 de joas\u0103 calitate?\"><img loading=\"lazy\" decoding=\"async\" class=\"entry-thumb\" src=\"https:\/\/r3media.ro\/wp-content\/uploads\/2026\/07\/grupul-de-reflectie-strategica-ue-100x70.jpg\" alt title=\"Raport sau propagand\u0103 de joas\u0103 calitate?\" width=\"100\" height=\"70\"><\/a><\/div>\n<div class=\"item-details\">\n<h3 class=\"entry-title td-module-title\"><a href=\"https:\/\/r3media.ro\/raport-sau-propaganda-de-joasa-calitate\/\" rel=\"bookmark\" title=\"Raport sau propagand\u0103 de joas\u0103 calitate?\">Raport sau propagand\u0103 de joas\u0103 calitate?<\/a><\/h3>\n<div class=\"td-module-meta-info\"><span class=\"td-post-date\"><time class=\"entry-date updated td-module-date\" datetime=\"2026-07-27T14:01:27+03:00\">27\/07\/2026<\/time><\/span><\/div>\n<\/div>\n<\/div>\n<\/div>\n<div class=\"td-block-span12\">\n<div class=\"td_module_6 td_module_wrap td-animation-stack\">\n<div class=\"td-module-thumb\"><a href=\"https:\/\/r3media.ro\/bnr-recomanda-romani-rezerve-de-cash-atacuri-cibernetice-numerar-relevant-criza\/\" rel=\"bookmark\" class=\"td-image-wrap \" title=\"BNR le recomand\u0103 rom\u00e2nilor s\u0103 p\u0103streze rezerve de cash: Numerarul se poate dovedi relevant \u00een criz\u0103\"><img loading=\"lazy\" decoding=\"async\" class=\"entry-thumb\" src=\"https:\/\/r3media.ro\/wp-content\/uploads\/2023\/10\/plati-cash-numerar-100x70.jpg\" alt title=\"BNR le recomand\u0103 rom\u00e2nilor s\u0103 p\u0103streze rezerve de cash: Numerarul se poate dovedi relevant \u00een criz\u0103\" width=\"100\" height=\"70\"><\/a><\/div>\n<div class=\"item-details\">\n<h3 class=\"entry-title td-module-title\"><a href=\"https:\/\/r3media.ro\/bnr-recomanda-romani-rezerve-de-cash-atacuri-cibernetice-numerar-relevant-criza\/\" rel=\"bookmark\" title=\"BNR le recomand\u0103 rom\u00e2nilor s\u0103 p\u0103streze rezerve de cash: Numerarul se poate dovedi relevant \u00een criz\u0103\">BNR le recomand\u0103 rom\u00e2nilor s\u0103 p\u0103streze rezerve de cash: Numerarul se&#8230;<\/a><\/h3>\n<div class=\"td-module-meta-info\"><span class=\"td-post-date\"><time class=\"entry-date updated td-module-date\" datetime=\"2026-07-27T13:11:47+03:00\">27\/07\/2026<\/time><\/span><\/div>\n<\/div>\n<\/div>\n<\/div>\n<\/div>\n<\/div>\n<aside class=\"td_block_template_1 widget widget_recent_comments\">\n<h4 class=\"block-title\"><span>INTR\u0102 \u00ceN DISCU\u021aIE!<\/span><\/h4>\n<ul id=\"recentcomments\">\n<li class=\"recentcomments\"><span class=\"comment-author-link\">Redac\u021bia<\/span> la <a href=\"https:\/\/r3media.ro\/raport-sau-propaganda-de-joasa-calitate\/#comment-40317\">Raport sau propagand\u0103 de joas\u0103 calitate?<\/a><\/li>\n<li class=\"recentcomments\"><span class=\"comment-author-link\">George<\/span> la <a href=\"https:\/\/r3media.ro\/raport-sau-propaganda-de-joasa-calitate\/#comment-40316\">Raport sau propagand\u0103 de joas\u0103 calitate?<\/a><\/li>\n<li class=\"recentcomments\"><span class=\"comment-author-link\">Radu<\/span> la <a href=\"https:\/\/r3media.ro\/prima-oara-istorie-presedintia-document-primplan-patriotism-european\/#comment-40315\">Pentru prima oar\u0103 \u00een istorie, Pre\u0219edin\u021bia Rom\u00e2niei emite un document care pune pe primul plan o alt\u0103 entitate dec\u00e2t \u021bara noastr\u0103: patriotismul european<\/a><\/li>\n<li class=\"recentcomments\"><span class=\"comment-author-link\">E.T.<\/span> la <a href=\"https:\/\/r3media.ro\/vladimir-putin-romania-teritorii-ucraina\/#comment-40314\">Vladimir Putin spune c\u0103 Rom\u00e2nia va fi printre statele care vor recupera teritorii de la Ucraina<\/a><\/li>\n<li class=\"recentcomments\"><span class=\"comment-author-link\">Nicu<\/span> la <a href=\"https:\/\/r3media.ro\/ford-recheama-service-500-000-masini-risc-incendiu-motor\/#comment-40311\">Ford recheam\u0103 \u00een service peste 500.000 de ma\u0219ini din cauza riscului de incendiu la motor<\/a><\/li>\n<li class=\"recentcomments\"><span class=\"comment-author-link\">Nicu<\/span> la <a href=\"https:\/\/r3media.ro\/iiccmer-solicita-demolare-statuie-poet-adrian-paunescu-gradina-icoanei-bucuresti\/#comment-40309\">IICCMER solicit\u0103 demolarea statuii poetului Adrian P\u0103unescu din Gr\u0103dina Icoanei din Bucure\u0219ti<\/a><\/li>\n<li class=\"recentcomments\"><span class=\"comment-author-link\">Eu<\/span> la <a href=\"https:\/\/r3media.ro\/mihail-neamtu-aur-transparentizarea-surselor-de-finantare-a-ong-urilor-este-obligatorie-unele-dintre-ele-pun-in-pericol-interesele-romaniei\/#comment-40308\">Mihail Neam\u021bu (AUR): Transparentizarea surselor de finan\u021bare a ONG-urilor este obligatorie! Unele dintre ele pun \u00een pericol interesele Rom\u00e2niei<\/a><\/li>\n<\/ul>\n<\/aside>\n<aside class=\"td_block_template_1 widget widget_search\">\n<h4 class=\"block-title\"><span>CAUT\u0102 \u0218I VEI G\u0102SI<\/span><\/h4>\n<\/aside>\n<\/div>\n<\/div>\n<\/div>\n<\/div>\n<\/div>\n<\/div>\n<\/div>\n<p><span class=\"td-page-meta\"><\/span><span class=\"td-page-meta\"><span class=\"td-page-meta\"><\/span><\/span><span class=\"td-page-meta\"><\/span><\/article>\n<\/p>\n<div class=\"td_block_wrap tdb_single_content tdi_18 td-pb-border-top td_block_template_1 td-post-content tagdiv-type\" data-td-block-uid=\"tdi_18\">\n<div class=\"tdb-block-inner td-fix-index\">\n<p><strong>\u00centrebarea din titlul este legitim\u0103 \u0219i fireasc\u0103 dup\u0103 ce cite\u0219ti <a href=\"https:\/\/www.presidency.ro\/files\/userfiles\/Documente\/Raport%20sintetic%20final%20-%20%20Identitate%20si%20populism%20RUE%2022%20iul%2026.pdf\" target=\"_blank\" rel=\"noopener\">Raportul preziden\u021bial \u201eIdentitate na\u021bional\u0103, identitate european\u0103 \u0219i provocarea populismului\u201d<\/a>, asumat de Pre\u0219edintele Nicu\u0219or Dan.<\/strong><\/p>\n<p>Nu \u00eenlocuirea na\u021biunii \u0219i a statului rom\u00e2n cu o identitate \u0219i un stat european. \u00cen context, clar, \u00eenlocuirea Rom\u00e2niei ca stat independent, cu Uniunea European\u0103, \u00een care Rom\u00e2nia este doar parte component\u0103.<\/p>\n<p>Ceea ce \u0219ocheaz\u0103 nu este at\u00e2t faptul c\u0103 acest document apare \u0219i este asumat de Pre\u0219edintele Rom\u00e2niei, despre care<a href=\"https:\/\/www.presidency.ro\/ro\/presedinte\/constitutia-romaniei\" target=\"_blank\" rel=\"noopener\"> alin.2 al articolului 80 din Constitu\u021bie<\/a> afirm\u0103 c\u0103 \u201eeste garantul independen\u021bei na\u021bionale\u201d, ci gradul de detaliu \u00een care este demolat\u0103 ideea de stat rom\u00e2n.<\/p>\n<p>Echipa de raportori a distrus chiar temelia identitar\u0103 a statului rom\u00e2n: continuitatea daco-roman\u0103 la nord de Dun\u0103re. Chiar dac\u0103 aceast\u0103 teorie este \u0219ubred\u0103, pe ea s-a format legitimitatea politic\u0103 a statului rom\u00e2n, inclusiv a drepturilor rom\u00e2nilor din Transilvania!<\/p>\n<p>Practic, ce ne spune echipa lui Nicu\u0219or Dan este c\u0103 temelia ideologic\u0103 a statului rom\u00e2n a fost util\u0103 un secol, iar acum nu mai e nevoie de ea. Nu pentru c\u0103 s-ar fi identificat o temelie mai solid\u0103, ci pentru c\u0103 nu mai e nevoie de un stat rom\u00e2n. \u0218i subliniez, stat rom\u00e2n!<\/p>\n<p>Identitatea na\u021bional\u0103 nu este ceva definit, potrivit raportului. Este \u201eun proces ne\u00eencheiat\u201d (!). Cu alte cuvinte, a fi rom\u00e2n este un \u201ework in progress\u201d, ceva la care \u00eenc\u0103 se lucreaz\u0103. Poftim?!<\/p>\n<p>Un popor cu o omogenitate etnic\u0103 \u0219i cultural\u0103 precum cel rom\u00e2n nu are o identitate na\u021bional\u0103 fix\u0103? Ci este un proces neterminat? P\u0103i atunci de ce mai avem Constitu\u021bia Rom\u00e2niei?<\/p>\n<p>Dac\u0103 Rom\u00e2nia este statul na\u021bional al rom\u00e2nilor, dar nu \u0219tim exact ce sunt \u201erom\u00e2nii\u201d, e clar c\u0103 <em>statul rom\u00e2n poate fi redefinit.<\/em><\/p>\n<p>Pentru c\u0103 raportul ne spune clar: viitorul apar\u021bine \u201epatriotismului european\u201d, unde cet\u0103\u021benii nu mai sunt identifica\u021bi dup\u0103 etnie, religie \u0219i\/sau cultur\u0103, ci dup\u0103 respectarea \u201eprincipiilor\u201d Uniunii Europene.<\/p>\n<p>E a\u0219a numitul \u201epatriotism civic\u201d. Pentru cei care au deschis mai t\u00e2rziu ochii, acest \u201epatriotism civic\u201d sau \u201epatriotism constitu\u021bional\u201d este ceea ce aveau toate imperiile din trecut pentru supu\u0219ii lor: de la otomani la austro-ungari \u0219i sovietici.<\/p>\n<p>Acest document este, orice s-ar spune, un act fundamental prin care \u201egarantul independen\u021bei na\u021bionale\u201d semnalizeaz\u0103 c\u0103 este gata s\u0103 renun\u021be la <em>garantarea<\/em> acestui concept.<\/p>\n<p>Dac\u0103 ceilal\u021bi mai p\u0103strau m\u0103car aparen\u021bele, acest pre\u0219edinte o spune pe fa\u021b\u0103.<\/p>\n<p>De altfel, rolul \u201eraportului\u201d este tocmai acesta: s\u0103 dea o spoial\u0103 de analiz\u0103 intelectual\u0103 unei concluzii dinainte trase.\u00a0 E suficient s\u0103 privim componen\u021ba \u201e\u201dGrupului de Reflec\u021bie Strategic\u0103 \u201eRom\u00e2nia \u00een UE\u201d .<\/p>\n<p>Condus de <a href=\"https:\/\/r3media.ro\/valentin-naumescu-expert-al-comisiei-europene-si-diplomat-scrie-ca-mai-devreme-sau-mai-tarziu-al-treilea-razboi-mondial-va-avea-loc-daca-nu-cumva-a-si-inceput\/\" target=\"_blank\" rel=\"noopener\">fanaticul pro-r\u0103zboi nuclear<\/a>, Valentin Naumescu,\u00a0 grupul de <em>reflec\u021bie<\/em> este format numai din persoane asemenea lui. De la Bachonshi \u0219i Voinescu, la Remus \u0218tefureac \u0219i Adrian Papahagi. S\u0103 mai men\u021bion\u0103m c\u0103 \u201eraportor\u201d special este Sergiu Mi\u0219coiu, personaj decorat de statul francez?<\/p>\n<p>Despre ce vorbim? Sunt numai oameni ai sistemului Bruxelles. Oare ce concluzii puteau s\u0103 trag\u0103, altele dec\u00e2t: \u201eViitorul nu apar\u021bine nici federalismului abstract, nici suveranismului exclusivist, ci unui patriotism european plural\u201d.<\/p>\n<p>Din toate acestea, \u00eens\u0103, noi cet\u0103\u021benii rom\u00e2ni cu ce r\u0103m\u00e2nem? Cei care suntem fideli \u201emo\u0219tenirii mediteraneene\u201d, suntem etnici rom\u00e2ni de minim 4-5-6 genera\u021bii, cre\u0219tini?<\/p>\n<p>P\u0103i dac\u0103 \u201eCet\u0103\u0163enii au dreptul \u015fi obliga\u0163ia s\u0103 apere Rom\u00e2nia\u201d (art.55, alin.1), dar statul \u00eensu\u0219i abdic\u0103 de la natura sa rom\u00e2neasc\u0103, noi nu suntem dezlega\u021bi de \u201eobliga\u021bia\u201d de a-l mai ap\u0103ra?<\/p>\n<p>Dac\u0103 \u201eidentitatea na\u021bional\u0103\u201d este alta dec\u00e2t cea reprezentat\u0103 de majoritatea absolut\u0103 a rom\u00e2nilor, nu este firesc ca statul acelei identit\u0103\u021bi s\u0103 fie ap\u0103rat de cei care se reg\u0103sesc \u00een noua identitate?<\/p>\n<p>Care, la o adic\u0103, pot fi nepalezi, srilankezi, pakistanezi, vietnamezi, adventi\u0219ti de ziua a 8-a \u0219i oricine respect\u0103 \u201epatriotismul constitu\u021bional\u201d.<\/p>\n<div class=\"crp_related     crp-masonry\">\n<h2>\u00ceN CONTEXT<\/h2>\n<ul>\n<li><a href=\"https:\/\/r3media.ro\/fara-tine-in-google-r3media-dispare-iata-ce-poti-face-in-10-secunde\/\" class=\"crp_link post-119031\"><span class=\"crp_title\">F\u0103r\u0103 tine \u00een Google, R3media dispare. Iat\u0103 ce po\u021bi face \u00een 10 secunde<\/span><\/a><\/li>\n<li><a href=\"https:\/\/r3media.ro\/constitutia-nicusor-dan-voturi-aur-guvern\/\" class=\"crp_link post-119617\"><span class=\"crp_title\">\u0218i cu Constitu\u021bia cum r\u0103m\u00e2ne? Nicu\u0219or Dan spune c\u0103 \u201enu va accepta\u201d voturi de la AUR pentru\u2026<\/span><\/a><\/li>\n<li><a href=\"https:\/\/r3media.ro\/mihail-neamtu-neeuropeana-imperiu-birocrati-bruxelles-inarmarea-germaniei\/\" class=\"crp_link post-118770\"><span class=\"crp_title\">EXCLUSIVITATE Mihail Neam\u021bu: Exist\u0103 o tendin\u021b\u0103 neeuropean\u0103 de a se crea un imperiu condus de\u2026<\/span><\/a><\/li>\n<li><a href=\"https:\/\/r3media.ro\/cine-este-cu-adevarat-francez\/\" class=\"crp_link post-119942\"><span class=\"crp_title\">Cine este cu adev\u0103rat francez?<\/span><\/a><\/li>\n<li><a href=\"https:\/\/r3media.ro\/prima-oara-istorie-presedintia-document-primplan-patriotism-european\/\" class=\"crp_link post-120495\"><span class=\"crp_title\">Pentru prima oar\u0103 \u00een istorie, Pre\u0219edin\u021bia Rom\u00e2niei emite un document care pune pe primul\u2026<\/span><\/a><\/li>\n<li><a href=\"https:\/\/r3media.ro\/de-ce-a-muri-intr-un-razboi-pentru-statul-roman-azi-e-o-mare-prostie\/\" class=\"crp_link post-113088\"><span class=\"crp_title\">De ce a muri \u00eentr-un r\u0103zboi pentru statul rom\u00e2n, AZI, e o mare prostie<\/span><\/a><\/li>\n<li><a href=\"https:\/\/r3media.ro\/adrian-agachi-raspuns-adrian-papahagi-crezul-ortodox\/\" class=\"crp_link post-116598\"><span class=\"crp_title\">Pr. Adrian Agachi i-a r\u0103spuns lui Adrian Papahagi: Crezul Bisericii Ortodoxe nu este un text\u2026<\/span><\/a><\/li>\n<li><a href=\"https:\/\/r3media.ro\/lectii-de-inapoiere\/\" class=\"crp_link post-119526\"><span class=\"crp_title\">Lec\u021bii de \u00eenapoiere<\/span><\/a><\/li>\n<\/ul>\n<\/div>\n<\/div>\n<\/div>\n<p>[analyse_source url=&#8221;https:\/\/r3media.ro\/statul-roman-a-semnat-actul-propriei-disparitii\/&#8221;]<\/p>\n","protected":false},"excerpt":{"rendered":"<p>[analyse_image type=&#8221;featured&#8221; src=&#8221;https:\/\/r3media.ro\/wp-content\/uploads\/2026\/07\/disparitia-statului-roman-e1785153964290.pnghttps:\/\/r3media.ro\/wp-content\/uploads\/2026\/07\/disparitia-statului-roman-e1785153964290.png&#8221;] FEATUREDStatul rom\u00e2n a semnat actul propriei dispari\u021bii? FEATUREDOPINII\u0218TIRI Statul rom\u00e2n a semnat actul propriei dispari\u021bii? Gabriel Popa 27\/07\/2026 Sursa foto. Imagine ilustrativ\u0103\/ ChatGPT \u00centrebarea din titlul este legitim\u0103 \u0219i fireasc\u0103 dup\u0103 ce cite\u0219ti Raportul preziden\u021bial \u201eIdentitate na\u021bional\u0103, identitate european\u0103 \u0219i provocarea populismului\u201d, asumat de Pre\u0219edintele Nicu\u0219or Dan. Nu \u00eenlocuirea na\u021biunii \u0219i a [&hellip;]<\/p>\n","protected":false},"author":1,"featured_media":0,"comment_status":"open","ping_status":"","sticky":false,"template":"","format":"standard","meta":{"footnotes":""},"categories":[89],"tags":[226,93],"class_list":["post-2064310","post","type-post","status-publish","format-standard","hentry","category-romania","tag-crawlmanager","tag-r3media-ro"],"_links":{"self":[{"href":"https:\/\/analyse.optim.biz\/index.php?rest_route=\/wp\/v2\/posts\/2064310","targetHints":{"allow":["GET"]}}],"collection":[{"href":"https:\/\/analyse.optim.biz\/index.php?rest_route=\/wp\/v2\/posts"}],"about":[{"href":"https:\/\/analyse.optim.biz\/index.php?rest_route=\/wp\/v2\/types\/post"}],"author":[{"embeddable":true,"href":"https:\/\/analyse.optim.biz\/index.php?rest_route=\/wp\/v2\/users\/1"}],"replies":[{"embeddable":true,"href":"https:\/\/analyse.optim.biz\/index.php?rest_route=%2Fwp%2Fv2%2Fcomments&post=2064310"}],"version-history":[{"count":0,"href":"https:\/\/analyse.optim.biz\/index.php?rest_route=\/wp\/v2\/posts\/2064310\/revisions"}],"wp:attachment":[{"href":"https:\/\/analyse.optim.biz\/index.php?rest_route=%2Fwp%2Fv2%2Fmedia&parent=2064310"}],"wp:term":[{"taxonomy":"category","embeddable":true,"href":"https:\/\/analyse.optim.biz\/index.php?rest_route=%2Fwp%2Fv2%2Fcategories&post=2064310"},{"taxonomy":"post_tag","embeddable":true,"href":"https:\/\/analyse.optim.biz\/index.php?rest_route=%2Fwp%2Fv2%2Ftags&post=2064310"}],"curies":[{"name":"wp","href":"https:\/\/api.w.org\/{rel}","templated":true}]}}