{"id":206425,"date":"2014-05-05T06:57:45","date_gmt":"2014-05-05T03:57:45","guid":{"rendered":"https:\/\/analyse.optim.biz\/?p=206425"},"modified":"2014-05-05T06:57:45","modified_gmt":"2014-05-05T03:57:45","slug":"traian-basescu-sustine-deschis-partidul-miscarea-populara-ce-spun-constitutionalistii-politologii-si-politicienii","status":"publish","type":"post","link":"https:\/\/analyse.optim.biz\/?p=206425","title":{"rendered":"Traian B\u0103sescu sus\u021bine deschis Partidul Mi\u0219carea Popular\u0103. Ce spun constitu\u021bionali\u0219tii, politologii \u0219i politicienii"},"content":{"rendered":"<div class=\"entry data-app-meta data-app-meta-article\" data-embed-base-url-canonical=\"https:\/\/www.digi24.ro\/embed\/stiri\/actualitate\/politica\/traian-basescu-sustine-deschis-partidul-miscarea-populara-ce-spun-constitutionalistii-politologii-si-politicienii-238249\">\n<p data-index=\"1\">\u201eEste evident c\u0103 \u00eenc\u0103lcarea exist\u0103. Eu cred c\u0103 nu-l mai intereseaz\u0103; face campanie deschis\u0103 pentru c\u0103 Pre\u015fedin\u0163ia pentru el nu mai reprezint\u0103 o miz\u0103\u201d, apreciaz\u0103<strong> Gheorghe Iancu, profesor de Drept constitu\u0163ional.<\/strong><\/p>\n<p data-index=\"2\">\u201ePre\u015fedintele face campanie electoral\u0103 v\u0103dit\u0103 pentru Partidul Mi\u015fcarea Popular\u0103, nu numai pentru faptul c\u0103 s-a \u00eembr\u0103cat \u00een tricoul respectiv, ci pentru c\u0103 a participat de foarte multe ori, sub sigla Funda\u0163iei Mi\u015fcarea Popular\u0103, pentru partidul Mi\u015fcarea Popular\u0103\u201d,<strong> spune \u0219i politologul Andrei \u021a\u0103ranu.<\/strong><\/p>\n<p data-index=\"3\">Premierul Victor Ponta i-a cerut pre\u015fedintelui Traian B\u0103sescu s\u0103 dea dovad\u0103 de responsabilitate. \u201eTrebuie s\u0103 fac\u0103 eforturi s\u0103 se comporte ca un pre\u0219edinte al Rom\u00e2niei. \u00cen ultimele zile nu a f\u0103cut-o. Regret c\u0103 \u00ee\u0219i \u00eencheie al doilea mandat \u00eentr-un mod absolut jalnic\u201d, a declarat premierul<\/p>\n<p data-index=\"4\">Crin Antonescu a criticat \u00een termeni duri atitudinea pre\u0219edintelui Traian B\u0103sescu. \u201ePre\u015fedintele Rom\u00e2niei, transformat \u00eentr-un jalnic agent electoral. Niciun pre\u015fedinte, niciun \u015fef de stat vreodat\u0103 nu s-a compromis, ajung\u00e2nd chiar s\u0103 \u00eembrace tricoul de partid \u00een timpul campaniei\u201d, a spus liderul liberal. <\/p>\n<p data-index=\"5\">Vineri, Elena Udrea a postat pe un cont de socializare mai multe fotografii cu \u015feful statului purt\u00e2nd un tricou cu \u00eensemnele Partidului Mi\u015fcarea Popular\u0103.<\/p>\n<p data-index=\"6\">Pre\u015fedintele Traian B\u0103sescu <a href=\"https:\/\/www.digi24.ro\/Stiri\/Digi24\/Actualitate\/Politica\/Traian+Basescu+Voi+vota+Partidul+Miscarea+Populara+Am+dreptul+sa\" target=\"_blank\" data-skip-linkfix=\"1\" rel=\"noopener\"><strong>a declarat, duminic\u0103, de la Cotroceni<\/strong><\/a>, c\u0103 va vota Partidul Mi\u015fcarea Popular\u0103 \u015fi c\u0103,\u201edac\u0103 nu ar fi avut \u201esteagurile \u00een spate\u201d, ar fi purtat acela\u015fi tricou cu \u00eensemnele partidului, a\u015fa cum a f\u0103cut-o \u00een fotografiile postate de Elena Udrea.<\/p>\n<\/div>\n<p> Source URL: https:\/\/www.digi24.ro\/stiri\/actualitate\/politica\/traian-basescu-sustine-deschis-partidul-miscarea-populara-ce-spun-constitutionalistii-politologii-si-politicienii-238249<\/p>\n","protected":false},"excerpt":{"rendered":"<p>\u201eEste evident c\u0103 \u00eenc\u0103lcarea exist\u0103. Eu cred c\u0103 nu-l mai intereseaz\u0103; face campanie deschis\u0103 pentru c\u0103 Pre\u015fedin\u0163ia pentru el nu mai reprezint\u0103 o miz\u0103\u201d, apreciaz\u0103 Gheorghe Iancu, profesor de Drept constitu\u0163ional. \u201ePre\u015fedintele face campanie electoral\u0103 v\u0103dit\u0103 pentru Partidul Mi\u015fcarea Popular\u0103, nu numai pentru faptul c\u0103 s-a \u00eembr\u0103cat \u00een tricoul respectiv, ci pentru c\u0103 a participat [&hellip;]<\/p>\n","protected":false},"author":1,"featured_media":206426,"comment_status":"open","ping_status":"","sticky":false,"template":"","format":"standard","meta":{"footnotes":""},"categories":[2],"tags":[11],"class_list":["post-206425","post","type-post","status-publish","format-standard","has-post-thumbnail","hentry","category-politics","tag-digi24"],"_links":{"self":[{"href":"https:\/\/analyse.optim.biz\/index.php?rest_route=\/wp\/v2\/posts\/206425","targetHints":{"allow":["GET"]}}],"collection":[{"href":"https:\/\/analyse.optim.biz\/index.php?rest_route=\/wp\/v2\/posts"}],"about":[{"href":"https:\/\/analyse.optim.biz\/index.php?rest_route=\/wp\/v2\/types\/post"}],"author":[{"embeddable":true,"href":"https:\/\/analyse.optim.biz\/index.php?rest_route=\/wp\/v2\/users\/1"}],"replies":[{"embeddable":true,"href":"https:\/\/analyse.optim.biz\/index.php?rest_route=%2Fwp%2Fv2%2Fcomments&post=206425"}],"version-history":[{"count":0,"href":"https:\/\/analyse.optim.biz\/index.php?rest_route=\/wp\/v2\/posts\/206425\/revisions"}],"wp:featuredmedia":[{"embeddable":true,"href":"https:\/\/analyse.optim.biz\/index.php?rest_route=\/wp\/v2\/media\/206426"}],"wp:attachment":[{"href":"https:\/\/analyse.optim.biz\/index.php?rest_route=%2Fwp%2Fv2%2Fmedia&parent=206425"}],"wp:term":[{"taxonomy":"category","embeddable":true,"href":"https:\/\/analyse.optim.biz\/index.php?rest_route=%2Fwp%2Fv2%2Fcategories&post=206425"},{"taxonomy":"post_tag","embeddable":true,"href":"https:\/\/analyse.optim.biz\/index.php?rest_route=%2Fwp%2Fv2%2Ftags&post=206425"}],"curies":[{"name":"wp","href":"https:\/\/api.w.org\/{rel}","templated":true}]}}