{"id":206414,"date":"2014-05-05T07:15:01","date_gmt":"2014-05-05T04:15:01","guid":{"rendered":"https:\/\/analyse.optim.biz\/?p=206414"},"modified":"2014-05-05T07:15:01","modified_gmt":"2014-05-05T04:15:01","slug":"liberalul-ovidiu-silaghi-sustinut-de-psd-la-alegerile-partiale","status":"publish","type":"post","link":"https:\/\/analyse.optim.biz\/?p=206414","title":{"rendered":"Liberalul Ovidiu Silaghi, sus\u021binut de PSD la alegerile par\u021biale"},"content":{"rendered":"<div class=\"entry data-app-meta data-app-meta-article\" data-embed-base-url-canonical=\"https:\/\/www.digi24.ro\/embed\/stiri\/actualitate\/politica\/liberalul-ovidiu-silaghi-sustinut-de-psd-la-alegerile-partiale-238252\">\n<p data-index=\"1\">Seful Guvernului a anun\u0163at \u015fi faptul c\u0103 Ovidiu Silaghi urmeaz\u0103 s\u0103 se \u00eenscrie \u00een PSD. PNL a validat deja candidatura lui Ovidiu Silaghi pentru alegerile parlamentare la \u00eenceputul lunii.<\/p>\n<p data-index=\"2\">Ovidiu Silaghi vrea un nou mandat de deputat, dup\u0103 ce a renun\u0163at la acesta pentru un post de europarlamentar \u00een luna septembrie a anului trecut. <\/p>\n<p data-index=\"3\">&#8220;Puteam s\u0103 avem decizia de a merge separat, fiecare partid, \u00eens\u0103 am decis \u015fi m\u0103 bucur foarte tare c\u0103 vom avea un candidat comun, domnul Ovidiu Silaghi, care va fi sus\u0163inut de c\u0103tre toate partidele care au format USL\u201d, a declarat, duminic\u0103, premierul Victor Ponta. \u00a0<\/p>\n<\/div>\n<p> Source URL: https:\/\/www.digi24.ro\/stiri\/actualitate\/politica\/liberalul-ovidiu-silaghi-sustinut-de-psd-la-alegerile-partiale-238252<\/p>\n","protected":false},"excerpt":{"rendered":"<p>Seful Guvernului a anun\u0163at \u015fi faptul c\u0103 Ovidiu Silaghi urmeaz\u0103 s\u0103 se \u00eenscrie \u00een PSD. PNL a validat deja candidatura lui Ovidiu Silaghi pentru alegerile parlamentare la \u00eenceputul lunii. Ovidiu Silaghi vrea un nou mandat de deputat, dup\u0103 ce a renun\u0163at la acesta pentru un post de europarlamentar \u00een luna septembrie a anului trecut. &#8220;Puteam [&hellip;]<\/p>\n","protected":false},"author":1,"featured_media":206415,"comment_status":"open","ping_status":"","sticky":false,"template":"","format":"standard","meta":{"footnotes":""},"categories":[2],"tags":[11],"class_list":["post-206414","post","type-post","status-publish","format-standard","has-post-thumbnail","hentry","category-politics","tag-digi24"],"_links":{"self":[{"href":"https:\/\/analyse.optim.biz\/index.php?rest_route=\/wp\/v2\/posts\/206414","targetHints":{"allow":["GET"]}}],"collection":[{"href":"https:\/\/analyse.optim.biz\/index.php?rest_route=\/wp\/v2\/posts"}],"about":[{"href":"https:\/\/analyse.optim.biz\/index.php?rest_route=\/wp\/v2\/types\/post"}],"author":[{"embeddable":true,"href":"https:\/\/analyse.optim.biz\/index.php?rest_route=\/wp\/v2\/users\/1"}],"replies":[{"embeddable":true,"href":"https:\/\/analyse.optim.biz\/index.php?rest_route=%2Fwp%2Fv2%2Fcomments&post=206414"}],"version-history":[{"count":0,"href":"https:\/\/analyse.optim.biz\/index.php?rest_route=\/wp\/v2\/posts\/206414\/revisions"}],"wp:featuredmedia":[{"embeddable":true,"href":"https:\/\/analyse.optim.biz\/index.php?rest_route=\/wp\/v2\/media\/206415"}],"wp:attachment":[{"href":"https:\/\/analyse.optim.biz\/index.php?rest_route=%2Fwp%2Fv2%2Fmedia&parent=206414"}],"wp:term":[{"taxonomy":"category","embeddable":true,"href":"https:\/\/analyse.optim.biz\/index.php?rest_route=%2Fwp%2Fv2%2Fcategories&post=206414"},{"taxonomy":"post_tag","embeddable":true,"href":"https:\/\/analyse.optim.biz\/index.php?rest_route=%2Fwp%2Fv2%2Ftags&post=206414"}],"curies":[{"name":"wp","href":"https:\/\/api.w.org\/{rel}","templated":true}]}}