{"id":2064124,"date":"2026-07-26T21:15:09","date_gmt":"2026-07-26T18:15:09","guid":{"rendered":"https:\/\/analyse.optim.biz\/?p=2064124"},"modified":"2026-07-26T21:15:09","modified_gmt":"2026-07-26T18:15:09","slug":"spectacol-la-prezentarea-handbalistelor-de-la-scm-ramnicu-valcea-fanii-lsv-au-sarbatorit-14-ani-alaturi-de-echipa","status":"publish","type":"post","link":"https:\/\/analyse.optim.biz\/?p=2064124","title":{"rendered":"Spectacol la prezentarea handbalistelor de la SCM R\u00e2mnicu V\u00e2lcea. Fanii LSV au s\u0103rb\u0103torit 14 ani al\u0103turi de echip\u0103"},"content":{"rendered":"<p>[analyse_image type=&#8221;featured&#8221; src=&#8221;https:\/\/www.impactreal.ro\/wp-content\/uploads\/2026\/07\/WhatsApp-Image-2026-07-25-at-18.17.49.jpeg&#8221;]<\/p>\n<div class=\"single-news-content\">\n<div class=\"news-image\"><img loading=\"lazy\" decoding=\"async\" width=\"2048\" height=\"1153\" src=\"https:\/\/www.impactreal.ro\/wp-content\/uploads\/2026\/07\/WhatsApp-Image-2026-07-25-at-18.17.49.jpeg\" class=\"img-responsive wp-post-image\" alt=\"Spectacol la prezentarea handbalistelor de la SCM R\u00e2mnicu V\u00e2lcea. Fanii LSV au s\u0103rb\u0103torit 14 ani al\u0103turi de echip\u0103\"><\/div>\n<div class=\"news-detail clearfix\">\n<div class=\"entry-meta\"><span class=\"posted-date\"><a href=\"https:\/\/www.impactreal.ro\/2026\/07\/27\/spectacol-la-prezentarea-handbalistelor-de-la-scm-ramnicu-valcea-fanii-lsv-au-sarbatorit-14-ani-alaturi-de-echipa\/\" rel=\"bookmark\"><time class=\"entry-date published\" datetime=\"2026-07-27T00:15:09+03:00\">27 iulie 2026<\/time><time class=\"updated\" datetime=\"2026-07-27T00:17:07+03:00\">27 iulie 2026<\/time><\/a><\/span><span class=\"author vcard\"><a href=\"https:\/\/www.impactreal.ro\/author\/adi-georgescu\/\">Adi Georgescu<\/a><\/span><span class=\"cat-links\"><a href=\"https:\/\/www.impactreal.ro\/category\/sport\/\" rel=\"category tag\">Sport<\/a><\/span><\/div>\n<div class=\"news-content editor-content-entry\">\n<p><strong>Liga Suporterilor V\u00e2lceni a s\u0103rb\u0103torit cu stil 14 ani de activitate, printr-o festivitate reu\u0219it\u0103 al\u0103turi de echipa de handbal SCM RM. V\u00e2lcea.\u00a0<\/strong><\/p>\n<p><strong>Fanii<\/strong> de la <strong>LSV<\/strong>, nelipsi\u021bi la meciurile handbalistelor de la <strong>SCM Rm. V\u00e2lcea<\/strong> au celebrat vineri, \u00eentr-o loca\u021bie select\u0103, <strong>14 ani<\/strong> de <strong>activitate<\/strong> al\u0103turi de juc\u0103toarele \u0219i staff-ul echipei.<\/p>\n<p>A fost o organizare de clas\u0103 a evenimentului, de la care nu au lipsit prezentarea fiec\u0103rei juc\u0103toare, a antrenorilor \u0219i la final focuri de artificii.<\/p>\n<p><img loading=\"lazy\" decoding=\"async\" class=\"alignnone size-full wp-image-57929\" src=\"https:\/\/www.impactreal.ro\/wp-content\/uploads\/2026\/07\/1X3A5880-scaled.jpg\" alt width=\"2560\" height=\"1707\"><\/p>\n<p>\u201d<em>Echipa arat\u0103 c\u0103 are poten\u021bial, sunt multe juc\u0103toare cu experien\u021b\u0103, care au jucat la un nivel ridicat, sunt \u00eencrez\u0103tor \u00een posibilit\u0103\u021bile noastre \u00een acest sezon. Avem 10 juc\u0103toare noi, este nevoie de timp pentru a contura rela\u021biile de joc \u0219i pentru a omogenia echipa. Fteel au venit cu energie, ambi\u021bie, al\u0103turi de supirterii no\u0219tri sunt convins c\u0103 o s\u0103 avem un sezon mai bun dec\u00e2t cel precedent. Obiecrivul este de a ne dep\u0103\u0219i performan\u021ba din sezonul trecut \u0219i un parcurs c\u00e2t mai lung \u00een EHF European League. Trebuie s\u0103 lum lucrurile pas cu pas, s\u0103 avem determinare la fiecare meci, s\u0103 nu subestim\u0103m niciun adversar \u0219i s\u0103 jucm p\u00e2n\u0103 la utima pic\u0103tur\u0103 de energie, eu sunt un antrenor ambi\u021bios \u0219i \u00eencerc s\u0103 imprim fetelor acela\u0219i lucru. Sunt convins c\u0103 V\u00e2lcea va fi la un nivel bun \u00een acest sezon<\/em>\u201d a spus antrenorul <strong>Florentin Pera,<\/strong> prezent la evenimentul organizat de suporterii v\u00e2lceni.<\/p>\n<p><img loading=\"lazy\" decoding=\"async\" class=\"alignnone size-full wp-image-57927\" src=\"https:\/\/www.impactreal.ro\/wp-content\/uploads\/2026\/07\/1X3A5939-scaled.jpg\" alt width=\"2560\" height=\"1707\"><\/p>\n<p>Unul dintre liderii LSV, Robert Vl\u0103d\u0103\u0219el este \u0219i el optimist. \u201d<em>Cred c\u0103 echipa arat\u0103 foarte bine, acum e o perioad\u0103 cu mult munc\u0103, a\u0219tept\u0103m s\u0103 \u00eenceap\u0103 campionatul. Ne a\u0219tept\u0103m ca fetele s\u0103 dea tot ce au mai bun, e foarte important s\u0103 vedem determinare, rezultate vin ulterior. \u00cen EHF European League suntem convin\u0219i c\u0103 ne vom bate pentru trofeu, iar \u00een campionat obiectul este locurile 1-3, un obiectiv realist. Noi, fanii vom fi \u00een permanen\u021b\u0103 al\u0103turi de echip\u0103\u201d <\/em>a spus R<strong>obert Vl\u0103d\u0103\u0219el.<\/strong><\/p>\n<p><img decoding=\"async\" loading=\"lazy\" class=\"alignnone size-full wp-image-57928\" src=\"https:\/\/www.impactreal.ro\/wp-content\/uploads\/2026\/07\/1X3A5947-scaled.jpg\" alt width=\"2560\" height=\"1707\"><\/p>\n<p><strong>Petre Berbecaru: \u201dEchipa va duce mai departe faima handbalului v\u00e2lcean\u201d<\/strong><\/p>\n<p>Fostul pre\u0219edinte al Oltchimului, <strong>Petre Berbecaru<\/strong> a fost invitat special la acest eveniment \u0219i a fost suprins de frumuse\u021bea evenimentului.<\/p>\n<p><img decoding=\"async\" loading=\"lazy\" class=\"alignnone size-full wp-image-15966\" src=\"https:\/\/www.impactreal.ro\/wp-content\/uploads\/2020\/05\/Petric%C4%83-Berbecaru.jpg\" alt width=\"1800\" height=\"1200\"><\/p>\n<p>\u201d<em>Am muncit 40 de ani \u00een handbal, la cel mai \u00eenalt nivel, dar sunt emo\u021bionat, am venit s\u0103 asist la prezentarea unei noi echipe, care cred c\u0103 va duce mai departe faima sportului v\u00e2lcean \u0219i tot ce a f\u0103cut Oltchimul pentru Rm. V\u00e2lcea. \u0218tiu noua componen\u021b\u0103 a echipei, ave\u021bi o su\u021binere extraordinar\u0103 dn partea b\u0103ie\u021bilor de la LSV care au organziat aceast\u0103 prezentare\u201d <\/em>a afirmat \u0219i <strong>Petre Berbecaru<\/strong>, aplaudat la scen\u0103 deschis\u0103 de toi cei prezen\u021bi.<\/p>\n<p>De luni, handbalistele de la SCM Rm. V\u00e2lcea sunt \u00een cantonament centralizat \u00een Serbia.<\/p>\n<p>\u00a0<\/p>\n<p>\u00a0<\/p>\n<\/div>\n<\/div>\n<\/div>\n<div class=\"news-content editor-content-entry\">\n<p><strong>Liga Suporterilor V\u00e2lceni a s\u0103rb\u0103torit cu stil 14 ani de activitate, printr-o festivitate reu\u0219it\u0103 al\u0103turi de echipa de handbal SCM RM. V\u00e2lcea.\u00a0<\/strong><\/p>\n<p><strong>Fanii<\/strong> de la <strong>LSV<\/strong>, nelipsi\u021bi la meciurile handbalistelor de la <strong>SCM Rm. V\u00e2lcea<\/strong> au celebrat vineri, \u00eentr-o loca\u021bie select\u0103, <strong>14 ani<\/strong> de <strong>activitate<\/strong> al\u0103turi de juc\u0103toarele \u0219i staff-ul echipei.<\/p>\n<p>A fost o organizare de clas\u0103 a evenimentului, de la care nu au lipsit prezentarea fiec\u0103rei juc\u0103toare, a antrenorilor \u0219i la final focuri de artificii.<\/p>\n<p><img loading=\"lazy\" decoding=\"async\" class=\"alignnone size-full wp-image-57929\" src=\"https:\/\/www.impactreal.ro\/wp-content\/uploads\/2026\/07\/1X3A5880-scaled.jpg\" alt width=\"2560\" height=\"1707\"><\/p>\n<p>\u201d<em>Echipa arat\u0103 c\u0103 are poten\u021bial, sunt multe juc\u0103toare cu experien\u021b\u0103, care au jucat la un nivel ridicat, sunt \u00eencrez\u0103tor \u00een posibilit\u0103\u021bile noastre \u00een acest sezon. Avem 10 juc\u0103toare noi, este nevoie de timp pentru a contura rela\u021biile de joc \u0219i pentru a omogenia echipa. Fteel au venit cu energie, ambi\u021bie, al\u0103turi de supirterii no\u0219tri sunt convins c\u0103 o s\u0103 avem un sezon mai bun dec\u00e2t cel precedent. Obiecrivul este de a ne dep\u0103\u0219i performan\u021ba din sezonul trecut \u0219i un parcurs c\u00e2t mai lung \u00een EHF European League. Trebuie s\u0103 lum lucrurile pas cu pas, s\u0103 avem determinare la fiecare meci, s\u0103 nu subestim\u0103m niciun adversar \u0219i s\u0103 jucm p\u00e2n\u0103 la utima pic\u0103tur\u0103 de energie, eu sunt un antrenor ambi\u021bios \u0219i \u00eencerc s\u0103 imprim fetelor acela\u0219i lucru. Sunt convins c\u0103 V\u00e2lcea va fi la un nivel bun \u00een acest sezon<\/em>\u201d a spus antrenorul <strong>Florentin Pera,<\/strong> prezent la evenimentul organizat de suporterii v\u00e2lceni.<\/p>\n<p><img loading=\"lazy\" decoding=\"async\" class=\"alignnone size-full wp-image-57927\" src=\"https:\/\/www.impactreal.ro\/wp-content\/uploads\/2026\/07\/1X3A5939-scaled.jpg\" alt width=\"2560\" height=\"1707\"><\/p>\n<p>Unul dintre liderii LSV, Robert Vl\u0103d\u0103\u0219el este \u0219i el optimist. \u201d<em>Cred c\u0103 echipa arat\u0103 foarte bine, acum e o perioad\u0103 cu mult munc\u0103, a\u0219tept\u0103m s\u0103 \u00eenceap\u0103 campionatul. Ne a\u0219tept\u0103m ca fetele s\u0103 dea tot ce au mai bun, e foarte important s\u0103 vedem determinare, rezultate vin ulterior. \u00cen EHF European League suntem convin\u0219i c\u0103 ne vom bate pentru trofeu, iar \u00een campionat obiectul este locurile 1-3, un obiectiv realist. Noi, fanii vom fi \u00een permanen\u021b\u0103 al\u0103turi de echip\u0103\u201d <\/em>a spus R<strong>obert Vl\u0103d\u0103\u0219el.<\/strong><\/p>\n<p><img decoding=\"async\" loading=\"lazy\" class=\"alignnone size-full wp-image-57928\" src=\"https:\/\/www.impactreal.ro\/wp-content\/uploads\/2026\/07\/1X3A5947-scaled.jpg\" alt width=\"2560\" height=\"1707\"><\/p>\n<p><strong>Petre Berbecaru: \u201dEchipa va duce mai departe faima handbalului v\u00e2lcean\u201d<\/strong><\/p>\n<p>Fostul pre\u0219edinte al Oltchimului, <strong>Petre Berbecaru<\/strong> a fost invitat special la acest eveniment \u0219i a fost suprins de frumuse\u021bea evenimentului.<\/p>\n<p><img decoding=\"async\" loading=\"lazy\" class=\"alignnone size-full wp-image-15966\" src=\"https:\/\/www.impactreal.ro\/wp-content\/uploads\/2020\/05\/Petric%C4%83-Berbecaru.jpg\" alt width=\"1800\" height=\"1200\"><\/p>\n<p>\u201d<em>Am muncit 40 de ani \u00een handbal, la cel mai \u00eenalt nivel, dar sunt emo\u021bionat, am venit s\u0103 asist la prezentarea unei noi echipe, care cred c\u0103 va duce mai departe faima sportului v\u00e2lcean \u0219i tot ce a f\u0103cut Oltchimul pentru Rm. V\u00e2lcea. \u0218tiu noua componen\u021b\u0103 a echipei, ave\u021bi o su\u021binere extraordinar\u0103 dn partea b\u0103ie\u021bilor de la LSV care au organziat aceast\u0103 prezentare\u201d <\/em>a afirmat \u0219i <strong>Petre Berbecaru<\/strong>, aplaudat la scen\u0103 deschis\u0103 de toi cei prezen\u021bi.<\/p>\n<p>De luni, handbalistele de la SCM Rm. V\u00e2lcea sunt \u00een cantonament centralizat \u00een Serbia.<\/p>\n<p>\u00a0<\/p>\n<p>\u00a0<\/p>\n<\/div>\n<div class=\"news-content editor-content-entry\">\n<p><strong>Liga Suporterilor V\u00e2lceni a s\u0103rb\u0103torit cu stil 14 ani de activitate, printr-o festivitate reu\u0219it\u0103 al\u0103turi de echipa de handbal SCM RM. V\u00e2lcea.\u00a0<\/strong><\/p>\n<p><strong>Fanii<\/strong> de la <strong>LSV<\/strong>, nelipsi\u021bi la meciurile handbalistelor de la <strong>SCM Rm. V\u00e2lcea<\/strong> au celebrat vineri, \u00eentr-o loca\u021bie select\u0103, <strong>14 ani<\/strong> de <strong>activitate<\/strong> al\u0103turi de juc\u0103toarele \u0219i staff-ul echipei.<\/p>\n<p>A fost o organizare de clas\u0103 a evenimentului, de la care nu au lipsit prezentarea fiec\u0103rei juc\u0103toare, a antrenorilor \u0219i la final focuri de artificii.<\/p>\n<p><img loading=\"lazy\" decoding=\"async\" class=\"alignnone size-full wp-image-57929\" src=\"https:\/\/www.impactreal.ro\/wp-content\/uploads\/2026\/07\/1X3A5880-scaled.jpg\" alt width=\"2560\" height=\"1707\"><\/p>\n<p>\u201d<em>Echipa arat\u0103 c\u0103 are poten\u021bial, sunt multe juc\u0103toare cu experien\u021b\u0103, care au jucat la un nivel ridicat, sunt \u00eencrez\u0103tor \u00een posibilit\u0103\u021bile noastre \u00een acest sezon. Avem 10 juc\u0103toare noi, este nevoie de timp pentru a contura rela\u021biile de joc \u0219i pentru a omogenia echipa. Fteel au venit cu energie, ambi\u021bie, al\u0103turi de supirterii no\u0219tri sunt convins c\u0103 o s\u0103 avem un sezon mai bun dec\u00e2t cel precedent. Obiecrivul este de a ne dep\u0103\u0219i performan\u021ba din sezonul trecut \u0219i un parcurs c\u00e2t mai lung \u00een EHF European League. Trebuie s\u0103 lum lucrurile pas cu pas, s\u0103 avem determinare la fiecare meci, s\u0103 nu subestim\u0103m niciun adversar \u0219i s\u0103 jucm p\u00e2n\u0103 la utima pic\u0103tur\u0103 de energie, eu sunt un antrenor ambi\u021bios \u0219i \u00eencerc s\u0103 imprim fetelor acela\u0219i lucru. Sunt convins c\u0103 V\u00e2lcea va fi la un nivel bun \u00een acest sezon<\/em>\u201d a spus antrenorul <strong>Florentin Pera,<\/strong> prezent la evenimentul organizat de suporterii v\u00e2lceni.<\/p>\n<p><img loading=\"lazy\" decoding=\"async\" class=\"alignnone size-full wp-image-57927\" src=\"https:\/\/www.impactreal.ro\/wp-content\/uploads\/2026\/07\/1X3A5939-scaled.jpg\" alt width=\"2560\" height=\"1707\"><\/p>\n<p>Unul dintre liderii LSV, Robert Vl\u0103d\u0103\u0219el este \u0219i el optimist. \u201d<em>Cred c\u0103 echipa arat\u0103 foarte bine, acum e o perioad\u0103 cu mult munc\u0103, a\u0219tept\u0103m s\u0103 \u00eenceap\u0103 campionatul. Ne a\u0219tept\u0103m ca fetele s\u0103 dea tot ce au mai bun, e foarte important s\u0103 vedem determinare, rezultate vin ulterior. \u00cen EHF European League suntem convin\u0219i c\u0103 ne vom bate pentru trofeu, iar \u00een campionat obiectul este locurile 1-3, un obiectiv realist. Noi, fanii vom fi \u00een permanen\u021b\u0103 al\u0103turi de echip\u0103\u201d <\/em>a spus R<strong>obert Vl\u0103d\u0103\u0219el.<\/strong><\/p>\n<p><img decoding=\"async\" loading=\"lazy\" class=\"alignnone size-full wp-image-57928\" src=\"https:\/\/www.impactreal.ro\/wp-content\/uploads\/2026\/07\/1X3A5947-scaled.jpg\" alt width=\"2560\" height=\"1707\"><\/p>\n<p><strong>Petre Berbecaru: \u201dEchipa va duce mai departe faima handbalului v\u00e2lcean\u201d<\/strong><\/p>\n<p>Fostul pre\u0219edinte al Oltchimului, <strong>Petre Berbecaru<\/strong> a fost invitat special la acest eveniment \u0219i a fost suprins de frumuse\u021bea evenimentului.<\/p>\n<p><img decoding=\"async\" loading=\"lazy\" class=\"alignnone size-full wp-image-15966\" src=\"https:\/\/www.impactreal.ro\/wp-content\/uploads\/2020\/05\/Petric%C4%83-Berbecaru.jpg\" alt width=\"1800\" height=\"1200\"><\/p>\n<p>\u201d<em>Am muncit 40 de ani \u00een handbal, la cel mai \u00eenalt nivel, dar sunt emo\u021bionat, am venit s\u0103 asist la prezentarea unei noi echipe, care cred c\u0103 va duce mai departe faima sportului v\u00e2lcean \u0219i tot ce a f\u0103cut Oltchimul pentru Rm. V\u00e2lcea. \u0218tiu noua componen\u021b\u0103 a echipei, ave\u021bi o su\u021binere extraordinar\u0103 dn partea b\u0103ie\u021bilor de la LSV care au organziat aceast\u0103 prezentare\u201d <\/em>a afirmat \u0219i <strong>Petre Berbecaru<\/strong>, aplaudat la scen\u0103 deschis\u0103 de toi cei prezen\u021bi.<\/p>\n<p>De luni, handbalistele de la SCM Rm. V\u00e2lcea sunt \u00een cantonament centralizat \u00een Serbia.<\/p>\n<p>\u00a0<\/p>\n<p>\u00a0<\/p>\n<\/div>\n<p>[analyse_source url=&#8221;https:\/\/www.impactreal.ro\/2026\/07\/27\/spectacol-la-prezentarea-handbalistelor-de-la-scm-ramnicu-valcea-fanii-lsv-au-sarbatorit-14-ani-alaturi-de-echipa\/&#8221;]<\/p>\n","protected":false},"excerpt":{"rendered":"<p>[analyse_image type=&#8221;featured&#8221; src=&#8221;https:\/\/www.impactreal.ro\/wp-content\/uploads\/2026\/07\/WhatsApp-Image-2026-07-25-at-18.17.49.jpeg&#8221;] 27 iulie 202627 iulie 2026Adi GeorgescuSport Liga Suporterilor V\u00e2lceni a s\u0103rb\u0103torit cu stil 14 ani de activitate, printr-o festivitate reu\u0219it\u0103 al\u0103turi de echipa de handbal SCM RM. V\u00e2lcea.\u00a0 Fanii de la LSV, nelipsi\u021bi la meciurile handbalistelor de la SCM Rm. V\u00e2lcea au celebrat vineri, \u00eentr-o loca\u021bie select\u0103, 14 ani de activitate al\u0103turi [&hellip;]<\/p>\n","protected":false},"author":1,"featured_media":0,"comment_status":"open","ping_status":"","sticky":false,"template":"","format":"standard","meta":{"footnotes":""},"categories":[89],"tags":[226,212],"class_list":["post-2064124","post","type-post","status-publish","format-standard","hentry","category-romania","tag-crawlmanager","tag-impactreal-ro"],"_links":{"self":[{"href":"https:\/\/analyse.optim.biz\/index.php?rest_route=\/wp\/v2\/posts\/2064124","targetHints":{"allow":["GET"]}}],"collection":[{"href":"https:\/\/analyse.optim.biz\/index.php?rest_route=\/wp\/v2\/posts"}],"about":[{"href":"https:\/\/analyse.optim.biz\/index.php?rest_route=\/wp\/v2\/types\/post"}],"author":[{"embeddable":true,"href":"https:\/\/analyse.optim.biz\/index.php?rest_route=\/wp\/v2\/users\/1"}],"replies":[{"embeddable":true,"href":"https:\/\/analyse.optim.biz\/index.php?rest_route=%2Fwp%2Fv2%2Fcomments&post=2064124"}],"version-history":[{"count":0,"href":"https:\/\/analyse.optim.biz\/index.php?rest_route=\/wp\/v2\/posts\/2064124\/revisions"}],"wp:attachment":[{"href":"https:\/\/analyse.optim.biz\/index.php?rest_route=%2Fwp%2Fv2%2Fmedia&parent=2064124"}],"wp:term":[{"taxonomy":"category","embeddable":true,"href":"https:\/\/analyse.optim.biz\/index.php?rest_route=%2Fwp%2Fv2%2Fcategories&post=2064124"},{"taxonomy":"post_tag","embeddable":true,"href":"https:\/\/analyse.optim.biz\/index.php?rest_route=%2Fwp%2Fv2%2Ftags&post=2064124"}],"curies":[{"name":"wp","href":"https:\/\/api.w.org\/{rel}","templated":true}]}}