{"id":2064121,"date":"2026-07-25T16:45:29","date_gmt":"2026-07-25T13:45:29","guid":{"rendered":"https:\/\/analyse.optim.biz\/?p=2064121"},"modified":"2026-07-25T16:45:29","modified_gmt":"2026-07-25T13:45:29","slug":"scm-pierde-amicalul-cu-selimbar-antrenorul-schumacher-sa-fim-in-forma-maxima-la-meciul-cu-popesti-leordeni","status":"publish","type":"post","link":"https:\/\/analyse.optim.biz\/?p=2064121","title":{"rendered":"SCM pierde amicalul cu \u0218elimb\u0103r. Antrenorul Schumacher: \u201dS\u0103 fim \u00een form\u0103 maxim\u0103 la meciul cu Pope\u0219ti-Leordeni\u201d"},"content":{"rendered":"<p>[analyse_image type=&#8221;featured&#8221; src=&#8221;https:\/\/www.impactreal.ro\/wp-content\/uploads\/2026\/07\/DSC00105-scaled-e1784996891423.jpg&#8221;]<\/p>\n<div class=\"single-news-content\">\n<div class=\"news-image\"><img loading=\"lazy\" decoding=\"async\" width=\"2325\" height=\"1310\" src=\"https:\/\/www.impactreal.ro\/wp-content\/uploads\/2026\/07\/DSC00105-scaled-e1784996891423.jpg\" class=\"img-responsive wp-post-image\" alt=\"SCM pierde amicalul cu \u0218elimb\u0103r. Antrenorul Schumacher: \u201dS\u0103 fim \u00een form\u0103 maxim\u0103 la meciul cu Pope\u0219ti-Leordeni\u201d\"><\/div>\n<div class=\"news-detail clearfix\">\n<div class=\"entry-meta\"><span class=\"posted-date\"><a href=\"https:\/\/www.impactreal.ro\/2026\/07\/25\/scm-pierde-amicalul-cu-selimbar-antrenorul-schumacher-sa-fim-in-forma-maxima-la-meciul-cu-popesti-leordeni\/\" rel=\"bookmark\"><time class=\"entry-date published updated\" datetime=\"2026-07-25T19:45:29+03:00\">25 iulie 2026<\/time><\/a><\/span><span class=\"author vcard\"><a href=\"https:\/\/www.impactreal.ro\/author\/adi-georgescu\/\">Adi Georgescu<\/a><\/span><span class=\"cat-links\"><a href=\"https:\/\/www.impactreal.ro\/category\/sport\/\" rel=\"category tag\">Sport<\/a><\/span><\/div>\n<div class=\"news-content editor-content-entry\">\n<p><strong>SCM Rm. V\u00e2lcea a pierdut s\u00e2mb\u0103t\u0103 ultimul amical \u00eenainte de startul sezonului, 0-2 \u00een Z\u0103voi cu CSC 1599 \u0218elimb\u0103r.\u00a0<\/strong><\/p>\n<p>V\u00e2lcenii nu au prins o zi tocmai fast\u0103 \u00een amicalul cu \u0218elimb\u0103rul, echipa preg\u0103tit\u0103 de Eugen Beza, tehnicianul ro\u0219-alba\u0219trilor \u00een 2024-2025, c\u00e2nd promovarea a fost ratat\u0103 la penaltyuri.<\/p>\n<p>Sibienii au deschis scorul rapid, \u00een minutul 6, dup\u0103 ce Petrescu a marcat cu o lovitur\u0103 de cap din 6 metri.<\/p>\n<p>\u00cen minutul 14, SCM putea egala prin V. Constantin, care a \u00eencercat f\u0103r\u0103 succes un lob peste portarul advers. \u0218elimb\u0103rul a fost mai activ\u0103 \u0219i Bucuroiu a fost aproape de desprindere, dar portarul Fr\u0103\u021bil\u0103 a blocat excelent.<\/p>\n<figure id=\"attachment_57922\" aria-describedby=\"caption-attachment-57922\" class=\"wp-caption alignnone\"><img loading=\"lazy\" decoding=\"async\" class=\"size-full wp-image-57922\" src=\"https:\/\/www.impactreal.ro\/wp-content\/uploads\/2026\/07\/DSC00286-scaled.jpg\" alt width=\"2560\" height=\"1707\"><figcaption id=\"caption-attachment-57922\" class=\"wp-caption-text\">Foto: George Nedea<\/figcaption><\/figure>\n<p>Doman s-a accidentat la v\u00e2lceni \u0219i r\u0103m\u00e2ne de v\u0103zut care va fi diagnosticul.<\/p>\n<p>Dup\u0103 pauz\u0103, \u0219elimb\u0103renii s-au desprins prin reu\u0219ita lui Alex Luca. Echipa lui Schumacher a mai avut o ocazie mare, dar nu a fructificat.<\/p>\n<p>Astfel, sibienii s-au inpus cu 2-0, iar<strong> SCM <\/strong>se preg\u0103te\u0219te de startul Ligii 2, pe <strong>1 august<\/strong>, \u00een <strong>Z\u0103voi(ora 11.00)<\/strong>, cu <strong>Pope\u0219ti- Leordeni<\/strong>.<\/p>\n<p><em>\u201dNe a\u0219teapt\u0103 un campionat greu, lung, \u00een care sunt multe echipe care s-au \u00eent\u0103rit. De abia a\u0219tept s\u0103 \u00eenceap\u0103 campionatul, s\u0103 fim \u00een form\u0103 maxim\u0103 \u0219i s\u0103 ar\u0103t\u0103m c\u0103 merit\u0103m s\u0103 fim la Liga 2. Juc\u0103m acas\u0103 \u00een prima etap\u0103, sper s\u0103 vin\u0103 lumea la stadion, s\u0103 ne sus\u021bin\u0103, s\u0103 fie l\u00e2ng\u0103 noi, pentru c\u0103 nu va fi un sezon u\u0219or. Suntem o echip\u0103 nou-promovat\u0103, sunt sigur c\u0103 juc\u0103torii se vor ridica la nivelul spectatorilor \u0219i vor face tot posibilul s\u0103 c\u00e2\u0219tig\u0103m fiecare meci. Important e s\u0103 \u00eemi v\u0103d echipa c\u0103 joac\u0103 ce \u00eemi doresc eu, asta e cel mai important pentru mine. Sunt foarte mul\u021bumit de lot, b\u0103ie\u021bii vor demonstra c\u0103 merit\u0103m s\u0103 fim aici. La Liga 2 trebuie s\u0103 ai o echip\u0103 care s\u0103 alerge, s\u0103 stea bine \u00een teren\u00a0 \u0219i atunci este greu s\u0103 te bat\u0103 cineva, dac\u0103 ai o forma\u021bie \u00een stilul acesta\u201d<\/em>\u00a0a spus antrenorul SCM-ului, <strong>Constantin Schumacher.\u00a0<\/strong><\/p>\n<figure id=\"attachment_57923\" aria-describedby=\"caption-attachment-57923\" class=\"wp-caption alignnone\"><img loading=\"lazy\" decoding=\"async\" class=\"size-full wp-image-57923\" src=\"https:\/\/www.impactreal.ro\/wp-content\/uploads\/2026\/07\/DSC00362-scaled.jpg\" alt width=\"2560\" height=\"1707\"><figcaption id=\"caption-attachment-57923\" class=\"wp-caption-text\">Foto: George Nedea<\/figcaption><\/figure>\n<p><strong>Dandea \u0219i Ghergu\u0219 au fost dori\u021bi la \u0218elimb\u0103r<\/strong><\/p>\n<p>Fostul antrenor de la V\u00e2lcea, <strong>Eugen Beza<\/strong> a recunoscut c\u0103 dup\u0103 plecarea din Z\u0103voi, l-a dorit pe c\u0103pitanul SCM-ului, <strong>Alexandru Dandea<\/strong>, dar \u0219i pe portarul <strong>R\u0103zvan Ghergu\u0219<\/strong>.<\/p>\n<p>\u201d<em>Anul trecut i-am dorit pe Rusu, pe Dandea, cu cei doi am o rela\u021bie special\u0103. Am considerat c\u0103 dac\u0103 i-am adus, atunci, e normal s\u0103 \u00eei \u00eentreb dac\u0103 vor s\u0103 vin\u0103 la \u0218elimb\u0103r, dar m-au refuzat<\/em>.<em> Am vrut s\u0103 \u00eel aduc \u0219i pe portarul Ghergu\u0219, \u0219tiam c\u0103 V\u00e2lcea vrea s\u0103 joace cu Under \u00een poart\u0103, era o concuren\u021b\u0103 pentru portarul nostru, M\u0103lu\u021ban<\/em>.\u00a0<em>Nu s-a mai pus acum problema de vreun juc\u0103tor de la V\u00e2lcea\u201d<\/em> a declarat Beza la finalul meciului din Z\u0103voi.<\/p>\n<\/div>\n<\/div>\n<\/div>\n<div class=\"news-content editor-content-entry\">\n<p><strong>SCM Rm. V\u00e2lcea a pierdut s\u00e2mb\u0103t\u0103 ultimul amical \u00eenainte de startul sezonului, 0-2 \u00een Z\u0103voi cu CSC 1599 \u0218elimb\u0103r.\u00a0<\/strong><\/p>\n<p>V\u00e2lcenii nu au prins o zi tocmai fast\u0103 \u00een amicalul cu \u0218elimb\u0103rul, echipa preg\u0103tit\u0103 de Eugen Beza, tehnicianul ro\u0219-alba\u0219trilor \u00een 2024-2025, c\u00e2nd promovarea a fost ratat\u0103 la penaltyuri.<\/p>\n<p>Sibienii au deschis scorul rapid, \u00een minutul 6, dup\u0103 ce Petrescu a marcat cu o lovitur\u0103 de cap din 6 metri.<\/p>\n<p>\u00cen minutul 14, SCM putea egala prin V. Constantin, care a \u00eencercat f\u0103r\u0103 succes un lob peste portarul advers. \u0218elimb\u0103rul a fost mai activ\u0103 \u0219i Bucuroiu a fost aproape de desprindere, dar portarul Fr\u0103\u021bil\u0103 a blocat excelent.<\/p>\n<figure id=\"attachment_57922\" aria-describedby=\"caption-attachment-57922\" class=\"wp-caption alignnone\"><img loading=\"lazy\" decoding=\"async\" class=\"size-full wp-image-57922\" src=\"https:\/\/www.impactreal.ro\/wp-content\/uploads\/2026\/07\/DSC00286-scaled.jpg\" alt width=\"2560\" height=\"1707\"><figcaption id=\"caption-attachment-57922\" class=\"wp-caption-text\">Foto: George Nedea<\/figcaption><\/figure>\n<p>Doman s-a accidentat la v\u00e2lceni \u0219i r\u0103m\u00e2ne de v\u0103zut care va fi diagnosticul.<\/p>\n<p>Dup\u0103 pauz\u0103, \u0219elimb\u0103renii s-au desprins prin reu\u0219ita lui Alex Luca. Echipa lui Schumacher a mai avut o ocazie mare, dar nu a fructificat.<\/p>\n<p>Astfel, sibienii s-au inpus cu 2-0, iar<strong> SCM <\/strong>se preg\u0103te\u0219te de startul Ligii 2, pe <strong>1 august<\/strong>, \u00een <strong>Z\u0103voi(ora 11.00)<\/strong>, cu <strong>Pope\u0219ti- Leordeni<\/strong>.<\/p>\n<p><em>\u201dNe a\u0219teapt\u0103 un campionat greu, lung, \u00een care sunt multe echipe care s-au \u00eent\u0103rit. De abia a\u0219tept s\u0103 \u00eenceap\u0103 campionatul, s\u0103 fim \u00een form\u0103 maxim\u0103 \u0219i s\u0103 ar\u0103t\u0103m c\u0103 merit\u0103m s\u0103 fim la Liga 2. Juc\u0103m acas\u0103 \u00een prima etap\u0103, sper s\u0103 vin\u0103 lumea la stadion, s\u0103 ne sus\u021bin\u0103, s\u0103 fie l\u00e2ng\u0103 noi, pentru c\u0103 nu va fi un sezon u\u0219or. Suntem o echip\u0103 nou-promovat\u0103, sunt sigur c\u0103 juc\u0103torii se vor ridica la nivelul spectatorilor \u0219i vor face tot posibilul s\u0103 c\u00e2\u0219tig\u0103m fiecare meci. Important e s\u0103 \u00eemi v\u0103d echipa c\u0103 joac\u0103 ce \u00eemi doresc eu, asta e cel mai important pentru mine. Sunt foarte mul\u021bumit de lot, b\u0103ie\u021bii vor demonstra c\u0103 merit\u0103m s\u0103 fim aici. La Liga 2 trebuie s\u0103 ai o echip\u0103 care s\u0103 alerge, s\u0103 stea bine \u00een teren\u00a0 \u0219i atunci este greu s\u0103 te bat\u0103 cineva, dac\u0103 ai o forma\u021bie \u00een stilul acesta\u201d<\/em>\u00a0a spus antrenorul SCM-ului, <strong>Constantin Schumacher.\u00a0<\/strong><\/p>\n<figure id=\"attachment_57923\" aria-describedby=\"caption-attachment-57923\" class=\"wp-caption alignnone\"><img loading=\"lazy\" decoding=\"async\" class=\"size-full wp-image-57923\" src=\"https:\/\/www.impactreal.ro\/wp-content\/uploads\/2026\/07\/DSC00362-scaled.jpg\" alt width=\"2560\" height=\"1707\"><figcaption id=\"caption-attachment-57923\" class=\"wp-caption-text\">Foto: George Nedea<\/figcaption><\/figure>\n<p><strong>Dandea \u0219i Ghergu\u0219 au fost dori\u021bi la \u0218elimb\u0103r<\/strong><\/p>\n<p>Fostul antrenor de la V\u00e2lcea, <strong>Eugen Beza<\/strong> a recunoscut c\u0103 dup\u0103 plecarea din Z\u0103voi, l-a dorit pe c\u0103pitanul SCM-ului, <strong>Alexandru Dandea<\/strong>, dar \u0219i pe portarul <strong>R\u0103zvan Ghergu\u0219<\/strong>.<\/p>\n<p>\u201d<em>Anul trecut i-am dorit pe Rusu, pe Dandea, cu cei doi am o rela\u021bie special\u0103. Am considerat c\u0103 dac\u0103 i-am adus, atunci, e normal s\u0103 \u00eei \u00eentreb dac\u0103 vor s\u0103 vin\u0103 la \u0218elimb\u0103r, dar m-au refuzat<\/em>.<em> Am vrut s\u0103 \u00eel aduc \u0219i pe portarul Ghergu\u0219, \u0219tiam c\u0103 V\u00e2lcea vrea s\u0103 joace cu Under \u00een poart\u0103, era o concuren\u021b\u0103 pentru portarul nostru, M\u0103lu\u021ban<\/em>.\u00a0<em>Nu s-a mai pus acum problema de vreun juc\u0103tor de la V\u00e2lcea\u201d<\/em> a declarat Beza la finalul meciului din Z\u0103voi.<\/p>\n<\/div>\n<div class=\"news-content editor-content-entry\">\n<p><strong>SCM Rm. V\u00e2lcea a pierdut s\u00e2mb\u0103t\u0103 ultimul amical \u00eenainte de startul sezonului, 0-2 \u00een Z\u0103voi cu CSC 1599 \u0218elimb\u0103r.\u00a0<\/strong><\/p>\n<p>V\u00e2lcenii nu au prins o zi tocmai fast\u0103 \u00een amicalul cu \u0218elimb\u0103rul, echipa preg\u0103tit\u0103 de Eugen Beza, tehnicianul ro\u0219-alba\u0219trilor \u00een 2024-2025, c\u00e2nd promovarea a fost ratat\u0103 la penaltyuri.<\/p>\n<p>Sibienii au deschis scorul rapid, \u00een minutul 6, dup\u0103 ce Petrescu a marcat cu o lovitur\u0103 de cap din 6 metri.<\/p>\n<p>\u00cen minutul 14, SCM putea egala prin V. Constantin, care a \u00eencercat f\u0103r\u0103 succes un lob peste portarul advers. \u0218elimb\u0103rul a fost mai activ\u0103 \u0219i Bucuroiu a fost aproape de desprindere, dar portarul Fr\u0103\u021bil\u0103 a blocat excelent.<\/p>\n<figure id=\"attachment_57922\" aria-describedby=\"caption-attachment-57922\" class=\"wp-caption alignnone\"><img loading=\"lazy\" decoding=\"async\" class=\"size-full wp-image-57922\" src=\"https:\/\/www.impactreal.ro\/wp-content\/uploads\/2026\/07\/DSC00286-scaled.jpg\" alt width=\"2560\" height=\"1707\"><figcaption id=\"caption-attachment-57922\" class=\"wp-caption-text\">Foto: George Nedea<\/figcaption><\/figure>\n<p>Doman s-a accidentat la v\u00e2lceni \u0219i r\u0103m\u00e2ne de v\u0103zut care va fi diagnosticul.<\/p>\n<p>Dup\u0103 pauz\u0103, \u0219elimb\u0103renii s-au desprins prin reu\u0219ita lui Alex Luca. Echipa lui Schumacher a mai avut o ocazie mare, dar nu a fructificat.<\/p>\n<p>Astfel, sibienii s-au inpus cu 2-0, iar<strong> SCM <\/strong>se preg\u0103te\u0219te de startul Ligii 2, pe <strong>1 august<\/strong>, \u00een <strong>Z\u0103voi(ora 11.00)<\/strong>, cu <strong>Pope\u0219ti- Leordeni<\/strong>.<\/p>\n<p><em>\u201dNe a\u0219teapt\u0103 un campionat greu, lung, \u00een care sunt multe echipe care s-au \u00eent\u0103rit. De abia a\u0219tept s\u0103 \u00eenceap\u0103 campionatul, s\u0103 fim \u00een form\u0103 maxim\u0103 \u0219i s\u0103 ar\u0103t\u0103m c\u0103 merit\u0103m s\u0103 fim la Liga 2. Juc\u0103m acas\u0103 \u00een prima etap\u0103, sper s\u0103 vin\u0103 lumea la stadion, s\u0103 ne sus\u021bin\u0103, s\u0103 fie l\u00e2ng\u0103 noi, pentru c\u0103 nu va fi un sezon u\u0219or. Suntem o echip\u0103 nou-promovat\u0103, sunt sigur c\u0103 juc\u0103torii se vor ridica la nivelul spectatorilor \u0219i vor face tot posibilul s\u0103 c\u00e2\u0219tig\u0103m fiecare meci. Important e s\u0103 \u00eemi v\u0103d echipa c\u0103 joac\u0103 ce \u00eemi doresc eu, asta e cel mai important pentru mine. Sunt foarte mul\u021bumit de lot, b\u0103ie\u021bii vor demonstra c\u0103 merit\u0103m s\u0103 fim aici. La Liga 2 trebuie s\u0103 ai o echip\u0103 care s\u0103 alerge, s\u0103 stea bine \u00een teren\u00a0 \u0219i atunci este greu s\u0103 te bat\u0103 cineva, dac\u0103 ai o forma\u021bie \u00een stilul acesta\u201d<\/em>\u00a0a spus antrenorul SCM-ului, <strong>Constantin Schumacher.\u00a0<\/strong><\/p>\n<figure id=\"attachment_57923\" aria-describedby=\"caption-attachment-57923\" class=\"wp-caption alignnone\"><img loading=\"lazy\" decoding=\"async\" class=\"size-full wp-image-57923\" src=\"https:\/\/www.impactreal.ro\/wp-content\/uploads\/2026\/07\/DSC00362-scaled.jpg\" alt width=\"2560\" height=\"1707\"><figcaption id=\"caption-attachment-57923\" class=\"wp-caption-text\">Foto: George Nedea<\/figcaption><\/figure>\n<p><strong>Dandea \u0219i Ghergu\u0219 au fost dori\u021bi la \u0218elimb\u0103r<\/strong><\/p>\n<p>Fostul antrenor de la V\u00e2lcea, <strong>Eugen Beza<\/strong> a recunoscut c\u0103 dup\u0103 plecarea din Z\u0103voi, l-a dorit pe c\u0103pitanul SCM-ului, <strong>Alexandru Dandea<\/strong>, dar \u0219i pe portarul <strong>R\u0103zvan Ghergu\u0219<\/strong>.<\/p>\n<p>\u201d<em>Anul trecut i-am dorit pe Rusu, pe Dandea, cu cei doi am o rela\u021bie special\u0103. Am considerat c\u0103 dac\u0103 i-am adus, atunci, e normal s\u0103 \u00eei \u00eentreb dac\u0103 vor s\u0103 vin\u0103 la \u0218elimb\u0103r, dar m-au refuzat<\/em>.<em> Am vrut s\u0103 \u00eel aduc \u0219i pe portarul Ghergu\u0219, \u0219tiam c\u0103 V\u00e2lcea vrea s\u0103 joace cu Under \u00een poart\u0103, era o concuren\u021b\u0103 pentru portarul nostru, M\u0103lu\u021ban<\/em>.\u00a0<em>Nu s-a mai pus acum problema de vreun juc\u0103tor de la V\u00e2lcea\u201d<\/em> a declarat Beza la finalul meciului din Z\u0103voi.<\/p>\n<\/div>\n<p>[analyse_source url=&#8221;https:\/\/www.impactreal.ro\/2026\/07\/25\/scm-pierde-amicalul-cu-selimbar-antrenorul-schumacher-sa-fim-in-forma-maxima-la-meciul-cu-popesti-leordeni\/&#8221;]<\/p>\n","protected":false},"excerpt":{"rendered":"<p>[analyse_image type=&#8221;featured&#8221; src=&#8221;https:\/\/www.impactreal.ro\/wp-content\/uploads\/2026\/07\/DSC00105-scaled-e1784996891423.jpg&#8221;] 25 iulie 2026Adi GeorgescuSport SCM Rm. V\u00e2lcea a pierdut s\u00e2mb\u0103t\u0103 ultimul amical \u00eenainte de startul sezonului, 0-2 \u00een Z\u0103voi cu CSC 1599 \u0218elimb\u0103r.\u00a0 V\u00e2lcenii nu au prins o zi tocmai fast\u0103 \u00een amicalul cu \u0218elimb\u0103rul, echipa preg\u0103tit\u0103 de Eugen Beza, tehnicianul ro\u0219-alba\u0219trilor \u00een 2024-2025, c\u00e2nd promovarea a fost ratat\u0103 la penaltyuri. Sibienii [&hellip;]<\/p>\n","protected":false},"author":1,"featured_media":0,"comment_status":"open","ping_status":"","sticky":false,"template":"","format":"standard","meta":{"footnotes":""},"categories":[89],"tags":[226,212],"class_list":["post-2064121","post","type-post","status-publish","format-standard","hentry","category-romania","tag-crawlmanager","tag-impactreal-ro"],"_links":{"self":[{"href":"https:\/\/analyse.optim.biz\/index.php?rest_route=\/wp\/v2\/posts\/2064121","targetHints":{"allow":["GET"]}}],"collection":[{"href":"https:\/\/analyse.optim.biz\/index.php?rest_route=\/wp\/v2\/posts"}],"about":[{"href":"https:\/\/analyse.optim.biz\/index.php?rest_route=\/wp\/v2\/types\/post"}],"author":[{"embeddable":true,"href":"https:\/\/analyse.optim.biz\/index.php?rest_route=\/wp\/v2\/users\/1"}],"replies":[{"embeddable":true,"href":"https:\/\/analyse.optim.biz\/index.php?rest_route=%2Fwp%2Fv2%2Fcomments&post=2064121"}],"version-history":[{"count":0,"href":"https:\/\/analyse.optim.biz\/index.php?rest_route=\/wp\/v2\/posts\/2064121\/revisions"}],"wp:attachment":[{"href":"https:\/\/analyse.optim.biz\/index.php?rest_route=%2Fwp%2Fv2%2Fmedia&parent=2064121"}],"wp:term":[{"taxonomy":"category","embeddable":true,"href":"https:\/\/analyse.optim.biz\/index.php?rest_route=%2Fwp%2Fv2%2Fcategories&post=2064121"},{"taxonomy":"post_tag","embeddable":true,"href":"https:\/\/analyse.optim.biz\/index.php?rest_route=%2Fwp%2Fv2%2Ftags&post=2064121"}],"curies":[{"name":"wp","href":"https:\/\/api.w.org\/{rel}","templated":true}]}}