{"id":2064113,"date":"2026-07-27T00:00:00","date_gmt":"2026-07-26T21:00:00","guid":{"rendered":"https:\/\/analyse.optim.biz\/?p=2064113"},"modified":"2026-07-27T00:00:00","modified_gmt":"2026-07-26T21:00:00","slug":"tulcea-pregateste-un-centru-multifunctional-pentru-copiii-vulnerabili-proiect-de-peste-107-milioane-de-lei-cu-finantare-europeana","status":"publish","type":"post","link":"https:\/\/analyse.optim.biz\/?p=2064113","title":{"rendered":"Tulcea preg\u0103te\u0219te un centru multifunc\u021bional pentru copiii vulnerabili. Proiect de peste 10,7 milioane de lei, cu finan\u021bare european\u0103"},"content":{"rendered":"<p>[analyse_image type=&#8221;featured&#8221; src=&#8221;https:\/\/ziaruldetulcea.ro\/wp-content\/uploads\/2026\/07\/c1504abc-7a8d-4ab2-b760-405df125dc95-640&#215;300.png&#8221;]<\/p>\n<div class=\"post\">\n<p><strong><img loading=\"lazy\" decoding=\"async\" class=\"alignleft size-full wp-image-43872\" src=\"https:\/\/ziaruldetulcea.ro\/wp-content\/uploads\/2026\/07\/c1504abc-7a8d-4ab2-b760-405df125dc95.png\" alt width=\"1536\" height=\"1024\">Prim\u0103ria Municipiului Tulcea propune aprobarea depunerii unei cereri de finan\u021bare pentru realizarea unui Centru Multifunc\u021bional cu Facilit\u0103\u021bi Sportive \u0219i Culturale, destinat copiilor din familii vulnerabile.<\/strong> Proiectul, finan\u021bat prin Programul Opera\u021bional Incluziune \u0219i Demnitate Social\u0103 (PoIDS) 2021\u20132027, are o valoare total\u0103 eligibil\u0103 de <strong>10.789.200,01 lei<\/strong>, iar municipalitatea trebuie s\u0103 asigure o cofinan\u021bare de 2%, respectiv <strong>215.784 lei<\/strong>.<\/p>\n<p>Potrivit proiectului de hot\u0103r\u00e2re ini\u021biat de primarul municipiului Tulcea, Consiliul Local este chemat s\u0103 aprobe depunerea proiectului, cofinan\u021barea acestuia, asumarea sustenabilit\u0103\u021bii serviciilor pentru o perioad\u0103 de minimum cinci ani dup\u0103 finalizarea implement\u0103rii \u0219i acoperirea eventualelor cheltuieli neeligibile.<\/p>\n<p>Centrul urmeaz\u0103 s\u0103 fie amenajat \u00eentr-un imobil aflat pe strada Granitului nr. 1, administrat de Direc\u021bia de Asisten\u021b\u0103 \u0219i Protec\u021bie Social\u0103 Tulcea. Investi\u021bia vizeaz\u0103 modernizarea infrastructurii existente \u0219i dezvoltarea unor servicii integrate pentru copiii afla\u021bi \u00een risc de s\u0103r\u0103cie, excluziune social\u0103 sau abandon \u0219colar.<\/p>\n<p>Documenta\u021bia de fundamentare arat\u0103 c\u0103 proiectul este destinat unui <strong>grup \u021bint\u0103 de 220 de copii<\/strong> proveni\u021bi din familii vulnerabile. Ace\u0219tia vor beneficia gratuit de activit\u0103\u021bi sportive, culturale, educa\u021bionale \u0219i recreative, precum \u0219i de servicii de consiliere \u0219i integrare social\u0103. Printre activit\u0103\u021bile propuse se num\u0103r\u0103 ini\u021biere sportiv\u0103, ateliere artistice, educa\u021bie multicultural\u0103, sprijin educa\u021bional, prevenirea bullying-ului, consiliere parental\u0103, campanii de prevenire a consumului de alcool \u0219i droguri, precum \u0219i excursii \u0219i activit\u0103\u021bi de socializare.<\/p>\n<p>Conform referatului de aprobare, investi\u021bia urm\u0103re\u0219te reducerea riscului de excluziune social\u0103, cre\u0219terea particip\u0103rii copiilor la activit\u0103\u021bi educative \u0219i sportive, precum \u0219i dezvoltarea unei re\u021bele locale de servicii integrate prin colaborarea dintre autorit\u0103\u021bi, unit\u0103\u021bi de \u00eenv\u0103\u021b\u0103m\u00e2nt \u0219i organiza\u021bii partenere. Perioada estimat\u0103 pentru implementarea proiectului este de <strong>39 de luni<\/strong>.<\/p>\n<p>Proiectul de hot\u0103r\u00e2re urmeaz\u0103 s\u0103 fie supus aprob\u0103rii Consiliului Local Tulcea \u00een \u0219edin\u021b\u0103 extraordinar\u0103 din 28 iulie, iar adoptarea acestuia reprezint\u0103 primul pas necesar pentru depunerea cererii de finan\u021bare \u0219i accesarea fondurilor europene destinate dezvolt\u0103rii serviciilor sociale pentru copii.<\/p>\n<\/div>\n<p>[analyse_source url=&#8221;https:\/\/ziaruldetulcea.ro\/tulcea-pregateste-un-centru-multifunctional-pentru-copiii-vulnerabili-proiect-de-peste-107-milioane-de-lei-cu-finantare-europeana\/&#8221;]<\/p>\n","protected":false},"excerpt":{"rendered":"<p>[analyse_image type=&#8221;featured&#8221; src=&#8221;https:\/\/ziaruldetulcea.ro\/wp-content\/uploads\/2026\/07\/c1504abc-7a8d-4ab2-b760-405df125dc95-640&#215;300.png&#8221;] Prim\u0103ria Municipiului Tulcea propune aprobarea depunerii unei cereri de finan\u021bare pentru realizarea unui Centru Multifunc\u021bional cu Facilit\u0103\u021bi Sportive \u0219i Culturale, destinat copiilor din familii vulnerabile. Proiectul, finan\u021bat prin Programul Opera\u021bional Incluziune \u0219i Demnitate Social\u0103 (PoIDS) 2021\u20132027, are o valoare total\u0103 eligibil\u0103 de 10.789.200,01 lei, iar municipalitatea trebuie s\u0103 asigure o cofinan\u021bare de [&hellip;]<\/p>\n","protected":false},"author":1,"featured_media":0,"comment_status":"open","ping_status":"","sticky":false,"template":"","format":"standard","meta":{"footnotes":""},"categories":[89],"tags":[226,205],"class_list":["post-2064113","post","type-post","status-publish","format-standard","hentry","category-romania","tag-crawlmanager","tag-ziaruldetulcea-ro"],"_links":{"self":[{"href":"https:\/\/analyse.optim.biz\/index.php?rest_route=\/wp\/v2\/posts\/2064113","targetHints":{"allow":["GET"]}}],"collection":[{"href":"https:\/\/analyse.optim.biz\/index.php?rest_route=\/wp\/v2\/posts"}],"about":[{"href":"https:\/\/analyse.optim.biz\/index.php?rest_route=\/wp\/v2\/types\/post"}],"author":[{"embeddable":true,"href":"https:\/\/analyse.optim.biz\/index.php?rest_route=\/wp\/v2\/users\/1"}],"replies":[{"embeddable":true,"href":"https:\/\/analyse.optim.biz\/index.php?rest_route=%2Fwp%2Fv2%2Fcomments&post=2064113"}],"version-history":[{"count":0,"href":"https:\/\/analyse.optim.biz\/index.php?rest_route=\/wp\/v2\/posts\/2064113\/revisions"}],"wp:attachment":[{"href":"https:\/\/analyse.optim.biz\/index.php?rest_route=%2Fwp%2Fv2%2Fmedia&parent=2064113"}],"wp:term":[{"taxonomy":"category","embeddable":true,"href":"https:\/\/analyse.optim.biz\/index.php?rest_route=%2Fwp%2Fv2%2Fcategories&post=2064113"},{"taxonomy":"post_tag","embeddable":true,"href":"https:\/\/analyse.optim.biz\/index.php?rest_route=%2Fwp%2Fv2%2Ftags&post=2064113"}],"curies":[{"name":"wp","href":"https:\/\/api.w.org\/{rel}","templated":true}]}}