{"id":206403,"date":"2014-05-05T13:14:40","date_gmt":"2014-05-05T10:14:40","guid":{"rendered":"https:\/\/analyse.optim.biz\/?p=206403"},"modified":"2014-05-05T13:14:40","modified_gmt":"2014-05-05T10:14:40","slug":"v-ponta-romania-nu-este-in-niciun-fel-de-pericol-actual-infirm-orice-discutii-legate-de-mobilizarea-rezervistilor","status":"publish","type":"post","link":"https:\/\/analyse.optim.biz\/?p=206403","title":{"rendered":"V. Ponta: Rom\u00e2nia nu este \u00een niciun fel de pericol actual. Infirm orice discu\u0163ii legate de mobilizarea rezervi\u015ftilor"},"content":{"rendered":"<div class=\"entry data-app-meta data-app-meta-article\" data-embed-base-url-canonical=\"https:\/\/www.digi24.ro\/embed\/stiri\/actualitate\/politica\/v-ponta-romania-nu-este-in-niciun-fel-de-pericol-actual-infirm-orice-discutii-legate-de-mobilizarea-rezervistilor-238431\">\n<p data-index=\"1\"><strong>Victor Ponta<\/strong> a insistat asupra faptului c\u0103 nu exist\u0103 un pericol actual sau o amenin\u0163are direct\u0103 la adresa Rom\u00e2niei, dar c\u0103 Moldova \u015fi Ucraina sunt \u00een stare de pericol, astfel c\u0103 autorit\u0103\u0163ile rom\u00e2ne trebuie s\u0103 aib\u0103 o strategie actualizat\u0103.<\/p>\n<p data-index=\"2\">Premierul Ponta a anun\u0163at, dup\u0103 o discu\u0163ie cu mini\u015ftrii Ap\u0103r\u0103rii, de Interne \u015fi Externe, c\u0103 mar\u0163i va primi o analiz\u0103 la zi privind situa\u0163ia din Ucraina \u015fi Moldova \u015fi o actualizare a strategiei Rom\u00e2niei, acte pe care, ca vicepre\u015fedinte CSAT, le va \u00eenainta pre\u015fedintelui pentru a fi discutate \u00een CSAT.<\/p>\n<p data-index=\"3\">El a insistat asupra faptului c\u0103 nu exist\u0103 un pericol actual sau o amenin\u0163are direct\u0103 la adresa Rom\u00e2niei, dar c\u0103 Moldova \u015fi Ucraina sunt \u00een stare de pericol, astfel c\u0103 autorit\u0103\u0163ile rom\u00e2ne trebuie s\u0103 aib\u0103 o strategie actualizat\u0103.<\/p>\n<p data-index=\"4\">\u201eCet\u0103\u0163enii Rom\u00e2niei \u015fi Rom\u00e2nia nu se afl\u0103 \u00een nicun fel de pericol actual \u015fi nu exist\u0103 nicio amenin\u0163are direct\u0103 la adresa cet\u0103\u0163enilor sau a Rom\u00e2niei.<\/p>\n<p data-index=\"5\">Este necesar\u0103 o responsabilitate \u015fi o transmitere a unui mesaj foarte clar, voi fi \u015fi eu mult mai clar \u00een transmiterea mesajelor.<\/p>\n<p data-index=\"6\">Infirm orice fel de discu\u0163ii publice legate de mobilizarea rezervi\u015ftilor, de recrutarea unor tineri, nu e ncesar\u0103, nu se dore\u015fte \u015fi nu e nevoie de a\u015fa ceva.<\/p>\n<p data-index=\"7\">\u00cen fa\u0163a situa\u0163ie de criz\u0103 extrem de grav\u0103 de la grani\u0163a Rom\u00e2niei, toate institu\u0163iile constitu\u0163ionale \u00ee\u015fi fac datoria \u015fi au \u00een fiecare zi informa\u0163ii la zi.<\/p>\n<p data-index=\"8\">Vecinii \u015fi prietenii no\u015ftuir din Ucraina \u015fi Moldova sunt \u00eentr-o situa\u0163ie de pericol. \u00cen numele Guvernului reafirm sprijinul politic necondi\u0163ionat pe care Rom\u00e2nia \u00eel acord\u0103 at\u00e2t Ucrainei, c\u00e2t \u015fi Moldovei din punct de vedere al respect\u0103rii dreptului interna\u0163ional, al integrit\u0103\u0163ii \u015fi inviolabilit\u0103\u0163ii teritoriului, al parcuruslui pro european al acestor dou\u0103 \u0163\u0103ri\u201d, a declarat Victor Ponta.<\/p>\n<p data-index=\"9\">Duminic\u0103, <strong><a href=\"https:\/\/www.digi24.ro\/Stiri\/Digi24\/Actualitate\/Politica\/Traian+Basescu+ii+raspunde+lui+Victor+Ponta+CSAT+nu+e+un+club+de\" target=\"_blank\" data-skip-linkfix=\"1\" rel=\"noopener\">premierul Ponta<\/a><\/strong> a precizat c\u0103, \u00een situa\u0163ia \u00een care<strong><a href=\"https:\/\/www.digi24.ro\/Stiri\/Digi24\/Actualitate\/Politica\/Traian+Basescu+sustine+o+declaratie+de+presa+la+ora+15+00\" target=\"_blank\" data-skip-linkfix=\"1\" rel=\"noopener\"> pre\u015fedintele Traian B\u0103sescu<\/a><\/strong> nu va convoca CSAT pentru analizarea crizei din Ucraina, atunci convocarea va fi f\u0103cut\u0103 de el, \u00een calitate de vicepre\u015fedinte, \u015fi ceilal\u0163i mini\u015ftri membri ai acestei structuri, \u00een cursul zilei de luni.<\/p>\n<p data-index=\"10\">El a precizat c\u0103 va propune o analiz\u0103 foarte clar\u0103 a institu\u0163iilor statului, inclusiv a serviciilor de informa\u0163ii, legat de ceea ce va putea face Rom\u00e2nia pentru a sprijini Republica Moldova \u00een contextul conflictului din Ucraina.<\/p>\n<p data-index=\"11\">\u00cen replic\u0103, pre\u015fedintele Traian B\u0103sescu a declarat c\u0103 face apel la premierul Victor Ponta s\u0103 nu terfeleasc\u0103 CSAT, care nu este \u201eun club de dezbatere\u201d, \u015fi i-a cerut s\u0103 depun\u0103, chiar \u015fi \u00een noaptea de duminic\u0103 spre luni, o strategie pe situa\u0163ia din Ucraina, dac\u0103 vrea convocarea Consiliului Suprem de Ap\u0103rare a \u0162\u0103rii.<\/p>\n<p data-index=\"12\">S\u00e2mb\u0103t\u0103, B\u0103sescu afirmase c\u0103 situa\u0163ia Ucrainei s-a discutat demult \u00een CSAT, dar premierul Ponta nu \u015fi-a dat seama c\u00e2nd.<\/p>\n<\/div>\n<p> Source URL: https:\/\/www.digi24.ro\/stiri\/actualitate\/politica\/v-ponta-romania-nu-este-in-niciun-fel-de-pericol-actual-infirm-orice-discutii-legate-de-mobilizarea-rezervistilor-238431<\/p>\n","protected":false},"excerpt":{"rendered":"<p>Victor Ponta a insistat asupra faptului c\u0103 nu exist\u0103 un pericol actual sau o amenin\u0163are direct\u0103 la adresa Rom\u00e2niei, dar c\u0103 Moldova \u015fi Ucraina sunt \u00een stare de pericol, astfel c\u0103 autorit\u0103\u0163ile rom\u00e2ne trebuie s\u0103 aib\u0103 o strategie actualizat\u0103. Premierul Ponta a anun\u0163at, dup\u0103 o discu\u0163ie cu mini\u015ftrii Ap\u0103r\u0103rii, de Interne \u015fi Externe, c\u0103 mar\u0163i [&hellip;]<\/p>\n","protected":false},"author":1,"featured_media":206404,"comment_status":"open","ping_status":"","sticky":false,"template":"","format":"standard","meta":{"footnotes":""},"categories":[2],"tags":[11],"class_list":["post-206403","post","type-post","status-publish","format-standard","has-post-thumbnail","hentry","category-politics","tag-digi24"],"_links":{"self":[{"href":"https:\/\/analyse.optim.biz\/index.php?rest_route=\/wp\/v2\/posts\/206403","targetHints":{"allow":["GET"]}}],"collection":[{"href":"https:\/\/analyse.optim.biz\/index.php?rest_route=\/wp\/v2\/posts"}],"about":[{"href":"https:\/\/analyse.optim.biz\/index.php?rest_route=\/wp\/v2\/types\/post"}],"author":[{"embeddable":true,"href":"https:\/\/analyse.optim.biz\/index.php?rest_route=\/wp\/v2\/users\/1"}],"replies":[{"embeddable":true,"href":"https:\/\/analyse.optim.biz\/index.php?rest_route=%2Fwp%2Fv2%2Fcomments&post=206403"}],"version-history":[{"count":0,"href":"https:\/\/analyse.optim.biz\/index.php?rest_route=\/wp\/v2\/posts\/206403\/revisions"}],"wp:featuredmedia":[{"embeddable":true,"href":"https:\/\/analyse.optim.biz\/index.php?rest_route=\/wp\/v2\/media\/206404"}],"wp:attachment":[{"href":"https:\/\/analyse.optim.biz\/index.php?rest_route=%2Fwp%2Fv2%2Fmedia&parent=206403"}],"wp:term":[{"taxonomy":"category","embeddable":true,"href":"https:\/\/analyse.optim.biz\/index.php?rest_route=%2Fwp%2Fv2%2Fcategories&post=206403"},{"taxonomy":"post_tag","embeddable":true,"href":"https:\/\/analyse.optim.biz\/index.php?rest_route=%2Fwp%2Fv2%2Ftags&post=206403"}],"curies":[{"name":"wp","href":"https:\/\/api.w.org\/{rel}","templated":true}]}}