{"id":2063860,"date":"2026-07-27T12:23:55","date_gmt":"2026-07-27T09:23:55","guid":{"rendered":"https:\/\/analyse.optim.biz\/?p=2063860"},"modified":"2026-07-27T12:23:55","modified_gmt":"2026-07-27T09:23:55","slug":"tiganesti-barbat-retinut-dupa-ce-si-a-agresat-mama-si-a-incalcat-ordinul-de-protectie-ziarul-liber-in","status":"publish","type":"post","link":"https:\/\/analyse.optim.biz\/?p=2063860","title":{"rendered":"\u021aig\u0103ne\u0219ti: B\u0103rbat re\u021binut dup\u0103 ce \u0219i-a agresat mama \u0219i a \u00eenc\u0103lcat ordinul de protec\u021bie &#8211; Ziarul Liber in"},"content":{"rendered":"<p>[analyse_image type=&#8221;featured&#8221; src=&#8221;https:\/\/liberinteleorman.ro\/wp-content\/uploads\/2024\/03\/batrana.webp&#8221;]<\/p>\n<div class=\"entry-content single56__content single56__post_content single56__body_area\">\n<p>Poli\u021bi\u0219tii din cadrul Sec\u021biei 1 Poli\u021bie Rural\u0103 Alexandria efectueaz\u0103 cercet\u0103ri \u00een cadrul unui dosar penal, \u00eentocmit sub aspectul s\u0103v\u00e2r\u0219irii infrac\u021biunilor de violen\u021b\u0103 \u00een familie \u0219i \u00eenc\u0103lcarea m\u0103surilor dispuse prin ordinul de protec\u021bie provizoriu.<\/p>\n<p>La data de 20 iulie a.c., b\u0103rbatul ar fi exercitat acte de violen\u021b\u0103 fizic\u0103 \u00eempotriva mamei sale, \u00een acest caz fiind emis ordin de protec\u021bie provizoriu \u00eempotriva b\u0103rbatului.<\/p>\n<p>\u00cen noaptea de 25 spre 26 iulie a.c., b\u0103rbatul ar fi revenit la locuin\u021ba mamei sale din comuna \u021aig\u0103ne\u0219ti \u0219i s-ar fi apropiat la o distan\u021b\u0103 mai mic\u0103 de 50 de metri fa\u021b\u0103 de aceasta \u0219i de locuin\u021ba sa, \u00eenc\u0103lc\u00e2nd astfel m\u0103surile dispuse prin ordinul de protec\u021bie provizoriu.<\/p>\n<p>\u00cen urma administr\u0103rii probatoriului, a fost dispus\u0103 m\u0103sura re\u021binerii fa\u021b\u0103 de persoana \u00een cauz\u0103.<\/p>\n<\/div>\n<p>[analyse_source url=&#8221;https:\/\/liberinteleorman.ro\/tiganesti-barbat-retinut-dupa-ce-si-a-agresat-mama-si-a-incalcat-ordinul-de-protectie\/&#8221;]<\/p>\n","protected":false},"excerpt":{"rendered":"<p>[analyse_image type=&#8221;featured&#8221; src=&#8221;https:\/\/liberinteleorman.ro\/wp-content\/uploads\/2024\/03\/batrana.webp&#8221;] Poli\u021bi\u0219tii din cadrul Sec\u021biei 1 Poli\u021bie Rural\u0103 Alexandria efectueaz\u0103 cercet\u0103ri \u00een cadrul unui dosar penal, \u00eentocmit sub aspectul s\u0103v\u00e2r\u0219irii infrac\u021biunilor de violen\u021b\u0103 \u00een familie \u0219i \u00eenc\u0103lcarea m\u0103surilor dispuse prin ordinul de protec\u021bie provizoriu. La data de 20 iulie a.c., b\u0103rbatul ar fi exercitat acte de violen\u021b\u0103 fizic\u0103 \u00eempotriva mamei sale, \u00een acest [&hellip;]<\/p>\n","protected":false},"author":1,"featured_media":0,"comment_status":"open","ping_status":"","sticky":false,"template":"","format":"standard","meta":{"footnotes":""},"categories":[89],"tags":[226,181],"class_list":["post-2063860","post","type-post","status-publish","format-standard","hentry","category-romania","tag-crawlmanager","tag-liberinteleorman-ro"],"_links":{"self":[{"href":"https:\/\/analyse.optim.biz\/index.php?rest_route=\/wp\/v2\/posts\/2063860","targetHints":{"allow":["GET"]}}],"collection":[{"href":"https:\/\/analyse.optim.biz\/index.php?rest_route=\/wp\/v2\/posts"}],"about":[{"href":"https:\/\/analyse.optim.biz\/index.php?rest_route=\/wp\/v2\/types\/post"}],"author":[{"embeddable":true,"href":"https:\/\/analyse.optim.biz\/index.php?rest_route=\/wp\/v2\/users\/1"}],"replies":[{"embeddable":true,"href":"https:\/\/analyse.optim.biz\/index.php?rest_route=%2Fwp%2Fv2%2Fcomments&post=2063860"}],"version-history":[{"count":0,"href":"https:\/\/analyse.optim.biz\/index.php?rest_route=\/wp\/v2\/posts\/2063860\/revisions"}],"wp:attachment":[{"href":"https:\/\/analyse.optim.biz\/index.php?rest_route=%2Fwp%2Fv2%2Fmedia&parent=2063860"}],"wp:term":[{"taxonomy":"category","embeddable":true,"href":"https:\/\/analyse.optim.biz\/index.php?rest_route=%2Fwp%2Fv2%2Fcategories&post=2063860"},{"taxonomy":"post_tag","embeddable":true,"href":"https:\/\/analyse.optim.biz\/index.php?rest_route=%2Fwp%2Fv2%2Ftags&post=2063860"}],"curies":[{"name":"wp","href":"https:\/\/api.w.org\/{rel}","templated":true}]}}