{"id":2063857,"date":"2026-07-27T09:27:03","date_gmt":"2026-07-27T06:27:03","guid":{"rendered":"https:\/\/analyse.optim.biz\/?p=2063857"},"modified":"2026-07-27T09:27:03","modified_gmt":"2026-07-27T06:27:03","slug":"turneu-de-fotbal-dedicat-luptei-impotriva-traficului-de-persoane-organizat-la-videle-ziarul-liber-in","status":"publish","type":"post","link":"https:\/\/analyse.optim.biz\/?p=2063857","title":{"rendered":"Turneu de fotbal dedicat luptei \u00eempotriva traficului de persoane, organizat la Videle &#8211; Ziarul Liber in"},"content":{"rendered":"<p>[analyse_image type=&#8221;featured&#8221; src=&#8221;https:\/\/liberinteleorman.ro\/wp-content\/uploads\/2026\/07\/turneu-fotbal-videle.jpg&#8221;]<\/p>\n<div class=\"entry-content single56__content single56__post_content single56__body_area\">\n<p><strong>Prim\u0103ria Ora\u0219ului Videle \u0219i Agen\u021bia Na\u021bional\u0103 \u00cempotriva Traficului de Persoane (ANITP) organizeaz\u0103, cu ocazia Zilei Mondiale \u00cempotriva Traficului de Persoane, prima edi\u021bie a turneului de fotbal pentru copii \u201eVidele Freedom Cup \u2013 Dribleaz\u0103 pericolul! Spune NU traficului de persoane!\u201d.<\/strong><\/p>\n<p>Competi\u021bia va avea loc \u00een perioada <strong>30\u201331 iulie 2026<\/strong>, pe Stadionul Ora\u0219ului Videle, \u0219i \u00ee\u0219i propune s\u0103 \u00eembine sportul cu educa\u021bia \u0219i prevenirea unuia dintre cele mai grave fenomene care afecteaz\u0103 societatea.<\/p>\n<p>Organizatorii transmit c\u0103 evenimentul este dedicat promov\u0103rii valorilor precum siguran\u021ba, respectul, prietenia \u0219i fair-play-ul, oferind totodat\u0103 copiilor \u0219i p\u0103rin\u021bilor un prilej de informare cu privire la riscurile traficului de persoane.<\/p>\n<p>\u201eVidele Freedom Cup nu este doar despre cine ridic\u0103 trofeul la final. Este despre curaj, \u00eencredere, respect \u0219i despre construirea unui viitor \u00een care fiecare copil este \u00een siguran\u021b\u0103\u201d, au transmis organizatorii.<\/p>\n<p>La competi\u021bie sunt a\u0219tepta\u021bi copii din categoriile de v\u00e2rst\u0103 <strong>2015, 2016, 2017, 2018 \u0219i 2019<\/strong>, iar participarea este gratuit\u0103.<\/p>\n<p>Pe parcursul celor dou\u0103 zile de competi\u021bie, stadionul din Videle va deveni un spa\u021biu dedicat sportului, socializ\u0103rii \u0219i con\u0219tientiz\u0103rii pericolelor asociate traficului de persoane, mesajul central al campaniei fiind \u201eDribleaz\u0103 pericolul! Spune NU traficului de persoane!\u201d.<\/p>\n<p>Prin aceast\u0103 ini\u021biativ\u0103, Prim\u0103ria Ora\u0219ului Videle \u0219i Agen\u021bia Na\u021bional\u0103 \u00cempotriva Traficului de Persoane urm\u0103resc s\u0103 promoveze preven\u021bia \u00een r\u00e2ndul copiilor \u0219i tinerilor, folosind sportul ca instrument de educa\u021bie \u0219i responsabilizare.<\/p>\n<\/div>\n<p>[analyse_source url=&#8221;https:\/\/liberinteleorman.ro\/turneu-de-fotbal-dedicat-luptei-impotriva-traficului-de-persoane-organizat-la-videle\/&#8221;]<\/p>\n","protected":false},"excerpt":{"rendered":"<p>[analyse_image type=&#8221;featured&#8221; src=&#8221;https:\/\/liberinteleorman.ro\/wp-content\/uploads\/2026\/07\/turneu-fotbal-videle.jpg&#8221;] Prim\u0103ria Ora\u0219ului Videle \u0219i Agen\u021bia Na\u021bional\u0103 \u00cempotriva Traficului de Persoane (ANITP) organizeaz\u0103, cu ocazia Zilei Mondiale \u00cempotriva Traficului de Persoane, prima edi\u021bie a turneului de fotbal pentru copii \u201eVidele Freedom Cup \u2013 Dribleaz\u0103 pericolul! Spune NU traficului de persoane!\u201d. Competi\u021bia va avea loc \u00een perioada 30\u201331 iulie 2026, pe Stadionul Ora\u0219ului Videle, [&hellip;]<\/p>\n","protected":false},"author":1,"featured_media":0,"comment_status":"open","ping_status":"","sticky":false,"template":"","format":"standard","meta":{"footnotes":""},"categories":[89],"tags":[226,181],"class_list":["post-2063857","post","type-post","status-publish","format-standard","hentry","category-romania","tag-crawlmanager","tag-liberinteleorman-ro"],"_links":{"self":[{"href":"https:\/\/analyse.optim.biz\/index.php?rest_route=\/wp\/v2\/posts\/2063857","targetHints":{"allow":["GET"]}}],"collection":[{"href":"https:\/\/analyse.optim.biz\/index.php?rest_route=\/wp\/v2\/posts"}],"about":[{"href":"https:\/\/analyse.optim.biz\/index.php?rest_route=\/wp\/v2\/types\/post"}],"author":[{"embeddable":true,"href":"https:\/\/analyse.optim.biz\/index.php?rest_route=\/wp\/v2\/users\/1"}],"replies":[{"embeddable":true,"href":"https:\/\/analyse.optim.biz\/index.php?rest_route=%2Fwp%2Fv2%2Fcomments&post=2063857"}],"version-history":[{"count":0,"href":"https:\/\/analyse.optim.biz\/index.php?rest_route=\/wp\/v2\/posts\/2063857\/revisions"}],"wp:attachment":[{"href":"https:\/\/analyse.optim.biz\/index.php?rest_route=%2Fwp%2Fv2%2Fmedia&parent=2063857"}],"wp:term":[{"taxonomy":"category","embeddable":true,"href":"https:\/\/analyse.optim.biz\/index.php?rest_route=%2Fwp%2Fv2%2Fcategories&post=2063857"},{"taxonomy":"post_tag","embeddable":true,"href":"https:\/\/analyse.optim.biz\/index.php?rest_route=%2Fwp%2Fv2%2Ftags&post=2063857"}],"curies":[{"name":"wp","href":"https:\/\/api.w.org\/{rel}","templated":true}]}}