{"id":2063619,"date":"2026-07-27T00:00:00","date_gmt":"2026-07-26T21:00:00","guid":{"rendered":"https:\/\/analyse.optim.biz\/?p=2063619"},"modified":"2026-07-27T00:00:00","modified_gmt":"2026-07-26T21:00:00","slug":"lhomme-qui-a-fait-renaitre-plus-de-100-porsche-classics","status":"publish","type":"post","link":"https:\/\/analyse.optim.biz\/?p=2063619","title":{"rendered":"L\u2019homme qui a\u00a0fait rena\u00eetre plus de 100 Porsche classics"},"content":{"rendered":"<div id=\"brxe-lipmib\" class=\"brxe-post-content\">\n<p><strong>Importateur officiel de Porsche en Bulgarie et collectionneur passionn\u00e9, Ivaylo Popivantchev poss\u00e8de une impressionnante collection priv\u00e9e \u00e0\u00a0Sofia o\u00f9 plus d\u2019une centaine de Porsche r\u00e9sident, dont certaines restaur\u00e9es \u00e0\u00a0l\u2019identique de leur \u00e9tat de sortie d\u2019usine.<\/strong><\/p>\n<h2>Un showroom Porsche prim\u00e9 \u00e0\u00a0l\u2019\u00e9chelle europ\u00e9enne<\/h2>\n<p>Ivaylo Popivantchev, 62 ans, est l\u2019un des entrepreneurs automobiles les plus reconnus d\u2019Europe de l\u2019Est. Importateur officiel de Porsche pour la Bulgarie et collectionneur de voitures classiques, il expose une large partie de sa collection priv\u00e9e au Porsche Center de Sofia. Baptis\u00e9 Vitosha Sports Cars en hommage au massif voisin, l\u2019\u00e9tablissement a\u00a0d\u00e9croch\u00e9 l\u2019un des Classic Partner Awards 2024\/2025, dans la cat\u00e9gorie consacr\u00e9e aux plus beaux espaces d\u2019exposition. Une distinction que la zone Europe de l\u2019Est n\u2019avait encore jamais re\u00e7ue. Tout au long de l\u2019ann\u00e9e, le passionn\u00e9 utilise sa <a href=\"https:\/\/www.flat6mag.com\/actualite\/porsche-964-toutes-les-versions\/\">Porsche 964<\/a> Carrera 2\u00a0Cabriolet Turbo Look, et ce m\u00eame en hiver\u2026 Mais ce qui nous int\u00e9resse tout particuli\u00e8rement, c\u2019est sa collection, dont une partie est expos\u00e9e dans le Centre Porsche \u00e0\u00a0l\u2019est de la ville et l\u2019autre, tout pr\u00e8s de sa maison.<\/p>\n<p><img loading=\"lazy\" decoding=\"async\" class=\"alignnone  wp-image-63690\" src=\"https:\/\/www.flat6mag.com\/wp-content\/uploads\/2026\/07\/cnetre-porsche-sofia-1-300x169.jpg\" alt=\"cnetre porsche sofia\" width=\"976\" height=\"550\"><\/p>\n<h2>Une collection Porsche fa\u00e7onn\u00e9e par l\u2019exigence de l\u2019authenticit\u00e9<\/h2>\n<p>\u00c0 l\u2019int\u00e9rieur du Centre Porsche, plus d\u2019une centaine de v\u00e9hicules de Porsche sont expos\u00e9s, des mod\u00e8les r\u00e9cents y\u00a0c\u00f4toient des pi\u00e8ces restaur\u00e9es avec un soin m\u00e9ticuleux. Parmi elles, on retrouve une 356 1500 Cabriolet blanche de 1953, non loin d\u2019une des premi\u00e8res 911 Targa de 1966 et d\u2019une 911 Carrera 2.7 Targa de 1974. La liste ne s\u2019arr\u00eate pas l\u00e0, mais Popivantchev garde le meilleur pour la fin\u00a0: son garage priv\u00e9, construit \u00e0\u00a0flanc de colline sous sa maison, o\u00f9 une pancarte annonce la couleur\u00a0: \u00ab\u00a0<em>La caverne d\u2019Ali Baba<\/em> \u00bb\u2026 \u00a0Au sein de sa collection, un mod\u00e8le lui tient particuli\u00e8rement \u00e0\u00a0c\u0153ur\u00a0: une 356 B\u00a0Coup\u00e9 de 1963 (l\u2019ann\u00e9e de sa naissance) et rachet\u00e9e \u00e0\u00a0un collectionneur texan. Repeinte en rouge par un pr\u00e9c\u00e9dent propri\u00e9taire, elle a\u00a0retrouv\u00e9 sa teinte d\u2019origine, un bleu Bali, \u00e0\u00a0l\u2019issue d\u2019une restauration int\u00e9grale. Car pour Popivantchev, \u00ab\u00a0<em>la perfection technique ne suffit pas si la finition n\u2019est pas conforme \u00e0\u00a0l\u2019histoire de la voiture<\/em>\u00a0\u00bb. Une pi\u00e8ce mal dat\u00e9e, une sellerie non conforme, et tout est repris. Il dispose pour cela de ses propres ateliers au sein du Porsche Center\u00a0! Menuiserie, peinture, sellerie, m\u00e9tallerie, moteur, il peut tout refaire, et forme lui-m\u00eame ses \u00e9quipes.<\/p>\n<p><img loading=\"lazy\" decoding=\"async\" class=\"alignnone  wp-image-63691\" src=\"https:\/\/www.flat6mag.com\/wp-content\/uploads\/2026\/07\/porsche-356-bali-blue-300x169.jpg\" alt=\"porsche 356 bali blue\" width=\"975\" height=\"549\"><\/p>\n<h2>De l\u2019horlogerie \u00e0\u00a0la m\u00e9canique, une passion transmise<\/h2>\n<p>Le parcours de Popivantchev n\u2019a rien d\u2019un long fleuve tranquille. Apr\u00e8s des \u00e9tudes d\u2019\u00e9conomie, il encha\u00eene les saisons comme moniteur de ski, importe des voitures am\u00e9ricaines au lendemain de la chute de l\u2019URSS, avant de basculer d\u00e9finitivement vers la marque \u00e0\u00a0la suite de l\u2019achat d\u2019une <a href=\"https:\/\/www.flat6mag.com\/actualite\/porsche-356-pre-a-aux-origines-de-porsche\/\">Porsche 356<\/a> A\u00a0Coup\u00e9 et d\u2019une 911 2.4 Targa. Son entreprise grandit jusqu\u2019\u00e0 d\u00e9crocher, il y\u00a0a trois ans, le statut d\u2019importateur officiel pour la Bulgarie.<\/p>\n<p>De l\u2019atelier d\u2019horlogerie de son p\u00e8re aux ateliers de restauration du Porsche Center, en passant par les pentes enneig\u00e9es qu\u2019il d\u00e9vale aujourd\u2019hui avec ses deux fils, Ivaylo Popivantchev a\u00a0b\u00e2ti bien plus qu\u2019une collection. Chaque voiture remise \u00e0\u00a0son \u00e9tat d\u2019origine raconte une histoire, la sienne autant que celle de la marque, et perp\u00e9tue une exigence h\u00e9rit\u00e9e d\u00e8s l\u2019enfance. C\u2019est finalement entre les importations de Porsche et ses balades avec des mod\u00e8les rares, qu\u2019Ivaylo Popivantchev partage aujourd\u2019hui sa passion avec ses gar\u00e7ons, une mani\u00e8re de transmettre son h\u00e9ritage, comme son p\u00e8re avant lui.<\/p>\n<p><img loading=\"lazy\" decoding=\"async\" class=\"alignnone  wp-image-63692\" src=\"https:\/\/www.flat6mag.com\/wp-content\/uploads\/2026\/07\/ivaylo-popivantchev-300x169.jpg\" alt=\"ivaylo popivantchev\" width=\"962\" height=\"542\"><\/p>\n<div align=\"center\"><button style=\"background-color: transparent;border: 3px solid #000;border-radius: 0.6em;color: #000;cursor: pointer;align-self: center;line-height: 1;margin: 20px;padding: 1.2em 2.8em;text-decoration: none;text-align: center;font-weight: bold\"><a href=\"https:\/\/www.flat6mag.com\/pages\/abonnements.html\">Soyez les premiers \u00e0 tout savoir sur la Porsche et abonnez-vous \u00e0 Flat 6 Magazine\u00a0!<\/a><\/button><\/div>\n<div align=\"center\">Cr\u00e9dit Photo\u00a0: Porsche AG<\/div>\n<\/div>\n","protected":false},"excerpt":{"rendered":"<p>Importateur officiel de Porsche en Bulgarie et collectionneur passionn\u00e9, Ivaylo Popivantchev poss\u00e8de une impressionnante collection priv\u00e9e \u00e0\u00a0Sofia o\u00f9 plus d\u2019une centaine de Porsche r\u00e9sident, dont certaines restaur\u00e9es \u00e0\u00a0l\u2019identique de leur \u00e9tat de sortie d\u2019usine. Un showroom Porsche prim\u00e9 \u00e0\u00a0l\u2019\u00e9chelle europ\u00e9enne Ivaylo Popivantchev, 62 ans, est l\u2019un des entrepreneurs automobiles les plus reconnus d\u2019Europe de l\u2019Est. [&hellip;]<\/p>\n","protected":false},"author":1,"featured_media":0,"comment_status":"open","ping_status":"","sticky":false,"template":"","format":"standard","meta":{"footnotes":""},"categories":[1],"tags":[226,273],"class_list":["post-2063619","post","type-post","status-publish","format-standard","hentry","category-uncategorized","tag-crawlmanager","tag-flat6mag-com"],"_links":{"self":[{"href":"https:\/\/analyse.optim.biz\/index.php?rest_route=\/wp\/v2\/posts\/2063619","targetHints":{"allow":["GET"]}}],"collection":[{"href":"https:\/\/analyse.optim.biz\/index.php?rest_route=\/wp\/v2\/posts"}],"about":[{"href":"https:\/\/analyse.optim.biz\/index.php?rest_route=\/wp\/v2\/types\/post"}],"author":[{"embeddable":true,"href":"https:\/\/analyse.optim.biz\/index.php?rest_route=\/wp\/v2\/users\/1"}],"replies":[{"embeddable":true,"href":"https:\/\/analyse.optim.biz\/index.php?rest_route=%2Fwp%2Fv2%2Fcomments&post=2063619"}],"version-history":[{"count":0,"href":"https:\/\/analyse.optim.biz\/index.php?rest_route=\/wp\/v2\/posts\/2063619\/revisions"}],"wp:attachment":[{"href":"https:\/\/analyse.optim.biz\/index.php?rest_route=%2Fwp%2Fv2%2Fmedia&parent=2063619"}],"wp:term":[{"taxonomy":"category","embeddable":true,"href":"https:\/\/analyse.optim.biz\/index.php?rest_route=%2Fwp%2Fv2%2Fcategories&post=2063619"},{"taxonomy":"post_tag","embeddable":true,"href":"https:\/\/analyse.optim.biz\/index.php?rest_route=%2Fwp%2Fv2%2Ftags&post=2063619"}],"curies":[{"name":"wp","href":"https:\/\/api.w.org\/{rel}","templated":true}]}}