{"id":2063557,"date":"2026-07-27T00:00:00","date_gmt":"2026-07-26T21:00:00","guid":{"rendered":"https:\/\/analyse.optim.biz\/?p=2063557"},"modified":"2026-07-27T00:00:00","modified_gmt":"2026-07-26T21:00:00","slug":"restrictii-de-circulatie-pe-timp-de-noapte-pe-a1","status":"publish","type":"post","link":"https:\/\/analyse.optim.biz\/?p=2063557","title":{"rendered":"Restric\u021bii de circula\u021bie pe timp de noapte pe A1"},"content":{"rendered":"<p>[analyse_image type=&#8221;featured&#8221; src=&#8221;https:\/\/livetimisoara.ro\/wp-content\/uploads\/2026\/07\/A1_VMS.jpg&#8221;]<\/p>\n<div class=\"post-content entry-content\">\n<p class=\"wp-block-paragraph\"><strong>\u00cen vederea realiz\u0103rii lucr\u0103rilor din cadrul proiectului \u201dImplementarea \u0219i integrarea sistemelor ITS pe autostrada A1 Sibiu \u2013 Holdea\u201d, derulat de S.C. Elektra Invest SRL, \u00eencep\u00e2nd de mar\u021bi noaptea, 28 iulie 2026, se vor executa lucr\u0103ri etapizate de modernizare \u0219i calibrare a sistemelor inteligente de transport (ITS) <\/strong>\u2013 anun\u021b\u0103 DRDP Timi\u0219oara.<\/p>\n<p class=\"wp-block-paragraph\">Pentru montarea portalurilor VMS (panouri de informare cu mesaje variabile) vor fi instituite \u00eenchideri temporare de trafic (dou\u0103 ore, pe timpul nop\u021bii) pe anumite sectoare ale A1, \u00een jude\u021bul Hunedoara, cu devierea circula\u021biei pe re\u021beaua de drumuri na\u021bionale, dup\u0103 cum urmeaz\u0103:<\/p>\n<p class=\"wp-block-paragraph\"><strong>PROGRAMUL RESTRIC\u021aIILOR \u0218I RUTELE DE DEVIERE<\/strong><\/p>\n<p class=\"wp-block-paragraph\">\u00d8 Data: 28.07.2026, ora \u00eencepere: 0:00 \u2013 Ora finalizare: 2:00<\/p>\n<p class=\"wp-block-paragraph\">\u00b7 Rela\u021bia: N\u0103dlac \u2013 Sebe\u0219<\/p>\n<p class=\"wp-block-paragraph\">\u00b7 Portal VMS: km 357+200<\/p>\n<p class=\"wp-block-paragraph\">\u00b7 Rut\u0103 deviere: Nod \u0218oimu\u0219, A1 km 369+200 \u2013&gt; intersec\u021bie DN 68 km 0+900 \u2013&gt; intersec\u021bie cu DN 7 km 394+780 \u2013&gt; Deva \u2013&gt; S\u00e2ntuhalm \u2013&gt; Simeria \u2013&gt; Nod rutier Simeria Veche, A1 km 354+400.<\/p>\n<p class=\"wp-block-paragraph\">\u00d8 Data: 29.07.2026, Ora \u00eencepere: 0:00 \u2013 Ora finalizare: 2:00<\/p>\n<p class=\"wp-block-paragraph\">\u00b7 Rela\u021bia: Sebe\u0219 \u2013 N\u0103dlac<\/p>\n<p class=\"wp-block-paragraph\">\u00b7 Portal VMS: km 350+850<\/p>\n<p class=\"wp-block-paragraph\">\u00b7 Rut\u0103 deviere: Nod Rutier Or\u0103\u0219tie, A1 km 333+800 \u2013&gt; intersec\u021bie DN 7 km 357+000 \u2013&gt; Or\u0103\u0219tie \u2013&gt; Turda\u0219 \u2013&gt; Spini \u2013&gt; intersec\u021bie Nod Rutier Simeria Veche, A1 km 354+300.<\/p>\n<p class=\"wp-block-paragraph\">\u00d8 Data: 29.07.2026, Ora \u00eencepere: 2:00 \u2013 Ora finalizare: 4:00<\/p>\n<p class=\"wp-block-paragraph\">\u00b7 Rela\u021bia: N\u0103dlac \u2013 Sebe\u0219<\/p>\n<p class=\"wp-block-paragraph\">\u00b7 Portal VMS: km 350+850<\/p>\n<p class=\"wp-block-paragraph\">\u00b7 Rut\u0103 deviere: Nod Rutier Simeria Veche, A1 km 354+400 \u2013&gt; intersec\u021bie DN 7 km 377+600 \u2013&gt; Simeria \u2013&gt; S\u00e2ntuhalm \u2013&gt; Deva \u2013&gt; intersec\u021bie cu DN 7 km 394+780 \u2013&gt; intersec\u021bie DN 68 km 0+900 \u2013&gt; Nod \u0218oimu\u0219, A1 km 369+200.<\/p>\n<p class=\"wp-block-paragraph\">\u00cen cadrul acestui proiect, se instaleaz\u0103 portaluri \u0219i echipamente ITS, se \u00eenlocuiesc camerele de supraveghere (CCTV) de pe st\u00e2lpii existen\u021bi \u00een zona median\u0103 a autostr\u0103zii \u0219i se monteaz\u0103 senzori \u00een carosabil, at\u00e2t pe banda de circula\u021bie a autostr\u0103zii, c\u00e2t \u0219i pe bretelele bidirec\u021bionale. \u00cen zonele cu lucr\u0103ri va fi montat\u0103 semnalizare rutier\u0103 temporar\u0103, fiind posibile \u00eenchideri temporare ale unei benzi de circula\u021bie \u0219i dirijarea traficului pe o singur\u0103 band\u0103.<\/p>\n<\/div>\n<p>[analyse_source url=&#8221;https:\/\/livetimisoara.ro\/2026\/07\/27\/restrictii-de-circulatie-pe-timp-de-noapte-pe-a1\/&#8221;]<\/p>\n","protected":false},"excerpt":{"rendered":"<p>[analyse_image type=&#8221;featured&#8221; src=&#8221;https:\/\/livetimisoara.ro\/wp-content\/uploads\/2026\/07\/A1_VMS.jpg&#8221;] \u00cen vederea realiz\u0103rii lucr\u0103rilor din cadrul proiectului \u201dImplementarea \u0219i integrarea sistemelor ITS pe autostrada A1 Sibiu \u2013 Holdea\u201d, derulat de S.C. Elektra Invest SRL, \u00eencep\u00e2nd de mar\u021bi noaptea, 28 iulie 2026, se vor executa lucr\u0103ri etapizate de modernizare \u0219i calibrare a sistemelor inteligente de transport (ITS) \u2013 anun\u021b\u0103 DRDP Timi\u0219oara. Pentru montarea [&hellip;]<\/p>\n","protected":false},"author":1,"featured_media":0,"comment_status":"open","ping_status":"","sticky":false,"template":"","format":"standard","meta":{"footnotes":""},"categories":[89],"tags":[226,194],"class_list":["post-2063557","post","type-post","status-publish","format-standard","hentry","category-romania","tag-crawlmanager","tag-livetimisoara-ro"],"_links":{"self":[{"href":"https:\/\/analyse.optim.biz\/index.php?rest_route=\/wp\/v2\/posts\/2063557","targetHints":{"allow":["GET"]}}],"collection":[{"href":"https:\/\/analyse.optim.biz\/index.php?rest_route=\/wp\/v2\/posts"}],"about":[{"href":"https:\/\/analyse.optim.biz\/index.php?rest_route=\/wp\/v2\/types\/post"}],"author":[{"embeddable":true,"href":"https:\/\/analyse.optim.biz\/index.php?rest_route=\/wp\/v2\/users\/1"}],"replies":[{"embeddable":true,"href":"https:\/\/analyse.optim.biz\/index.php?rest_route=%2Fwp%2Fv2%2Fcomments&post=2063557"}],"version-history":[{"count":0,"href":"https:\/\/analyse.optim.biz\/index.php?rest_route=\/wp\/v2\/posts\/2063557\/revisions"}],"wp:attachment":[{"href":"https:\/\/analyse.optim.biz\/index.php?rest_route=%2Fwp%2Fv2%2Fmedia&parent=2063557"}],"wp:term":[{"taxonomy":"category","embeddable":true,"href":"https:\/\/analyse.optim.biz\/index.php?rest_route=%2Fwp%2Fv2%2Fcategories&post=2063557"},{"taxonomy":"post_tag","embeddable":true,"href":"https:\/\/analyse.optim.biz\/index.php?rest_route=%2Fwp%2Fv2%2Ftags&post=2063557"}],"curies":[{"name":"wp","href":"https:\/\/api.w.org\/{rel}","templated":true}]}}