{"id":2063482,"date":"2026-07-27T07:59:58","date_gmt":"2026-07-27T04:59:58","guid":{"rendered":"https:\/\/analyse.optim.biz\/?p=2063482"},"modified":"2026-07-27T07:59:58","modified_gmt":"2026-07-27T04:59:58","slug":"soferii-volvo-se-revolta-din-cauza-masinilor-electrice-defecte-sunt-ingrozit-ca-masina-mea-va-lua-foc","status":"publish","type":"post","link":"https:\/\/analyse.optim.biz\/?p=2063482","title":{"rendered":"\u0218oferii Volvo se revolt\u0103 din cauza ma\u0219inilor electrice \u201edefecte\u201d: \u201eSunt \u00eengrozit c\u0103 ma\u0219ina mea va lua foc\u201d"},"content":{"rendered":"<p>[analyse_image type=&#8221;featured&#8221; src=&#8221;https:\/\/r3media.ro\/wp-content\/uploads\/2026\/07\/volvo-scaled-e1785137085599.jpghttps:\/\/r3media.ro\/wp-content\/uploads\/2026\/07\/volvo-scaled-e1785137085599.jpg&#8221;]<\/p>\n<article id=\"template-id-109\" class=\"post-109 tdb_templates type-tdb_templates status-publish post\">\n<div id=\"tdi_2\" class=\"tdc-zone\">\n<div class=\"tdc_zone tdi_3  wpb_row td-pb-row\">\n<div id=\"tdi_4\" class=\"tdc-row\">\n<div class=\"vc_row tdi_5  wpb_row td-pb-row\">\n<div class=\"vc_column tdi_7  wpb_column vc_column_container tdc-column td-pb-span8\">\n<div class=\"wpb_wrapper\">\n<div class=\"td_block_wrap tdb_breadcrumbs tdi_8 td-pb-border-top td_block_template_1 tdb-breadcrumbs \" data-td-block-uid=\"tdi_8\">\n<div class=\"tdb-block-inner td-fix-index\"><span><a title=\"Vede\u021bi toate articolele \u00een PRIM PLAN\" class=\"tdb-entry-crumb\" href=\"https:\/\/r3media.ro\/category\/stiri-prim-plan\/\">PRIM PLAN<\/a><\/span><span class=\"tdb-bred-no-url-last\">\u0218oferii Volvo se revolt\u0103 din cauza ma\u0219inilor electrice \u201edefecte\u201d: \u201eSunt \u00eengrozit c\u0103&#8230;<\/span><\/div>\n<\/div>\n<div class=\"td_block_wrap tdb_single_categories tdi_9 td-pb-border-top td_block_template_1 \" data-td-block-uid=\"tdi_9\">\n<div class=\"tdb-category td-fix-index\"><a class=\"tdb-entry-category\" href=\"https:\/\/r3media.ro\/category\/stiri-prim-plan\/\">PRIM PLAN<\/a><a class=\"tdb-entry-category\" href=\"https:\/\/r3media.ro\/category\/stiri\/\">\u0218TIRI<\/a><\/div>\n<\/div>\n<div class=\"td_block_wrap tdb_title tdi_10 tdb-single-title td-pb-border-top td_block_template_1\" data-td-block-uid=\"tdi_10\">\n<div class=\"tdb-block-inner td-fix-index\">\n<h1 class=\"tdb-title-text\">\u0218oferii Volvo se revolt\u0103 din cauza ma\u0219inilor electrice \u201edefecte\u201d: \u201eSunt \u00eengrozit c\u0103 ma\u0219ina mea va lua foc\u201d<\/h1>\n<\/div>\n<\/div>\n<div class=\"vc_row_inner tdi_12  vc_row vc_inner wpb_row td-pb-row\">\n<div class=\"vc_column_inner tdi_14  wpb_column vc_column_container tdc-inner-column td-pb-span12\">\n<div class=\"vc_column-inner\">\n<div class=\"wpb_wrapper\">\n<div class=\"td_block_wrap tdb_single_author tdi_15 td-pb-border-top td_block_template_1 tdb-post-meta\" data-td-block-uid=\"tdi_15\">\n<div class=\"tdb-block-inner td-fix-index\">\n<div class=\"tdb-author-name-wrap\"><a class=\"tdb-author-name\" href=\"https:\/\/r3media.ro\/author\/oana\/\">Oana Ivan<\/a><\/div>\n<\/div>\n<\/div>\n<div class=\"td_block_wrap tdb_single_date tdi_16 td-pb-border-top td_block_template_1 tdb-post-meta\" data-td-block-uid=\"tdi_16\">\n<div class=\"tdb-block-inner td-fix-index\"><time class=\"entry-date updated td-module-date\" datetime=\"2026-07-27T10:59:58+03:00\">27\/07\/2026<\/time><\/div>\n<\/div>\n<\/div>\n<\/div>\n<\/div>\n<\/div>\n<div class=\"td_block_wrap tdb_single_featured_image tdi_17 tdb-content-horiz-left td-pb-border-top td_block_template_1\" data-td-block-uid=\"tdi_17\">\n<div class=\"tdb-block-inner td-fix-index\">\n<figure><figcaption class=\"tdb-caption-text\">Surs\u0103 &#8211; Unsplash<\/figcaption><\/figure>\n<\/div>\n<\/div>\n<div class=\"td_block_wrap tdb_single_content tdi_18 td-pb-border-top td_block_template_1 td-post-content tagdiv-type\" data-td-block-uid=\"tdi_18\">\n<div class=\"tdb-block-inner td-fix-index\">\n<p><strong><a href=\"https:\/\/r3media.ro\/tag\/volvo\/\" target=\"_blank\" rel=\"noopener\">Volvo<\/a> se confrunt\u0103 cu critici tot mai mari din cauza defec\u021biunilor tehnice ale uneia dintre cele mai bine v\u00e2ndute <a href=\"https:\/\/r3media.ro\/tag\/masini-electrice\/\" target=\"_blank\" rel=\"noopener\">ma\u0219ini electrice<\/a> ale sale. Peste 10.000 de modele EX30 de pe \u0219oselele din Marea Britanie au fost semnalate ca av\u00e2nd poten\u021biale probleme de siguran\u021b\u0103. Clien\u021bii au fost sf\u0103tui\u021bi s\u0103 nu \u00ee\u0219i \u00eencarce ma\u0219inile la mai mult de 70% din cauza riscului de incendiu, conform <a href=\"https:\/\/www.telegraph.co.uk\/money\/consumer-affairs\/volvo-in-chaos-over-faulty-evs\/\" target=\"_blank\" rel=\"noopener\">The Telegraph<\/a>.<\/strong><\/p>\n<p>Al\u021bi \u0219oferi au raportat defec\u021biuni suplimentare \u0219i c\u0103 a\u0219teapt\u0103 luni de zile pentru repara\u021bii. Au existat \u0219i conduc\u0103tori auto care au sus\u021binut c\u0103 ma\u0219ina a preluat singur\u0103 controlul. Avoca\u021bii caut\u0103 acum clien\u021bii afecta\u021bi pentru o ac\u021biune colectiv\u0103 \u00een justi\u021bie.<\/p>\n<p>Problemele reprezint\u0103 o lovitur\u0103 pentru produc\u0103torul auto suedez, care \u00een ultimii ani \u0219i-a transformat fosta reputa\u021bie de marc\u0103 ce prioritiza caracteristicile de siguran\u021b\u0103 \u00een detrimentul stilului. Compania Volvo a fost considerat\u0103 ca av\u00e2nd unele dintre cele mai bune SUV-uri de familie de pe pia\u021b\u0103.<\/p>\n<p>Modelele sale XC90, XC60 \u0219i XC40 sunt printre cele mai populare SUV-uri din Marea Britanie. Acum \u00eens\u0103 proprietarii noului EX30 solicit\u0103 ramburs\u0103ri integrale. Rechemarea \u00een service afecteaz\u0103 aproximativ 37.000 de clien\u021bi din \u00eentreaga lume.<\/p>\n<h2><strong>\u0218oferii Volvo se revolt\u0103 din cauza ma\u0219inilor electrice \u201edefecte\u201d: \u201eSunt \u00eengrozit c\u0103 ma\u0219ina mea va lua foc\u201d<\/strong><\/h2>\n<p>\u00a0<\/p>\n<p>\u201eVolvo a fost bun cu mine de-a lungul anilor, dar cump\u0103rarea modelului EX30 a fost cea mai mare gre\u0219eal\u0103 pe care am f\u0103cut-o vreodat\u0103\u201d, a declarat Allan Rhodes, un \u0219ofer loial Volvo de peste 20 de ani.<\/p>\n<p>Inginerul electrician pensionar a achizi\u021bionat ma\u0219ina de la o reprezentan\u021b\u0103 auto din Glasgow, \u00een septembrie 2024. El a spus c\u0103 a \u00eent\u00e2mpinat probleme \u201econstante\u201d cu aceasta, inclusiv probleme cu set\u0103rile cheii \u0219i pilotului automat.<\/p>\n<p>La \u00eenceputul anului, Rhodes \u0219i al\u021bi clien\u021bi au primit o rechemare oficial\u0103 de siguran\u021b\u0103 de la Volvo.<\/p>\n<p>\u00cen scrisoarea de la \u0219eful serviciului de asisten\u021b\u0103 clien\u021bi din Marea Britanie, Volvo a declarat c\u0103 a identificat o problem\u0103 cu bateria de \u00eenalt\u0103 tensiune la modelele EX30 Single Motor Extended Range \u0219i Twin Motor Performance. \u00cen cazuri rare, defec\u021biunea ar putea cauza supra\u00eenc\u0103lzirea bateriei atunci c\u00e2nd este \u00eenc\u0103rcat\u0103 peste 70%. Acest lucru ar putea provoca un \u201eposibil incendiu\u201d, a declarat compania.<\/p>\n<p>De asemenea, a avertizat utilizatorii s\u0103 nu-\u0219i lase ma\u0219inile nesupravegheate \u00een timp ce se \u00eencarc\u0103 \u00een cl\u0103diri sau garaje.<\/p>\n<p>Volvo a declarat c\u0103 rata de defec\u021biune r\u0103m\u00e2ne la sub 0,1% din ma\u0219inile afectate \u00een mod specific de rechemare. La nivelul tuturor ma\u0219inilor EX30 v\u00e2ndute, aceasta ar fi de aproximativ 0,01%, conform companiei. Totu\u0219i, ma\u0219ina lui Rhodes a stat parcat\u0103 \u00een fa\u021ba locuin\u021bei.<\/p>\n<p>\u201eM\u0103 apropii de 75 de ani \u0219i am aceast\u0103 team\u0103 c\u0103 ma\u0219ina va izbucni \u00een fl\u0103c\u0103ri. Anxietatea pe care mi-o provoac\u0103 este incredibil\u0103\u201d, a spus el.<\/p>\n<h2><strong>Al\u021bi proprietari de ma\u0219ini electrice Volvo reclam\u0103 probleme legate de repara\u021bii<\/strong><\/h2>\n<p>\u00a0<\/p>\n<p>Deborah Smith se num\u0103r\u0103, de asemenea, printre clien\u021bii care au a\u0219teptat luni de zile o pies\u0103 de schimb. Psihoterapeut independent, trebuia s\u0103-\u0219i examineze ma\u0219ina \u00een Preston \u00een iulie, dar programarea a fost anulat\u0103.<\/p>\n<p>\u201eDac\u0103 este periculos, de ce dureaz\u0103 at\u00e2t de mult p\u00e2n\u0103 se rezolv\u0103 problema?\u201d, a spus ea.<\/p>\n<p>Femeia a ad\u0103ugat c\u0103, odat\u0103 cu limita de \u00eenc\u0103rcare de 70%, EX30-ul ei are acum o autonomie de aproximativ 290 km, \u00een loc de 450 km, c\u00e2te este anun\u021bat.<\/p>\n<p>\u201eNu a\u0219 fi cump\u0103rat niciodat\u0103 un vehicul cu o autonomie at\u00e2t de scurt\u0103. A\u0219 fi preferat s\u0103 iau un tractor\u201d, a spus Smith.<\/p>\n<p>Volvo a fost obligat\u0103 s\u0103 ofere vouchere de \u00eenc\u0103rcare \u00een valoare de 200 de lire sterline clien\u021bilor care au fost nevoi\u021bi s\u0103 opreasc\u0103 mai des din cauza restric\u021biilor de \u00eenc\u0103rcare.<\/p>\n<h2><strong>Unele ma\u0219ini Volvo au \u00eenceput s\u0103 se conduc\u0103 singure<\/strong><\/h2>\n<p>\u00a0<\/p>\n<p>Al\u021bi clien\u021bi frustra\u021bi au m\u0103rturisit c\u0103 au \u00eenc\u0103rcat ma\u0219inile peste limita recomandat\u0103 de 70%, \u00een ciuda avertismentelor produc\u0103torului.<\/p>\n<p>\u201eC\u0103l\u0103toriile mele au necesitat asta. \u0218tiu c\u0103 am riscat\u201d, a scris un utilizator pe re\u021belele de socializare.<\/p>\n<p>\u00cen cazul \u0219oferilor care au dep\u0103\u0219it limitele de \u00eenc\u0103rcare recomandate, Volvo UK i-a informat c\u0103 a monitorizat datele ma\u0219inii.<\/p>\n<p>\u201e\u00cen cazul unui incident, nerespectarea acestor \u00eendrum\u0103ri ar putea fi luat\u0103 \u00een considerare la stabilirea r\u0103spunderii\u201d, se arat\u0103 \u00een scrisoare.<\/p>\n<p>Pentru al\u021bi clien\u021bi, ma\u0219ina a prezentat probleme diferite.<\/p>\n<p>Chris Gibson, angajat \u00een industria hotelier\u0103 din Clitheroe, Lancashire, a sus\u021binut c\u0103 \u00een a doua zi de Cr\u0103ciun, anul trecut, EX30-ul s\u0103u a dat cu spatele spontan \u00eentr-o alt\u0103 ma\u0219in\u0103. Totul f\u0103r\u0103 ca cineva s\u0103 se afle pe scaunul \u0219oferului.<\/p>\n<p>So\u021bia sa a intrat \u00een casa tat\u0103lui ei pentru pr\u00e2nz \u0219i pentru a lua ni\u0219te cadouri.<\/p>\n<p>\u00cen timp ce \u00ee\u0219i lua r\u0103mas bun, fiul lor de nou\u0103 ani, aflat pe scaunul pasagerului din fa\u021b\u0103, a \u00eencercat s\u0103 foloseasc\u0103 consola pentru a viziona un videoclip, a spus el.<\/p>\n<p>Sistemul de supraveghere video arat\u0103 cum ma\u0219ina sa Volvo se love\u0219te cu spatele de ma\u0219ina vecinului. La inspec\u021bie, Volvo a declarat c\u0103 nu a putut g\u0103si nicio defec\u021biune la ma\u0219in\u0103.<\/p>\n<p>\u201eSuntem doar oameni obi\u0219nui\u021bi care au cump\u0103rat o ma\u0219in\u0103. Nu \u00eencerc s\u0103 fac mare caz din asta, dar so\u021bia mea nu se simte \u00een siguran\u021b\u0103\u201d, a spus el.<\/p>\n<p>Volvo UK a declarat c\u0103 \u201elucreaz\u0103 neobosit\u201d pentru a rezolva problemele, dar a refuzat s\u0103 spun\u0103 c\u00e2te ma\u0219ini defecte a remediat \u00een Marea Britanie.<\/p>\n<h2><strong>Tot mai multe ma\u0219ini electrice au luat foc din senin \u00een ultimii ani<\/strong><\/h2>\n<p>\u00a0<\/p>\n<p>Fuga termic\u0103 este principalul pericol de incendiu la ma\u0219inile electrice. Reac\u021bia apare c\u00e2nd o celul\u0103 a bateriei litiu-ion se supra\u00eenc\u0103lze\u0219te din cauza unui scurtcircuit sau a unei avarii mecanice, eliber\u00e2nd gaze inflamabile \u0219i c\u0103ldur\u0103 extrem\u0103. De\u0219i ma\u0219inile electrice iau foc mai rar dec\u00e2t cele pe benzin\u0103 sau motorin\u0103, arderile lor sunt extrem de Violente. Acestea pot dep\u0103\u0219i 1000 \u00b0C, reizbucnesc u\u0219or \u0219i sunt foarte greu de stins de c\u0103tre pompieri.<\/p>\n<p>Cauzele principale sunt defectele de fabrica\u021bie ale bateriilor, erorile din sistemul de management termic sau scurgerile de lichid de r\u0103cire. Problemele pot ap\u0103rea nu doar \u00een caz de accident, ci \u0219i \u00een timpul \u00eenc\u0103rc\u0103rii rapide sau c\u00e2nd ma\u0219ina este pur \u0219i simplu parcat\u0103. Din acest motiv, produc\u0103torii recomand\u0103 adesea parcarea vehiculelor vizate \u00een aer liber, departe de locuin\u021be, p\u00e2n\u0103 la remedierea problemelor.<\/p>\n<p>Printre m\u0103rcile puternic afectate de rechem\u0103ri \u00een service (recall) din cauza riscului de incendiu se num\u0103r\u0103 General Motors (Chevrolet Bolt), Hyundai &amp; Kia (Kona EV, Ioniq 5, EV6), Grupul Volkswagen (seria ID, Cupra Born), Jaguar (I-PACE) \u0219i Ford (Mustang Mach-E). De asemenea, incidente similare \u0219i rechem\u0103ri \u021bintite au \u00eenregistrat \u0219i produc\u0103tori precum Tesla, Mercedes-Benz sau BYD.<\/p>\n<div class=\"crp_related     crp-masonry\">\n<h2>\u00ceN CONTEXT<\/h2>\n<ul>\n<li><a href=\"https:\/\/r3media.ro\/piata-masini-electrice-prabusire-statele-unite-ale-americii-vanzari-scazut-80-credit-fiscal-federal-vehicule-prietenoase-mediu-eliminat-donald-trump\/\" class=\"crp_link post-114057\"><span class=\"crp_title\">Pia\u021ba ma\u0219inilor electrice s-a pr\u0103bu\u0219it \u00een Statele Unite ale Americii: V\u00e2nz\u0103rile au sc\u0103zut cu\u2026<\/span><\/a><\/li>\n<li><a href=\"https:\/\/r3media.ro\/propunere-bruxelles-industria-auto-romania-dacia-ford-otosan\/\" class=\"crp_link post-116333\"><span class=\"crp_title\">Propunere de la Bruxelles cu poten\u021bial impact masiv pentru industria auto din Rom\u00e2nia: Dacia\u2026<\/span><\/a><\/li>\n<li><a href=\"https:\/\/r3media.ro\/lovitura-usturatoare-masini-electrice-guvernul-bolojan-gand-rau-plata-impozite-echitate-sociala\/\" class=\"crp_link post-112532\"><span class=\"crp_title\">Lovitur\u0103 ustur\u0103toare pentru rom\u00e2nii care au ma\u0219ini electrice: Guvernul Bolojan le-a pus g\u00e2nd\u2026<\/span><\/a><\/li>\n<li><a href=\"https:\/\/r3media.ro\/europa-vanzari-masini-electrice-china-america-de-nord\/\" class=\"crp_link post-116212\"><span class=\"crp_title\">Europa, singurul continent unde v\u00e2nz\u0103rile de ma\u0219ini electrice au crescut. China \u0219i America\u2026<\/span><\/a><\/li>\n<li><a href=\"https:\/\/r3media.ro\/femeie-cumparat-automobil-electric-mana-a-doua-surpriza-plecat-masina\/\" class=\"crp_link post-119601\"><span class=\"crp_title\">O femeie care \u0219i-a achizi\u021bionat un automobil electric la m\u00e2na a doua a avut parte de o\u2026<\/span><\/a><\/li>\n<li><a href=\"https:\/\/r3media.ro\/lovitura-romani-masini-electrice-guvernul-bolojan-scade-valoare-ecotichetului-programul-rabla\/\" class=\"crp_link post-112582\"><span class=\"crp_title\">Lovitur\u0103 dup\u0103 lovitur\u0103 pentru rom\u00e2nii care vor ma\u0219ini electrice: Guvernul Bolojan scade\u2026<\/span><\/a><\/li>\n<li><a href=\"https:\/\/r3media.ro\/ceo-general-motors-varsa-nadejde-masinile-electrice-venituri-companie-prabusire\/\" class=\"crp_link post-111985\"><span class=\"crp_title\">CEO-ul de la General Motors \u00ee\u0219i vars\u0103 toate n\u0103dejdea \u00een ma\u0219inile electrice, \u00een timp ce\u2026<\/span><\/a><\/li>\n<li><a href=\"https:\/\/r3media.ro\/suedia-autobuze-electrice-chinezesti-produse-byd-opresc-subit-mers\/\" class=\"crp_link post-114662\"><span class=\"crp_title\">Suedia | Autobuzele electrice chineze\u0219ti produse de BYD se opresc subit \u00een timpul mersului.\u2026<\/span><\/a><\/li>\n<\/ul>\n<\/div>\n<\/div>\n<\/div>\n<div class=\"td_block_wrap tdb_single_tags tdi_19 td-pb-border-top td_block_template_1\" data-td-block-uid=\"tdi_19\">\n<div class=\"tdb-block-inner td-fix-index\">\n<ul class=\"tdb-tags\">\n<li><span>SUBIECTE FIERBIN\u021aI<\/span><\/li>\n<li><a href=\"https:\/\/r3media.ro\/tag\/masini-electrice\/\">masini electrice<\/a><\/li>\n<li><a href=\"https:\/\/r3media.ro\/tag\/volvo\/\">Volvo<\/a><\/li>\n<\/ul>\n<\/div>\n<\/div>\n<div class=\"td_block_wrap td_block_9 tdi_20 td_with_ajax_pagination td-pb-border-top td_block_template_1 td-column-2 td_block_padding td_block_bot_line\" data-td-block-uid=\"tdi_20\">\n<div class=\"td-block-title-wrap\">\n<h4 class=\"block-title td-block-title\"><span class=\"td-pulldown-size\">CITE\u0218TE MAI MULT<\/span><\/h4>\n<\/div>\n<div id=\"tdi_20\" class=\"td_block_inner\">\n<div class=\"td-block-row\">\n<div class=\"td-block-span6\">\n<div class=\"td_module_8 td_module_wrap\">\n<div class=\"item-details\">\n<h3 class=\"entry-title td-module-title\"><a href=\"https:\/\/r3media.ro\/film-nou-stapanul-inelelor-corect-politic-regizor-andy-serkis-diversitate-tolkien-mitologie-nordica\/\" rel=\"bookmark\" title=\"Noul film \u201eSt\u0103p\u00e2nul Inelelor\u201d nu va fi corect politic. Regizorul Andy Serkis: J.R.R. Tolkien a fost influen\u021bat de mitologia nordic\u0103. Nu vrem o distribu\u021bie de dragul de a bifa c\u0103su\u021be\">Noul film \u201eSt\u0103p\u00e2nul Inelelor\u201d nu va fi corect politic. Regizorul Andy Serkis: J.R.R. Tolkien&#8230;<\/a><\/h3>\n<div class=\"td-module-meta-info\"><a href=\"https:\/\/r3media.ro\/category\/featured\/\" class=\"td-post-category\">FEATURED<\/a><span class=\"td-post-author-name\"><a href=\"https:\/\/r3media.ro\/author\/oana\/\">Oana Ivan<\/a><span>&#8211;<\/span><\/span><span class=\"td-post-date\"><time class=\"entry-date updated td-module-date\" datetime=\"2026-07-26T15:49:31+03:00\">26\/07\/2026<\/time><\/span><\/div>\n<\/div>\n<\/div>\n<\/div>\n<div class=\"td-block-span6\">\n<div class=\"td_module_8 td_module_wrap\">\n<div class=\"item-details\">\n<h3 class=\"entry-title td-module-title\"><a href=\"https:\/\/r3media.ro\/marea-britanie-apa-inteligenta-artificiala-romania-centru-ai-restrictii-consum-apa\/\" rel=\"bookmark\" title=\"Marea Britanie nu mai are suficient\u0103 ap\u0103 pentru Inteligen\u021ba Artificial\u0103, dar Rom\u00e2nia vrea s\u0103 g\u0103zduiasc\u0103 un centru AI care consum\u0103 c\u00e2t sute de mii de oameni \u0219i impune restric\u021bii la consumul de ap\u0103 al popula\u021biei\">Marea Britanie nu mai are suficient\u0103 ap\u0103 pentru Inteligen\u021ba Artificial\u0103, dar Rom\u00e2nia vrea s\u0103&#8230;<\/a><\/h3>\n<div class=\"td-module-meta-info\"><a href=\"https:\/\/r3media.ro\/category\/actualitate\/\" class=\"td-post-category\">ACTUALITATE<\/a><span class=\"td-post-author-name\"><a href=\"https:\/\/r3media.ro\/author\/radu_ursan\/\">Radu Ursan<\/a><span>&#8211;<\/span><\/span><span class=\"td-post-date\"><time class=\"entry-date updated td-module-date\" datetime=\"2026-07-23T11:44:13+03:00\">23\/07\/2026<\/time><\/span><\/div>\n<\/div>\n<\/div>\n<\/div>\n<\/div>\n<div class=\"td-block-row\">\n<div class=\"td-block-span6\">\n<div class=\"td_module_8 td_module_wrap\">\n<div class=\"item-details\">\n<h3 class=\"entry-title td-module-title\"><a href=\"https:\/\/r3media.ro\/campion-olimpic-olaf-tufte-mort-subit-50-ani\/\" rel=\"bookmark\" title=\"Campionul olimpic Olaf Tufte a murit subit la 50 de ani\">Campionul olimpic Olaf Tufte a murit subit la 50 de ani<\/a><\/h3>\n<div class=\"td-module-meta-info\"><a href=\"https:\/\/r3media.ro\/category\/actualitate\/\" class=\"td-post-category\">ACTUALITATE<\/a><span class=\"td-post-author-name\"><a href=\"https:\/\/r3media.ro\/author\/oana\/\">Oana Ivan<\/a><span>&#8211;<\/span><\/span><span class=\"td-post-date\"><time class=\"entry-date updated td-module-date\" datetime=\"2026-07-22T12:11:02+03:00\">22\/07\/2026<\/time><\/span><\/div>\n<\/div>\n<\/div>\n<\/div>\n<div class=\"td-block-span6\">\n<div class=\"td_module_8 td_module_wrap\">\n<div class=\"item-details\">\n<h3 class=\"entry-title td-module-title\"><a href=\"https:\/\/r3media.ro\/explozie-incendiu-fabrica-kronospan-brasov-video\/\" rel=\"bookmark\" title=\"VIDEO | Explozie urmat\u0103 de un incendiu la fabrica Kronospan din Bra\u0219ov. \u00cen timp ce pompierii \u00eencercau s\u0103 sting\u0103 focul s-a produs o alt\u0103 explozie\">VIDEO | Explozie urmat\u0103 de un incendiu la fabrica Kronospan din Bra\u0219ov. \u00cen timp&#8230;<\/a><\/h3>\n<div class=\"td-module-meta-info\"><a href=\"https:\/\/r3media.ro\/category\/actualitate\/\" class=\"td-post-category\">ACTUALITATE<\/a><span class=\"td-post-author-name\"><a href=\"https:\/\/r3media.ro\/author\/oana\/\">Oana Ivan<\/a><span>&#8211;<\/span><\/span><span class=\"td-post-date\"><time class=\"entry-date updated td-module-date\" datetime=\"2026-07-22T10:01:28+03:00\">22\/07\/2026<\/time><\/span><\/div>\n<\/div>\n<\/div>\n<\/div>\n<\/div>\n<div class=\"td-block-row\">\n<div class=\"td-block-span6\">\n<div class=\"td_module_8 td_module_wrap\">\n<div class=\"item-details\">\n<h3 class=\"entry-title td-module-title\"><a href=\"https:\/\/r3media.ro\/asa-incepe-compania-openai-afirma-un-model-de-inteligenta-artificiala-a-atacat-din-proprie-initiativa-sistemele-unei-alte-companii\/\" rel=\"bookmark\" title=\"A\u0219a \u00eencepe? Compania OpenAI afirm\u0103 un model de inteligen\u021b\u0103 artificial\u0103 a ATACAT din proprie ini\u021biativ\u0103 sistemele unei alte companii\">A\u0219a \u00eencepe? Compania OpenAI afirm\u0103 un model de inteligen\u021b\u0103 artificial\u0103 a ATACAT din proprie&#8230;<\/a><\/h3>\n<div class=\"td-module-meta-info\"><a href=\"https:\/\/r3media.ro\/category\/actualitate\/\" class=\"td-post-category\">ACTUALITATE<\/a><span class=\"td-post-author-name\"><a href=\"https:\/\/r3media.ro\/author\/teodor_stan\/\">Teodor Stan<\/a><span>&#8211;<\/span><\/span><span class=\"td-post-date\"><time class=\"entry-date updated td-module-date\" datetime=\"2026-07-22T09:10:53+03:00\">22\/07\/2026<\/time><\/span><\/div>\n<\/div>\n<\/div>\n<\/div>\n<div class=\"td-block-span6\">\n<div class=\"td_module_8 td_module_wrap\">\n<div class=\"item-details\">\n<h3 class=\"entry-title td-module-title\"><a href=\"https:\/\/r3media.ro\/episcopul-husilor-oameni-animale-therieni-degradare-progresism\/\" rel=\"bookmark\" title=\"Episcopul Hu\u0219ilor, despre oamenii care se cred animale: V\u0103 da\u021bi seama c\u00e2t\u0103 degradare uman\u0103 este? De ce? Pentru c\u0103 se \u00eencred \u00een progresism\">Episcopul Hu\u0219ilor, despre oamenii care se cred animale: V\u0103 da\u021bi seama c\u00e2t\u0103 degradare uman\u0103&#8230;<\/a><\/h3>\n<div class=\"td-module-meta-info\"><a href=\"https:\/\/r3media.ro\/category\/actualitate\/\" class=\"td-post-category\">ACTUALITATE<\/a><span class=\"td-post-author-name\"><a href=\"https:\/\/r3media.ro\/author\/radu_ursan\/\">Radu Ursan<\/a><span>&#8211;<\/span><\/span><span class=\"td-post-date\"><time class=\"entry-date updated td-module-date\" datetime=\"2026-07-21T19:30:46+03:00\">21\/07\/2026<\/time><\/span><\/div>\n<\/div>\n<\/div>\n<\/div>\n<\/div>\n<div class=\"td-block-row\">\n<div class=\"td-block-span6\">\n<div class=\"td_module_8 td_module_wrap\">\n<div class=\"item-details\">\n<h3 class=\"entry-title td-module-title\"><a href=\"https:\/\/r3media.ro\/video-cult-femeie-dumnezeu-mama-romania\/\" rel=\"bookmark\" title=\"VIDEO | Un cult care consider\u0103 o femeie coreean\u0103 drept \u201eDumnezeu Mama\u201d face prozeli\u021bi \u00een Rom\u00e2nia\">VIDEO | Un cult care consider\u0103 o femeie coreean\u0103 drept \u201eDumnezeu Mama\u201d face prozeli\u021bi&#8230;<\/a><\/h3>\n<div class=\"td-module-meta-info\"><a href=\"https:\/\/r3media.ro\/category\/actualitate\/\" class=\"td-post-category\">ACTUALITATE<\/a><span class=\"td-post-author-name\"><a href=\"https:\/\/r3media.ro\/author\/redactia\/\">Redac\u021bia<\/a><span>&#8211;<\/span><\/span><span class=\"td-post-date\"><time class=\"entry-date updated td-module-date\" datetime=\"2026-07-21T11:14:08+03:00\">21\/07\/2026<\/time><\/span><\/div>\n<\/div>\n<\/div>\n<\/div>\n<div class=\"td-block-span6\">\n<div class=\"td_module_8 td_module_wrap\">\n<div class=\"item-details\">\n<h3 class=\"entry-title td-module-title\"><a href=\"https:\/\/r3media.ro\/cehia-interzice-telefoanele-in-scoli\/\" rel=\"bookmark\" title=\"Cehia se preg\u0103te\u0219te s\u0103 interzic\u0103 telefoanele mobile \u00een \u0219coli\">Cehia se preg\u0103te\u0219te s\u0103 interzic\u0103 telefoanele mobile \u00een \u0219coli<\/a><\/h3>\n<div class=\"td-module-meta-info\"><a href=\"https:\/\/r3media.ro\/category\/actualitate\/\" class=\"td-post-category\">ACTUALITATE<\/a><span class=\"td-post-author-name\"><a href=\"https:\/\/r3media.ro\/author\/redactia\/\">Redac\u021bia<\/a><span>&#8211;<\/span><\/span><span class=\"td-post-date\"><time class=\"entry-date updated td-module-date\" datetime=\"2026-07-20T22:34:13+03:00\">20\/07\/2026<\/time><\/span><\/div>\n<\/div>\n<\/div>\n<\/div>\n<\/div>\n<div class=\"td-block-row\">\n<div class=\"td-block-span6\">\n<div class=\"td_module_8 td_module_wrap\">\n<div class=\"item-details\">\n<h3 class=\"entry-title td-module-title\"><a href=\"https:\/\/r3media.ro\/mihail-neamtu-oblgatie-romania\/\" rel=\"bookmark\" title=\"Mihail Neam\u021bu: Suntem o \u021bar\u0103 mic\u0103, iar singura obliga\u021bie a politicienilor de la Bucure\u0219ti e s\u0103 nu introduc\u0103 Rom\u00e2nia \u00eentr-un r\u0103zboi stupid \u0219i perdant\">Mihail Neam\u021bu: Suntem o \u021bar\u0103 mic\u0103, iar singura obliga\u021bie a politicienilor de la Bucure\u0219ti&#8230;<\/a><\/h3>\n<div class=\"td-module-meta-info\"><a href=\"https:\/\/r3media.ro\/category\/actualitate\/\" class=\"td-post-category\">ACTUALITATE<\/a><span class=\"td-post-author-name\"><a href=\"https:\/\/r3media.ro\/author\/redactia\/\">Redac\u021bia<\/a><span>&#8211;<\/span><\/span><span class=\"td-post-date\"><time class=\"entry-date updated td-module-date\" datetime=\"2026-07-20T22:01:16+03:00\">20\/07\/2026<\/time><\/span><\/div>\n<\/div>\n<\/div>\n<\/div>\n<div class=\"td-block-span6\">\n<div class=\"td_module_8 td_module_wrap\">\n<div class=\"item-details\">\n<h3 class=\"entry-title td-module-title\"><a href=\"https:\/\/r3media.ro\/petrisor-peiu-conditii-aur-vot-guvernul-vestea-nicusor-dan-solutii-bunastare-romani\/\" rel=\"bookmark\" title=\"Condi\u021biile AUR pentru a vota Guvernul Ve\u0219tea. Petri\u0219or Peiu propune solu\u021bii clare pentru bun\u0103starea rom\u00e2nilor\">Condi\u021biile AUR pentru a vota Guvernul Ve\u0219tea. Petri\u0219or Peiu propune solu\u021bii clare pentru bun\u0103starea&#8230;<\/a><\/h3>\n<div class=\"td-module-meta-info\"><a href=\"https:\/\/r3media.ro\/category\/stiri\/\" class=\"td-post-category\">\u0218TIRI<\/a><span class=\"td-post-author-name\"><a href=\"https:\/\/r3media.ro\/author\/oana\/\">Oana Ivan<\/a><span>&#8211;<\/span><\/span><span class=\"td-post-date\"><time class=\"entry-date updated td-module-date\" datetime=\"2026-06-17T10:10:31+03:00\">17\/06\/2026<\/time><\/span><\/div>\n<\/div>\n<\/div>\n<\/div>\n<\/div>\n<div class=\"td-block-row\">\n<div class=\"td-block-span6\">\n<div class=\"td_module_8 td_module_wrap\">\n<div class=\"item-details\">\n<h3 class=\"entry-title td-module-title\"><a href=\"https:\/\/r3media.ro\/mihail-neamtu-neeuropeana-imperiu-birocrati-bruxelles-inarmarea-germaniei\/\" rel=\"bookmark\" title=\"EXCLUSIVITATE Mihail Neam\u021bu: Exist\u0103 o tendin\u021b\u0103 neeuropean\u0103 de a se crea un imperiu condus de birocra\u021bi de la Bruxelles \/ Pericolul \u00eenarm\u0103rii Germaniei\">EXCLUSIVITATE Mihail Neam\u021bu: Exist\u0103 o tendin\u021b\u0103 neeuropean\u0103 de a se crea un imperiu condus&#8230;<\/a><\/h3>\n<div class=\"td-module-meta-info\"><a href=\"https:\/\/r3media.ro\/category\/stiri\/\" class=\"td-post-category\">\u0218TIRI<\/a><span class=\"td-post-author-name\"><a href=\"https:\/\/r3media.ro\/author\/oana\/\">Oana Ivan<\/a><span>&#8211;<\/span><\/span><span class=\"td-post-date\"><time class=\"entry-date updated td-module-date\" datetime=\"2026-06-22T09:02:12+03:00\">22\/06\/2026<\/time><\/span><\/div>\n<\/div>\n<\/div>\n<\/div>\n<div class=\"td-block-span6\">\n<div class=\"td_module_8 td_module_wrap\">\n<div class=\"item-details\">\n<h3 class=\"entry-title td-module-title\"><a href=\"https:\/\/r3media.ro\/spania-invinge-argentina-castiga-cupa-mondiala\/\" rel=\"bookmark\" title=\"Spania a \u00eenvins Argentina \u0219i a c\u00e2\u0219tigat Cupa Mondial\u0103 pentru a doua oar\u0103 \u00een istorie\">Spania a \u00eenvins Argentina \u0219i a c\u00e2\u0219tigat Cupa Mondial\u0103 pentru a doua oar\u0103 \u00een&#8230;<\/a><\/h3>\n<div class=\"td-module-meta-info\"><a href=\"https:\/\/r3media.ro\/category\/actualitate\/\" class=\"td-post-category\">ACTUALITATE<\/a><span class=\"td-post-author-name\"><a href=\"https:\/\/r3media.ro\/author\/oana\/\">Oana Ivan<\/a><span>&#8211;<\/span><\/span><span class=\"td-post-date\"><time class=\"entry-date updated td-module-date\" datetime=\"2026-07-20T01:04:07+03:00\">20\/07\/2026<\/time><\/span><\/div>\n<\/div>\n<\/div>\n<\/div>\n<\/div>\n<\/div>\n<div class=\"td-load-more-wrap td-load-more-infinite-wrap\" id=\"infinite-lm-tdi_20\"><a href=\"https:\/\/r3media.ro\/soferii-volvo-revolta-masini-electrice-defecte-ingrozit-vehicul-foc\/\" class=\"td_ajax_load_more td_ajax_load_more_js\" aria-label=\"\u00cenc\u0103rca\u021bi mai multe\" id=\"next-page-tdi_20\" data-td_block_id=\"tdi_20\">\u00cenc\u0103rca\u021bi mai multe<\/a><\/div>\n<\/div>\n<div class=\"td_block_wrap tdb_single_comments tdi_21 tdb-comm-layout2 td-pb-border-top td_block_template_1\" data-td-block-uid=\"tdi_21\">\n<div class=\"tdb-block-inner td-fix-index\">\n<div class=\"comments\" id=\"comments\">\n<div id=\"respond\" class=\"comment-respond\">\n<h3 id=\"reply-title\" class=\"comment-reply-title\">AI CEVA DE SPUS? <small><a rel=\"nofollow\" id=\"cancel-comment-reply-link\" href=\"https:\/\/r3media.ro\/soferii-volvo-revolta-masini-electrice-defecte-ingrozit-vehicul-foc\/#respond\">Renun\u021ba\u021bi la r\u0103spuns<\/a><\/small><\/h3>\n<div class=\"comment-form-input-wrap td-form-comment\">\n<div class=\"td-warning-comment\">V\u0103 rug\u0103m s\u0103 introduce\u021bi comentariul dvs.!<\/div>\n<\/div>\n<div class=\"comment-form-input-wrap td-form-author\">\n<div class=\"td-warning-author\">Introduce\u021bi aici numele dvs.<\/div>\n<\/div>\n<div class=\"comment-form-input-wrap td-form-email\">\n<div class=\"td-warning-email-error\">A\u021bi introdus o adres\u0103 de e-mail incorect\u0103!<\/div>\n<div class=\"td-warning-email\">V\u0103 rug\u0103m s\u0103 introduce\u021bi adresa dvs. de e-mail aici<\/div>\n<\/div>\n<\/div>\n<\/div>\n<\/div>\n<\/div>\n<\/div>\n<\/div>\n<div class=\"vc_column tdi_23  wpb_column vc_column_container tdc-column td-pb-span4 td-is-sticky\">\n<div class=\"wpb_wrapper\" data-sticky-enabled-on=\"W3RydWUsdHJ1ZSx0cnVlLHRydWVd\" data-sticky-offset=\"20\" data-sticky-is-width-auto=\"W2ZhbHNlLGZhbHNlLGZhbHNlLGZhbHNlXQ==\">\n<div class=\"wpb_wrapper td_block_wrap vc_widget_sidebar tdi_25 \">\n<div class=\"td_block_wrap td_block_7 td_block_widget tdi_26 td-pb-border-top td_block_template_1 td-column-1 td_block_padding\" data-td-block-uid=\"tdi_26\">\n<div class=\"td-block-title-wrap\">\n<h4 class=\"block-title td-block-title\"><span class=\"td-pulldown-size\">Articole RELA\u021aIONATE<\/span><\/h4>\n<\/div>\n<div id=\"tdi_26\" class=\"td_block_inner\">\n<div class=\"td-block-span12\">\n<div class=\"td_module_6 td_module_wrap td-animation-stack\">\n<div class=\"td-module-thumb\"><a href=\"https:\/\/r3media.ro\/dan-dungaciu-patriotism-european-natiunea-identitatea-europeana\/\" rel=\"bookmark\" class=\"td-image-wrap \" title=\"Prof. Dan Dungaciu despre raportul privind \u201epatriotismul european\u201d emis de la Cotroceni: Dac\u0103 na\u021biunea e un construct, atunci \u201eidentitatea european\u0103\u201d ce este?\"><img loading=\"lazy\" decoding=\"async\" class=\"entry-thumb\" src=\"https:\/\/r3media.ro\/wp-content\/uploads\/2021\/03\/uniunea-europeana-dezinformeaza-100x70.jpg\" alt title=\"Prof. Dan Dungaciu despre raportul privind \u201epatriotismul european\u201d emis de la Cotroceni: Dac\u0103 na\u021biunea e un construct, atunci \u201eidentitatea european\u0103\u201d ce este?\" width=\"100\" height=\"70\"><\/a><\/div>\n<div class=\"item-details\">\n<h3 class=\"entry-title td-module-title\"><a href=\"https:\/\/r3media.ro\/dan-dungaciu-patriotism-european-natiunea-identitatea-europeana\/\" rel=\"bookmark\" title=\"Prof. Dan Dungaciu despre raportul privind \u201epatriotismul european\u201d emis de la Cotroceni: Dac\u0103 na\u021biunea e un construct, atunci \u201eidentitatea european\u0103\u201d ce este?\">Prof. Dan Dungaciu despre raportul privind \u201epatriotismul european\u201d emis de la&#8230;<\/a><\/h3>\n<div class=\"td-module-meta-info\"><span class=\"td-post-date\"><time class=\"entry-date updated td-module-date\" datetime=\"2026-07-27T09:51:21+03:00\">27\/07\/2026<\/time><\/span><\/div>\n<\/div>\n<\/div>\n<\/div>\n<div class=\"td-block-span12\">\n<div class=\"td_module_6 td_module_wrap td-animation-stack\">\n<div class=\"td-module-thumb\"><a href=\"https:\/\/r3media.ro\/urs-sibiu\/\" rel=\"bookmark\" class=\"td-image-wrap \" title=\"Un urs a fost v\u0103zut pe unul dintre cele mai circulate bulevarde din Sibiu\"><img loading=\"lazy\" decoding=\"async\" class=\"entry-thumb\" src=\"https:\/\/r3media.ro\/wp-content\/uploads\/2026\/07\/urs-sibiu-100x70.jpg\" alt title=\"Un urs a fost v\u0103zut pe unul dintre cele mai circulate bulevarde din Sibiu\" width=\"100\" height=\"70\"><\/a><\/div>\n<div class=\"item-details\">\n<h3 class=\"entry-title td-module-title\"><a href=\"https:\/\/r3media.ro\/urs-sibiu\/\" rel=\"bookmark\" title=\"Un urs a fost v\u0103zut pe unul dintre cele mai circulate bulevarde din Sibiu\">Un urs a fost v\u0103zut pe unul dintre cele mai circulate&#8230;<\/a><\/h3>\n<div class=\"td-module-meta-info\"><span class=\"td-post-date\"><time class=\"entry-date updated td-module-date\" datetime=\"2026-07-27T09:11:35+03:00\">27\/07\/2026<\/time><\/span><\/div>\n<\/div>\n<\/div>\n<\/div>\n<div class=\"td-block-span12\">\n<div class=\"td_module_6 td_module_wrap td-animation-stack\">\n<div class=\"td-module-thumb\"><a href=\"https:\/\/r3media.ro\/vladimir-putin-romania-teritorii-ucraina\/\" rel=\"bookmark\" class=\"td-image-wrap \" title=\"Vladimir Putin spune c\u0103 Rom\u00e2nia va fi printre statele care vor recupera teritorii de la Ucraina\"><img loading=\"lazy\" decoding=\"async\" class=\"entry-thumb\" src=\"https:\/\/r3media.ro\/wp-content\/uploads\/2023\/11\/putin-1-6-1536x865-1-100x70.webp\" alt title=\"Vladimir Putin spune c\u0103 Rom\u00e2nia va fi printre statele care vor recupera teritorii de la Ucraina\" width=\"100\" height=\"70\"><\/a><\/div>\n<div class=\"item-details\">\n<h3 class=\"entry-title td-module-title\"><a href=\"https:\/\/r3media.ro\/vladimir-putin-romania-teritorii-ucraina\/\" rel=\"bookmark\" title=\"Vladimir Putin spune c\u0103 Rom\u00e2nia va fi printre statele care vor recupera teritorii de la Ucraina\">Vladimir Putin spune c\u0103 Rom\u00e2nia va fi printre statele care vor&#8230;<\/a><\/h3>\n<div class=\"td-module-meta-info\"><span class=\"td-post-date\"><time class=\"entry-date updated td-module-date\" datetime=\"2026-07-27T08:21:48+03:00\">27\/07\/2026<\/time><\/span><\/div>\n<\/div>\n<\/div>\n<\/div>\n<div class=\"td-block-span12\">\n<div class=\"td_module_6 td_module_wrap td-animation-stack\">\n<div class=\"td-module-thumb\"><a href=\"https:\/\/r3media.ro\/27-iulie-sf-mare-mucenic-pantelimon\/\" rel=\"bookmark\" class=\"td-image-wrap \" title=\"Calendarul zilei 27 iulie: Sf. Mare Mucenic Pantelimon\"><img loading=\"lazy\" decoding=\"async\" class=\"entry-thumb\" src=\"https:\/\/r3media.ro\/wp-content\/uploads\/2022\/07\/maxresdefault-9-100x70.jpg\" alt title=\"Calendarul zilei 27 iulie: Sf. Mare Mucenic Pantelimon\" width=\"100\" height=\"70\"><\/a><\/div>\n<div class=\"item-details\">\n<h3 class=\"entry-title td-module-title\"><a href=\"https:\/\/r3media.ro\/27-iulie-sf-mare-mucenic-pantelimon\/\" rel=\"bookmark\" title=\"Calendarul zilei 27 iulie: Sf. Mare Mucenic Pantelimon\">Calendarul zilei 27 iulie: Sf. Mare Mucenic Pantelimon<\/a><\/h3>\n<div class=\"td-module-meta-info\"><span class=\"td-post-date\"><time class=\"entry-date updated td-module-date\" datetime=\"2026-07-26T23:00:48+03:00\">26\/07\/2026<\/time><\/span><\/div>\n<\/div>\n<\/div>\n<\/div>\n<div class=\"td-block-span12\">\n<div class=\"td_module_6 td_module_wrap td-animation-stack\">\n<div class=\"td-module-thumb\"><a href=\"https:\/\/r3media.ro\/film-nou-stapanul-inelelor-corect-politic-regizor-andy-serkis-diversitate-tolkien-mitologie-nordica\/\" rel=\"bookmark\" class=\"td-image-wrap \" title=\"Noul film \u201eSt\u0103p\u00e2nul Inelelor\u201d nu va fi corect politic. Regizorul Andy Serkis: J.R.R. Tolkien a fost influen\u021bat de mitologia nordic\u0103. Nu vrem o distribu\u021bie de dragul de a bifa c\u0103su\u021be\"><img loading=\"lazy\" decoding=\"async\" class=\"entry-thumb\" src=\"https:\/\/r3media.ro\/wp-content\/uploads\/2026\/07\/comitatul-din-stapanul-inelelor-100x70.jpg\" alt title=\"Noul film \u201eSt\u0103p\u00e2nul Inelelor\u201d nu va fi corect politic. Regizorul Andy Serkis: J.R.R. Tolkien a fost influen\u021bat de mitologia nordic\u0103. Nu vrem o distribu\u021bie de dragul de a bifa c\u0103su\u021be\" width=\"100\" height=\"70\"><\/a><\/div>\n<div class=\"item-details\">\n<h3 class=\"entry-title td-module-title\"><a href=\"https:\/\/r3media.ro\/film-nou-stapanul-inelelor-corect-politic-regizor-andy-serkis-diversitate-tolkien-mitologie-nordica\/\" rel=\"bookmark\" title=\"Noul film \u201eSt\u0103p\u00e2nul Inelelor\u201d nu va fi corect politic. Regizorul Andy Serkis: J.R.R. Tolkien a fost influen\u021bat de mitologia nordic\u0103. Nu vrem o distribu\u021bie de dragul de a bifa c\u0103su\u021be\">Noul film \u201eSt\u0103p\u00e2nul Inelelor\u201d nu va fi corect politic. Regizorul Andy&#8230;<\/a><\/h3>\n<div class=\"td-module-meta-info\"><span class=\"td-post-date\"><time class=\"entry-date updated td-module-date\" datetime=\"2026-07-26T15:49:31+03:00\">26\/07\/2026<\/time><\/span><\/div>\n<\/div>\n<\/div>\n<\/div>\n<div class=\"td-block-span12\">\n<div class=\"td_module_6 td_module_wrap td-animation-stack\">\n<div class=\"td-module-thumb\"><a href=\"https:\/\/r3media.ro\/prima-oara-istorie-presedintia-document-primplan-patriotism-european\/\" rel=\"bookmark\" class=\"td-image-wrap \" title=\"Pentru prima oar\u0103 \u00een istorie, Pre\u0219edin\u021bia Rom\u00e2niei emite un document care pune pe primul plan o alt\u0103 entitate dec\u00e2t \u021bara noastr\u0103: patriotismul european\"><img loading=\"lazy\" decoding=\"async\" class=\"entry-thumb\" src=\"https:\/\/r3media.ro\/wp-content\/uploads\/2023\/09\/presedintele-romaniei-2024-e1695036284445-100x70.jpg\" alt title=\"Pentru prima oar\u0103 \u00een istorie, Pre\u0219edin\u021bia Rom\u00e2niei emite un document care pune pe primul plan o alt\u0103 entitate dec\u00e2t \u021bara noastr\u0103: patriotismul european\" width=\"100\" height=\"70\"><\/a><\/div>\n<div class=\"item-details\">\n<h3 class=\"entry-title td-module-title\"><a href=\"https:\/\/r3media.ro\/prima-oara-istorie-presedintia-document-primplan-patriotism-european\/\" rel=\"bookmark\" title=\"Pentru prima oar\u0103 \u00een istorie, Pre\u0219edin\u021bia Rom\u00e2niei emite un document care pune pe primul plan o alt\u0103 entitate dec\u00e2t \u021bara noastr\u0103: patriotismul european\">Pentru prima oar\u0103 \u00een istorie, Pre\u0219edin\u021bia Rom\u00e2niei emite un document care&#8230;<\/a><\/h3>\n<div class=\"td-module-meta-info\"><span class=\"td-post-date\"><time class=\"entry-date updated td-module-date\" datetime=\"2026-07-26T11:44:31+03:00\">26\/07\/2026<\/time><\/span><\/div>\n<\/div>\n<\/div>\n<\/div>\n<div class=\"td-block-span12\">\n<div class=\"td_module_6 td_module_wrap td-animation-stack\">\n<div class=\"td-module-thumb\"><a href=\"https:\/\/r3media.ro\/criza-apei-europa-olanda-penurie-rauri-dunare-nivel-scazut-1996\/\" rel=\"bookmark\" class=\"td-image-wrap \" title=\"Criza apei: R\u00e2urile din Europa devin tot mai mici \u0219i Olanda a declarat penurie. Dun\u0103rea a ajuns la cel mai sc\u0103zut nivel din 1996 \u0219i a scos la suprafa\u021b\u0103 epave din cel de-al Doilea R\u0103zboi Mondial\"><img loading=\"lazy\" decoding=\"async\" class=\"entry-thumb\" src=\"https:\/\/r3media.ro\/wp-content\/uploads\/2022\/05\/canal-dunarea-marea-neagra-e1653508834823-100x70.jpg\" alt title=\"Criza apei: R\u00e2urile din Europa devin tot mai mici \u0219i Olanda a declarat penurie. Dun\u0103rea a ajuns la cel mai sc\u0103zut nivel din 1996 \u0219i a scos la suprafa\u021b\u0103 epave din cel de-al Doilea R\u0103zboi Mondial\" width=\"100\" height=\"70\"><\/a><\/div>\n<div class=\"item-details\">\n<h3 class=\"entry-title td-module-title\"><a href=\"https:\/\/r3media.ro\/criza-apei-europa-olanda-penurie-rauri-dunare-nivel-scazut-1996\/\" rel=\"bookmark\" title=\"Criza apei: R\u00e2urile din Europa devin tot mai mici \u0219i Olanda a declarat penurie. Dun\u0103rea a ajuns la cel mai sc\u0103zut nivel din 1996 \u0219i a scos la suprafa\u021b\u0103 epave din cel de-al Doilea R\u0103zboi Mondial\">Criza apei: R\u00e2urile din Europa devin tot mai mici \u0219i Olanda&#8230;<\/a><\/h3>\n<div class=\"td-module-meta-info\"><span class=\"td-post-date\"><time class=\"entry-date updated td-module-date\" datetime=\"2026-07-26T10:26:19+03:00\">26\/07\/2026<\/time><\/span><\/div>\n<\/div>\n<\/div>\n<\/div>\n<\/div>\n<\/div>\n<aside class=\"td_block_template_1 widget widget_recent_comments\">\n<h4 class=\"block-title\"><span>INTR\u0102 \u00ceN DISCU\u021aIE!<\/span><\/h4>\n<ul id=\"recentcomments\">\n<li class=\"recentcomments\"><span class=\"comment-author-link\">Nicu<\/span> la <a href=\"https:\/\/r3media.ro\/ford-recheama-service-500-000-masini-risc-incendiu-motor\/#comment-40311\">Ford recheam\u0103 \u00een service peste 500.000 de ma\u0219ini din cauza riscului de incendiu la motor<\/a><\/li>\n<li class=\"recentcomments\"><span class=\"comment-author-link\">Nicu<\/span> la <a href=\"https:\/\/r3media.ro\/iiccmer-solicita-demolare-statuie-poet-adrian-paunescu-gradina-icoanei-bucuresti\/#comment-40309\">IICCMER solicit\u0103 demolarea statuii poetului Adrian P\u0103unescu din Gr\u0103dina Icoanei din Bucure\u0219ti<\/a><\/li>\n<li class=\"recentcomments\"><span class=\"comment-author-link\">Eu<\/span> la <a href=\"https:\/\/r3media.ro\/mihail-neamtu-aur-transparentizarea-surselor-de-finantare-a-ong-urilor-este-obligatorie-unele-dintre-ele-pun-in-pericol-interesele-romaniei\/#comment-40308\">Mihail Neam\u021bu (AUR): Transparentizarea surselor de finan\u021bare a ONG-urilor este obligatorie! Unele dintre ele pun \u00een pericol interesele Rom\u00e2niei<\/a><\/li>\n<li class=\"recentcomments\"><span class=\"comment-author-link\">Mamarica<\/span> la <a href=\"https:\/\/r3media.ro\/marea-britanie-apa-inteligenta-artificiala-romania-centru-ai-restrictii-consum-apa\/#comment-40307\">Marea Britanie nu mai are suficient\u0103 ap\u0103 pentru Inteligen\u021ba Artificial\u0103, dar Rom\u00e2nia vrea s\u0103 g\u0103zduiasc\u0103 un centru AI care consum\u0103 c\u00e2t sute de mii de oameni \u0219i impune restric\u021bii la consumul de ap\u0103 al popula\u021biei<\/a><\/li>\n<li class=\"recentcomments\"><span class=\"comment-author-link\">Redac\u021bia<\/span> la <a href=\"https:\/\/r3media.ro\/marea-britanie-apa-inteligenta-artificiala-romania-centru-ai-restrictii-consum-apa\/#comment-40306\">Marea Britanie nu mai are suficient\u0103 ap\u0103 pentru Inteligen\u021ba Artificial\u0103, dar Rom\u00e2nia vrea s\u0103 g\u0103zduiasc\u0103 un centru AI care consum\u0103 c\u00e2t sute de mii de oameni \u0219i impune restric\u021bii la consumul de ap\u0103 al popula\u021biei<\/a><\/li>\n<li class=\"recentcomments\"><span class=\"comment-author-link\">Luminita<\/span> la <a href=\"https:\/\/r3media.ro\/marea-britanie-apa-inteligenta-artificiala-romania-centru-ai-restrictii-consum-apa\/#comment-40305\">Marea Britanie nu mai are suficient\u0103 ap\u0103 pentru Inteligen\u021ba Artificial\u0103, dar Rom\u00e2nia vrea s\u0103 g\u0103zduiasc\u0103 un centru AI care consum\u0103 c\u00e2t sute de mii de oameni \u0219i impune restric\u021bii la consumul de ap\u0103 al popula\u021biei<\/a><\/li>\n<li class=\"recentcomments\"><span class=\"comment-author-link\">Redac\u021bia<\/span> la <a href=\"https:\/\/r3media.ro\/marea-britanie-apa-inteligenta-artificiala-romania-centru-ai-restrictii-consum-apa\/#comment-40304\">Marea Britanie nu mai are suficient\u0103 ap\u0103 pentru Inteligen\u021ba Artificial\u0103, dar Rom\u00e2nia vrea s\u0103 g\u0103zduiasc\u0103 un centru AI care consum\u0103 c\u00e2t sute de mii de oameni \u0219i impune restric\u021bii la consumul de ap\u0103 al popula\u021biei<\/a><\/li>\n<\/ul>\n<\/aside>\n<aside class=\"td_block_template_1 widget widget_search\">\n<h4 class=\"block-title\"><span>CAUT\u0102 \u0218I VEI G\u0102SI<\/span><\/h4>\n<\/aside>\n<\/div>\n<\/div>\n<\/div>\n<\/div>\n<\/div>\n<\/div>\n<\/div>\n<p><span class=\"td-page-meta\"><\/span><span class=\"td-page-meta\"><span class=\"td-page-meta\"><\/span><\/span><span class=\"td-page-meta\"><\/span><\/article>\n<\/p>\n<div class=\"td_block_wrap tdb_single_content tdi_18 td-pb-border-top td_block_template_1 td-post-content tagdiv-type\" data-td-block-uid=\"tdi_18\">\n<div class=\"tdb-block-inner td-fix-index\">\n<p><strong><a href=\"https:\/\/r3media.ro\/tag\/volvo\/\" target=\"_blank\" rel=\"noopener\">Volvo<\/a> se confrunt\u0103 cu critici tot mai mari din cauza defec\u021biunilor tehnice ale uneia dintre cele mai bine v\u00e2ndute <a href=\"https:\/\/r3media.ro\/tag\/masini-electrice\/\" target=\"_blank\" rel=\"noopener\">ma\u0219ini electrice<\/a> ale sale. Peste 10.000 de modele EX30 de pe \u0219oselele din Marea Britanie au fost semnalate ca av\u00e2nd poten\u021biale probleme de siguran\u021b\u0103. Clien\u021bii au fost sf\u0103tui\u021bi s\u0103 nu \u00ee\u0219i \u00eencarce ma\u0219inile la mai mult de 70% din cauza riscului de incendiu, conform <a href=\"https:\/\/www.telegraph.co.uk\/money\/consumer-affairs\/volvo-in-chaos-over-faulty-evs\/\" target=\"_blank\" rel=\"noopener\">The Telegraph<\/a>.<\/strong><\/p>\n<p>Al\u021bi \u0219oferi au raportat defec\u021biuni suplimentare \u0219i c\u0103 a\u0219teapt\u0103 luni de zile pentru repara\u021bii. Au existat \u0219i conduc\u0103tori auto care au sus\u021binut c\u0103 ma\u0219ina a preluat singur\u0103 controlul. Avoca\u021bii caut\u0103 acum clien\u021bii afecta\u021bi pentru o ac\u021biune colectiv\u0103 \u00een justi\u021bie.<\/p>\n<p>Problemele reprezint\u0103 o lovitur\u0103 pentru produc\u0103torul auto suedez, care \u00een ultimii ani \u0219i-a transformat fosta reputa\u021bie de marc\u0103 ce prioritiza caracteristicile de siguran\u021b\u0103 \u00een detrimentul stilului. Compania Volvo a fost considerat\u0103 ca av\u00e2nd unele dintre cele mai bune SUV-uri de familie de pe pia\u021b\u0103.<\/p>\n<p>Modelele sale XC90, XC60 \u0219i XC40 sunt printre cele mai populare SUV-uri din Marea Britanie. Acum \u00eens\u0103 proprietarii noului EX30 solicit\u0103 ramburs\u0103ri integrale. Rechemarea \u00een service afecteaz\u0103 aproximativ 37.000 de clien\u021bi din \u00eentreaga lume.<\/p>\n<h2><strong>\u0218oferii Volvo se revolt\u0103 din cauza ma\u0219inilor electrice \u201edefecte\u201d: \u201eSunt \u00eengrozit c\u0103 ma\u0219ina mea va lua foc\u201d<\/strong><\/h2>\n<p>\u00a0<\/p>\n<p>\u201eVolvo a fost bun cu mine de-a lungul anilor, dar cump\u0103rarea modelului EX30 a fost cea mai mare gre\u0219eal\u0103 pe care am f\u0103cut-o vreodat\u0103\u201d, a declarat Allan Rhodes, un \u0219ofer loial Volvo de peste 20 de ani.<\/p>\n<p>Inginerul electrician pensionar a achizi\u021bionat ma\u0219ina de la o reprezentan\u021b\u0103 auto din Glasgow, \u00een septembrie 2024. El a spus c\u0103 a \u00eent\u00e2mpinat probleme \u201econstante\u201d cu aceasta, inclusiv probleme cu set\u0103rile cheii \u0219i pilotului automat.<\/p>\n<p>La \u00eenceputul anului, Rhodes \u0219i al\u021bi clien\u021bi au primit o rechemare oficial\u0103 de siguran\u021b\u0103 de la Volvo.<\/p>\n<p>\u00cen scrisoarea de la \u0219eful serviciului de asisten\u021b\u0103 clien\u021bi din Marea Britanie, Volvo a declarat c\u0103 a identificat o problem\u0103 cu bateria de \u00eenalt\u0103 tensiune la modelele EX30 Single Motor Extended Range \u0219i Twin Motor Performance. \u00cen cazuri rare, defec\u021biunea ar putea cauza supra\u00eenc\u0103lzirea bateriei atunci c\u00e2nd este \u00eenc\u0103rcat\u0103 peste 70%. Acest lucru ar putea provoca un \u201eposibil incendiu\u201d, a declarat compania.<\/p>\n<p>De asemenea, a avertizat utilizatorii s\u0103 nu-\u0219i lase ma\u0219inile nesupravegheate \u00een timp ce se \u00eencarc\u0103 \u00een cl\u0103diri sau garaje.<\/p>\n<p>Volvo a declarat c\u0103 rata de defec\u021biune r\u0103m\u00e2ne la sub 0,1% din ma\u0219inile afectate \u00een mod specific de rechemare. La nivelul tuturor ma\u0219inilor EX30 v\u00e2ndute, aceasta ar fi de aproximativ 0,01%, conform companiei. Totu\u0219i, ma\u0219ina lui Rhodes a stat parcat\u0103 \u00een fa\u021ba locuin\u021bei.<\/p>\n<p>\u201eM\u0103 apropii de 75 de ani \u0219i am aceast\u0103 team\u0103 c\u0103 ma\u0219ina va izbucni \u00een fl\u0103c\u0103ri. Anxietatea pe care mi-o provoac\u0103 este incredibil\u0103\u201d, a spus el.<\/p>\n<h2><strong>Al\u021bi proprietari de ma\u0219ini electrice Volvo reclam\u0103 probleme legate de repara\u021bii<\/strong><\/h2>\n<p>\u00a0<\/p>\n<p>Deborah Smith se num\u0103r\u0103, de asemenea, printre clien\u021bii care au a\u0219teptat luni de zile o pies\u0103 de schimb. Psihoterapeut independent, trebuia s\u0103-\u0219i examineze ma\u0219ina \u00een Preston \u00een iulie, dar programarea a fost anulat\u0103.<\/p>\n<p>\u201eDac\u0103 este periculos, de ce dureaz\u0103 at\u00e2t de mult p\u00e2n\u0103 se rezolv\u0103 problema?\u201d, a spus ea.<\/p>\n<p>Femeia a ad\u0103ugat c\u0103, odat\u0103 cu limita de \u00eenc\u0103rcare de 70%, EX30-ul ei are acum o autonomie de aproximativ 290 km, \u00een loc de 450 km, c\u00e2te este anun\u021bat.<\/p>\n<p>\u201eNu a\u0219 fi cump\u0103rat niciodat\u0103 un vehicul cu o autonomie at\u00e2t de scurt\u0103. A\u0219 fi preferat s\u0103 iau un tractor\u201d, a spus Smith.<\/p>\n<p>Volvo a fost obligat\u0103 s\u0103 ofere vouchere de \u00eenc\u0103rcare \u00een valoare de 200 de lire sterline clien\u021bilor care au fost nevoi\u021bi s\u0103 opreasc\u0103 mai des din cauza restric\u021biilor de \u00eenc\u0103rcare.<\/p>\n<h2><strong>Unele ma\u0219ini Volvo au \u00eenceput s\u0103 se conduc\u0103 singure<\/strong><\/h2>\n<p>\u00a0<\/p>\n<p>Al\u021bi clien\u021bi frustra\u021bi au m\u0103rturisit c\u0103 au \u00eenc\u0103rcat ma\u0219inile peste limita recomandat\u0103 de 70%, \u00een ciuda avertismentelor produc\u0103torului.<\/p>\n<p>\u201eC\u0103l\u0103toriile mele au necesitat asta. \u0218tiu c\u0103 am riscat\u201d, a scris un utilizator pe re\u021belele de socializare.<\/p>\n<p>\u00cen cazul \u0219oferilor care au dep\u0103\u0219it limitele de \u00eenc\u0103rcare recomandate, Volvo UK i-a informat c\u0103 a monitorizat datele ma\u0219inii.<\/p>\n<p>\u201e\u00cen cazul unui incident, nerespectarea acestor \u00eendrum\u0103ri ar putea fi luat\u0103 \u00een considerare la stabilirea r\u0103spunderii\u201d, se arat\u0103 \u00een scrisoare.<\/p>\n<p>Pentru al\u021bi clien\u021bi, ma\u0219ina a prezentat probleme diferite.<\/p>\n<p>Chris Gibson, angajat \u00een industria hotelier\u0103 din Clitheroe, Lancashire, a sus\u021binut c\u0103 \u00een a doua zi de Cr\u0103ciun, anul trecut, EX30-ul s\u0103u a dat cu spatele spontan \u00eentr-o alt\u0103 ma\u0219in\u0103. Totul f\u0103r\u0103 ca cineva s\u0103 se afle pe scaunul \u0219oferului.<\/p>\n<p>So\u021bia sa a intrat \u00een casa tat\u0103lui ei pentru pr\u00e2nz \u0219i pentru a lua ni\u0219te cadouri.<\/p>\n<p>\u00cen timp ce \u00ee\u0219i lua r\u0103mas bun, fiul lor de nou\u0103 ani, aflat pe scaunul pasagerului din fa\u021b\u0103, a \u00eencercat s\u0103 foloseasc\u0103 consola pentru a viziona un videoclip, a spus el.<\/p>\n<p>Sistemul de supraveghere video arat\u0103 cum ma\u0219ina sa Volvo se love\u0219te cu spatele de ma\u0219ina vecinului. La inspec\u021bie, Volvo a declarat c\u0103 nu a putut g\u0103si nicio defec\u021biune la ma\u0219in\u0103.<\/p>\n<p>\u201eSuntem doar oameni obi\u0219nui\u021bi care au cump\u0103rat o ma\u0219in\u0103. Nu \u00eencerc s\u0103 fac mare caz din asta, dar so\u021bia mea nu se simte \u00een siguran\u021b\u0103\u201d, a spus el.<\/p>\n<p>Volvo UK a declarat c\u0103 \u201elucreaz\u0103 neobosit\u201d pentru a rezolva problemele, dar a refuzat s\u0103 spun\u0103 c\u00e2te ma\u0219ini defecte a remediat \u00een Marea Britanie.<\/p>\n<h2><strong>Tot mai multe ma\u0219ini electrice au luat foc din senin \u00een ultimii ani<\/strong><\/h2>\n<p>\u00a0<\/p>\n<p>Fuga termic\u0103 este principalul pericol de incendiu la ma\u0219inile electrice. Reac\u021bia apare c\u00e2nd o celul\u0103 a bateriei litiu-ion se supra\u00eenc\u0103lze\u0219te din cauza unui scurtcircuit sau a unei avarii mecanice, eliber\u00e2nd gaze inflamabile \u0219i c\u0103ldur\u0103 extrem\u0103. De\u0219i ma\u0219inile electrice iau foc mai rar dec\u00e2t cele pe benzin\u0103 sau motorin\u0103, arderile lor sunt extrem de Violente. Acestea pot dep\u0103\u0219i 1000 \u00b0C, reizbucnesc u\u0219or \u0219i sunt foarte greu de stins de c\u0103tre pompieri.<\/p>\n<p>Cauzele principale sunt defectele de fabrica\u021bie ale bateriilor, erorile din sistemul de management termic sau scurgerile de lichid de r\u0103cire. Problemele pot ap\u0103rea nu doar \u00een caz de accident, ci \u0219i \u00een timpul \u00eenc\u0103rc\u0103rii rapide sau c\u00e2nd ma\u0219ina este pur \u0219i simplu parcat\u0103. Din acest motiv, produc\u0103torii recomand\u0103 adesea parcarea vehiculelor vizate \u00een aer liber, departe de locuin\u021be, p\u00e2n\u0103 la remedierea problemelor.<\/p>\n<p>Printre m\u0103rcile puternic afectate de rechem\u0103ri \u00een service (recall) din cauza riscului de incendiu se num\u0103r\u0103 General Motors (Chevrolet Bolt), Hyundai &amp; Kia (Kona EV, Ioniq 5, EV6), Grupul Volkswagen (seria ID, Cupra Born), Jaguar (I-PACE) \u0219i Ford (Mustang Mach-E). De asemenea, incidente similare \u0219i rechem\u0103ri \u021bintite au \u00eenregistrat \u0219i produc\u0103tori precum Tesla, Mercedes-Benz sau BYD.<\/p>\n<div class=\"crp_related     crp-masonry\">\n<h2>\u00ceN CONTEXT<\/h2>\n<ul>\n<li><a href=\"https:\/\/r3media.ro\/piata-masini-electrice-prabusire-statele-unite-ale-americii-vanzari-scazut-80-credit-fiscal-federal-vehicule-prietenoase-mediu-eliminat-donald-trump\/\" class=\"crp_link post-114057\"><span class=\"crp_title\">Pia\u021ba ma\u0219inilor electrice s-a pr\u0103bu\u0219it \u00een Statele Unite ale Americii: V\u00e2nz\u0103rile au sc\u0103zut cu\u2026<\/span><\/a><\/li>\n<li><a href=\"https:\/\/r3media.ro\/propunere-bruxelles-industria-auto-romania-dacia-ford-otosan\/\" class=\"crp_link post-116333\"><span class=\"crp_title\">Propunere de la Bruxelles cu poten\u021bial impact masiv pentru industria auto din Rom\u00e2nia: Dacia\u2026<\/span><\/a><\/li>\n<li><a href=\"https:\/\/r3media.ro\/lovitura-usturatoare-masini-electrice-guvernul-bolojan-gand-rau-plata-impozite-echitate-sociala\/\" class=\"crp_link post-112532\"><span class=\"crp_title\">Lovitur\u0103 ustur\u0103toare pentru rom\u00e2nii care au ma\u0219ini electrice: Guvernul Bolojan le-a pus g\u00e2nd\u2026<\/span><\/a><\/li>\n<li><a href=\"https:\/\/r3media.ro\/europa-vanzari-masini-electrice-china-america-de-nord\/\" class=\"crp_link post-116212\"><span class=\"crp_title\">Europa, singurul continent unde v\u00e2nz\u0103rile de ma\u0219ini electrice au crescut. China \u0219i America\u2026<\/span><\/a><\/li>\n<li><a href=\"https:\/\/r3media.ro\/femeie-cumparat-automobil-electric-mana-a-doua-surpriza-plecat-masina\/\" class=\"crp_link post-119601\"><span class=\"crp_title\">O femeie care \u0219i-a achizi\u021bionat un automobil electric la m\u00e2na a doua a avut parte de o\u2026<\/span><\/a><\/li>\n<li><a href=\"https:\/\/r3media.ro\/lovitura-romani-masini-electrice-guvernul-bolojan-scade-valoare-ecotichetului-programul-rabla\/\" class=\"crp_link post-112582\"><span class=\"crp_title\">Lovitur\u0103 dup\u0103 lovitur\u0103 pentru rom\u00e2nii care vor ma\u0219ini electrice: Guvernul Bolojan scade\u2026<\/span><\/a><\/li>\n<li><a href=\"https:\/\/r3media.ro\/ceo-general-motors-varsa-nadejde-masinile-electrice-venituri-companie-prabusire\/\" class=\"crp_link post-111985\"><span class=\"crp_title\">CEO-ul de la General Motors \u00ee\u0219i vars\u0103 toate n\u0103dejdea \u00een ma\u0219inile electrice, \u00een timp ce\u2026<\/span><\/a><\/li>\n<li><a href=\"https:\/\/r3media.ro\/suedia-autobuze-electrice-chinezesti-produse-byd-opresc-subit-mers\/\" class=\"crp_link post-114662\"><span class=\"crp_title\">Suedia | Autobuzele electrice chineze\u0219ti produse de BYD se opresc subit \u00een timpul mersului.\u2026<\/span><\/a><\/li>\n<\/ul>\n<\/div>\n<\/div>\n<\/div>\n<p>[analyse_source url=&#8221;https:\/\/r3media.ro\/soferii-volvo-revolta-masini-electrice-defecte-ingrozit-vehicul-foc\/&#8221;]<\/p>\n","protected":false},"excerpt":{"rendered":"<p>[analyse_image type=&#8221;featured&#8221; src=&#8221;https:\/\/r3media.ro\/wp-content\/uploads\/2026\/07\/volvo-scaled-e1785137085599.jpghttps:\/\/r3media.ro\/wp-content\/uploads\/2026\/07\/volvo-scaled-e1785137085599.jpg&#8221;] PRIM PLAN\u0218oferii Volvo se revolt\u0103 din cauza ma\u0219inilor electrice \u201edefecte\u201d: \u201eSunt \u00eengrozit c\u0103&#8230; PRIM PLAN\u0218TIRI \u0218oferii Volvo se revolt\u0103 din cauza ma\u0219inilor electrice \u201edefecte\u201d: \u201eSunt \u00eengrozit c\u0103 ma\u0219ina mea va lua foc\u201d Oana Ivan 27\/07\/2026 Surs\u0103 &#8211; Unsplash Volvo se confrunt\u0103 cu critici tot mai mari din cauza defec\u021biunilor tehnice ale uneia [&hellip;]<\/p>\n","protected":false},"author":1,"featured_media":0,"comment_status":"open","ping_status":"","sticky":false,"template":"","format":"standard","meta":{"footnotes":""},"categories":[89],"tags":[226,93],"class_list":["post-2063482","post","type-post","status-publish","format-standard","hentry","category-romania","tag-crawlmanager","tag-r3media-ro"],"_links":{"self":[{"href":"https:\/\/analyse.optim.biz\/index.php?rest_route=\/wp\/v2\/posts\/2063482","targetHints":{"allow":["GET"]}}],"collection":[{"href":"https:\/\/analyse.optim.biz\/index.php?rest_route=\/wp\/v2\/posts"}],"about":[{"href":"https:\/\/analyse.optim.biz\/index.php?rest_route=\/wp\/v2\/types\/post"}],"author":[{"embeddable":true,"href":"https:\/\/analyse.optim.biz\/index.php?rest_route=\/wp\/v2\/users\/1"}],"replies":[{"embeddable":true,"href":"https:\/\/analyse.optim.biz\/index.php?rest_route=%2Fwp%2Fv2%2Fcomments&post=2063482"}],"version-history":[{"count":0,"href":"https:\/\/analyse.optim.biz\/index.php?rest_route=\/wp\/v2\/posts\/2063482\/revisions"}],"wp:attachment":[{"href":"https:\/\/analyse.optim.biz\/index.php?rest_route=%2Fwp%2Fv2%2Fmedia&parent=2063482"}],"wp:term":[{"taxonomy":"category","embeddable":true,"href":"https:\/\/analyse.optim.biz\/index.php?rest_route=%2Fwp%2Fv2%2Fcategories&post=2063482"},{"taxonomy":"post_tag","embeddable":true,"href":"https:\/\/analyse.optim.biz\/index.php?rest_route=%2Fwp%2Fv2%2Ftags&post=2063482"}],"curies":[{"name":"wp","href":"https:\/\/api.w.org\/{rel}","templated":true}]}}