{"id":2063479,"date":"2026-07-26T20:00:48","date_gmt":"2026-07-26T17:00:48","guid":{"rendered":"https:\/\/analyse.optim.biz\/?p=2063479"},"modified":"2026-07-26T20:00:48","modified_gmt":"2026-07-26T17:00:48","slug":"calendarul-zilei-27-iulie-sf-mare-mucenic-pantelimon","status":"publish","type":"post","link":"https:\/\/analyse.optim.biz\/?p=2063479","title":{"rendered":"Calendarul zilei 27 iulie: Sf. Mare Mucenic Pantelimon"},"content":{"rendered":"<p>[analyse_image type=&#8221;featured&#8221; src=&#8221;https:\/\/r3media.ro\/wp-content\/uploads\/2022\/07\/maxresdefault-9.jpghttps:\/\/r3media.ro\/wp-content\/uploads\/2022\/07\/maxresdefault-9.jpg&#8221;]<\/p>\n<article id=\"template-id-109\" class=\"post-109 tdb_templates type-tdb_templates status-publish post\">\n<div id=\"tdi_2\" class=\"tdc-zone\">\n<div class=\"tdc_zone tdi_3  wpb_row td-pb-row\">\n<div id=\"tdi_4\" class=\"tdc-row\">\n<div class=\"vc_row tdi_5  wpb_row td-pb-row\">\n<div class=\"vc_column tdi_7  wpb_column vc_column_container tdc-column td-pb-span8\">\n<div class=\"wpb_wrapper\">\n<div class=\"td_block_wrap tdb_breadcrumbs tdi_8 td-pb-border-top td_block_template_1 tdb-breadcrumbs \" data-td-block-uid=\"tdi_8\">\n<div class=\"tdb-block-inner td-fix-index\"><span><a title=\"Vede\u021bi toate articolele \u00een PRIM PLAN\" class=\"tdb-entry-crumb\" href=\"https:\/\/r3media.ro\/category\/stiri-prim-plan\/\">PRIM PLAN<\/a><\/span><span class=\"tdb-bred-no-url-last\">Calendarul zilei 27 iulie: Sf. Mare Mucenic Pantelimon<\/span><\/div>\n<\/div>\n<div class=\"td_block_wrap tdb_single_categories tdi_9 td-pb-border-top td_block_template_1 \" data-td-block-uid=\"tdi_9\">\n<div class=\"tdb-category td-fix-index\"><a class=\"tdb-entry-category\" href=\"https:\/\/r3media.ro\/category\/stiri-prim-plan\/\">PRIM PLAN<\/a><a class=\"tdb-entry-category\" href=\"https:\/\/r3media.ro\/category\/stiri\/\">\u0218TIRI<\/a><a class=\"tdb-entry-category\" href=\"https:\/\/r3media.ro\/category\/video-news\/\">VIDEO<\/a><\/div>\n<\/div>\n<div class=\"td_block_wrap tdb_title tdi_10 tdb-single-title td-pb-border-top td_block_template_1\" data-td-block-uid=\"tdi_10\">\n<div class=\"tdb-block-inner td-fix-index\">\n<h1 class=\"tdb-title-text\">Calendarul zilei 27 iulie: Sf. Mare Mucenic Pantelimon<\/h1>\n<\/div>\n<\/div>\n<div class=\"vc_row_inner tdi_12  vc_row vc_inner wpb_row td-pb-row\">\n<div class=\"vc_column_inner tdi_14  wpb_column vc_column_container tdc-inner-column td-pb-span12\">\n<div class=\"vc_column-inner\">\n<div class=\"wpb_wrapper\">\n<div class=\"td_block_wrap tdb_single_author tdi_15 td-pb-border-top td_block_template_1 tdb-post-meta\" data-td-block-uid=\"tdi_15\">\n<div class=\"tdb-block-inner td-fix-index\">\n<div class=\"tdb-author-name-wrap\"><a class=\"tdb-author-name\" href=\"https:\/\/r3media.ro\/author\/redactia\/\">Redac\u021bia<\/a><\/div>\n<\/div>\n<\/div>\n<div class=\"td_block_wrap tdb_single_date tdi_16 td-pb-border-top td_block_template_1 tdb-post-meta\" data-td-block-uid=\"tdi_16\">\n<div class=\"tdb-block-inner td-fix-index\"><time class=\"entry-date updated td-module-date\" datetime=\"2026-07-26T23:00:48+03:00\">26\/07\/2026<\/time><\/div>\n<\/div>\n<\/div>\n<\/div>\n<\/div>\n<\/div>\n<div class=\"td_block_wrap tdb_single_content tdi_18 td-pb-border-top td_block_template_1 td-post-content tagdiv-type\" data-td-block-uid=\"tdi_18\">\n<div class=\"tdb-block-inner td-fix-index\">\n<p><strong>Sf\u00e2ntul \u0219i marele Mucenic al lui Hristos Pantelimon a tr\u0103it \u00een cetatea Nicomidia, din Asia Mic\u0103, pe timpul \u00eemp\u0103ratului Maximian (286-305 d.Hr.).<\/strong><\/p>\n<p>Tat\u0103l s\u0103u era senatorul p\u0103g\u00e2n Eustorgiu, iar mama sa era cre\u0219tin\u0103 \u0219i se numea Euvula. Ei l-au numit pe copilul lor Pantoleon, ceea ce se t\u00e2lcuie\u0219te \u201ecu totul leu\u201d, nume prin care s-a ar\u0103tat mai \u00eenainte curajul m\u0103rturisirii de care avea s\u0103 dea dovad\u0103.<\/p>\n<p>De mic mama sa a \u00eenceput s\u0103 s\u0103deasc\u0103 \u00een inima lui credin\u021ba \u00een Hristos \u0219i bunele deprinderi cre\u0219tine, dar ea s-a stins de t\u00e2n\u0103r\u0103. Biserica o pomene\u0219te \u00eentre Sfin\u021bi, la 30 martie, ca model de mam\u0103 cre\u0219tin\u0103 \u0219i m\u0103rturisitoare.<\/p>\n<p>La \u00eenceput tat\u0103l s\u0103u l-a dat la \u00eenv\u0103\u021b\u0103tura gramaticii \u0219i, dup\u0103 ce a sporit \u00een c\u0103r\u021bile eline\u0219ti \u0219i a \u00eenv\u0103\u021bat filosofia, l-a \u00eendemnat \u0219i l-a trimis pe t\u00e2n\u0103rul Pantoleon la \u0219colile p\u0103g\u00e2ne\u0219ti ale vremii pentru a \u00eenv\u0103\u021ba me\u0219te\u0219ugul doctoricesc.<\/p>\n<p>El a mers la vestitul doctor al vremii, Eufrosin, despre care se spunea c\u0103 era des\u0103v\u00e2r\u0219it \u00een me\u0219te\u0219ugul vindec\u0103rii trupe\u0219ti.<\/p>\n<p>\u00cen vremea aceea, era \u00een Nicomidia un preot b\u0103tr\u00e2n, cu numele Ermolae, care, dup\u0103 ce a fost ucis de p\u0103g\u00e2ni Sf\u00e2ntul Antim, episcopul Nicomidiei (\u00e2\u20ac 3 septembrie 303), se ascundea cu pu\u021bini cre\u0219tini \u00eentr-o cas\u0103 mic\u0103 \u0219i ne\u0219tiut\u0103.<\/p>\n<p>De la acesta, t\u00e2n\u0103rul Pantoleon a \u00eenv\u0103\u021bat tainele credin\u021bei \u0219i a \u00een\u021beles puterea de vindecare a lui Hristos, Doctorul sufletelor \u0219i al trupurilor. Plec\u00e2nd \u00eentr-o zi de la Ermolae, Pantoleon a g\u0103sit pe drum un copil care tocmai murise, mu\u0219cat de o viper\u0103. Atunci s-a rugat M\u00e2ntuitorului \u0219i \u00eendat\u0103 copilul a \u00eenviat, iar vipera a murit.<\/p>\n<p>Uimit de puterea lui Hristos, Pantoleon s-a \u00eentors la Ermolae, a primit botezul \u0219i a z\u0103bovit \u0219apte zile, \u00eemp\u0103rt\u0103\u0219indu-se cu Sfintele Taine, rug\u00e2ndu-se \u0219i primind \u00eenv\u0103\u021b\u0103tur\u0103 de la b\u0103tr\u00e2nul preot.<\/p>\n<p>Dup\u0103 aceasta, t\u00e2n\u0103rul Pantoleon s-a dedicat vindec\u0103rii oamenilor, at\u00e2t prin me\u0219te\u0219ugul doctoricesc, dar mai ales prin rug\u0103ciune \u0219i \u00eensemnarea cu semnul Crucii. El s\u0103v\u00e2r\u0219ea aceste vindec\u0103ri f\u0103r\u0103 s\u0103 cear\u0103 bani sau vreo altfel de r\u0103splat\u0103 de la cei vindeca\u021bi.<\/p>\n<p>Acestora el le ar\u0103ta \u00een schimb marea putere a lui Hristos, spre Care \u00eei \u00eendrepta, ca s\u0103 devin\u0103 cre\u0219tini. Sf\u00e2ntul t\u0103m\u0103duitor a ajuns cunoscut \u00een acele locuri, iar dup\u0103 vindecarea unui orb vestea despre el a ajuns p\u00e2n\u0103 la \u00eemp\u0103rat.<\/p>\n<p>Fiind de fa\u021b\u0103 la vindecarea orbului, tat\u0103l Sf\u00e2ntului, Eustorgiu, a fost \u00eencre\u0219tinat atunci chiar de fiul s\u0103u, iar la scurt timp s-a mutat la cele ve\u0219nice.<\/p>\n<p>Atunci Pantoleon a eliberat sclavii \u0219i a \u00eemp\u0103r\u021bit s\u0103racilor toat\u0103 mo\u0219tenirea sa. Vestea despre minunile lui ajung\u00e2nd la \u00eemp\u0103ratul Maximian, acesta l-a chemat \u00eent\u00e2i pe orbul vindecat, ca s\u0103-i spun\u0103 cum a dob\u00e2ndit vederea.<\/p>\n<p>Cel vindecat a m\u0103rturisit c\u0103 Pantoleon l-a t\u0103m\u0103duit cu puterea lui Hristos, \u00een Care \u0219i el credea cu t\u0103rie.<\/p>\n<p>Auzind acestea, \u00eemp\u0103ratul s-a m\u00e2niat tare \u0219i a poruncit s\u0103 i se taie capul celui ce fusese orb, iar Pantoleon, t\u0103m\u0103duitorul lui, s\u0103 fie prins \u0219i adus la judecat\u0103.<\/p>\n<p>Aici, Sf\u00e2ntul a r\u0103mas neclintit \u00een credin\u021ba sa \u0219i nici la f\u0103g\u0103duin\u021bele \u00eemp\u0103ratului, nici la \u00eenfrico\u0219\u0103rile cu chinuri grele, n-a \u00eencetat s\u0103 m\u0103rturiseasc\u0103 statornic credin\u021ba \u00een Hristos. A fost b\u0103tut cumplit, ars cu f\u0103clii, pus \u00eentr-un cazan cu plumb topit, apoi aruncat fiarelor s\u0103lbatice.<\/p>\n<p>Fiind p\u0103zit nev\u0103t\u0103mat cu dumnezeiasca putere, Pantoleon a fost cercetat de Domnul Hristos, Care S-a ar\u0103tat \u00een chipul b\u0103tr\u00e2nului Ermolae, vindec\u00e2ndu-i r\u0103nile \u0219i \u00eemb\u0103rb\u0103t\u00e2ndu-l \u00een m\u0103rturisire.<\/p>\n<p>Apoi \u00eemp\u0103ratul a trimis la moarte pe preotul Ermolae, \u00eempreun\u0103 cu ucenicii s\u0103i Ermip \u0219i Ermocrat, iar a doua zi, v\u0103z\u00e2nd st\u0103ruin\u021ba \u00een credin\u021b\u0103 a lui Pantoleon, l-a os\u00e2ndit la moarte prin t\u0103ierea capului cu sabia.<\/p>\n<p>C\u00e2nd a venit acea groaznic\u0103 clip\u0103 a mor\u021bii sale, Sf\u00e2ntul, \u00eemplinindu-\u0219i rug\u0103ciunea c\u0103tre Dumnezeu, a auzit glas din ceruri care i-a schimbat numele din Pantoleon \u00een Pantelimon, adic\u0103 \u201ecel cu totul milostiv\u201d. Atunci, Mucenicul a \u00eentins de bun\u0103voie g\u00e2tul spre sabie \u0219i i s-a t\u0103iat capul. Era ziua de 27 iulie a anului 305.<\/p>\n<p>Multe minuni s-au s\u0103v\u00e2r\u0219it apoi la moa\u0219tele Sf\u00e2ntului Pantelimon, r\u0103sp\u00e2ndite \u00een toat\u0103 lumea cre\u0219tin\u0103, ca m\u0103rturie a puterii lui Hristos, Doctorul sufletelor \u0219i al trupurilor, Cel minunat \u00eentru Sfin\u021bii S\u0103i. <em>Biserica Ortodox\u0103 Rom\u00e2n\u0103 \u00eel pr\u0103znuie\u0219te pe Sf\u00e2ntul Mare Mucenic Pantelimon la data de 27 iulie<\/em>.<\/p>\n<div class=\"crp_related     crp-masonry\">\n<h2>\u00ceN CONTEXT<\/h2>\n<ul>\n<li><a href=\"https:\/\/r3media.ro\/calendarul-zilei-4-ianuarie-soborul-sfintilor-70-de-apostoli\/\" class=\"crp_link post-34856\"><span class=\"crp_title\">Calendarul zilei 4 ianuarie: Soborul Sfin\u021bilor 70 de apostoli<\/span><\/a><\/li>\n<li><a href=\"https:\/\/r3media.ro\/calendarul-zilei-9-mai-sf-proroc-isaia-sf-mc-hristofor-aducerea-la-bari-a-moastelor-sf-ier-nicolae\/\" class=\"crp_link post-94576\"><span class=\"crp_title\">Calendarul zilei 9 mai: Sf. Proroc Isaia; Sf. Mc. Hristofor; Aducerea la Bari a moa\u0219telor\u2026<\/span><\/a><\/li>\n<li><a href=\"https:\/\/r3media.ro\/calendarul-zilei-22-iunie-sf-ierarh-grigorie-dascalul-mitropolitul-tarii-romanesti-sf-sfintit-mc-eusebiu-episcopul-samosatei\/\" class=\"crp_link post-48963\"><span class=\"crp_title\">Calendarul zilei 22 iunie: Sf. Ierarh Grigorie Dasc\u0103lul, Mitropolitul \u021a\u0103rii Rom\u00e2ne\u0219ti; Sf.\u2026<\/span><\/a><\/li>\n<li><a href=\"https:\/\/r3media.ro\/calendarul-zilei-18-decembrie-sf-cuvios-daniil-sihastrul-duhovnicul-sf-stefan-cel-mare\/\" class=\"crp_link post-86710\"><span class=\"crp_title\">Calendarul zilei 18 decembrie: Sf. Cuvios Daniil Sihastrul, duhovnicul Sf. \u0218tefan cel Mare<\/span><\/a><\/li>\n<li><a href=\"https:\/\/r3media.ro\/calendarul-zilei-26-octombrie-sf-dimitrie-dumitru-izvoratorul-de-mir-ocrotitorul-craiovei\/\" class=\"crp_link post-4638\"><span class=\"crp_title\">Calendarul zilei 26 octombrie: Sf. Dimitrie (Dumitru), Izvor\u00e2torul de Mir, ocrotitorul Craiovei<\/span><\/a><\/li>\n<li><a href=\"https:\/\/r3media.ro\/calendarul-zilei-26-august-sfintii-adrian-si-natalia-cei-doi-soti-a-caror-dragoste-a-fost-mai-tare-decat-moartea-si-sunt-ocrotitorii-familiei\/\" class=\"crp_link post-26673\"><span class=\"crp_title\">Calendarul zilei 26 august: Sfin\u021bii Adrian \u0219i Natalia, cei doi so\u021bi a c\u0103ror dragoste a fost\u2026<\/span><\/a><\/li>\n<li><a href=\"https:\/\/r3media.ro\/calendarul-zilei-7-ianuarie-sfantul-ioan-botezatorul-craciunul-pe-calendarul-vechi\/\" class=\"crp_link post-10400\"><span class=\"crp_title\">Calendarul zilei 7 ianuarie: Sf\u00e2ntul Ioan Botez\u0103torul. Cr\u0103ciunul pe calendarul vechi<\/span><\/a><\/li>\n<li><a href=\"https:\/\/r3media.ro\/23-iulie-aducerea-moastelor-sfantului-sfintit-mucenic-foca-sfintii-mucenici-apolinarie-vitalie-si-valeria\/\" class=\"crp_link post-98482\"><span class=\"crp_title\">Calendarul zilei 23 iulie: Aducerea moa\u015ftelor Sf\u00e2ntului Sfin\u0163it Mucenic Foca; Sfin\u0163ii\u2026<\/span><\/a><\/li>\n<\/ul>\n<\/div>\n<\/div>\n<\/div>\n<div class=\"td_block_wrap tdb_single_tags tdi_19 td-pb-border-top td_block_template_1\" data-td-block-uid=\"tdi_19\">\n<div class=\"tdb-block-inner td-fix-index\">\n<ul class=\"tdb-tags\">\n<li><span>SUBIECTE FIERBIN\u021aI<\/span><\/li>\n<li><a href=\"https:\/\/r3media.ro\/tag\/calendar-ortodox\/\">calendar ortodox<\/a><\/li>\n<li><a href=\"https:\/\/r3media.ro\/tag\/calendarul-zilei\/\">calendarul zilei<\/a><\/li>\n<li><a href=\"https:\/\/r3media.ro\/tag\/calendarul-zilei-27-iulie\/\">calendarul zilei 27 iulie<\/a><\/li>\n<\/ul>\n<\/div>\n<\/div>\n<div class=\"td_block_wrap td_block_9 tdi_20 td_with_ajax_pagination td-pb-border-top td_block_template_1 td-column-2 td_block_padding td_block_bot_line\" data-td-block-uid=\"tdi_20\">\n<div class=\"td-block-title-wrap\">\n<h4 class=\"block-title td-block-title\"><span class=\"td-pulldown-size\">CITE\u0218TE MAI MULT<\/span><\/h4>\n<\/div>\n<div id=\"tdi_20\" class=\"td_block_inner\">\n<div class=\"td-block-row\">\n<div class=\"td-block-span6\">\n<div class=\"td_module_8 td_module_wrap\">\n<div class=\"item-details\">\n<h3 class=\"entry-title td-module-title\"><a href=\"https:\/\/r3media.ro\/film-nou-stapanul-inelelor-corect-politic-regizor-andy-serkis-diversitate-tolkien-mitologie-nordica\/\" rel=\"bookmark\" title=\"Noul film \u201eSt\u0103p\u00e2nul Inelelor\u201d nu va fi corect politic. Regizorul Andy Serkis: J.R.R. Tolkien a fost influen\u021bat de mitologia nordic\u0103. Nu vrem o distribu\u021bie de dragul de a bifa c\u0103su\u021be\">Noul film \u201eSt\u0103p\u00e2nul Inelelor\u201d nu va fi corect politic. Regizorul Andy Serkis: J.R.R. Tolkien&#8230;<\/a><\/h3>\n<div class=\"td-module-meta-info\"><a href=\"https:\/\/r3media.ro\/category\/featured\/\" class=\"td-post-category\">FEATURED<\/a><span class=\"td-post-author-name\"><a href=\"https:\/\/r3media.ro\/author\/oana\/\">Oana Ivan<\/a><span>&#8211;<\/span><\/span><span class=\"td-post-date\"><time class=\"entry-date updated td-module-date\" datetime=\"2026-07-26T15:49:31+03:00\">26\/07\/2026<\/time><\/span><\/div>\n<\/div>\n<\/div>\n<\/div>\n<div class=\"td-block-span6\">\n<div class=\"td_module_8 td_module_wrap\">\n<div class=\"item-details\">\n<h3 class=\"entry-title td-module-title\"><a href=\"https:\/\/r3media.ro\/marea-britanie-apa-inteligenta-artificiala-romania-centru-ai-restrictii-consum-apa\/\" rel=\"bookmark\" title=\"Marea Britanie nu mai are suficient\u0103 ap\u0103 pentru Inteligen\u021ba Artificial\u0103, dar Rom\u00e2nia vrea s\u0103 g\u0103zduiasc\u0103 un centru AI care consum\u0103 c\u00e2t sute de mii de oameni \u0219i impune restric\u021bii la consumul de ap\u0103 al popula\u021biei\">Marea Britanie nu mai are suficient\u0103 ap\u0103 pentru Inteligen\u021ba Artificial\u0103, dar Rom\u00e2nia vrea s\u0103&#8230;<\/a><\/h3>\n<div class=\"td-module-meta-info\"><a href=\"https:\/\/r3media.ro\/category\/actualitate\/\" class=\"td-post-category\">ACTUALITATE<\/a><span class=\"td-post-author-name\"><a href=\"https:\/\/r3media.ro\/author\/radu_ursan\/\">Radu Ursan<\/a><span>&#8211;<\/span><\/span><span class=\"td-post-date\"><time class=\"entry-date updated td-module-date\" datetime=\"2026-07-23T11:44:13+03:00\">23\/07\/2026<\/time><\/span><\/div>\n<\/div>\n<\/div>\n<\/div>\n<\/div>\n<div class=\"td-block-row\">\n<div class=\"td-block-span6\">\n<div class=\"td_module_8 td_module_wrap\">\n<div class=\"item-details\">\n<h3 class=\"entry-title td-module-title\"><a href=\"https:\/\/r3media.ro\/campion-olimpic-olaf-tufte-mort-subit-50-ani\/\" rel=\"bookmark\" title=\"Campionul olimpic Olaf Tufte a murit subit la 50 de ani\">Campionul olimpic Olaf Tufte a murit subit la 50 de ani<\/a><\/h3>\n<div class=\"td-module-meta-info\"><a href=\"https:\/\/r3media.ro\/category\/actualitate\/\" class=\"td-post-category\">ACTUALITATE<\/a><span class=\"td-post-author-name\"><a href=\"https:\/\/r3media.ro\/author\/oana\/\">Oana Ivan<\/a><span>&#8211;<\/span><\/span><span class=\"td-post-date\"><time class=\"entry-date updated td-module-date\" datetime=\"2026-07-22T12:11:02+03:00\">22\/07\/2026<\/time><\/span><\/div>\n<\/div>\n<\/div>\n<\/div>\n<div class=\"td-block-span6\">\n<div class=\"td_module_8 td_module_wrap\">\n<div class=\"item-details\">\n<h3 class=\"entry-title td-module-title\"><a href=\"https:\/\/r3media.ro\/explozie-incendiu-fabrica-kronospan-brasov-video\/\" rel=\"bookmark\" title=\"VIDEO | Explozie urmat\u0103 de un incendiu la fabrica Kronospan din Bra\u0219ov. \u00cen timp ce pompierii \u00eencercau s\u0103 sting\u0103 focul s-a produs o alt\u0103 explozie\">VIDEO | Explozie urmat\u0103 de un incendiu la fabrica Kronospan din Bra\u0219ov. \u00cen timp&#8230;<\/a><\/h3>\n<div class=\"td-module-meta-info\"><a href=\"https:\/\/r3media.ro\/category\/actualitate\/\" class=\"td-post-category\">ACTUALITATE<\/a><span class=\"td-post-author-name\"><a href=\"https:\/\/r3media.ro\/author\/oana\/\">Oana Ivan<\/a><span>&#8211;<\/span><\/span><span class=\"td-post-date\"><time class=\"entry-date updated td-module-date\" datetime=\"2026-07-22T10:01:28+03:00\">22\/07\/2026<\/time><\/span><\/div>\n<\/div>\n<\/div>\n<\/div>\n<\/div>\n<div class=\"td-block-row\">\n<div class=\"td-block-span6\">\n<div class=\"td_module_8 td_module_wrap\">\n<div class=\"item-details\">\n<h3 class=\"entry-title td-module-title\"><a href=\"https:\/\/r3media.ro\/asa-incepe-compania-openai-afirma-un-model-de-inteligenta-artificiala-a-atacat-din-proprie-initiativa-sistemele-unei-alte-companii\/\" rel=\"bookmark\" title=\"A\u0219a \u00eencepe? Compania OpenAI afirm\u0103 un model de inteligen\u021b\u0103 artificial\u0103 a ATACAT din proprie ini\u021biativ\u0103 sistemele unei alte companii\">A\u0219a \u00eencepe? Compania OpenAI afirm\u0103 un model de inteligen\u021b\u0103 artificial\u0103 a ATACAT din proprie&#8230;<\/a><\/h3>\n<div class=\"td-module-meta-info\"><a href=\"https:\/\/r3media.ro\/category\/actualitate\/\" class=\"td-post-category\">ACTUALITATE<\/a><span class=\"td-post-author-name\"><a href=\"https:\/\/r3media.ro\/author\/teodor_stan\/\">Teodor Stan<\/a><span>&#8211;<\/span><\/span><span class=\"td-post-date\"><time class=\"entry-date updated td-module-date\" datetime=\"2026-07-22T09:10:53+03:00\">22\/07\/2026<\/time><\/span><\/div>\n<\/div>\n<\/div>\n<\/div>\n<div class=\"td-block-span6\">\n<div class=\"td_module_8 td_module_wrap\">\n<div class=\"item-details\">\n<h3 class=\"entry-title td-module-title\"><a href=\"https:\/\/r3media.ro\/episcopul-husilor-oameni-animale-therieni-degradare-progresism\/\" rel=\"bookmark\" title=\"Episcopul Hu\u0219ilor, despre oamenii care se cred animale: V\u0103 da\u021bi seama c\u00e2t\u0103 degradare uman\u0103 este? De ce? Pentru c\u0103 se \u00eencred \u00een progresism\">Episcopul Hu\u0219ilor, despre oamenii care se cred animale: V\u0103 da\u021bi seama c\u00e2t\u0103 degradare uman\u0103&#8230;<\/a><\/h3>\n<div class=\"td-module-meta-info\"><a href=\"https:\/\/r3media.ro\/category\/actualitate\/\" class=\"td-post-category\">ACTUALITATE<\/a><span class=\"td-post-author-name\"><a href=\"https:\/\/r3media.ro\/author\/radu_ursan\/\">Radu Ursan<\/a><span>&#8211;<\/span><\/span><span class=\"td-post-date\"><time class=\"entry-date updated td-module-date\" datetime=\"2026-07-21T19:30:46+03:00\">21\/07\/2026<\/time><\/span><\/div>\n<\/div>\n<\/div>\n<\/div>\n<\/div>\n<div class=\"td-block-row\">\n<div class=\"td-block-span6\">\n<div class=\"td_module_8 td_module_wrap\">\n<div class=\"item-details\">\n<h3 class=\"entry-title td-module-title\"><a href=\"https:\/\/r3media.ro\/video-cult-femeie-dumnezeu-mama-romania\/\" rel=\"bookmark\" title=\"VIDEO | Un cult care consider\u0103 o femeie coreean\u0103 drept \u201eDumnezeu Mama\u201d face prozeli\u021bi \u00een Rom\u00e2nia\">VIDEO | Un cult care consider\u0103 o femeie coreean\u0103 drept \u201eDumnezeu Mama\u201d face prozeli\u021bi&#8230;<\/a><\/h3>\n<div class=\"td-module-meta-info\"><a href=\"https:\/\/r3media.ro\/category\/actualitate\/\" class=\"td-post-category\">ACTUALITATE<\/a><span class=\"td-post-author-name\"><a href=\"https:\/\/r3media.ro\/author\/redactia\/\">Redac\u021bia<\/a><span>&#8211;<\/span><\/span><span class=\"td-post-date\"><time class=\"entry-date updated td-module-date\" datetime=\"2026-07-21T11:14:08+03:00\">21\/07\/2026<\/time><\/span><\/div>\n<\/div>\n<\/div>\n<\/div>\n<div class=\"td-block-span6\">\n<div class=\"td_module_8 td_module_wrap\">\n<div class=\"item-details\">\n<h3 class=\"entry-title td-module-title\"><a href=\"https:\/\/r3media.ro\/cehia-interzice-telefoanele-in-scoli\/\" rel=\"bookmark\" title=\"Cehia se preg\u0103te\u0219te s\u0103 interzic\u0103 telefoanele mobile \u00een \u0219coli\">Cehia se preg\u0103te\u0219te s\u0103 interzic\u0103 telefoanele mobile \u00een \u0219coli<\/a><\/h3>\n<div class=\"td-module-meta-info\"><a href=\"https:\/\/r3media.ro\/category\/actualitate\/\" class=\"td-post-category\">ACTUALITATE<\/a><span class=\"td-post-author-name\"><a href=\"https:\/\/r3media.ro\/author\/redactia\/\">Redac\u021bia<\/a><span>&#8211;<\/span><\/span><span class=\"td-post-date\"><time class=\"entry-date updated td-module-date\" datetime=\"2026-07-20T22:34:13+03:00\">20\/07\/2026<\/time><\/span><\/div>\n<\/div>\n<\/div>\n<\/div>\n<\/div>\n<div class=\"td-block-row\">\n<div class=\"td-block-span6\">\n<div class=\"td_module_8 td_module_wrap\">\n<div class=\"item-details\">\n<h3 class=\"entry-title td-module-title\"><a href=\"https:\/\/r3media.ro\/mihail-neamtu-oblgatie-romania\/\" rel=\"bookmark\" title=\"Mihail Neam\u021bu: Suntem o \u021bar\u0103 mic\u0103, iar singura obliga\u021bie a politicienilor de la Bucure\u0219ti e s\u0103 nu introduc\u0103 Rom\u00e2nia \u00eentr-un r\u0103zboi stupid \u0219i perdant\">Mihail Neam\u021bu: Suntem o \u021bar\u0103 mic\u0103, iar singura obliga\u021bie a politicienilor de la Bucure\u0219ti&#8230;<\/a><\/h3>\n<div class=\"td-module-meta-info\"><a href=\"https:\/\/r3media.ro\/category\/actualitate\/\" class=\"td-post-category\">ACTUALITATE<\/a><span class=\"td-post-author-name\"><a href=\"https:\/\/r3media.ro\/author\/redactia\/\">Redac\u021bia<\/a><span>&#8211;<\/span><\/span><span class=\"td-post-date\"><time class=\"entry-date updated td-module-date\" datetime=\"2026-07-20T22:01:16+03:00\">20\/07\/2026<\/time><\/span><\/div>\n<\/div>\n<\/div>\n<\/div>\n<div class=\"td-block-span6\">\n<div class=\"td_module_8 td_module_wrap\">\n<div class=\"item-details\">\n<h3 class=\"entry-title td-module-title\"><a href=\"https:\/\/r3media.ro\/petrisor-peiu-conditii-aur-vot-guvernul-vestea-nicusor-dan-solutii-bunastare-romani\/\" rel=\"bookmark\" title=\"Condi\u021biile AUR pentru a vota Guvernul Ve\u0219tea. Petri\u0219or Peiu propune solu\u021bii clare pentru bun\u0103starea rom\u00e2nilor\">Condi\u021biile AUR pentru a vota Guvernul Ve\u0219tea. Petri\u0219or Peiu propune solu\u021bii clare pentru bun\u0103starea&#8230;<\/a><\/h3>\n<div class=\"td-module-meta-info\"><a href=\"https:\/\/r3media.ro\/category\/stiri\/\" class=\"td-post-category\">\u0218TIRI<\/a><span class=\"td-post-author-name\"><a href=\"https:\/\/r3media.ro\/author\/oana\/\">Oana Ivan<\/a><span>&#8211;<\/span><\/span><span class=\"td-post-date\"><time class=\"entry-date updated td-module-date\" datetime=\"2026-06-17T10:10:31+03:00\">17\/06\/2026<\/time><\/span><\/div>\n<\/div>\n<\/div>\n<\/div>\n<\/div>\n<div class=\"td-block-row\">\n<div class=\"td-block-span6\">\n<div class=\"td_module_8 td_module_wrap\">\n<div class=\"item-details\">\n<h3 class=\"entry-title td-module-title\"><a href=\"https:\/\/r3media.ro\/mihail-neamtu-neeuropeana-imperiu-birocrati-bruxelles-inarmarea-germaniei\/\" rel=\"bookmark\" title=\"EXCLUSIVITATE Mihail Neam\u021bu: Exist\u0103 o tendin\u021b\u0103 neeuropean\u0103 de a se crea un imperiu condus de birocra\u021bi de la Bruxelles \/ Pericolul \u00eenarm\u0103rii Germaniei\">EXCLUSIVITATE Mihail Neam\u021bu: Exist\u0103 o tendin\u021b\u0103 neeuropean\u0103 de a se crea un imperiu condus&#8230;<\/a><\/h3>\n<div class=\"td-module-meta-info\"><a href=\"https:\/\/r3media.ro\/category\/stiri\/\" class=\"td-post-category\">\u0218TIRI<\/a><span class=\"td-post-author-name\"><a href=\"https:\/\/r3media.ro\/author\/oana\/\">Oana Ivan<\/a><span>&#8211;<\/span><\/span><span class=\"td-post-date\"><time class=\"entry-date updated td-module-date\" datetime=\"2026-06-22T09:02:12+03:00\">22\/06\/2026<\/time><\/span><\/div>\n<\/div>\n<\/div>\n<\/div>\n<div class=\"td-block-span6\">\n<div class=\"td_module_8 td_module_wrap\">\n<div class=\"item-details\">\n<h3 class=\"entry-title td-module-title\"><a href=\"https:\/\/r3media.ro\/spania-invinge-argentina-castiga-cupa-mondiala\/\" rel=\"bookmark\" title=\"Spania a \u00eenvins Argentina \u0219i a c\u00e2\u0219tigat Cupa Mondial\u0103 pentru a doua oar\u0103 \u00een istorie\">Spania a \u00eenvins Argentina \u0219i a c\u00e2\u0219tigat Cupa Mondial\u0103 pentru a doua oar\u0103 \u00een&#8230;<\/a><\/h3>\n<div class=\"td-module-meta-info\"><a href=\"https:\/\/r3media.ro\/category\/actualitate\/\" class=\"td-post-category\">ACTUALITATE<\/a><span class=\"td-post-author-name\"><a href=\"https:\/\/r3media.ro\/author\/oana\/\">Oana Ivan<\/a><span>&#8211;<\/span><\/span><span class=\"td-post-date\"><time class=\"entry-date updated td-module-date\" datetime=\"2026-07-20T01:04:07+03:00\">20\/07\/2026<\/time><\/span><\/div>\n<\/div>\n<\/div>\n<\/div>\n<\/div>\n<\/div>\n<div class=\"td-load-more-wrap td-load-more-infinite-wrap\" id=\"infinite-lm-tdi_20\"><a href=\"https:\/\/r3media.ro\/27-iulie-sf-mare-mucenic-pantelimon\/\" class=\"td_ajax_load_more td_ajax_load_more_js\" aria-label=\"\u00cenc\u0103rca\u021bi mai multe\" id=\"next-page-tdi_20\" data-td_block_id=\"tdi_20\">\u00cenc\u0103rca\u021bi mai multe<\/a><\/div>\n<\/div>\n<div class=\"td_block_wrap tdb_single_comments tdi_21 tdb-comm-layout2 td-pb-border-top td_block_template_1\" data-td-block-uid=\"tdi_21\">\n<div class=\"tdb-block-inner td-fix-index\">\n<div class=\"comments\" id=\"comments\">\n<div id=\"respond\" class=\"comment-respond\">\n<h3 id=\"reply-title\" class=\"comment-reply-title\">AI CEVA DE SPUS? <small><a rel=\"nofollow\" id=\"cancel-comment-reply-link\" href=\"https:\/\/r3media.ro\/27-iulie-sf-mare-mucenic-pantelimon\/#respond\">Renun\u021ba\u021bi la r\u0103spuns<\/a><\/small><\/h3>\n<div class=\"comment-form-input-wrap td-form-comment\">\n<div class=\"td-warning-comment\">V\u0103 rug\u0103m s\u0103 introduce\u021bi comentariul dvs.!<\/div>\n<\/div>\n<div class=\"comment-form-input-wrap td-form-author\">\n<div class=\"td-warning-author\">Introduce\u021bi aici numele dvs.<\/div>\n<\/div>\n<div class=\"comment-form-input-wrap td-form-email\">\n<div class=\"td-warning-email-error\">A\u021bi introdus o adres\u0103 de e-mail incorect\u0103!<\/div>\n<div class=\"td-warning-email\">V\u0103 rug\u0103m s\u0103 introduce\u021bi adresa dvs. de e-mail aici<\/div>\n<\/div>\n<\/div>\n<\/div>\n<\/div>\n<\/div>\n<\/div>\n<\/div>\n<div class=\"vc_column tdi_23  wpb_column vc_column_container tdc-column td-pb-span4 td-is-sticky\">\n<div class=\"wpb_wrapper\" data-sticky-enabled-on=\"W3RydWUsdHJ1ZSx0cnVlLHRydWVd\" data-sticky-offset=\"20\" data-sticky-is-width-auto=\"W2ZhbHNlLGZhbHNlLGZhbHNlLGZhbHNlXQ==\">\n<div class=\"wpb_wrapper td_block_wrap vc_widget_sidebar tdi_25 \">\n<div class=\"td_block_wrap td_block_7 td_block_widget tdi_26 td-pb-border-top td_block_template_1 td-column-1 td_block_padding\" data-td-block-uid=\"tdi_26\">\n<div class=\"td-block-title-wrap\">\n<h4 class=\"block-title td-block-title\"><span class=\"td-pulldown-size\">Articole RELA\u021aIONATE<\/span><\/h4>\n<\/div>\n<div id=\"tdi_26\" class=\"td_block_inner\">\n<div class=\"td-block-span12\">\n<div class=\"td_module_6 td_module_wrap td-animation-stack\">\n<div class=\"td-module-thumb\"><a href=\"https:\/\/r3media.ro\/soferii-volvo-revolta-masini-electrice-defecte-ingrozit-vehicul-foc\/\" rel=\"bookmark\" class=\"td-image-wrap \" title=\"\u0218oferii Volvo se revolt\u0103 din cauza ma\u0219inilor electrice \u201edefecte\u201d: \u201eSunt \u00eengrozit c\u0103 ma\u0219ina mea va lua foc\u201d\"><img loading=\"lazy\" decoding=\"async\" class=\"entry-thumb\" src=\"https:\/\/r3media.ro\/wp-content\/uploads\/2026\/07\/volvo-100x70.jpg\" alt title=\"\u0218oferii Volvo se revolt\u0103 din cauza ma\u0219inilor electrice \u201edefecte\u201d: \u201eSunt \u00eengrozit c\u0103 ma\u0219ina mea va lua foc\u201d\" width=\"100\" height=\"70\"><\/a><\/div>\n<div class=\"item-details\">\n<h3 class=\"entry-title td-module-title\"><a href=\"https:\/\/r3media.ro\/soferii-volvo-revolta-masini-electrice-defecte-ingrozit-vehicul-foc\/\" rel=\"bookmark\" title=\"\u0218oferii Volvo se revolt\u0103 din cauza ma\u0219inilor electrice \u201edefecte\u201d: \u201eSunt \u00eengrozit c\u0103 ma\u0219ina mea va lua foc\u201d\">\u0218oferii Volvo se revolt\u0103 din cauza ma\u0219inilor electrice \u201edefecte\u201d: \u201eSunt \u00eengrozit&#8230;<\/a><\/h3>\n<div class=\"td-module-meta-info\"><span class=\"td-post-date\"><time class=\"entry-date updated td-module-date\" datetime=\"2026-07-27T10:59:58+03:00\">27\/07\/2026<\/time><\/span><\/div>\n<\/div>\n<\/div>\n<\/div>\n<div class=\"td-block-span12\">\n<div class=\"td_module_6 td_module_wrap td-animation-stack\">\n<div class=\"td-module-thumb\"><a href=\"https:\/\/r3media.ro\/dan-dungaciu-patriotism-european-natiunea-identitatea-europeana\/\" rel=\"bookmark\" class=\"td-image-wrap \" title=\"Prof. Dan Dungaciu despre raportul privind \u201epatriotismul european\u201d emis de la Cotroceni: Dac\u0103 na\u021biunea e un construct, atunci \u201eidentitatea european\u0103\u201d ce este?\"><img loading=\"lazy\" decoding=\"async\" class=\"entry-thumb\" src=\"https:\/\/r3media.ro\/wp-content\/uploads\/2021\/03\/uniunea-europeana-dezinformeaza-100x70.jpg\" alt title=\"Prof. Dan Dungaciu despre raportul privind \u201epatriotismul european\u201d emis de la Cotroceni: Dac\u0103 na\u021biunea e un construct, atunci \u201eidentitatea european\u0103\u201d ce este?\" width=\"100\" height=\"70\"><\/a><\/div>\n<div class=\"item-details\">\n<h3 class=\"entry-title td-module-title\"><a href=\"https:\/\/r3media.ro\/dan-dungaciu-patriotism-european-natiunea-identitatea-europeana\/\" rel=\"bookmark\" title=\"Prof. Dan Dungaciu despre raportul privind \u201epatriotismul european\u201d emis de la Cotroceni: Dac\u0103 na\u021biunea e un construct, atunci \u201eidentitatea european\u0103\u201d ce este?\">Prof. Dan Dungaciu despre raportul privind \u201epatriotismul european\u201d emis de la&#8230;<\/a><\/h3>\n<div class=\"td-module-meta-info\"><span class=\"td-post-date\"><time class=\"entry-date updated td-module-date\" datetime=\"2026-07-27T09:51:21+03:00\">27\/07\/2026<\/time><\/span><\/div>\n<\/div>\n<\/div>\n<\/div>\n<div class=\"td-block-span12\">\n<div class=\"td_module_6 td_module_wrap td-animation-stack\">\n<div class=\"td-module-thumb\"><a href=\"https:\/\/r3media.ro\/urs-sibiu\/\" rel=\"bookmark\" class=\"td-image-wrap \" title=\"Un urs a fost v\u0103zut pe unul dintre cele mai circulate bulevarde din Sibiu\"><img loading=\"lazy\" decoding=\"async\" class=\"entry-thumb\" src=\"https:\/\/r3media.ro\/wp-content\/uploads\/2026\/07\/urs-sibiu-100x70.jpg\" alt title=\"Un urs a fost v\u0103zut pe unul dintre cele mai circulate bulevarde din Sibiu\" width=\"100\" height=\"70\"><\/a><\/div>\n<div class=\"item-details\">\n<h3 class=\"entry-title td-module-title\"><a href=\"https:\/\/r3media.ro\/urs-sibiu\/\" rel=\"bookmark\" title=\"Un urs a fost v\u0103zut pe unul dintre cele mai circulate bulevarde din Sibiu\">Un urs a fost v\u0103zut pe unul dintre cele mai circulate&#8230;<\/a><\/h3>\n<div class=\"td-module-meta-info\"><span class=\"td-post-date\"><time class=\"entry-date updated td-module-date\" datetime=\"2026-07-27T09:11:35+03:00\">27\/07\/2026<\/time><\/span><\/div>\n<\/div>\n<\/div>\n<\/div>\n<div class=\"td-block-span12\">\n<div class=\"td_module_6 td_module_wrap td-animation-stack\">\n<div class=\"td-module-thumb\"><a href=\"https:\/\/r3media.ro\/vladimir-putin-romania-teritorii-ucraina\/\" rel=\"bookmark\" class=\"td-image-wrap \" title=\"Vladimir Putin spune c\u0103 Rom\u00e2nia va fi printre statele care vor recupera teritorii de la Ucraina\"><img loading=\"lazy\" decoding=\"async\" class=\"entry-thumb\" src=\"https:\/\/r3media.ro\/wp-content\/uploads\/2023\/11\/putin-1-6-1536x865-1-100x70.webp\" alt title=\"Vladimir Putin spune c\u0103 Rom\u00e2nia va fi printre statele care vor recupera teritorii de la Ucraina\" width=\"100\" height=\"70\"><\/a><\/div>\n<div class=\"item-details\">\n<h3 class=\"entry-title td-module-title\"><a href=\"https:\/\/r3media.ro\/vladimir-putin-romania-teritorii-ucraina\/\" rel=\"bookmark\" title=\"Vladimir Putin spune c\u0103 Rom\u00e2nia va fi printre statele care vor recupera teritorii de la Ucraina\">Vladimir Putin spune c\u0103 Rom\u00e2nia va fi printre statele care vor&#8230;<\/a><\/h3>\n<div class=\"td-module-meta-info\"><span class=\"td-post-date\"><time class=\"entry-date updated td-module-date\" datetime=\"2026-07-27T08:21:48+03:00\">27\/07\/2026<\/time><\/span><\/div>\n<\/div>\n<\/div>\n<\/div>\n<div class=\"td-block-span12\">\n<div class=\"td_module_6 td_module_wrap td-animation-stack\">\n<div class=\"td-module-thumb\"><a href=\"https:\/\/r3media.ro\/film-nou-stapanul-inelelor-corect-politic-regizor-andy-serkis-diversitate-tolkien-mitologie-nordica\/\" rel=\"bookmark\" class=\"td-image-wrap \" title=\"Noul film \u201eSt\u0103p\u00e2nul Inelelor\u201d nu va fi corect politic. Regizorul Andy Serkis: J.R.R. Tolkien a fost influen\u021bat de mitologia nordic\u0103. Nu vrem o distribu\u021bie de dragul de a bifa c\u0103su\u021be\"><img loading=\"lazy\" decoding=\"async\" class=\"entry-thumb\" src=\"https:\/\/r3media.ro\/wp-content\/uploads\/2026\/07\/comitatul-din-stapanul-inelelor-100x70.jpg\" alt title=\"Noul film \u201eSt\u0103p\u00e2nul Inelelor\u201d nu va fi corect politic. Regizorul Andy Serkis: J.R.R. Tolkien a fost influen\u021bat de mitologia nordic\u0103. Nu vrem o distribu\u021bie de dragul de a bifa c\u0103su\u021be\" width=\"100\" height=\"70\"><\/a><\/div>\n<div class=\"item-details\">\n<h3 class=\"entry-title td-module-title\"><a href=\"https:\/\/r3media.ro\/film-nou-stapanul-inelelor-corect-politic-regizor-andy-serkis-diversitate-tolkien-mitologie-nordica\/\" rel=\"bookmark\" title=\"Noul film \u201eSt\u0103p\u00e2nul Inelelor\u201d nu va fi corect politic. Regizorul Andy Serkis: J.R.R. Tolkien a fost influen\u021bat de mitologia nordic\u0103. Nu vrem o distribu\u021bie de dragul de a bifa c\u0103su\u021be\">Noul film \u201eSt\u0103p\u00e2nul Inelelor\u201d nu va fi corect politic. Regizorul Andy&#8230;<\/a><\/h3>\n<div class=\"td-module-meta-info\"><span class=\"td-post-date\"><time class=\"entry-date updated td-module-date\" datetime=\"2026-07-26T15:49:31+03:00\">26\/07\/2026<\/time><\/span><\/div>\n<\/div>\n<\/div>\n<\/div>\n<div class=\"td-block-span12\">\n<div class=\"td_module_6 td_module_wrap td-animation-stack\">\n<div class=\"td-module-thumb\"><a href=\"https:\/\/r3media.ro\/prima-oara-istorie-presedintia-document-primplan-patriotism-european\/\" rel=\"bookmark\" class=\"td-image-wrap \" title=\"Pentru prima oar\u0103 \u00een istorie, Pre\u0219edin\u021bia Rom\u00e2niei emite un document care pune pe primul plan o alt\u0103 entitate dec\u00e2t \u021bara noastr\u0103: patriotismul european\"><img loading=\"lazy\" decoding=\"async\" class=\"entry-thumb\" src=\"https:\/\/r3media.ro\/wp-content\/uploads\/2023\/09\/presedintele-romaniei-2024-e1695036284445-100x70.jpg\" alt title=\"Pentru prima oar\u0103 \u00een istorie, Pre\u0219edin\u021bia Rom\u00e2niei emite un document care pune pe primul plan o alt\u0103 entitate dec\u00e2t \u021bara noastr\u0103: patriotismul european\" width=\"100\" height=\"70\"><\/a><\/div>\n<div class=\"item-details\">\n<h3 class=\"entry-title td-module-title\"><a href=\"https:\/\/r3media.ro\/prima-oara-istorie-presedintia-document-primplan-patriotism-european\/\" rel=\"bookmark\" title=\"Pentru prima oar\u0103 \u00een istorie, Pre\u0219edin\u021bia Rom\u00e2niei emite un document care pune pe primul plan o alt\u0103 entitate dec\u00e2t \u021bara noastr\u0103: patriotismul european\">Pentru prima oar\u0103 \u00een istorie, Pre\u0219edin\u021bia Rom\u00e2niei emite un document care&#8230;<\/a><\/h3>\n<div class=\"td-module-meta-info\"><span class=\"td-post-date\"><time class=\"entry-date updated td-module-date\" datetime=\"2026-07-26T11:44:31+03:00\">26\/07\/2026<\/time><\/span><\/div>\n<\/div>\n<\/div>\n<\/div>\n<div class=\"td-block-span12\">\n<div class=\"td_module_6 td_module_wrap td-animation-stack\">\n<div class=\"td-module-thumb\"><a href=\"https:\/\/r3media.ro\/criza-apei-europa-olanda-penurie-rauri-dunare-nivel-scazut-1996\/\" rel=\"bookmark\" class=\"td-image-wrap \" title=\"Criza apei: R\u00e2urile din Europa devin tot mai mici \u0219i Olanda a declarat penurie. Dun\u0103rea a ajuns la cel mai sc\u0103zut nivel din 1996 \u0219i a scos la suprafa\u021b\u0103 epave din cel de-al Doilea R\u0103zboi Mondial\"><img loading=\"lazy\" decoding=\"async\" class=\"entry-thumb\" src=\"https:\/\/r3media.ro\/wp-content\/uploads\/2022\/05\/canal-dunarea-marea-neagra-e1653508834823-100x70.jpg\" alt title=\"Criza apei: R\u00e2urile din Europa devin tot mai mici \u0219i Olanda a declarat penurie. Dun\u0103rea a ajuns la cel mai sc\u0103zut nivel din 1996 \u0219i a scos la suprafa\u021b\u0103 epave din cel de-al Doilea R\u0103zboi Mondial\" width=\"100\" height=\"70\"><\/a><\/div>\n<div class=\"item-details\">\n<h3 class=\"entry-title td-module-title\"><a href=\"https:\/\/r3media.ro\/criza-apei-europa-olanda-penurie-rauri-dunare-nivel-scazut-1996\/\" rel=\"bookmark\" title=\"Criza apei: R\u00e2urile din Europa devin tot mai mici \u0219i Olanda a declarat penurie. Dun\u0103rea a ajuns la cel mai sc\u0103zut nivel din 1996 \u0219i a scos la suprafa\u021b\u0103 epave din cel de-al Doilea R\u0103zboi Mondial\">Criza apei: R\u00e2urile din Europa devin tot mai mici \u0219i Olanda&#8230;<\/a><\/h3>\n<div class=\"td-module-meta-info\"><span class=\"td-post-date\"><time class=\"entry-date updated td-module-date\" datetime=\"2026-07-26T10:26:19+03:00\">26\/07\/2026<\/time><\/span><\/div>\n<\/div>\n<\/div>\n<\/div>\n<\/div>\n<\/div>\n<aside class=\"td_block_template_1 widget widget_recent_comments\">\n<h4 class=\"block-title\"><span>INTR\u0102 \u00ceN DISCU\u021aIE!<\/span><\/h4>\n<ul id=\"recentcomments\">\n<li class=\"recentcomments\"><span class=\"comment-author-link\">Nicu<\/span> la <a href=\"https:\/\/r3media.ro\/ford-recheama-service-500-000-masini-risc-incendiu-motor\/#comment-40311\">Ford recheam\u0103 \u00een service peste 500.000 de ma\u0219ini din cauza riscului de incendiu la motor<\/a><\/li>\n<li class=\"recentcomments\"><span class=\"comment-author-link\">Nicu<\/span> la <a href=\"https:\/\/r3media.ro\/iiccmer-solicita-demolare-statuie-poet-adrian-paunescu-gradina-icoanei-bucuresti\/#comment-40309\">IICCMER solicit\u0103 demolarea statuii poetului Adrian P\u0103unescu din Gr\u0103dina Icoanei din Bucure\u0219ti<\/a><\/li>\n<li class=\"recentcomments\"><span class=\"comment-author-link\">Eu<\/span> la <a href=\"https:\/\/r3media.ro\/mihail-neamtu-aur-transparentizarea-surselor-de-finantare-a-ong-urilor-este-obligatorie-unele-dintre-ele-pun-in-pericol-interesele-romaniei\/#comment-40308\">Mihail Neam\u021bu (AUR): Transparentizarea surselor de finan\u021bare a ONG-urilor este obligatorie! Unele dintre ele pun \u00een pericol interesele Rom\u00e2niei<\/a><\/li>\n<li class=\"recentcomments\"><span class=\"comment-author-link\">Mamarica<\/span> la <a href=\"https:\/\/r3media.ro\/marea-britanie-apa-inteligenta-artificiala-romania-centru-ai-restrictii-consum-apa\/#comment-40307\">Marea Britanie nu mai are suficient\u0103 ap\u0103 pentru Inteligen\u021ba Artificial\u0103, dar Rom\u00e2nia vrea s\u0103 g\u0103zduiasc\u0103 un centru AI care consum\u0103 c\u00e2t sute de mii de oameni \u0219i impune restric\u021bii la consumul de ap\u0103 al popula\u021biei<\/a><\/li>\n<li class=\"recentcomments\"><span class=\"comment-author-link\">Redac\u021bia<\/span> la <a href=\"https:\/\/r3media.ro\/marea-britanie-apa-inteligenta-artificiala-romania-centru-ai-restrictii-consum-apa\/#comment-40306\">Marea Britanie nu mai are suficient\u0103 ap\u0103 pentru Inteligen\u021ba Artificial\u0103, dar Rom\u00e2nia vrea s\u0103 g\u0103zduiasc\u0103 un centru AI care consum\u0103 c\u00e2t sute de mii de oameni \u0219i impune restric\u021bii la consumul de ap\u0103 al popula\u021biei<\/a><\/li>\n<li class=\"recentcomments\"><span class=\"comment-author-link\">Luminita<\/span> la <a href=\"https:\/\/r3media.ro\/marea-britanie-apa-inteligenta-artificiala-romania-centru-ai-restrictii-consum-apa\/#comment-40305\">Marea Britanie nu mai are suficient\u0103 ap\u0103 pentru Inteligen\u021ba Artificial\u0103, dar Rom\u00e2nia vrea s\u0103 g\u0103zduiasc\u0103 un centru AI care consum\u0103 c\u00e2t sute de mii de oameni \u0219i impune restric\u021bii la consumul de ap\u0103 al popula\u021biei<\/a><\/li>\n<li class=\"recentcomments\"><span class=\"comment-author-link\">Redac\u021bia<\/span> la <a href=\"https:\/\/r3media.ro\/marea-britanie-apa-inteligenta-artificiala-romania-centru-ai-restrictii-consum-apa\/#comment-40304\">Marea Britanie nu mai are suficient\u0103 ap\u0103 pentru Inteligen\u021ba Artificial\u0103, dar Rom\u00e2nia vrea s\u0103 g\u0103zduiasc\u0103 un centru AI care consum\u0103 c\u00e2t sute de mii de oameni \u0219i impune restric\u021bii la consumul de ap\u0103 al popula\u021biei<\/a><\/li>\n<\/ul>\n<\/aside>\n<aside class=\"td_block_template_1 widget widget_search\">\n<h4 class=\"block-title\"><span>CAUT\u0102 \u0218I VEI G\u0102SI<\/span><\/h4>\n<\/aside>\n<\/div>\n<\/div>\n<\/div>\n<\/div>\n<\/div>\n<\/div>\n<\/div>\n<p><span class=\"td-page-meta\"><\/span><span class=\"td-page-meta\"><span class=\"td-page-meta\"><\/span><\/span><span class=\"td-page-meta\"><\/span><\/article>\n<\/p>\n<div class=\"td_block_wrap tdb_single_content tdi_18 td-pb-border-top td_block_template_1 td-post-content tagdiv-type\" data-td-block-uid=\"tdi_18\">\n<div class=\"tdb-block-inner td-fix-index\">\n<p><strong>Sf\u00e2ntul \u0219i marele Mucenic al lui Hristos Pantelimon a tr\u0103it \u00een cetatea Nicomidia, din Asia Mic\u0103, pe timpul \u00eemp\u0103ratului Maximian (286-305 d.Hr.).<\/strong><\/p>\n<p>Tat\u0103l s\u0103u era senatorul p\u0103g\u00e2n Eustorgiu, iar mama sa era cre\u0219tin\u0103 \u0219i se numea Euvula. Ei l-au numit pe copilul lor Pantoleon, ceea ce se t\u00e2lcuie\u0219te \u201ecu totul leu\u201d, nume prin care s-a ar\u0103tat mai \u00eenainte curajul m\u0103rturisirii de care avea s\u0103 dea dovad\u0103.<\/p>\n<p>De mic mama sa a \u00eenceput s\u0103 s\u0103deasc\u0103 \u00een inima lui credin\u021ba \u00een Hristos \u0219i bunele deprinderi cre\u0219tine, dar ea s-a stins de t\u00e2n\u0103r\u0103. Biserica o pomene\u0219te \u00eentre Sfin\u021bi, la 30 martie, ca model de mam\u0103 cre\u0219tin\u0103 \u0219i m\u0103rturisitoare.<\/p>\n<p>La \u00eenceput tat\u0103l s\u0103u l-a dat la \u00eenv\u0103\u021b\u0103tura gramaticii \u0219i, dup\u0103 ce a sporit \u00een c\u0103r\u021bile eline\u0219ti \u0219i a \u00eenv\u0103\u021bat filosofia, l-a \u00eendemnat \u0219i l-a trimis pe t\u00e2n\u0103rul Pantoleon la \u0219colile p\u0103g\u00e2ne\u0219ti ale vremii pentru a \u00eenv\u0103\u021ba me\u0219te\u0219ugul doctoricesc.<\/p>\n<p>El a mers la vestitul doctor al vremii, Eufrosin, despre care se spunea c\u0103 era des\u0103v\u00e2r\u0219it \u00een me\u0219te\u0219ugul vindec\u0103rii trupe\u0219ti.<\/p>\n<p>\u00cen vremea aceea, era \u00een Nicomidia un preot b\u0103tr\u00e2n, cu numele Ermolae, care, dup\u0103 ce a fost ucis de p\u0103g\u00e2ni Sf\u00e2ntul Antim, episcopul Nicomidiei (\u00e2\u20ac 3 septembrie 303), se ascundea cu pu\u021bini cre\u0219tini \u00eentr-o cas\u0103 mic\u0103 \u0219i ne\u0219tiut\u0103.<\/p>\n<p>De la acesta, t\u00e2n\u0103rul Pantoleon a \u00eenv\u0103\u021bat tainele credin\u021bei \u0219i a \u00een\u021beles puterea de vindecare a lui Hristos, Doctorul sufletelor \u0219i al trupurilor. Plec\u00e2nd \u00eentr-o zi de la Ermolae, Pantoleon a g\u0103sit pe drum un copil care tocmai murise, mu\u0219cat de o viper\u0103. Atunci s-a rugat M\u00e2ntuitorului \u0219i \u00eendat\u0103 copilul a \u00eenviat, iar vipera a murit.<\/p>\n<p>Uimit de puterea lui Hristos, Pantoleon s-a \u00eentors la Ermolae, a primit botezul \u0219i a z\u0103bovit \u0219apte zile, \u00eemp\u0103rt\u0103\u0219indu-se cu Sfintele Taine, rug\u00e2ndu-se \u0219i primind \u00eenv\u0103\u021b\u0103tur\u0103 de la b\u0103tr\u00e2nul preot.<\/p>\n<p>Dup\u0103 aceasta, t\u00e2n\u0103rul Pantoleon s-a dedicat vindec\u0103rii oamenilor, at\u00e2t prin me\u0219te\u0219ugul doctoricesc, dar mai ales prin rug\u0103ciune \u0219i \u00eensemnarea cu semnul Crucii. El s\u0103v\u00e2r\u0219ea aceste vindec\u0103ri f\u0103r\u0103 s\u0103 cear\u0103 bani sau vreo altfel de r\u0103splat\u0103 de la cei vindeca\u021bi.<\/p>\n<p>Acestora el le ar\u0103ta \u00een schimb marea putere a lui Hristos, spre Care \u00eei \u00eendrepta, ca s\u0103 devin\u0103 cre\u0219tini. Sf\u00e2ntul t\u0103m\u0103duitor a ajuns cunoscut \u00een acele locuri, iar dup\u0103 vindecarea unui orb vestea despre el a ajuns p\u00e2n\u0103 la \u00eemp\u0103rat.<\/p>\n<p>Fiind de fa\u021b\u0103 la vindecarea orbului, tat\u0103l Sf\u00e2ntului, Eustorgiu, a fost \u00eencre\u0219tinat atunci chiar de fiul s\u0103u, iar la scurt timp s-a mutat la cele ve\u0219nice.<\/p>\n<p>Atunci Pantoleon a eliberat sclavii \u0219i a \u00eemp\u0103r\u021bit s\u0103racilor toat\u0103 mo\u0219tenirea sa. Vestea despre minunile lui ajung\u00e2nd la \u00eemp\u0103ratul Maximian, acesta l-a chemat \u00eent\u00e2i pe orbul vindecat, ca s\u0103-i spun\u0103 cum a dob\u00e2ndit vederea.<\/p>\n<p>Cel vindecat a m\u0103rturisit c\u0103 Pantoleon l-a t\u0103m\u0103duit cu puterea lui Hristos, \u00een Care \u0219i el credea cu t\u0103rie.<\/p>\n<p>Auzind acestea, \u00eemp\u0103ratul s-a m\u00e2niat tare \u0219i a poruncit s\u0103 i se taie capul celui ce fusese orb, iar Pantoleon, t\u0103m\u0103duitorul lui, s\u0103 fie prins \u0219i adus la judecat\u0103.<\/p>\n<p>Aici, Sf\u00e2ntul a r\u0103mas neclintit \u00een credin\u021ba sa \u0219i nici la f\u0103g\u0103duin\u021bele \u00eemp\u0103ratului, nici la \u00eenfrico\u0219\u0103rile cu chinuri grele, n-a \u00eencetat s\u0103 m\u0103rturiseasc\u0103 statornic credin\u021ba \u00een Hristos. A fost b\u0103tut cumplit, ars cu f\u0103clii, pus \u00eentr-un cazan cu plumb topit, apoi aruncat fiarelor s\u0103lbatice.<\/p>\n<p>Fiind p\u0103zit nev\u0103t\u0103mat cu dumnezeiasca putere, Pantoleon a fost cercetat de Domnul Hristos, Care S-a ar\u0103tat \u00een chipul b\u0103tr\u00e2nului Ermolae, vindec\u00e2ndu-i r\u0103nile \u0219i \u00eemb\u0103rb\u0103t\u00e2ndu-l \u00een m\u0103rturisire.<\/p>\n<p>Apoi \u00eemp\u0103ratul a trimis la moarte pe preotul Ermolae, \u00eempreun\u0103 cu ucenicii s\u0103i Ermip \u0219i Ermocrat, iar a doua zi, v\u0103z\u00e2nd st\u0103ruin\u021ba \u00een credin\u021b\u0103 a lui Pantoleon, l-a os\u00e2ndit la moarte prin t\u0103ierea capului cu sabia.<\/p>\n<p>C\u00e2nd a venit acea groaznic\u0103 clip\u0103 a mor\u021bii sale, Sf\u00e2ntul, \u00eemplinindu-\u0219i rug\u0103ciunea c\u0103tre Dumnezeu, a auzit glas din ceruri care i-a schimbat numele din Pantoleon \u00een Pantelimon, adic\u0103 \u201ecel cu totul milostiv\u201d. Atunci, Mucenicul a \u00eentins de bun\u0103voie g\u00e2tul spre sabie \u0219i i s-a t\u0103iat capul. Era ziua de 27 iulie a anului 305.<\/p>\n<p>Multe minuni s-au s\u0103v\u00e2r\u0219it apoi la moa\u0219tele Sf\u00e2ntului Pantelimon, r\u0103sp\u00e2ndite \u00een toat\u0103 lumea cre\u0219tin\u0103, ca m\u0103rturie a puterii lui Hristos, Doctorul sufletelor \u0219i al trupurilor, Cel minunat \u00eentru Sfin\u021bii S\u0103i. <em>Biserica Ortodox\u0103 Rom\u00e2n\u0103 \u00eel pr\u0103znuie\u0219te pe Sf\u00e2ntul Mare Mucenic Pantelimon la data de 27 iulie<\/em>.<\/p>\n<div class=\"crp_related     crp-masonry\">\n<h2>\u00ceN CONTEXT<\/h2>\n<ul>\n<li><a href=\"https:\/\/r3media.ro\/calendarul-zilei-4-ianuarie-soborul-sfintilor-70-de-apostoli\/\" class=\"crp_link post-34856\"><span class=\"crp_title\">Calendarul zilei 4 ianuarie: Soborul Sfin\u021bilor 70 de apostoli<\/span><\/a><\/li>\n<li><a href=\"https:\/\/r3media.ro\/calendarul-zilei-9-mai-sf-proroc-isaia-sf-mc-hristofor-aducerea-la-bari-a-moastelor-sf-ier-nicolae\/\" class=\"crp_link post-94576\"><span class=\"crp_title\">Calendarul zilei 9 mai: Sf. Proroc Isaia; Sf. Mc. Hristofor; Aducerea la Bari a moa\u0219telor\u2026<\/span><\/a><\/li>\n<li><a href=\"https:\/\/r3media.ro\/calendarul-zilei-22-iunie-sf-ierarh-grigorie-dascalul-mitropolitul-tarii-romanesti-sf-sfintit-mc-eusebiu-episcopul-samosatei\/\" class=\"crp_link post-48963\"><span class=\"crp_title\">Calendarul zilei 22 iunie: Sf. Ierarh Grigorie Dasc\u0103lul, Mitropolitul \u021a\u0103rii Rom\u00e2ne\u0219ti; Sf.\u2026<\/span><\/a><\/li>\n<li><a href=\"https:\/\/r3media.ro\/calendarul-zilei-18-decembrie-sf-cuvios-daniil-sihastrul-duhovnicul-sf-stefan-cel-mare\/\" class=\"crp_link post-86710\"><span class=\"crp_title\">Calendarul zilei 18 decembrie: Sf. Cuvios Daniil Sihastrul, duhovnicul Sf. \u0218tefan cel Mare<\/span><\/a><\/li>\n<li><a href=\"https:\/\/r3media.ro\/calendarul-zilei-26-octombrie-sf-dimitrie-dumitru-izvoratorul-de-mir-ocrotitorul-craiovei\/\" class=\"crp_link post-4638\"><span class=\"crp_title\">Calendarul zilei 26 octombrie: Sf. Dimitrie (Dumitru), Izvor\u00e2torul de Mir, ocrotitorul Craiovei<\/span><\/a><\/li>\n<li><a href=\"https:\/\/r3media.ro\/calendarul-zilei-26-august-sfintii-adrian-si-natalia-cei-doi-soti-a-caror-dragoste-a-fost-mai-tare-decat-moartea-si-sunt-ocrotitorii-familiei\/\" class=\"crp_link post-26673\"><span class=\"crp_title\">Calendarul zilei 26 august: Sfin\u021bii Adrian \u0219i Natalia, cei doi so\u021bi a c\u0103ror dragoste a fost\u2026<\/span><\/a><\/li>\n<li><a href=\"https:\/\/r3media.ro\/calendarul-zilei-7-ianuarie-sfantul-ioan-botezatorul-craciunul-pe-calendarul-vechi\/\" class=\"crp_link post-10400\"><span class=\"crp_title\">Calendarul zilei 7 ianuarie: Sf\u00e2ntul Ioan Botez\u0103torul. Cr\u0103ciunul pe calendarul vechi<\/span><\/a><\/li>\n<li><a href=\"https:\/\/r3media.ro\/23-iulie-aducerea-moastelor-sfantului-sfintit-mucenic-foca-sfintii-mucenici-apolinarie-vitalie-si-valeria\/\" class=\"crp_link post-98482\"><span class=\"crp_title\">Calendarul zilei 23 iulie: Aducerea moa\u015ftelor Sf\u00e2ntului Sfin\u0163it Mucenic Foca; Sfin\u0163ii\u2026<\/span><\/a><\/li>\n<\/ul>\n<\/div>\n<\/div>\n<\/div>\n<p>[analyse_source url=&#8221;https:\/\/r3media.ro\/27-iulie-sf-mare-mucenic-pantelimon\/&#8221;]<\/p>\n","protected":false},"excerpt":{"rendered":"<p>[analyse_image type=&#8221;featured&#8221; src=&#8221;https:\/\/r3media.ro\/wp-content\/uploads\/2022\/07\/maxresdefault-9.jpghttps:\/\/r3media.ro\/wp-content\/uploads\/2022\/07\/maxresdefault-9.jpg&#8221;] PRIM PLANCalendarul zilei 27 iulie: Sf. Mare Mucenic Pantelimon PRIM PLAN\u0218TIRIVIDEO Calendarul zilei 27 iulie: Sf. Mare Mucenic Pantelimon Redac\u021bia 26\/07\/2026 Sf\u00e2ntul \u0219i marele Mucenic al lui Hristos Pantelimon a tr\u0103it \u00een cetatea Nicomidia, din Asia Mic\u0103, pe timpul \u00eemp\u0103ratului Maximian (286-305 d.Hr.). Tat\u0103l s\u0103u era senatorul p\u0103g\u00e2n Eustorgiu, iar mama sa [&hellip;]<\/p>\n","protected":false},"author":1,"featured_media":0,"comment_status":"open","ping_status":"","sticky":false,"template":"","format":"standard","meta":{"footnotes":""},"categories":[89],"tags":[226,93],"class_list":["post-2063479","post","type-post","status-publish","format-standard","hentry","category-romania","tag-crawlmanager","tag-r3media-ro"],"_links":{"self":[{"href":"https:\/\/analyse.optim.biz\/index.php?rest_route=\/wp\/v2\/posts\/2063479","targetHints":{"allow":["GET"]}}],"collection":[{"href":"https:\/\/analyse.optim.biz\/index.php?rest_route=\/wp\/v2\/posts"}],"about":[{"href":"https:\/\/analyse.optim.biz\/index.php?rest_route=\/wp\/v2\/types\/post"}],"author":[{"embeddable":true,"href":"https:\/\/analyse.optim.biz\/index.php?rest_route=\/wp\/v2\/users\/1"}],"replies":[{"embeddable":true,"href":"https:\/\/analyse.optim.biz\/index.php?rest_route=%2Fwp%2Fv2%2Fcomments&post=2063479"}],"version-history":[{"count":0,"href":"https:\/\/analyse.optim.biz\/index.php?rest_route=\/wp\/v2\/posts\/2063479\/revisions"}],"wp:attachment":[{"href":"https:\/\/analyse.optim.biz\/index.php?rest_route=%2Fwp%2Fv2%2Fmedia&parent=2063479"}],"wp:term":[{"taxonomy":"category","embeddable":true,"href":"https:\/\/analyse.optim.biz\/index.php?rest_route=%2Fwp%2Fv2%2Fcategories&post=2063479"},{"taxonomy":"post_tag","embeddable":true,"href":"https:\/\/analyse.optim.biz\/index.php?rest_route=%2Fwp%2Fv2%2Ftags&post=2063479"}],"curies":[{"name":"wp","href":"https:\/\/api.w.org\/{rel}","templated":true}]}}