{"id":2063478,"date":"2026-07-26T08:44:31","date_gmt":"2026-07-26T05:44:31","guid":{"rendered":"https:\/\/analyse.optim.biz\/?p=2063478"},"modified":"2026-07-26T08:44:31","modified_gmt":"2026-07-26T05:44:31","slug":"pentru-prima-oara-in-istorie-presedintia-romaniei-emite-un-document-care-pune-pe-primul-plan-o-alta-entitate-decat-tara-noastra-patriotismul-european","status":"publish","type":"post","link":"https:\/\/analyse.optim.biz\/?p=2063478","title":{"rendered":"Pentru prima oar\u0103 \u00een istorie, Pre\u0219edin\u021bia Rom\u00e2niei emite un document care pune pe primul plan o alt\u0103 entitate dec\u00e2t \u021bara noastr\u0103: patriotismul european"},"content":{"rendered":"<p>[analyse_image type=&#8221;featured&#8221; src=&#8221;https:\/\/r3media.ro\/wp-content\/uploads\/2023\/09\/presedintele-romaniei-2024-e1695036308417.jpghttps:\/\/r3media.ro\/wp-content\/uploads\/2023\/09\/presedintele-romaniei-2024-e1695036308417.jpg&#8221;]<\/p>\n<article id=\"template-id-109\" class=\"post-109 tdb_templates type-tdb_templates status-publish post\">\n<div id=\"tdi_2\" class=\"tdc-zone\">\n<div class=\"tdc_zone tdi_3  wpb_row td-pb-row\">\n<div id=\"tdi_4\" class=\"tdc-row\">\n<div class=\"vc_row tdi_5  wpb_row td-pb-row\">\n<div class=\"vc_column tdi_7  wpb_column vc_column_container tdc-column td-pb-span8\">\n<div class=\"wpb_wrapper\">\n<div class=\"td_block_wrap tdb_breadcrumbs tdi_8 td-pb-border-top td_block_template_1 tdb-breadcrumbs \" data-td-block-uid=\"tdi_8\">\n<div class=\"tdb-block-inner td-fix-index\"><span><a title=\"Vede\u021bi toate articolele \u00een PRIM PLAN\" class=\"tdb-entry-crumb\" href=\"https:\/\/r3media.ro\/category\/stiri-prim-plan\/\">PRIM PLAN<\/a><\/span><span class=\"tdb-bred-no-url-last\">Pentru prima oar\u0103 \u00een istorie, Pre\u0219edin\u021bia Rom\u00e2niei emite un document care pune&#8230;<\/span><\/div>\n<\/div>\n<div class=\"td_block_wrap tdb_single_categories tdi_9 td-pb-border-top td_block_template_1 \" data-td-block-uid=\"tdi_9\">\n<div class=\"tdb-category td-fix-index\"><a class=\"tdb-entry-category\" href=\"https:\/\/r3media.ro\/category\/stiri-prim-plan\/\">PRIM PLAN<\/a><a class=\"tdb-entry-category\" href=\"https:\/\/r3media.ro\/category\/stiri\/\">\u0218TIRI<\/a><\/div>\n<\/div>\n<div class=\"td_block_wrap tdb_title tdi_10 tdb-single-title td-pb-border-top td_block_template_1\" data-td-block-uid=\"tdi_10\">\n<div class=\"tdb-block-inner td-fix-index\">\n<h1 class=\"tdb-title-text\">Pentru prima oar\u0103 \u00een istorie, Pre\u0219edin\u021bia Rom\u00e2niei emite un document care pune pe primul plan o alt\u0103 entitate dec\u00e2t \u021bara noastr\u0103: patriotismul european<\/h1>\n<\/div>\n<\/div>\n<div class=\"vc_row_inner tdi_12  vc_row vc_inner wpb_row td-pb-row\">\n<div class=\"vc_column_inner tdi_14  wpb_column vc_column_container tdc-inner-column td-pb-span12\">\n<div class=\"vc_column-inner\">\n<div class=\"wpb_wrapper\">\n<div class=\"td_block_wrap tdb_single_author tdi_15 td-pb-border-top td_block_template_1 tdb-post-meta\" data-td-block-uid=\"tdi_15\">\n<div class=\"tdb-block-inner td-fix-index\">\n<div class=\"tdb-author-name-wrap\"><a class=\"tdb-author-name\" href=\"https:\/\/r3media.ro\/author\/teodor_stan\/\">Teodor Stan<\/a><\/div>\n<\/div>\n<\/div>\n<div class=\"td_block_wrap tdb_single_date tdi_16 td-pb-border-top td_block_template_1 tdb-post-meta\" data-td-block-uid=\"tdi_16\">\n<div class=\"tdb-block-inner td-fix-index\"><time class=\"entry-date updated td-module-date\" datetime=\"2026-07-26T11:44:31+03:00\">26\/07\/2026<\/time><\/div>\n<\/div>\n<\/div>\n<\/div>\n<\/div>\n<\/div>\n<div class=\"td_block_wrap tdb_single_featured_image tdi_17 tdb-content-horiz-left td-pb-border-top td_block_template_1\" data-td-block-uid=\"tdi_17\">\n<div class=\"tdb-block-inner td-fix-index\">\n<figure><figcaption class=\"tdb-caption-text\">Sursa foto: presidency.ro<\/figcaption><\/figure>\n<\/div>\n<\/div>\n<div class=\"td_block_wrap tdb_single_content tdi_18 td-pb-border-top td_block_template_1 td-post-content tagdiv-type\" data-td-block-uid=\"tdi_18\">\n<div class=\"tdb-block-inner td-fix-index\">\n<p><strong>Pre\u0219edin\u021bia Rom\u00e2niei a emis un document care pune pe primul plan o alt\u0103 entitate dec\u00e2t \u021bara noastr\u0103 \u0219i o alt\u0103 identitate dec\u00e2t cea na\u021bional\u0103, oficializ\u00e2nd conceptul de \u201epatriotism european\u201d.<\/strong><\/p>\n<p>Este vorba despre \u201eIdentitate na\u021bional\u0103, identitate european\u0103 \u0219i provocarea populismului\u201d, document realizat de c\u0103tre Grupul de Reflec\u021bie Strategic\u0103 \u201eRom\u00e2nia \u00een UE\u201d \u0219i publicat pe<a href=\"https:\/\/www.presidency.ro\/ro\/media\/identitate-nationala-identitate-europeana-si-provocarea-populismului-raport-al-grupului-de-reflectie-strategica-romania-in-ue\" target=\"_blank\" rel=\"noopener\"> siteul Pre\u0219edin\u021biei<\/a> pe 22 iulie.<\/p>\n<p>Raportul este structurat \u00een cinci p\u0103r\u021bi: \u201eElemente definitorii ale identit\u0103\u021bii na\u021bionale rom\u00e2ne\u0219ti\u201d, \u201eElementele comune ale identit\u0103\u021bii europene \u0219i registrele lor\u201e, \u201ePatriotismul na\u021bional, suveranismul \u0219i cet\u0103\u021benia european\u0103 post-na\u021bional\u0103\u201d, \u201eEste populismul na\u021bional condamnat s\u0103 \u00eenving\u0103 proiectul european?\u201d \u0219i \u201eCe trebuie s\u0103 fac\u0103 Rom\u00e2nia pentru a preveni derivele ultraidentitare\u201d.<\/p>\n<p>\u00cen mod stupefiant, documentul \u00eencepe prin a deconstrui istoria pe care s-a cl\u0103dit statul rom\u00e2n modern, aceea a continuit\u0103\u021bii daco-romane. Mai mult, autorii raportului sus\u021bin c\u0103 identitatea rom\u00e2neasc\u0103 nu ar fi definitiv\u0103, aceasta fiind \u201eproces ne\u00eencheiat, plural \u0219i dinamic\u201d (!)<\/p>\n<p>\u201eNara\u021biunea continuit\u0103\u021bii daco-romane este un pilon al imaginarului na\u021bional \u00eenc\u0103 din secolul al XIX-lea. Dincolo de disputele academice privind originile, rolul ei este mai ales simbolic: ofer\u0103 o explica\u021bie a permanen\u021bei \u0219i legitimeaz\u0103 comunitatea politic\u0103. Mai mul\u021bi autori avertizeaz\u0103 \u00eens\u0103 c\u0103 memoria trebuie s\u0103 fie una critic\u0103 \u2014 capabil\u0103 s\u0103 integreze \u0219i episoadele dificile ale trecutului \u2014 nu o mitologie defensiv\u0103 exclusiv a gloriei \u0219i a sacrificiului\u201d, se precizeaz\u0103 \u00een raport.<\/p>\n<h2>Patriotismul civic?!<\/h2>\n<p>Autorii propun \u201epatriotismul civic\u201d, \u201edrept cadru mai adecvat dec\u00e2t defini\u021biile etnice sau confesionale rigide\u201d, \u00een locul patriotismului clasic.<\/p>\n<p>Cu alte cuvinte, nu conteaz\u0103 etnia \u0219i principiile morale ale unei persoane, at\u00e2ta vreme c\u00e2t ader\u0103 la legile \u0219i normele entit\u0103\u021bii statale respective. De altfel, autorii afirm\u0103 clar c\u0103 \u201etriada mo\u0219tenirii mediteraneene\u201d (filozofia greac\u0103, dreptul roman \u0219i revela\u021bia iudeo-cre\u0219tin\u0103 (Atena, Roma, Ierusalim), cu straturi succesive (cre\u0219tinism, umanism, Rena\u0219tere, Iluminism, \u0219tiin\u021b\u0103 modern\u0103)..nu trebuie transformat\u0103 \u00eentr-o genealogie exclusivist\u0103: elementul cu adev\u0103rat comun este capacitatea de a integra diferen\u021bele \u0219i de a-\u0219i reevalua critic propriul trecut\u201d.<\/p>\n<p>De altfel, se \u0219i exemplific\u0103 acest concept prin\u2026Uniunea European\u0103, cea care ne propune un \u201epatriotism constitu\u021bional\u201d.<\/p>\n<p>\u201eNucleul identit\u0103\u021bii europene contemporane. Uniunea s-a construit \u00een jurul unui set de principii \u2014 demnitatea uman\u0103, libertatea, democra\u021bia, egalitatea, statul de drept, protec\u021bia minorit\u0103\u021bilor (art. 2 TUE). Europa apare ca o comunitate politic\u0103, nu etnic\u0103 \u2014 un \u201epatriotism constitu\u021bional\u201d \u201d, se precizeaz\u0103.<\/p>\n<h2>Concluzia\u2026nu e \u00eemp\u0103rt\u0103\u0219it\u0103 de rom\u00e2ni<\/h2>\n<p>Autorii afirm\u0103, concluzion\u00e2nd, c\u0103 \u201eViitorul nu apar\u021bine nici federalismului abstract, nici suveranismului exclusivist, ci unui patriotism european plural\u201d.<\/p>\n<p>Acest tip de \u201epatriotism european plural\u201d este respins de rom\u00e2ni, dup\u0103 cum o arat\u0103 chiar autorii raportului.\u00a0 Ace\u0219tia citeaz\u0103 sondajele care arat\u0103 c\u0103 rom\u00e2nii nu sunt ata\u0219a\u021bi de Uniunea European\u0103, ci o sus\u021bin at\u00e2ta vreme c\u00e2t le este folositoare.<\/p>\n<p>\u201eRaportul presupune un patriotism european care se poate \u00eent\u0103ri reciproc cu cel na\u021bional, dar sondajul arat\u0103 un ata\u0219ament pragmatic \u0219i condi\u021bionat, nu internalizat identitar \u2014 un pro-europenism \u201eprin calcul, nu prin convingere\u201d, bazat pe teama de pierdere (securitate, stabilitate, acces), nu pe loialitate simbolic\u0103.<\/p>\n<p>Aceasta \u00eent\u0103re\u0219te tocmai avertismentul din raport privind dimensiunea afectiv\u0103 deficitar\u0103 a cet\u0103\u021beniei europene \u0219i responsabilitatea \u00eemp\u0103r\u021bit\u0103 a institu\u021biilor: un sprijin defensiv \u0219i instrumental poate fi rapid erodat de discursuri populiste dac\u0103 beneficiile nu sunt clar resim\u021bite \u00een via\u021ba de zi cu zi, iar 1 din 5 rom\u00e2ni sunt deja eurosceptici convin\u0219i.<\/p>\n<p>Cu alte cuvinte, datele confirm\u0103 diagnosticul raportului, dar sugereaz\u0103 c\u0103 \u201epatriotismul european plural\u201d pe care acesta \u00eel propune ca solu\u021bie r\u0103m\u00e2ne, deocamdat\u0103, mai mult un obiectiv dec\u00e2t o realitate a opiniei publice\u201d, se precizeaz\u0103 \u00een document.<\/p>\n<h2>Cine sunt autorii raportului<\/h2>\n<p>Autorii raportului sunt Sergiu Mi\u0219coiu, prof. univ. dr., directorul Centrului de Cooper\u0103ri Interna\u021bionale, Universitatea Babe\u0219-Bolyai \u0219i Silviu Rogobete, prof. univ. dr., directorul \u0218colii doctorale de filosofie, sociologie si \u0219tiin\u021be politice, Universitatea de Vest Timi\u0219oara \u00een calitate de raportori.<\/p>\n<p>Autorii contribu\u021biilor sunt: Teodor Baconschi, Dumitru Chis\u0103li\u021b\u0103, Adrian-Gabriel Corp\u0103dean, Sergiu Mi\u0219coiu, Raluca Moldovan, Adrian Papahagi, Ovidiu Pecican, Dorin Popescu, Antonia Pup, Silviu Rogobete, Mihai Sebe, Remus \u0218tefureac \u0219i Sever Voinescu.<\/p>\n<p>Grupul de Reflec\u021bie Strategic\u0103 \u201eRom\u00e2nia \u00een UE\u201d este coordonat de Consilierul Preziden\u021bial Valentin Naumescu.<\/p>\n<div class=\"crp_related     crp-masonry\">\n<h2>\u00ceN CONTEXT<\/h2>\n<ul>\n<li><a href=\"https:\/\/r3media.ro\/fara-tine-in-google-r3media-dispare-iata-ce-poti-face-in-10-secunde\/\" class=\"crp_link post-119031\"><span class=\"crp_title\">F\u0103r\u0103 tine \u00een Google, R3media dispare. Iat\u0103 ce po\u021bi face \u00een 10 secunde<\/span><\/a><\/li>\n<li><a href=\"https:\/\/r3media.ro\/dan-dungaciu-patriotism-european-natiunea-identitatea-europeana\/\" class=\"crp_link post-120480\"><span class=\"crp_title\">Prof. Dan Dungaciu despre raportul privind \u201epatriotismul european\u201d emis de la Cotroceni:\u2026<\/span><\/a><\/li>\n<li><a href=\"https:\/\/r3media.ro\/mihail-neamtu-neeuropeana-imperiu-birocrati-bruxelles-inarmarea-germaniei\/\" class=\"crp_link post-118770\"><span class=\"crp_title\">EXCLUSIVITATE Mihail Neam\u021bu: Exist\u0103 o tendin\u021b\u0103 neeuropean\u0103 de a se crea un imperiu condus de\u2026<\/span><\/a><\/li>\n<li><a href=\"https:\/\/r3media.ro\/uniunea-europeana-pas-federalizare-tari-capacitate-gestionare-frontiere-public-entitate-cetateni\/\" class=\"crp_link post-112121\"><span class=\"crp_title\">UE a mai f\u0103cut un pas c\u0103tre federalizare | \u021a\u0103rile au fost private de capacitatea de a-\u0219i\u2026<\/span><\/a><\/li>\n<li><a href=\"https:\/\/r3media.ro\/despre-strategia-americii-lui-trump\/\" class=\"crp_link post-114421\"><span class=\"crp_title\">Despre strategia Americii lui Trump<\/span><\/a><\/li>\n<li><a href=\"https:\/\/r3media.ro\/exemplu-de-suveranitate-nationala-guvernul-poloniei-vrea-sa-cumpere-800-magazine-carrefour-producatori-locali-piete\/\" class=\"crp_link post-114325\"><span class=\"crp_title\">Exemplu de suveranitate na\u021bional\u0103: Guvernul Poloniei vrea s\u0103 cumpere cele 800 de magazine\u2026<\/span><\/a><\/li>\n<li><a href=\"https:\/\/r3media.ro\/cateva-raspunsuri-de-la-un-suveranist\/\" class=\"crp_link post-118223\"><span class=\"crp_title\">C\u00e2teva r\u0103spunsuri de la un suveranist<\/span><\/a><\/li>\n<li><a href=\"https:\/\/r3media.ro\/romanii-boteaza-copii-nume-exotice-constantin-ion-andreea-eric-mark-emma\/\" class=\"crp_link post-116282\"><span class=\"crp_title\">Rom\u00e2nii \u00ee\u0219i boteaz\u0103 tot mai des copiii cu nume exotice. Constantin, Ion \u0219i Andreea,\u2026<\/span><\/a><\/li>\n<\/ul>\n<\/div>\n<\/div>\n<\/div>\n<div class=\"td_block_wrap tdb_single_tags tdi_19 td-pb-border-top td_block_template_1\" data-td-block-uid=\"tdi_19\">\n<div class=\"tdb-block-inner td-fix-index\">\n<ul class=\"tdb-tags\">\n<li><span>SUBIECTE FIERBIN\u021aI<\/span><\/li>\n<li><a href=\"https:\/\/r3media.ro\/tag\/identitate-europeana\/\">identitate europeana<\/a><\/li>\n<li><a href=\"https:\/\/r3media.ro\/tag\/identitatea-nationala\/\">identitatea nationala<\/a><\/li>\n<li><a href=\"https:\/\/r3media.ro\/tag\/patriotism\/\">patriotism<\/a><\/li>\n<li><a href=\"https:\/\/r3media.ro\/tag\/statele-unite-ale-europei-sue\/\">statele unite ale europei (sue)<\/a><\/li>\n<li><a href=\"https:\/\/r3media.ro\/tag\/suveranitate-nationala\/\">suveranitate na\u021bional\u0103<\/a><\/li>\n<\/ul>\n<\/div>\n<\/div>\n<div class=\"td_block_wrap td_block_9 tdi_20 td_with_ajax_pagination td-pb-border-top td_block_template_1 td-column-2 td_block_padding td_block_bot_line\" data-td-block-uid=\"tdi_20\">\n<div class=\"td-block-title-wrap\">\n<h4 class=\"block-title td-block-title\"><span class=\"td-pulldown-size\">CITE\u0218TE MAI MULT<\/span><\/h4>\n<\/div>\n<div id=\"tdi_20\" class=\"td_block_inner\">\n<div class=\"td-block-row\">\n<div class=\"td-block-span6\">\n<div class=\"td_module_8 td_module_wrap\">\n<div class=\"item-details\">\n<h3 class=\"entry-title td-module-title\"><a href=\"https:\/\/r3media.ro\/film-nou-stapanul-inelelor-corect-politic-regizor-andy-serkis-diversitate-tolkien-mitologie-nordica\/\" rel=\"bookmark\" title=\"Noul film \u201eSt\u0103p\u00e2nul Inelelor\u201d nu va fi corect politic. Regizorul Andy Serkis: J.R.R. Tolkien a fost influen\u021bat de mitologia nordic\u0103. Nu vrem o distribu\u021bie de dragul de a bifa c\u0103su\u021be\">Noul film \u201eSt\u0103p\u00e2nul Inelelor\u201d nu va fi corect politic. Regizorul Andy Serkis: J.R.R. Tolkien&#8230;<\/a><\/h3>\n<div class=\"td-module-meta-info\"><a href=\"https:\/\/r3media.ro\/category\/featured\/\" class=\"td-post-category\">FEATURED<\/a><span class=\"td-post-author-name\"><a href=\"https:\/\/r3media.ro\/author\/oana\/\">Oana Ivan<\/a><span>&#8211;<\/span><\/span><span class=\"td-post-date\"><time class=\"entry-date updated td-module-date\" datetime=\"2026-07-26T15:49:31+03:00\">26\/07\/2026<\/time><\/span><\/div>\n<\/div>\n<\/div>\n<\/div>\n<div class=\"td-block-span6\">\n<div class=\"td_module_8 td_module_wrap\">\n<div class=\"item-details\">\n<h3 class=\"entry-title td-module-title\"><a href=\"https:\/\/r3media.ro\/marea-britanie-apa-inteligenta-artificiala-romania-centru-ai-restrictii-consum-apa\/\" rel=\"bookmark\" title=\"Marea Britanie nu mai are suficient\u0103 ap\u0103 pentru Inteligen\u021ba Artificial\u0103, dar Rom\u00e2nia vrea s\u0103 g\u0103zduiasc\u0103 un centru AI care consum\u0103 c\u00e2t sute de mii de oameni \u0219i impune restric\u021bii la consumul de ap\u0103 al popula\u021biei\">Marea Britanie nu mai are suficient\u0103 ap\u0103 pentru Inteligen\u021ba Artificial\u0103, dar Rom\u00e2nia vrea s\u0103&#8230;<\/a><\/h3>\n<div class=\"td-module-meta-info\"><a href=\"https:\/\/r3media.ro\/category\/actualitate\/\" class=\"td-post-category\">ACTUALITATE<\/a><span class=\"td-post-author-name\"><a href=\"https:\/\/r3media.ro\/author\/radu_ursan\/\">Radu Ursan<\/a><span>&#8211;<\/span><\/span><span class=\"td-post-date\"><time class=\"entry-date updated td-module-date\" datetime=\"2026-07-23T11:44:13+03:00\">23\/07\/2026<\/time><\/span><\/div>\n<\/div>\n<\/div>\n<\/div>\n<\/div>\n<div class=\"td-block-row\">\n<div class=\"td-block-span6\">\n<div class=\"td_module_8 td_module_wrap\">\n<div class=\"item-details\">\n<h3 class=\"entry-title td-module-title\"><a href=\"https:\/\/r3media.ro\/campion-olimpic-olaf-tufte-mort-subit-50-ani\/\" rel=\"bookmark\" title=\"Campionul olimpic Olaf Tufte a murit subit la 50 de ani\">Campionul olimpic Olaf Tufte a murit subit la 50 de ani<\/a><\/h3>\n<div class=\"td-module-meta-info\"><a href=\"https:\/\/r3media.ro\/category\/actualitate\/\" class=\"td-post-category\">ACTUALITATE<\/a><span class=\"td-post-author-name\"><a href=\"https:\/\/r3media.ro\/author\/oana\/\">Oana Ivan<\/a><span>&#8211;<\/span><\/span><span class=\"td-post-date\"><time class=\"entry-date updated td-module-date\" datetime=\"2026-07-22T12:11:02+03:00\">22\/07\/2026<\/time><\/span><\/div>\n<\/div>\n<\/div>\n<\/div>\n<div class=\"td-block-span6\">\n<div class=\"td_module_8 td_module_wrap\">\n<div class=\"item-details\">\n<h3 class=\"entry-title td-module-title\"><a href=\"https:\/\/r3media.ro\/explozie-incendiu-fabrica-kronospan-brasov-video\/\" rel=\"bookmark\" title=\"VIDEO | Explozie urmat\u0103 de un incendiu la fabrica Kronospan din Bra\u0219ov. \u00cen timp ce pompierii \u00eencercau s\u0103 sting\u0103 focul s-a produs o alt\u0103 explozie\">VIDEO | Explozie urmat\u0103 de un incendiu la fabrica Kronospan din Bra\u0219ov. \u00cen timp&#8230;<\/a><\/h3>\n<div class=\"td-module-meta-info\"><a href=\"https:\/\/r3media.ro\/category\/actualitate\/\" class=\"td-post-category\">ACTUALITATE<\/a><span class=\"td-post-author-name\"><a href=\"https:\/\/r3media.ro\/author\/oana\/\">Oana Ivan<\/a><span>&#8211;<\/span><\/span><span class=\"td-post-date\"><time class=\"entry-date updated td-module-date\" datetime=\"2026-07-22T10:01:28+03:00\">22\/07\/2026<\/time><\/span><\/div>\n<\/div>\n<\/div>\n<\/div>\n<\/div>\n<div class=\"td-block-row\">\n<div class=\"td-block-span6\">\n<div class=\"td_module_8 td_module_wrap\">\n<div class=\"item-details\">\n<h3 class=\"entry-title td-module-title\"><a href=\"https:\/\/r3media.ro\/asa-incepe-compania-openai-afirma-un-model-de-inteligenta-artificiala-a-atacat-din-proprie-initiativa-sistemele-unei-alte-companii\/\" rel=\"bookmark\" title=\"A\u0219a \u00eencepe? Compania OpenAI afirm\u0103 un model de inteligen\u021b\u0103 artificial\u0103 a ATACAT din proprie ini\u021biativ\u0103 sistemele unei alte companii\">A\u0219a \u00eencepe? Compania OpenAI afirm\u0103 un model de inteligen\u021b\u0103 artificial\u0103 a ATACAT din proprie&#8230;<\/a><\/h3>\n<div class=\"td-module-meta-info\"><a href=\"https:\/\/r3media.ro\/category\/actualitate\/\" class=\"td-post-category\">ACTUALITATE<\/a><span class=\"td-post-author-name\"><a href=\"https:\/\/r3media.ro\/author\/teodor_stan\/\">Teodor Stan<\/a><span>&#8211;<\/span><\/span><span class=\"td-post-date\"><time class=\"entry-date updated td-module-date\" datetime=\"2026-07-22T09:10:53+03:00\">22\/07\/2026<\/time><\/span><\/div>\n<\/div>\n<\/div>\n<\/div>\n<div class=\"td-block-span6\">\n<div class=\"td_module_8 td_module_wrap\">\n<div class=\"item-details\">\n<h3 class=\"entry-title td-module-title\"><a href=\"https:\/\/r3media.ro\/episcopul-husilor-oameni-animale-therieni-degradare-progresism\/\" rel=\"bookmark\" title=\"Episcopul Hu\u0219ilor, despre oamenii care se cred animale: V\u0103 da\u021bi seama c\u00e2t\u0103 degradare uman\u0103 este? De ce? Pentru c\u0103 se \u00eencred \u00een progresism\">Episcopul Hu\u0219ilor, despre oamenii care se cred animale: V\u0103 da\u021bi seama c\u00e2t\u0103 degradare uman\u0103&#8230;<\/a><\/h3>\n<div class=\"td-module-meta-info\"><a href=\"https:\/\/r3media.ro\/category\/actualitate\/\" class=\"td-post-category\">ACTUALITATE<\/a><span class=\"td-post-author-name\"><a href=\"https:\/\/r3media.ro\/author\/radu_ursan\/\">Radu Ursan<\/a><span>&#8211;<\/span><\/span><span class=\"td-post-date\"><time class=\"entry-date updated td-module-date\" datetime=\"2026-07-21T19:30:46+03:00\">21\/07\/2026<\/time><\/span><\/div>\n<\/div>\n<\/div>\n<\/div>\n<\/div>\n<div class=\"td-block-row\">\n<div class=\"td-block-span6\">\n<div class=\"td_module_8 td_module_wrap\">\n<div class=\"item-details\">\n<h3 class=\"entry-title td-module-title\"><a href=\"https:\/\/r3media.ro\/video-cult-femeie-dumnezeu-mama-romania\/\" rel=\"bookmark\" title=\"VIDEO | Un cult care consider\u0103 o femeie coreean\u0103 drept \u201eDumnezeu Mama\u201d face prozeli\u021bi \u00een Rom\u00e2nia\">VIDEO | Un cult care consider\u0103 o femeie coreean\u0103 drept \u201eDumnezeu Mama\u201d face prozeli\u021bi&#8230;<\/a><\/h3>\n<div class=\"td-module-meta-info\"><a href=\"https:\/\/r3media.ro\/category\/actualitate\/\" class=\"td-post-category\">ACTUALITATE<\/a><span class=\"td-post-author-name\"><a href=\"https:\/\/r3media.ro\/author\/redactia\/\">Redac\u021bia<\/a><span>&#8211;<\/span><\/span><span class=\"td-post-date\"><time class=\"entry-date updated td-module-date\" datetime=\"2026-07-21T11:14:08+03:00\">21\/07\/2026<\/time><\/span><\/div>\n<\/div>\n<\/div>\n<\/div>\n<div class=\"td-block-span6\">\n<div class=\"td_module_8 td_module_wrap\">\n<div class=\"item-details\">\n<h3 class=\"entry-title td-module-title\"><a href=\"https:\/\/r3media.ro\/cehia-interzice-telefoanele-in-scoli\/\" rel=\"bookmark\" title=\"Cehia se preg\u0103te\u0219te s\u0103 interzic\u0103 telefoanele mobile \u00een \u0219coli\">Cehia se preg\u0103te\u0219te s\u0103 interzic\u0103 telefoanele mobile \u00een \u0219coli<\/a><\/h3>\n<div class=\"td-module-meta-info\"><a href=\"https:\/\/r3media.ro\/category\/actualitate\/\" class=\"td-post-category\">ACTUALITATE<\/a><span class=\"td-post-author-name\"><a href=\"https:\/\/r3media.ro\/author\/redactia\/\">Redac\u021bia<\/a><span>&#8211;<\/span><\/span><span class=\"td-post-date\"><time class=\"entry-date updated td-module-date\" datetime=\"2026-07-20T22:34:13+03:00\">20\/07\/2026<\/time><\/span><\/div>\n<\/div>\n<\/div>\n<\/div>\n<\/div>\n<div class=\"td-block-row\">\n<div class=\"td-block-span6\">\n<div class=\"td_module_8 td_module_wrap\">\n<div class=\"item-details\">\n<h3 class=\"entry-title td-module-title\"><a href=\"https:\/\/r3media.ro\/mihail-neamtu-oblgatie-romania\/\" rel=\"bookmark\" title=\"Mihail Neam\u021bu: Suntem o \u021bar\u0103 mic\u0103, iar singura obliga\u021bie a politicienilor de la Bucure\u0219ti e s\u0103 nu introduc\u0103 Rom\u00e2nia \u00eentr-un r\u0103zboi stupid \u0219i perdant\">Mihail Neam\u021bu: Suntem o \u021bar\u0103 mic\u0103, iar singura obliga\u021bie a politicienilor de la Bucure\u0219ti&#8230;<\/a><\/h3>\n<div class=\"td-module-meta-info\"><a href=\"https:\/\/r3media.ro\/category\/actualitate\/\" class=\"td-post-category\">ACTUALITATE<\/a><span class=\"td-post-author-name\"><a href=\"https:\/\/r3media.ro\/author\/redactia\/\">Redac\u021bia<\/a><span>&#8211;<\/span><\/span><span class=\"td-post-date\"><time class=\"entry-date updated td-module-date\" datetime=\"2026-07-20T22:01:16+03:00\">20\/07\/2026<\/time><\/span><\/div>\n<\/div>\n<\/div>\n<\/div>\n<div class=\"td-block-span6\">\n<div class=\"td_module_8 td_module_wrap\">\n<div class=\"item-details\">\n<h3 class=\"entry-title td-module-title\"><a href=\"https:\/\/r3media.ro\/petrisor-peiu-conditii-aur-vot-guvernul-vestea-nicusor-dan-solutii-bunastare-romani\/\" rel=\"bookmark\" title=\"Condi\u021biile AUR pentru a vota Guvernul Ve\u0219tea. Petri\u0219or Peiu propune solu\u021bii clare pentru bun\u0103starea rom\u00e2nilor\">Condi\u021biile AUR pentru a vota Guvernul Ve\u0219tea. Petri\u0219or Peiu propune solu\u021bii clare pentru bun\u0103starea&#8230;<\/a><\/h3>\n<div class=\"td-module-meta-info\"><a href=\"https:\/\/r3media.ro\/category\/stiri\/\" class=\"td-post-category\">\u0218TIRI<\/a><span class=\"td-post-author-name\"><a href=\"https:\/\/r3media.ro\/author\/oana\/\">Oana Ivan<\/a><span>&#8211;<\/span><\/span><span class=\"td-post-date\"><time class=\"entry-date updated td-module-date\" datetime=\"2026-06-17T10:10:31+03:00\">17\/06\/2026<\/time><\/span><\/div>\n<\/div>\n<\/div>\n<\/div>\n<\/div>\n<div class=\"td-block-row\">\n<div class=\"td-block-span6\">\n<div class=\"td_module_8 td_module_wrap\">\n<div class=\"item-details\">\n<h3 class=\"entry-title td-module-title\"><a href=\"https:\/\/r3media.ro\/mihail-neamtu-neeuropeana-imperiu-birocrati-bruxelles-inarmarea-germaniei\/\" rel=\"bookmark\" title=\"EXCLUSIVITATE Mihail Neam\u021bu: Exist\u0103 o tendin\u021b\u0103 neeuropean\u0103 de a se crea un imperiu condus de birocra\u021bi de la Bruxelles \/ Pericolul \u00eenarm\u0103rii Germaniei\">EXCLUSIVITATE Mihail Neam\u021bu: Exist\u0103 o tendin\u021b\u0103 neeuropean\u0103 de a se crea un imperiu condus&#8230;<\/a><\/h3>\n<div class=\"td-module-meta-info\"><a href=\"https:\/\/r3media.ro\/category\/stiri\/\" class=\"td-post-category\">\u0218TIRI<\/a><span class=\"td-post-author-name\"><a href=\"https:\/\/r3media.ro\/author\/oana\/\">Oana Ivan<\/a><span>&#8211;<\/span><\/span><span class=\"td-post-date\"><time class=\"entry-date updated td-module-date\" datetime=\"2026-06-22T09:02:12+03:00\">22\/06\/2026<\/time><\/span><\/div>\n<\/div>\n<\/div>\n<\/div>\n<div class=\"td-block-span6\">\n<div class=\"td_module_8 td_module_wrap\">\n<div class=\"item-details\">\n<h3 class=\"entry-title td-module-title\"><a href=\"https:\/\/r3media.ro\/spania-invinge-argentina-castiga-cupa-mondiala\/\" rel=\"bookmark\" title=\"Spania a \u00eenvins Argentina \u0219i a c\u00e2\u0219tigat Cupa Mondial\u0103 pentru a doua oar\u0103 \u00een istorie\">Spania a \u00eenvins Argentina \u0219i a c\u00e2\u0219tigat Cupa Mondial\u0103 pentru a doua oar\u0103 \u00een&#8230;<\/a><\/h3>\n<div class=\"td-module-meta-info\"><a href=\"https:\/\/r3media.ro\/category\/actualitate\/\" class=\"td-post-category\">ACTUALITATE<\/a><span class=\"td-post-author-name\"><a href=\"https:\/\/r3media.ro\/author\/oana\/\">Oana Ivan<\/a><span>&#8211;<\/span><\/span><span class=\"td-post-date\"><time class=\"entry-date updated td-module-date\" datetime=\"2026-07-20T01:04:07+03:00\">20\/07\/2026<\/time><\/span><\/div>\n<\/div>\n<\/div>\n<\/div>\n<\/div>\n<\/div>\n<div class=\"td-load-more-wrap td-load-more-infinite-wrap\" id=\"infinite-lm-tdi_20\"><a href=\"https:\/\/r3media.ro\/prima-oara-istorie-presedintia-document-primplan-patriotism-european\/\" class=\"td_ajax_load_more td_ajax_load_more_js\" aria-label=\"\u00cenc\u0103rca\u021bi mai multe\" id=\"next-page-tdi_20\" data-td_block_id=\"tdi_20\">\u00cenc\u0103rca\u021bi mai multe<\/a><\/div>\n<\/div>\n<div class=\"td_block_wrap tdb_single_comments tdi_21 tdb-comm-layout2 td-pb-border-top td_block_template_1\" data-td-block-uid=\"tdi_21\">\n<div class=\"tdb-block-inner td-fix-index\">\n<div class=\"comments\" id=\"comments\">\n<div id=\"respond\" class=\"comment-respond\">\n<h3 id=\"reply-title\" class=\"comment-reply-title\">AI CEVA DE SPUS? <small><a rel=\"nofollow\" id=\"cancel-comment-reply-link\" href=\"https:\/\/r3media.ro\/prima-oara-istorie-presedintia-document-primplan-patriotism-european\/#respond\">Renun\u021ba\u021bi la r\u0103spuns<\/a><\/small><\/h3>\n<div class=\"comment-form-input-wrap td-form-comment\">\n<div class=\"td-warning-comment\">V\u0103 rug\u0103m s\u0103 introduce\u021bi comentariul dvs.!<\/div>\n<\/div>\n<div class=\"comment-form-input-wrap td-form-author\">\n<div class=\"td-warning-author\">Introduce\u021bi aici numele dvs.<\/div>\n<\/div>\n<div class=\"comment-form-input-wrap td-form-email\">\n<div class=\"td-warning-email-error\">A\u021bi introdus o adres\u0103 de e-mail incorect\u0103!<\/div>\n<div class=\"td-warning-email\">V\u0103 rug\u0103m s\u0103 introduce\u021bi adresa dvs. de e-mail aici<\/div>\n<\/div>\n<\/div>\n<\/div>\n<\/div>\n<\/div>\n<\/div>\n<\/div>\n<div class=\"vc_column tdi_23  wpb_column vc_column_container tdc-column td-pb-span4 td-is-sticky\">\n<div class=\"wpb_wrapper\" data-sticky-enabled-on=\"W3RydWUsdHJ1ZSx0cnVlLHRydWVd\" data-sticky-offset=\"20\" data-sticky-is-width-auto=\"W2ZhbHNlLGZhbHNlLGZhbHNlLGZhbHNlXQ==\">\n<div class=\"wpb_wrapper td_block_wrap vc_widget_sidebar tdi_25 \">\n<div class=\"td_block_wrap td_block_7 td_block_widget tdi_26 td-pb-border-top td_block_template_1 td-column-1 td_block_padding\" data-td-block-uid=\"tdi_26\">\n<div class=\"td-block-title-wrap\">\n<h4 class=\"block-title td-block-title\"><span class=\"td-pulldown-size\">Articole RELA\u021aIONATE<\/span><\/h4>\n<\/div>\n<div id=\"tdi_26\" class=\"td_block_inner\">\n<div class=\"td-block-span12\">\n<div class=\"td_module_6 td_module_wrap td-animation-stack\">\n<div class=\"td-module-thumb\"><a href=\"https:\/\/r3media.ro\/soferii-volvo-revolta-masini-electrice-defecte-ingrozit-vehicul-foc\/\" rel=\"bookmark\" class=\"td-image-wrap \" title=\"\u0218oferii Volvo se revolt\u0103 din cauza ma\u0219inilor electrice \u201edefecte\u201d: \u201eSunt \u00eengrozit c\u0103 ma\u0219ina mea va lua foc\u201d\"><img loading=\"lazy\" decoding=\"async\" class=\"entry-thumb\" src=\"https:\/\/r3media.ro\/wp-content\/uploads\/2026\/07\/volvo-100x70.jpg\" alt title=\"\u0218oferii Volvo se revolt\u0103 din cauza ma\u0219inilor electrice \u201edefecte\u201d: \u201eSunt \u00eengrozit c\u0103 ma\u0219ina mea va lua foc\u201d\" width=\"100\" height=\"70\"><\/a><\/div>\n<div class=\"item-details\">\n<h3 class=\"entry-title td-module-title\"><a href=\"https:\/\/r3media.ro\/soferii-volvo-revolta-masini-electrice-defecte-ingrozit-vehicul-foc\/\" rel=\"bookmark\" title=\"\u0218oferii Volvo se revolt\u0103 din cauza ma\u0219inilor electrice \u201edefecte\u201d: \u201eSunt \u00eengrozit c\u0103 ma\u0219ina mea va lua foc\u201d\">\u0218oferii Volvo se revolt\u0103 din cauza ma\u0219inilor electrice \u201edefecte\u201d: \u201eSunt \u00eengrozit&#8230;<\/a><\/h3>\n<div class=\"td-module-meta-info\"><span class=\"td-post-date\"><time class=\"entry-date updated td-module-date\" datetime=\"2026-07-27T10:59:58+03:00\">27\/07\/2026<\/time><\/span><\/div>\n<\/div>\n<\/div>\n<\/div>\n<div class=\"td-block-span12\">\n<div class=\"td_module_6 td_module_wrap td-animation-stack\">\n<div class=\"td-module-thumb\"><a href=\"https:\/\/r3media.ro\/dan-dungaciu-patriotism-european-natiunea-identitatea-europeana\/\" rel=\"bookmark\" class=\"td-image-wrap \" title=\"Prof. Dan Dungaciu despre raportul privind \u201epatriotismul european\u201d emis de la Cotroceni: Dac\u0103 na\u021biunea e un construct, atunci \u201eidentitatea european\u0103\u201d ce este?\"><img loading=\"lazy\" decoding=\"async\" class=\"entry-thumb\" src=\"https:\/\/r3media.ro\/wp-content\/uploads\/2021\/03\/uniunea-europeana-dezinformeaza-100x70.jpg\" alt title=\"Prof. Dan Dungaciu despre raportul privind \u201epatriotismul european\u201d emis de la Cotroceni: Dac\u0103 na\u021biunea e un construct, atunci \u201eidentitatea european\u0103\u201d ce este?\" width=\"100\" height=\"70\"><\/a><\/div>\n<div class=\"item-details\">\n<h3 class=\"entry-title td-module-title\"><a href=\"https:\/\/r3media.ro\/dan-dungaciu-patriotism-european-natiunea-identitatea-europeana\/\" rel=\"bookmark\" title=\"Prof. Dan Dungaciu despre raportul privind \u201epatriotismul european\u201d emis de la Cotroceni: Dac\u0103 na\u021biunea e un construct, atunci \u201eidentitatea european\u0103\u201d ce este?\">Prof. Dan Dungaciu despre raportul privind \u201epatriotismul european\u201d emis de la&#8230;<\/a><\/h3>\n<div class=\"td-module-meta-info\"><span class=\"td-post-date\"><time class=\"entry-date updated td-module-date\" datetime=\"2026-07-27T09:51:21+03:00\">27\/07\/2026<\/time><\/span><\/div>\n<\/div>\n<\/div>\n<\/div>\n<div class=\"td-block-span12\">\n<div class=\"td_module_6 td_module_wrap td-animation-stack\">\n<div class=\"td-module-thumb\"><a href=\"https:\/\/r3media.ro\/urs-sibiu\/\" rel=\"bookmark\" class=\"td-image-wrap \" title=\"Un urs a fost v\u0103zut pe unul dintre cele mai circulate bulevarde din Sibiu\"><img loading=\"lazy\" decoding=\"async\" class=\"entry-thumb\" src=\"https:\/\/r3media.ro\/wp-content\/uploads\/2026\/07\/urs-sibiu-100x70.jpg\" alt title=\"Un urs a fost v\u0103zut pe unul dintre cele mai circulate bulevarde din Sibiu\" width=\"100\" height=\"70\"><\/a><\/div>\n<div class=\"item-details\">\n<h3 class=\"entry-title td-module-title\"><a href=\"https:\/\/r3media.ro\/urs-sibiu\/\" rel=\"bookmark\" title=\"Un urs a fost v\u0103zut pe unul dintre cele mai circulate bulevarde din Sibiu\">Un urs a fost v\u0103zut pe unul dintre cele mai circulate&#8230;<\/a><\/h3>\n<div class=\"td-module-meta-info\"><span class=\"td-post-date\"><time class=\"entry-date updated td-module-date\" datetime=\"2026-07-27T09:11:35+03:00\">27\/07\/2026<\/time><\/span><\/div>\n<\/div>\n<\/div>\n<\/div>\n<div class=\"td-block-span12\">\n<div class=\"td_module_6 td_module_wrap td-animation-stack\">\n<div class=\"td-module-thumb\"><a href=\"https:\/\/r3media.ro\/vladimir-putin-romania-teritorii-ucraina\/\" rel=\"bookmark\" class=\"td-image-wrap \" title=\"Vladimir Putin spune c\u0103 Rom\u00e2nia va fi printre statele care vor recupera teritorii de la Ucraina\"><img loading=\"lazy\" decoding=\"async\" class=\"entry-thumb\" src=\"https:\/\/r3media.ro\/wp-content\/uploads\/2023\/11\/putin-1-6-1536x865-1-100x70.webp\" alt title=\"Vladimir Putin spune c\u0103 Rom\u00e2nia va fi printre statele care vor recupera teritorii de la Ucraina\" width=\"100\" height=\"70\"><\/a><\/div>\n<div class=\"item-details\">\n<h3 class=\"entry-title td-module-title\"><a href=\"https:\/\/r3media.ro\/vladimir-putin-romania-teritorii-ucraina\/\" rel=\"bookmark\" title=\"Vladimir Putin spune c\u0103 Rom\u00e2nia va fi printre statele care vor recupera teritorii de la Ucraina\">Vladimir Putin spune c\u0103 Rom\u00e2nia va fi printre statele care vor&#8230;<\/a><\/h3>\n<div class=\"td-module-meta-info\"><span class=\"td-post-date\"><time class=\"entry-date updated td-module-date\" datetime=\"2026-07-27T08:21:48+03:00\">27\/07\/2026<\/time><\/span><\/div>\n<\/div>\n<\/div>\n<\/div>\n<div class=\"td-block-span12\">\n<div class=\"td_module_6 td_module_wrap td-animation-stack\">\n<div class=\"td-module-thumb\"><a href=\"https:\/\/r3media.ro\/27-iulie-sf-mare-mucenic-pantelimon\/\" rel=\"bookmark\" class=\"td-image-wrap \" title=\"Calendarul zilei 27 iulie: Sf. Mare Mucenic Pantelimon\"><img loading=\"lazy\" decoding=\"async\" class=\"entry-thumb\" src=\"https:\/\/r3media.ro\/wp-content\/uploads\/2022\/07\/maxresdefault-9-100x70.jpg\" alt title=\"Calendarul zilei 27 iulie: Sf. Mare Mucenic Pantelimon\" width=\"100\" height=\"70\"><\/a><\/div>\n<div class=\"item-details\">\n<h3 class=\"entry-title td-module-title\"><a href=\"https:\/\/r3media.ro\/27-iulie-sf-mare-mucenic-pantelimon\/\" rel=\"bookmark\" title=\"Calendarul zilei 27 iulie: Sf. Mare Mucenic Pantelimon\">Calendarul zilei 27 iulie: Sf. Mare Mucenic Pantelimon<\/a><\/h3>\n<div class=\"td-module-meta-info\"><span class=\"td-post-date\"><time class=\"entry-date updated td-module-date\" datetime=\"2026-07-26T23:00:48+03:00\">26\/07\/2026<\/time><\/span><\/div>\n<\/div>\n<\/div>\n<\/div>\n<div class=\"td-block-span12\">\n<div class=\"td_module_6 td_module_wrap td-animation-stack\">\n<div class=\"td-module-thumb\"><a href=\"https:\/\/r3media.ro\/film-nou-stapanul-inelelor-corect-politic-regizor-andy-serkis-diversitate-tolkien-mitologie-nordica\/\" rel=\"bookmark\" class=\"td-image-wrap \" title=\"Noul film \u201eSt\u0103p\u00e2nul Inelelor\u201d nu va fi corect politic. Regizorul Andy Serkis: J.R.R. Tolkien a fost influen\u021bat de mitologia nordic\u0103. Nu vrem o distribu\u021bie de dragul de a bifa c\u0103su\u021be\"><img loading=\"lazy\" decoding=\"async\" class=\"entry-thumb\" src=\"https:\/\/r3media.ro\/wp-content\/uploads\/2026\/07\/comitatul-din-stapanul-inelelor-100x70.jpg\" alt title=\"Noul film \u201eSt\u0103p\u00e2nul Inelelor\u201d nu va fi corect politic. Regizorul Andy Serkis: J.R.R. Tolkien a fost influen\u021bat de mitologia nordic\u0103. Nu vrem o distribu\u021bie de dragul de a bifa c\u0103su\u021be\" width=\"100\" height=\"70\"><\/a><\/div>\n<div class=\"item-details\">\n<h3 class=\"entry-title td-module-title\"><a href=\"https:\/\/r3media.ro\/film-nou-stapanul-inelelor-corect-politic-regizor-andy-serkis-diversitate-tolkien-mitologie-nordica\/\" rel=\"bookmark\" title=\"Noul film \u201eSt\u0103p\u00e2nul Inelelor\u201d nu va fi corect politic. Regizorul Andy Serkis: J.R.R. Tolkien a fost influen\u021bat de mitologia nordic\u0103. Nu vrem o distribu\u021bie de dragul de a bifa c\u0103su\u021be\">Noul film \u201eSt\u0103p\u00e2nul Inelelor\u201d nu va fi corect politic. Regizorul Andy&#8230;<\/a><\/h3>\n<div class=\"td-module-meta-info\"><span class=\"td-post-date\"><time class=\"entry-date updated td-module-date\" datetime=\"2026-07-26T15:49:31+03:00\">26\/07\/2026<\/time><\/span><\/div>\n<\/div>\n<\/div>\n<\/div>\n<div class=\"td-block-span12\">\n<div class=\"td_module_6 td_module_wrap td-animation-stack\">\n<div class=\"td-module-thumb\"><a href=\"https:\/\/r3media.ro\/criza-apei-europa-olanda-penurie-rauri-dunare-nivel-scazut-1996\/\" rel=\"bookmark\" class=\"td-image-wrap \" title=\"Criza apei: R\u00e2urile din Europa devin tot mai mici \u0219i Olanda a declarat penurie. Dun\u0103rea a ajuns la cel mai sc\u0103zut nivel din 1996 \u0219i a scos la suprafa\u021b\u0103 epave din cel de-al Doilea R\u0103zboi Mondial\"><img loading=\"lazy\" decoding=\"async\" class=\"entry-thumb\" src=\"https:\/\/r3media.ro\/wp-content\/uploads\/2022\/05\/canal-dunarea-marea-neagra-e1653508834823-100x70.jpg\" alt title=\"Criza apei: R\u00e2urile din Europa devin tot mai mici \u0219i Olanda a declarat penurie. Dun\u0103rea a ajuns la cel mai sc\u0103zut nivel din 1996 \u0219i a scos la suprafa\u021b\u0103 epave din cel de-al Doilea R\u0103zboi Mondial\" width=\"100\" height=\"70\"><\/a><\/div>\n<div class=\"item-details\">\n<h3 class=\"entry-title td-module-title\"><a href=\"https:\/\/r3media.ro\/criza-apei-europa-olanda-penurie-rauri-dunare-nivel-scazut-1996\/\" rel=\"bookmark\" title=\"Criza apei: R\u00e2urile din Europa devin tot mai mici \u0219i Olanda a declarat penurie. Dun\u0103rea a ajuns la cel mai sc\u0103zut nivel din 1996 \u0219i a scos la suprafa\u021b\u0103 epave din cel de-al Doilea R\u0103zboi Mondial\">Criza apei: R\u00e2urile din Europa devin tot mai mici \u0219i Olanda&#8230;<\/a><\/h3>\n<div class=\"td-module-meta-info\"><span class=\"td-post-date\"><time class=\"entry-date updated td-module-date\" datetime=\"2026-07-26T10:26:19+03:00\">26\/07\/2026<\/time><\/span><\/div>\n<\/div>\n<\/div>\n<\/div>\n<\/div>\n<\/div>\n<aside class=\"td_block_template_1 widget widget_recent_comments\">\n<h4 class=\"block-title\"><span>INTR\u0102 \u00ceN DISCU\u021aIE!<\/span><\/h4>\n<ul id=\"recentcomments\">\n<li class=\"recentcomments\"><span class=\"comment-author-link\">Nicu<\/span> la <a href=\"https:\/\/r3media.ro\/ford-recheama-service-500-000-masini-risc-incendiu-motor\/#comment-40311\">Ford recheam\u0103 \u00een service peste 500.000 de ma\u0219ini din cauza riscului de incendiu la motor<\/a><\/li>\n<li class=\"recentcomments\"><span class=\"comment-author-link\">Nicu<\/span> la <a href=\"https:\/\/r3media.ro\/iiccmer-solicita-demolare-statuie-poet-adrian-paunescu-gradina-icoanei-bucuresti\/#comment-40309\">IICCMER solicit\u0103 demolarea statuii poetului Adrian P\u0103unescu din Gr\u0103dina Icoanei din Bucure\u0219ti<\/a><\/li>\n<li class=\"recentcomments\"><span class=\"comment-author-link\">Eu<\/span> la <a href=\"https:\/\/r3media.ro\/mihail-neamtu-aur-transparentizarea-surselor-de-finantare-a-ong-urilor-este-obligatorie-unele-dintre-ele-pun-in-pericol-interesele-romaniei\/#comment-40308\">Mihail Neam\u021bu (AUR): Transparentizarea surselor de finan\u021bare a ONG-urilor este obligatorie! Unele dintre ele pun \u00een pericol interesele Rom\u00e2niei<\/a><\/li>\n<li class=\"recentcomments\"><span class=\"comment-author-link\">Mamarica<\/span> la <a href=\"https:\/\/r3media.ro\/marea-britanie-apa-inteligenta-artificiala-romania-centru-ai-restrictii-consum-apa\/#comment-40307\">Marea Britanie nu mai are suficient\u0103 ap\u0103 pentru Inteligen\u021ba Artificial\u0103, dar Rom\u00e2nia vrea s\u0103 g\u0103zduiasc\u0103 un centru AI care consum\u0103 c\u00e2t sute de mii de oameni \u0219i impune restric\u021bii la consumul de ap\u0103 al popula\u021biei<\/a><\/li>\n<li class=\"recentcomments\"><span class=\"comment-author-link\">Redac\u021bia<\/span> la <a href=\"https:\/\/r3media.ro\/marea-britanie-apa-inteligenta-artificiala-romania-centru-ai-restrictii-consum-apa\/#comment-40306\">Marea Britanie nu mai are suficient\u0103 ap\u0103 pentru Inteligen\u021ba Artificial\u0103, dar Rom\u00e2nia vrea s\u0103 g\u0103zduiasc\u0103 un centru AI care consum\u0103 c\u00e2t sute de mii de oameni \u0219i impune restric\u021bii la consumul de ap\u0103 al popula\u021biei<\/a><\/li>\n<li class=\"recentcomments\"><span class=\"comment-author-link\">Luminita<\/span> la <a href=\"https:\/\/r3media.ro\/marea-britanie-apa-inteligenta-artificiala-romania-centru-ai-restrictii-consum-apa\/#comment-40305\">Marea Britanie nu mai are suficient\u0103 ap\u0103 pentru Inteligen\u021ba Artificial\u0103, dar Rom\u00e2nia vrea s\u0103 g\u0103zduiasc\u0103 un centru AI care consum\u0103 c\u00e2t sute de mii de oameni \u0219i impune restric\u021bii la consumul de ap\u0103 al popula\u021biei<\/a><\/li>\n<li class=\"recentcomments\"><span class=\"comment-author-link\">Redac\u021bia<\/span> la <a href=\"https:\/\/r3media.ro\/marea-britanie-apa-inteligenta-artificiala-romania-centru-ai-restrictii-consum-apa\/#comment-40304\">Marea Britanie nu mai are suficient\u0103 ap\u0103 pentru Inteligen\u021ba Artificial\u0103, dar Rom\u00e2nia vrea s\u0103 g\u0103zduiasc\u0103 un centru AI care consum\u0103 c\u00e2t sute de mii de oameni \u0219i impune restric\u021bii la consumul de ap\u0103 al popula\u021biei<\/a><\/li>\n<\/ul>\n<\/aside>\n<aside class=\"td_block_template_1 widget widget_search\">\n<h4 class=\"block-title\"><span>CAUT\u0102 \u0218I VEI G\u0102SI<\/span><\/h4>\n<\/aside>\n<\/div>\n<\/div>\n<\/div>\n<\/div>\n<\/div>\n<\/div>\n<\/div>\n<p><span class=\"td-page-meta\"><\/span><span class=\"td-page-meta\"><span class=\"td-page-meta\"><\/span><\/span><span class=\"td-page-meta\"><\/span><\/article>\n<\/p>\n<div class=\"td_block_wrap tdb_single_content tdi_18 td-pb-border-top td_block_template_1 td-post-content tagdiv-type\" data-td-block-uid=\"tdi_18\">\n<div class=\"tdb-block-inner td-fix-index\">\n<p><strong>Pre\u0219edin\u021bia Rom\u00e2niei a emis un document care pune pe primul plan o alt\u0103 entitate dec\u00e2t \u021bara noastr\u0103 \u0219i o alt\u0103 identitate dec\u00e2t cea na\u021bional\u0103, oficializ\u00e2nd conceptul de \u201epatriotism european\u201d.<\/strong><\/p>\n<p>Este vorba despre \u201eIdentitate na\u021bional\u0103, identitate european\u0103 \u0219i provocarea populismului\u201d, document realizat de c\u0103tre Grupul de Reflec\u021bie Strategic\u0103 \u201eRom\u00e2nia \u00een UE\u201d \u0219i publicat pe<a href=\"https:\/\/www.presidency.ro\/ro\/media\/identitate-nationala-identitate-europeana-si-provocarea-populismului-raport-al-grupului-de-reflectie-strategica-romania-in-ue\" target=\"_blank\" rel=\"noopener\"> siteul Pre\u0219edin\u021biei<\/a> pe 22 iulie.<\/p>\n<p>Raportul este structurat \u00een cinci p\u0103r\u021bi: \u201eElemente definitorii ale identit\u0103\u021bii na\u021bionale rom\u00e2ne\u0219ti\u201d, \u201eElementele comune ale identit\u0103\u021bii europene \u0219i registrele lor\u201e, \u201ePatriotismul na\u021bional, suveranismul \u0219i cet\u0103\u021benia european\u0103 post-na\u021bional\u0103\u201d, \u201eEste populismul na\u021bional condamnat s\u0103 \u00eenving\u0103 proiectul european?\u201d \u0219i \u201eCe trebuie s\u0103 fac\u0103 Rom\u00e2nia pentru a preveni derivele ultraidentitare\u201d.<\/p>\n<p>\u00cen mod stupefiant, documentul \u00eencepe prin a deconstrui istoria pe care s-a cl\u0103dit statul rom\u00e2n modern, aceea a continuit\u0103\u021bii daco-romane. Mai mult, autorii raportului sus\u021bin c\u0103 identitatea rom\u00e2neasc\u0103 nu ar fi definitiv\u0103, aceasta fiind \u201eproces ne\u00eencheiat, plural \u0219i dinamic\u201d (!)<\/p>\n<p>\u201eNara\u021biunea continuit\u0103\u021bii daco-romane este un pilon al imaginarului na\u021bional \u00eenc\u0103 din secolul al XIX-lea. Dincolo de disputele academice privind originile, rolul ei este mai ales simbolic: ofer\u0103 o explica\u021bie a permanen\u021bei \u0219i legitimeaz\u0103 comunitatea politic\u0103. Mai mul\u021bi autori avertizeaz\u0103 \u00eens\u0103 c\u0103 memoria trebuie s\u0103 fie una critic\u0103 \u2014 capabil\u0103 s\u0103 integreze \u0219i episoadele dificile ale trecutului \u2014 nu o mitologie defensiv\u0103 exclusiv a gloriei \u0219i a sacrificiului\u201d, se precizeaz\u0103 \u00een raport.<\/p>\n<h2>Patriotismul civic?!<\/h2>\n<p>Autorii propun \u201epatriotismul civic\u201d, \u201edrept cadru mai adecvat dec\u00e2t defini\u021biile etnice sau confesionale rigide\u201d, \u00een locul patriotismului clasic.<\/p>\n<p>Cu alte cuvinte, nu conteaz\u0103 etnia \u0219i principiile morale ale unei persoane, at\u00e2ta vreme c\u00e2t ader\u0103 la legile \u0219i normele entit\u0103\u021bii statale respective. De altfel, autorii afirm\u0103 clar c\u0103 \u201etriada mo\u0219tenirii mediteraneene\u201d (filozofia greac\u0103, dreptul roman \u0219i revela\u021bia iudeo-cre\u0219tin\u0103 (Atena, Roma, Ierusalim), cu straturi succesive (cre\u0219tinism, umanism, Rena\u0219tere, Iluminism, \u0219tiin\u021b\u0103 modern\u0103)..nu trebuie transformat\u0103 \u00eentr-o genealogie exclusivist\u0103: elementul cu adev\u0103rat comun este capacitatea de a integra diferen\u021bele \u0219i de a-\u0219i reevalua critic propriul trecut\u201d.<\/p>\n<p>De altfel, se \u0219i exemplific\u0103 acest concept prin\u2026Uniunea European\u0103, cea care ne propune un \u201epatriotism constitu\u021bional\u201d.<\/p>\n<p>\u201eNucleul identit\u0103\u021bii europene contemporane. Uniunea s-a construit \u00een jurul unui set de principii \u2014 demnitatea uman\u0103, libertatea, democra\u021bia, egalitatea, statul de drept, protec\u021bia minorit\u0103\u021bilor (art. 2 TUE). Europa apare ca o comunitate politic\u0103, nu etnic\u0103 \u2014 un \u201epatriotism constitu\u021bional\u201d \u201d, se precizeaz\u0103.<\/p>\n<h2>Concluzia\u2026nu e \u00eemp\u0103rt\u0103\u0219it\u0103 de rom\u00e2ni<\/h2>\n<p>Autorii afirm\u0103, concluzion\u00e2nd, c\u0103 \u201eViitorul nu apar\u021bine nici federalismului abstract, nici suveranismului exclusivist, ci unui patriotism european plural\u201d.<\/p>\n<p>Acest tip de \u201epatriotism european plural\u201d este respins de rom\u00e2ni, dup\u0103 cum o arat\u0103 chiar autorii raportului.\u00a0 Ace\u0219tia citeaz\u0103 sondajele care arat\u0103 c\u0103 rom\u00e2nii nu sunt ata\u0219a\u021bi de Uniunea European\u0103, ci o sus\u021bin at\u00e2ta vreme c\u00e2t le este folositoare.<\/p>\n<p>\u201eRaportul presupune un patriotism european care se poate \u00eent\u0103ri reciproc cu cel na\u021bional, dar sondajul arat\u0103 un ata\u0219ament pragmatic \u0219i condi\u021bionat, nu internalizat identitar \u2014 un pro-europenism \u201eprin calcul, nu prin convingere\u201d, bazat pe teama de pierdere (securitate, stabilitate, acces), nu pe loialitate simbolic\u0103.<\/p>\n<p>Aceasta \u00eent\u0103re\u0219te tocmai avertismentul din raport privind dimensiunea afectiv\u0103 deficitar\u0103 a cet\u0103\u021beniei europene \u0219i responsabilitatea \u00eemp\u0103r\u021bit\u0103 a institu\u021biilor: un sprijin defensiv \u0219i instrumental poate fi rapid erodat de discursuri populiste dac\u0103 beneficiile nu sunt clar resim\u021bite \u00een via\u021ba de zi cu zi, iar 1 din 5 rom\u00e2ni sunt deja eurosceptici convin\u0219i.<\/p>\n<p>Cu alte cuvinte, datele confirm\u0103 diagnosticul raportului, dar sugereaz\u0103 c\u0103 \u201epatriotismul european plural\u201d pe care acesta \u00eel propune ca solu\u021bie r\u0103m\u00e2ne, deocamdat\u0103, mai mult un obiectiv dec\u00e2t o realitate a opiniei publice\u201d, se precizeaz\u0103 \u00een document.<\/p>\n<h2>Cine sunt autorii raportului<\/h2>\n<p>Autorii raportului sunt Sergiu Mi\u0219coiu, prof. univ. dr., directorul Centrului de Cooper\u0103ri Interna\u021bionale, Universitatea Babe\u0219-Bolyai \u0219i Silviu Rogobete, prof. univ. dr., directorul \u0218colii doctorale de filosofie, sociologie si \u0219tiin\u021be politice, Universitatea de Vest Timi\u0219oara \u00een calitate de raportori.<\/p>\n<p>Autorii contribu\u021biilor sunt: Teodor Baconschi, Dumitru Chis\u0103li\u021b\u0103, Adrian-Gabriel Corp\u0103dean, Sergiu Mi\u0219coiu, Raluca Moldovan, Adrian Papahagi, Ovidiu Pecican, Dorin Popescu, Antonia Pup, Silviu Rogobete, Mihai Sebe, Remus \u0218tefureac \u0219i Sever Voinescu.<\/p>\n<p>Grupul de Reflec\u021bie Strategic\u0103 \u201eRom\u00e2nia \u00een UE\u201d este coordonat de Consilierul Preziden\u021bial Valentin Naumescu.<\/p>\n<div class=\"crp_related     crp-masonry\">\n<h2>\u00ceN CONTEXT<\/h2>\n<ul>\n<li><a href=\"https:\/\/r3media.ro\/fara-tine-in-google-r3media-dispare-iata-ce-poti-face-in-10-secunde\/\" class=\"crp_link post-119031\"><span class=\"crp_title\">F\u0103r\u0103 tine \u00een Google, R3media dispare. Iat\u0103 ce po\u021bi face \u00een 10 secunde<\/span><\/a><\/li>\n<li><a href=\"https:\/\/r3media.ro\/dan-dungaciu-patriotism-european-natiunea-identitatea-europeana\/\" class=\"crp_link post-120480\"><span class=\"crp_title\">Prof. Dan Dungaciu despre raportul privind \u201epatriotismul european\u201d emis de la Cotroceni:\u2026<\/span><\/a><\/li>\n<li><a href=\"https:\/\/r3media.ro\/mihail-neamtu-neeuropeana-imperiu-birocrati-bruxelles-inarmarea-germaniei\/\" class=\"crp_link post-118770\"><span class=\"crp_title\">EXCLUSIVITATE Mihail Neam\u021bu: Exist\u0103 o tendin\u021b\u0103 neeuropean\u0103 de a se crea un imperiu condus de\u2026<\/span><\/a><\/li>\n<li><a href=\"https:\/\/r3media.ro\/uniunea-europeana-pas-federalizare-tari-capacitate-gestionare-frontiere-public-entitate-cetateni\/\" class=\"crp_link post-112121\"><span class=\"crp_title\">UE a mai f\u0103cut un pas c\u0103tre federalizare | \u021a\u0103rile au fost private de capacitatea de a-\u0219i\u2026<\/span><\/a><\/li>\n<li><a href=\"https:\/\/r3media.ro\/despre-strategia-americii-lui-trump\/\" class=\"crp_link post-114421\"><span class=\"crp_title\">Despre strategia Americii lui Trump<\/span><\/a><\/li>\n<li><a href=\"https:\/\/r3media.ro\/exemplu-de-suveranitate-nationala-guvernul-poloniei-vrea-sa-cumpere-800-magazine-carrefour-producatori-locali-piete\/\" class=\"crp_link post-114325\"><span class=\"crp_title\">Exemplu de suveranitate na\u021bional\u0103: Guvernul Poloniei vrea s\u0103 cumpere cele 800 de magazine\u2026<\/span><\/a><\/li>\n<li><a href=\"https:\/\/r3media.ro\/cateva-raspunsuri-de-la-un-suveranist\/\" class=\"crp_link post-118223\"><span class=\"crp_title\">C\u00e2teva r\u0103spunsuri de la un suveranist<\/span><\/a><\/li>\n<li><a href=\"https:\/\/r3media.ro\/romanii-boteaza-copii-nume-exotice-constantin-ion-andreea-eric-mark-emma\/\" class=\"crp_link post-116282\"><span class=\"crp_title\">Rom\u00e2nii \u00ee\u0219i boteaz\u0103 tot mai des copiii cu nume exotice. Constantin, Ion \u0219i Andreea,\u2026<\/span><\/a><\/li>\n<\/ul>\n<\/div>\n<\/div>\n<\/div>\n<p>[analyse_source url=&#8221;https:\/\/r3media.ro\/prima-oara-istorie-presedintia-document-primplan-patriotism-european\/&#8221;]<\/p>\n","protected":false},"excerpt":{"rendered":"<p>[analyse_image type=&#8221;featured&#8221; src=&#8221;https:\/\/r3media.ro\/wp-content\/uploads\/2023\/09\/presedintele-romaniei-2024-e1695036308417.jpghttps:\/\/r3media.ro\/wp-content\/uploads\/2023\/09\/presedintele-romaniei-2024-e1695036308417.jpg&#8221;] PRIM PLANPentru prima oar\u0103 \u00een istorie, Pre\u0219edin\u021bia Rom\u00e2niei emite un document care pune&#8230; PRIM PLAN\u0218TIRI Pentru prima oar\u0103 \u00een istorie, Pre\u0219edin\u021bia Rom\u00e2niei emite un document care pune pe primul plan o alt\u0103 entitate dec\u00e2t \u021bara noastr\u0103: patriotismul european Teodor Stan 26\/07\/2026 Sursa foto: presidency.ro Pre\u0219edin\u021bia Rom\u00e2niei a emis un document care pune [&hellip;]<\/p>\n","protected":false},"author":1,"featured_media":0,"comment_status":"open","ping_status":"","sticky":false,"template":"","format":"standard","meta":{"footnotes":""},"categories":[89],"tags":[226,93],"class_list":["post-2063478","post","type-post","status-publish","format-standard","hentry","category-romania","tag-crawlmanager","tag-r3media-ro"],"_links":{"self":[{"href":"https:\/\/analyse.optim.biz\/index.php?rest_route=\/wp\/v2\/posts\/2063478","targetHints":{"allow":["GET"]}}],"collection":[{"href":"https:\/\/analyse.optim.biz\/index.php?rest_route=\/wp\/v2\/posts"}],"about":[{"href":"https:\/\/analyse.optim.biz\/index.php?rest_route=\/wp\/v2\/types\/post"}],"author":[{"embeddable":true,"href":"https:\/\/analyse.optim.biz\/index.php?rest_route=\/wp\/v2\/users\/1"}],"replies":[{"embeddable":true,"href":"https:\/\/analyse.optim.biz\/index.php?rest_route=%2Fwp%2Fv2%2Fcomments&post=2063478"}],"version-history":[{"count":0,"href":"https:\/\/analyse.optim.biz\/index.php?rest_route=\/wp\/v2\/posts\/2063478\/revisions"}],"wp:attachment":[{"href":"https:\/\/analyse.optim.biz\/index.php?rest_route=%2Fwp%2Fv2%2Fmedia&parent=2063478"}],"wp:term":[{"taxonomy":"category","embeddable":true,"href":"https:\/\/analyse.optim.biz\/index.php?rest_route=%2Fwp%2Fv2%2Fcategories&post=2063478"},{"taxonomy":"post_tag","embeddable":true,"href":"https:\/\/analyse.optim.biz\/index.php?rest_route=%2Fwp%2Fv2%2Ftags&post=2063478"}],"curies":[{"name":"wp","href":"https:\/\/api.w.org\/{rel}","templated":true}]}}