{"id":2063477,"date":"2026-07-27T06:51:21","date_gmt":"2026-07-27T03:51:21","guid":{"rendered":"https:\/\/analyse.optim.biz\/?p=2063477"},"modified":"2026-07-27T06:51:21","modified_gmt":"2026-07-27T03:51:21","slug":"prof-dan-dungaciu-despre-raportul-privind-patriotismul-european-emis-de-la-cotroceni-daca-natiunea-e-un-construct-atunci-identitatea-europeana-ce-este","status":"publish","type":"post","link":"https:\/\/analyse.optim.biz\/?p=2063477","title":{"rendered":"Prof. Dan Dungaciu despre raportul privind \u201epatriotismul european\u201d emis de la Cotroceni: Dac\u0103 na\u021biunea e un construct, atunci \u201eidentitatea european\u0103\u201d ce este?"},"content":{"rendered":"<p>[analyse_image type=&#8221;featured&#8221; src=&#8221;https:\/\/r3media.ro\/wp-content\/uploads\/2021\/03\/uniunea-europeana-dezinformeaza.jpghttps:\/\/r3media.ro\/wp-content\/uploads\/2021\/03\/uniunea-europeana-dezinformeaza.jpg&#8221;]<\/p>\n<article id=\"template-id-109\" class=\"post-109 tdb_templates type-tdb_templates status-publish post\">\n<div id=\"tdi_2\" class=\"tdc-zone\">\n<div class=\"tdc_zone tdi_3  wpb_row td-pb-row\">\n<div id=\"tdi_4\" class=\"tdc-row\">\n<div class=\"vc_row tdi_5  wpb_row td-pb-row\">\n<div class=\"vc_column tdi_7  wpb_column vc_column_container tdc-column td-pb-span8\">\n<div class=\"wpb_wrapper\">\n<div class=\"td_block_wrap tdb_breadcrumbs tdi_8 td-pb-border-top td_block_template_1 tdb-breadcrumbs \" data-td-block-uid=\"tdi_8\">\n<div class=\"tdb-block-inner td-fix-index\"><span><a title=\"Vede\u021bi toate articolele \u00een FEATURED\" class=\"tdb-entry-crumb\" href=\"https:\/\/r3media.ro\/category\/featured\/\">FEATURED<\/a><\/span><span class=\"tdb-bred-no-url-last\">Prof. Dan Dungaciu despre raportul privind \u201epatriotismul european\u201d emis de la Cotroceni:&#8230;<\/span><\/div>\n<\/div>\n<div class=\"td_block_wrap tdb_single_categories tdi_9 td-pb-border-top td_block_template_1 \" data-td-block-uid=\"tdi_9\">\n<div class=\"tdb-category td-fix-index\"><a class=\"tdb-entry-category\" href=\"https:\/\/r3media.ro\/category\/featured\/\">FEATURED<\/a><a class=\"tdb-entry-category\" href=\"https:\/\/r3media.ro\/category\/stiri\/\">\u0218TIRI<\/a><\/div>\n<\/div>\n<div class=\"td_block_wrap tdb_title tdi_10 tdb-single-title td-pb-border-top td_block_template_1\" data-td-block-uid=\"tdi_10\">\n<div class=\"tdb-block-inner td-fix-index\">\n<h1 class=\"tdb-title-text\">Prof. Dan Dungaciu despre raportul privind \u201epatriotismul european\u201d emis de la Cotroceni: Dac\u0103 na\u021biunea e un construct, atunci \u201eidentitatea european\u0103\u201d ce este?<\/h1>\n<\/div>\n<\/div>\n<div class=\"vc_row_inner tdi_12  vc_row vc_inner wpb_row td-pb-row\">\n<div class=\"vc_column_inner tdi_14  wpb_column vc_column_container tdc-inner-column td-pb-span12\">\n<div class=\"vc_column-inner\">\n<div class=\"wpb_wrapper\">\n<div class=\"td_block_wrap tdb_single_author tdi_15 td-pb-border-top td_block_template_1 tdb-post-meta\" data-td-block-uid=\"tdi_15\">\n<div class=\"tdb-block-inner td-fix-index\">\n<div class=\"tdb-author-name-wrap\"><a class=\"tdb-author-name\" href=\"https:\/\/r3media.ro\/author\/teodor_stan\/\">Teodor Stan<\/a><\/div>\n<\/div>\n<\/div>\n<div class=\"td_block_wrap tdb_single_date tdi_16 td-pb-border-top td_block_template_1 tdb-post-meta\" data-td-block-uid=\"tdi_16\">\n<div class=\"tdb-block-inner td-fix-index\"><time class=\"entry-date updated td-module-date\" datetime=\"2026-07-27T09:51:21+03:00\">27\/07\/2026<\/time><\/div>\n<\/div>\n<\/div>\n<\/div>\n<\/div>\n<\/div>\n<div class=\"td_block_wrap tdb_single_content tdi_18 td-pb-border-top td_block_template_1 td-post-content tagdiv-type\" data-td-block-uid=\"tdi_18\">\n<div class=\"tdb-block-inner td-fix-index\">\n<p><strong>Profesorul Dan Dungaciu a analizat<a href=\"https:\/\/r3media.ro\/prima-oara-istorie-presedintia-document-primplan-patriotism-european\/\" target=\"_blank\" rel=\"noopener\"> raportul privind \u201epatriotismul european\u201d<\/a> emis de c\u0103tre echipa de consilieri preziden\u021biali de la Palatul Cotroceni.<\/strong><\/p>\n<p>Potrivit sociologului, acest document nu face dec\u00e2t s\u0103 reliefeze dorin\u021bele celor care l-au realizat \u0219i nu reprezint\u0103 o analiz\u0103 obiectiv\u0103 a identit\u0103\u021bii na\u021bionale.<\/p>\n<p>\u201eConcluzia raportului este deja ipoteza raportului. Altfel spus, autorii pledeaz\u0103 \u00een numele unei cauze. Nu exist\u0103 nicio prob\u0103 \u00een acest raport c\u0103 viitorul european va fi unul al unui patriotism european plural. Exist\u0103 doar dorin\u021ba politic\u0103 a autorilor, pe care acest raport o sluje\u0219te\u201d, a apreciat Dan Dungaciu pe facebook.<\/p>\n<p>Prim vice-pre\u0219edintele AUR acuz\u0103 faptul c\u0103 documentul deconstruie\u0219te identitatea rom\u00e2neasc\u0103, afirm\u00e2nd c\u0103 este un \u201econstruct\u201d.<\/p>\n<p>\u201e\u00cen al doilea r\u00e2nd, teza teoretic\u0103 a acestui raport este c\u0103 na\u021biunile sunt, de fapt, o nara\u021biune, sunt construite, sunt constructe. Nara\u021biunea continuit\u0103\u021bii daco-romane este inventat\u0103 de istoricii rom\u00e2ni prin secolul al XIX-lea, ne spun autorii. Foarte periculoas\u0103 aceast\u0103 tez\u0103, mai ales c\u0103 vine de la Palatul Cotroceni. \u0218i asta ne \u00eengrijoreaz\u0103, pentru c\u0103 oamenii ace\u0219tia nici nu-\u0219i dau seama \u00een ce b\u0103t\u0103lie politic\u0103 intr\u0103.<\/p>\n<p>Dac\u0103 cineva crede c\u0103 cel mai mare deconstructor al identit\u0103\u021bii rom\u00e2ne\u0219ti, Lucian Boia, a fost premiat de institu\u021bii importante de la Budapesta pentru crea\u021bia sa istoriografic\u0103, se \u00een\u0219al\u0103. A fost premiat tocmai pentru c\u0103 a deconstruit identitatea rom\u00e2neasc\u0103. A fost un joc politic.<\/p>\n<p>Iar un raport de la Cotroceni ne spune c\u0103 teza continuit\u0103\u021bii daco-romane este inventat\u0103 de rom\u00e2ni \u00een secolul al XIX-lea, a\u0219a cum sus\u021bineau, dup\u0103 cum bine a remarcat istoricul George Damian, \u0219i o parte a istoriografiei ruse sau sovietice\u201d, a ad\u0103ugat Dungaciu.<\/p>\n\n<p>Sociologul se \u00eentreab\u0103: dac\u0103 identitatea na\u021bional\u0103 ar fi o \u201enara\u021biune\u201d sau un \u201econstruct\u201d, atunci ce este a\u0219a-zisa \u201eidentitate european\u0103\u201d?<\/p>\n<p>\u201eDac\u0103 nara\u021biunea na\u021bional\u0103 este recent\u0103, ce este ideea de identitate european\u0103, dac\u0103 nu tot o alt\u0103 nara\u021biune, merg\u00e2nd \u00een logica autorilor? De c\u00e2nd dateaz\u0103 aceast\u0103 identitate european\u0103? Mult mai recent dec\u00e2t identitatea na\u021bional\u0103.<\/p>\n<p>\u0218i dac\u0103 sunt dou\u0103 identit\u0103\u021bi, dou\u0103 nara\u021biuni diferite, una foarte recent\u0103, respectiv cea european\u0103, \u0219i una mult mai veche, cea na\u021bional\u0103, de ce s\u0103 o alegem pe cea european\u0103? Iar\u0103\u0219i, autorii nu ne spun. Probabil pentru c\u0103 asta le place lor. Dar nu exist\u0103 nicio prob\u0103 \u0219i nicio obligativitate de a alege un anumit tip de identitate, dac\u0103 toate identit\u0103\u021bile sunt nara\u021biuni \u0219i, prin urmare, sunt egal a\u0219ezate \u00een raport cu adev\u0103rul. Aici este gre\u0219eala major\u0103 a raportului\u201d, a precizat Dungaciu.<\/p>\n<p>Dungaciu afirm\u0103 c\u0103 toate indicatoarele sociologice arat\u0103 c\u0103 rom\u00e2nii, c\u00e2t \u0219i europenii se \u201eautoidentific\u0103 \u00een primul r\u00e2nd na\u021bional, iar intrarea lor \u00een europenitate se face prin poarta na\u021bionalului\u201d.<\/p>\n<p>\u201eAcestea sunt datele sociologice. Ar fi fost bine s\u0103 fie cercetate \u0219i de autorii raportului. Aceasta este marea problem\u0103 a raportului: o viziune filozofic\u0103 de st\u00e2nga, de tip \u201ewoke\u201d, care deconstruie\u0219te orice, pune realit\u0103\u021bile \u00eentre paranteze \u0219i intr\u0103 permanent \u00een contradic\u021bie cu faptele.<\/p>\n<p>\u00centrebarea fundamental\u0103 este: ce vor europenii? Ce vor rom\u00e2nii? Cum doresc ei s\u0103 se autoidentifice?<\/p>\n<p>La punctul \u0219apte, autorii spun c\u0103 identit\u0103\u021bile sunt plurale \u0219i c\u0103 te po\u021bi identifica ardelean, moldovean, rom\u00e2n sau european. Sigur c\u0103 po\u021bi. Identit\u0103\u021bile nu sunt precum p\u0103l\u0103riile, \u00eenc\u00e2t dac\u0103 \u00ee\u021bi pui una pe cap nu mai \u00eencape alta. Problema este \u00eens\u0103 diferen\u021ba emo\u021bional\u0103 dintre aceste identit\u0103\u021bi.<\/p>\n<p>Altfel spus, pentru ce identitate \u0219i-ar da via\u021ba europenii ast\u0103zi? Exist\u0103 cineva care \u0219i-ar da via\u021ba pentru a\u0219a-zisa identitate european\u0103? Exist\u0103 cineva care vibreaz\u0103 c\u00e2nd aude a\u0219a-zisul imn european? \u00ce\u0219i duce cineva m\u00e2na la inim\u0103 c\u00e2nd ascult\u0103 \u201eOda bucuriei\u201d de Beethoven? Evident c\u0103 nu. Vibreaz\u0103 cineva c\u00e2nd vede steagul european flutur\u00e2nd? M\u0103 \u00eendoiesc\u201d, a precizat Dungaciu.<\/p>\n<div class=\"crp_related     crp-masonry\">\n<h2>\u00ceN CONTEXT<\/h2>\n<ul>\n<li><a href=\"https:\/\/r3media.ro\/fara-tine-in-google-r3media-dispare-iata-ce-poti-face-in-10-secunde\/\" class=\"crp_link post-119031\"><span class=\"crp_title\">F\u0103r\u0103 tine \u00een Google, R3media dispare. Iat\u0103 ce po\u021bi face \u00een 10 secunde<\/span><\/a><\/li>\n<li><a href=\"https:\/\/r3media.ro\/prima-oara-istorie-presedintia-document-primplan-patriotism-european\/\" class=\"crp_link post-120495\"><span class=\"crp_title\">Pentru prima oar\u0103 \u00een istorie, Pre\u0219edin\u021bia Rom\u00e2niei emite un document care pune pe primul\u2026<\/span><\/a><\/li>\n<li><a href=\"https:\/\/r3media.ro\/prof-dan-dungaciu-federatia-rusa-ajutor-pentru-ucraina\/\" class=\"crp_link post-120033\"><span class=\"crp_title\">Prof. Dan Dungaciu: Tu vrei s\u0103 love\u0219ti ariciul, adic\u0103 Federa\u021bia Rus\u0103, cu s\u00e2ngele, carnea \u0219i\u2026<\/span><\/a><\/li>\n<li><a href=\"https:\/\/r3media.ro\/dungaciu-administratia-prezidentiala-bani-trump-desfiintare-ambasada\/\" class=\"crp_link post-116978\"><span class=\"crp_title\">Dan Dungaciu critic\u0103 administra\u021bia preziden\u021bial\u0103 pentru cump\u0103rarea cu bani a administra\u021biei\u2026<\/span><\/a><\/li>\n<li><a href=\"https:\/\/r3media.ro\/dan-dungaciu-kelemen-hunor\/\" class=\"crp_link post-116710\"><span class=\"crp_title\">Dan Dungaciu, replic\u0103 pentru Kelemen Hunor: Ani la r\u00e2nd a girat exact ce pretinde acum c\u0103 detest\u0103<\/span><\/a><\/li>\n<li><a href=\"https:\/\/r3media.ro\/dan-dungaciu-pozitii-oficiale-dezinformare-palatul-cotroceni\/\" class=\"crp_link post-117153\"><span class=\"crp_title\">Prof. Dan Dungaciu: Tot ce nu se conformeaz\u0103 cu pozi\u021biile oficiale devine dezinformare! Asta\u2026<\/span><\/a><\/li>\n<li><a href=\"https:\/\/r3media.ro\/dan-dungaciu-eugen-tomac-aur-2028\/\" class=\"crp_link post-118207\"><span class=\"crp_title\">Dan Dungaciu: Dac\u0103 majoritatea \u00eel nume\u0219te pe Eugen Tomac premier, AUR c\u00e2\u0219tig\u0103 sigur \u00een 2028<\/span><\/a><\/li>\n<li><a href=\"https:\/\/r3media.ro\/paternalism-dupa-liberalism-3-recompensele-publice-pentru-confectionarea-consensului\/\" class=\"crp_link post-113309\"><span class=\"crp_title\">Paternalism dup\u0103 liberalism (3) Recompensele publice pentru confec\u021bionarea consensului<\/span><\/a><\/li>\n<\/ul>\n<\/div>\n<\/div>\n<\/div>\n<div class=\"td_block_wrap tdb_single_tags tdi_19 td-pb-border-top td_block_template_1\" data-td-block-uid=\"tdi_19\">\n<div class=\"tdb-block-inner td-fix-index\">\n<ul class=\"tdb-tags\">\n<li><span>SUBIECTE FIERBIN\u021aI<\/span><\/li>\n<li><a href=\"https:\/\/r3media.ro\/tag\/dan-dungaciu\/\">dan dungaciu<\/a><\/li>\n<li><a href=\"https:\/\/r3media.ro\/tag\/patriotism\/\">patriotism<\/a><\/li>\n<li><a href=\"https:\/\/r3media.ro\/tag\/romania-in-uniunea-europeana\/\">Rom\u00e2nia \u00een Uniunea European\u0103<\/a><\/li>\n<\/ul>\n<\/div>\n<\/div>\n<div class=\"td_block_wrap td_block_9 tdi_20 td_with_ajax_pagination td-pb-border-top td_block_template_1 td-column-2 td_block_padding td_block_bot_line\" data-td-block-uid=\"tdi_20\">\n<div class=\"td-block-title-wrap\">\n<h4 class=\"block-title td-block-title\"><span class=\"td-pulldown-size\">CITE\u0218TE MAI MULT<\/span><\/h4>\n<\/div>\n<div id=\"tdi_20\" class=\"td_block_inner\">\n<div class=\"td-block-row\">\n<div class=\"td-block-span6\">\n<div class=\"td_module_8 td_module_wrap\">\n<div class=\"item-details\">\n<h3 class=\"entry-title td-module-title\"><a href=\"https:\/\/r3media.ro\/film-nou-stapanul-inelelor-corect-politic-regizor-andy-serkis-diversitate-tolkien-mitologie-nordica\/\" rel=\"bookmark\" title=\"Noul film \u201eSt\u0103p\u00e2nul Inelelor\u201d nu va fi corect politic. Regizorul Andy Serkis: J.R.R. Tolkien a fost influen\u021bat de mitologia nordic\u0103. Nu vrem o distribu\u021bie de dragul de a bifa c\u0103su\u021be\">Noul film \u201eSt\u0103p\u00e2nul Inelelor\u201d nu va fi corect politic. Regizorul Andy Serkis: J.R.R. Tolkien&#8230;<\/a><\/h3>\n<div class=\"td-module-meta-info\"><a href=\"https:\/\/r3media.ro\/category\/featured\/\" class=\"td-post-category\">FEATURED<\/a><span class=\"td-post-author-name\"><a href=\"https:\/\/r3media.ro\/author\/oana\/\">Oana Ivan<\/a><span>&#8211;<\/span><\/span><span class=\"td-post-date\"><time class=\"entry-date updated td-module-date\" datetime=\"2026-07-26T15:49:31+03:00\">26\/07\/2026<\/time><\/span><\/div>\n<\/div>\n<\/div>\n<\/div>\n<div class=\"td-block-span6\">\n<div class=\"td_module_8 td_module_wrap\">\n<div class=\"item-details\">\n<h3 class=\"entry-title td-module-title\"><a href=\"https:\/\/r3media.ro\/marea-britanie-apa-inteligenta-artificiala-romania-centru-ai-restrictii-consum-apa\/\" rel=\"bookmark\" title=\"Marea Britanie nu mai are suficient\u0103 ap\u0103 pentru Inteligen\u021ba Artificial\u0103, dar Rom\u00e2nia vrea s\u0103 g\u0103zduiasc\u0103 un centru AI care consum\u0103 c\u00e2t sute de mii de oameni \u0219i impune restric\u021bii la consumul de ap\u0103 al popula\u021biei\">Marea Britanie nu mai are suficient\u0103 ap\u0103 pentru Inteligen\u021ba Artificial\u0103, dar Rom\u00e2nia vrea s\u0103&#8230;<\/a><\/h3>\n<div class=\"td-module-meta-info\"><a href=\"https:\/\/r3media.ro\/category\/actualitate\/\" class=\"td-post-category\">ACTUALITATE<\/a><span class=\"td-post-author-name\"><a href=\"https:\/\/r3media.ro\/author\/radu_ursan\/\">Radu Ursan<\/a><span>&#8211;<\/span><\/span><span class=\"td-post-date\"><time class=\"entry-date updated td-module-date\" datetime=\"2026-07-23T11:44:13+03:00\">23\/07\/2026<\/time><\/span><\/div>\n<\/div>\n<\/div>\n<\/div>\n<\/div>\n<div class=\"td-block-row\">\n<div class=\"td-block-span6\">\n<div class=\"td_module_8 td_module_wrap\">\n<div class=\"item-details\">\n<h3 class=\"entry-title td-module-title\"><a href=\"https:\/\/r3media.ro\/campion-olimpic-olaf-tufte-mort-subit-50-ani\/\" rel=\"bookmark\" title=\"Campionul olimpic Olaf Tufte a murit subit la 50 de ani\">Campionul olimpic Olaf Tufte a murit subit la 50 de ani<\/a><\/h3>\n<div class=\"td-module-meta-info\"><a href=\"https:\/\/r3media.ro\/category\/actualitate\/\" class=\"td-post-category\">ACTUALITATE<\/a><span class=\"td-post-author-name\"><a href=\"https:\/\/r3media.ro\/author\/oana\/\">Oana Ivan<\/a><span>&#8211;<\/span><\/span><span class=\"td-post-date\"><time class=\"entry-date updated td-module-date\" datetime=\"2026-07-22T12:11:02+03:00\">22\/07\/2026<\/time><\/span><\/div>\n<\/div>\n<\/div>\n<\/div>\n<div class=\"td-block-span6\">\n<div class=\"td_module_8 td_module_wrap\">\n<div class=\"item-details\">\n<h3 class=\"entry-title td-module-title\"><a href=\"https:\/\/r3media.ro\/explozie-incendiu-fabrica-kronospan-brasov-video\/\" rel=\"bookmark\" title=\"VIDEO | Explozie urmat\u0103 de un incendiu la fabrica Kronospan din Bra\u0219ov. \u00cen timp ce pompierii \u00eencercau s\u0103 sting\u0103 focul s-a produs o alt\u0103 explozie\">VIDEO | Explozie urmat\u0103 de un incendiu la fabrica Kronospan din Bra\u0219ov. \u00cen timp&#8230;<\/a><\/h3>\n<div class=\"td-module-meta-info\"><a href=\"https:\/\/r3media.ro\/category\/actualitate\/\" class=\"td-post-category\">ACTUALITATE<\/a><span class=\"td-post-author-name\"><a href=\"https:\/\/r3media.ro\/author\/oana\/\">Oana Ivan<\/a><span>&#8211;<\/span><\/span><span class=\"td-post-date\"><time class=\"entry-date updated td-module-date\" datetime=\"2026-07-22T10:01:28+03:00\">22\/07\/2026<\/time><\/span><\/div>\n<\/div>\n<\/div>\n<\/div>\n<\/div>\n<div class=\"td-block-row\">\n<div class=\"td-block-span6\">\n<div class=\"td_module_8 td_module_wrap\">\n<div class=\"item-details\">\n<h3 class=\"entry-title td-module-title\"><a href=\"https:\/\/r3media.ro\/asa-incepe-compania-openai-afirma-un-model-de-inteligenta-artificiala-a-atacat-din-proprie-initiativa-sistemele-unei-alte-companii\/\" rel=\"bookmark\" title=\"A\u0219a \u00eencepe? Compania OpenAI afirm\u0103 un model de inteligen\u021b\u0103 artificial\u0103 a ATACAT din proprie ini\u021biativ\u0103 sistemele unei alte companii\">A\u0219a \u00eencepe? Compania OpenAI afirm\u0103 un model de inteligen\u021b\u0103 artificial\u0103 a ATACAT din proprie&#8230;<\/a><\/h3>\n<div class=\"td-module-meta-info\"><a href=\"https:\/\/r3media.ro\/category\/actualitate\/\" class=\"td-post-category\">ACTUALITATE<\/a><span class=\"td-post-author-name\"><a href=\"https:\/\/r3media.ro\/author\/teodor_stan\/\">Teodor Stan<\/a><span>&#8211;<\/span><\/span><span class=\"td-post-date\"><time class=\"entry-date updated td-module-date\" datetime=\"2026-07-22T09:10:53+03:00\">22\/07\/2026<\/time><\/span><\/div>\n<\/div>\n<\/div>\n<\/div>\n<div class=\"td-block-span6\">\n<div class=\"td_module_8 td_module_wrap\">\n<div class=\"item-details\">\n<h3 class=\"entry-title td-module-title\"><a href=\"https:\/\/r3media.ro\/episcopul-husilor-oameni-animale-therieni-degradare-progresism\/\" rel=\"bookmark\" title=\"Episcopul Hu\u0219ilor, despre oamenii care se cred animale: V\u0103 da\u021bi seama c\u00e2t\u0103 degradare uman\u0103 este? De ce? Pentru c\u0103 se \u00eencred \u00een progresism\">Episcopul Hu\u0219ilor, despre oamenii care se cred animale: V\u0103 da\u021bi seama c\u00e2t\u0103 degradare uman\u0103&#8230;<\/a><\/h3>\n<div class=\"td-module-meta-info\"><a href=\"https:\/\/r3media.ro\/category\/actualitate\/\" class=\"td-post-category\">ACTUALITATE<\/a><span class=\"td-post-author-name\"><a href=\"https:\/\/r3media.ro\/author\/radu_ursan\/\">Radu Ursan<\/a><span>&#8211;<\/span><\/span><span class=\"td-post-date\"><time class=\"entry-date updated td-module-date\" datetime=\"2026-07-21T19:30:46+03:00\">21\/07\/2026<\/time><\/span><\/div>\n<\/div>\n<\/div>\n<\/div>\n<\/div>\n<div class=\"td-block-row\">\n<div class=\"td-block-span6\">\n<div class=\"td_module_8 td_module_wrap\">\n<div class=\"item-details\">\n<h3 class=\"entry-title td-module-title\"><a href=\"https:\/\/r3media.ro\/video-cult-femeie-dumnezeu-mama-romania\/\" rel=\"bookmark\" title=\"VIDEO | Un cult care consider\u0103 o femeie coreean\u0103 drept \u201eDumnezeu Mama\u201d face prozeli\u021bi \u00een Rom\u00e2nia\">VIDEO | Un cult care consider\u0103 o femeie coreean\u0103 drept \u201eDumnezeu Mama\u201d face prozeli\u021bi&#8230;<\/a><\/h3>\n<div class=\"td-module-meta-info\"><a href=\"https:\/\/r3media.ro\/category\/actualitate\/\" class=\"td-post-category\">ACTUALITATE<\/a><span class=\"td-post-author-name\"><a href=\"https:\/\/r3media.ro\/author\/redactia\/\">Redac\u021bia<\/a><span>&#8211;<\/span><\/span><span class=\"td-post-date\"><time class=\"entry-date updated td-module-date\" datetime=\"2026-07-21T11:14:08+03:00\">21\/07\/2026<\/time><\/span><\/div>\n<\/div>\n<\/div>\n<\/div>\n<div class=\"td-block-span6\">\n<div class=\"td_module_8 td_module_wrap\">\n<div class=\"item-details\">\n<h3 class=\"entry-title td-module-title\"><a href=\"https:\/\/r3media.ro\/cehia-interzice-telefoanele-in-scoli\/\" rel=\"bookmark\" title=\"Cehia se preg\u0103te\u0219te s\u0103 interzic\u0103 telefoanele mobile \u00een \u0219coli\">Cehia se preg\u0103te\u0219te s\u0103 interzic\u0103 telefoanele mobile \u00een \u0219coli<\/a><\/h3>\n<div class=\"td-module-meta-info\"><a href=\"https:\/\/r3media.ro\/category\/actualitate\/\" class=\"td-post-category\">ACTUALITATE<\/a><span class=\"td-post-author-name\"><a href=\"https:\/\/r3media.ro\/author\/redactia\/\">Redac\u021bia<\/a><span>&#8211;<\/span><\/span><span class=\"td-post-date\"><time class=\"entry-date updated td-module-date\" datetime=\"2026-07-20T22:34:13+03:00\">20\/07\/2026<\/time><\/span><\/div>\n<\/div>\n<\/div>\n<\/div>\n<\/div>\n<div class=\"td-block-row\">\n<div class=\"td-block-span6\">\n<div class=\"td_module_8 td_module_wrap\">\n<div class=\"item-details\">\n<h3 class=\"entry-title td-module-title\"><a href=\"https:\/\/r3media.ro\/mihail-neamtu-oblgatie-romania\/\" rel=\"bookmark\" title=\"Mihail Neam\u021bu: Suntem o \u021bar\u0103 mic\u0103, iar singura obliga\u021bie a politicienilor de la Bucure\u0219ti e s\u0103 nu introduc\u0103 Rom\u00e2nia \u00eentr-un r\u0103zboi stupid \u0219i perdant\">Mihail Neam\u021bu: Suntem o \u021bar\u0103 mic\u0103, iar singura obliga\u021bie a politicienilor de la Bucure\u0219ti&#8230;<\/a><\/h3>\n<div class=\"td-module-meta-info\"><a href=\"https:\/\/r3media.ro\/category\/actualitate\/\" class=\"td-post-category\">ACTUALITATE<\/a><span class=\"td-post-author-name\"><a href=\"https:\/\/r3media.ro\/author\/redactia\/\">Redac\u021bia<\/a><span>&#8211;<\/span><\/span><span class=\"td-post-date\"><time class=\"entry-date updated td-module-date\" datetime=\"2026-07-20T22:01:16+03:00\">20\/07\/2026<\/time><\/span><\/div>\n<\/div>\n<\/div>\n<\/div>\n<div class=\"td-block-span6\">\n<div class=\"td_module_8 td_module_wrap\">\n<div class=\"item-details\">\n<h3 class=\"entry-title td-module-title\"><a href=\"https:\/\/r3media.ro\/petrisor-peiu-conditii-aur-vot-guvernul-vestea-nicusor-dan-solutii-bunastare-romani\/\" rel=\"bookmark\" title=\"Condi\u021biile AUR pentru a vota Guvernul Ve\u0219tea. Petri\u0219or Peiu propune solu\u021bii clare pentru bun\u0103starea rom\u00e2nilor\">Condi\u021biile AUR pentru a vota Guvernul Ve\u0219tea. Petri\u0219or Peiu propune solu\u021bii clare pentru bun\u0103starea&#8230;<\/a><\/h3>\n<div class=\"td-module-meta-info\"><a href=\"https:\/\/r3media.ro\/category\/stiri\/\" class=\"td-post-category\">\u0218TIRI<\/a><span class=\"td-post-author-name\"><a href=\"https:\/\/r3media.ro\/author\/oana\/\">Oana Ivan<\/a><span>&#8211;<\/span><\/span><span class=\"td-post-date\"><time class=\"entry-date updated td-module-date\" datetime=\"2026-06-17T10:10:31+03:00\">17\/06\/2026<\/time><\/span><\/div>\n<\/div>\n<\/div>\n<\/div>\n<\/div>\n<div class=\"td-block-row\">\n<div class=\"td-block-span6\">\n<div class=\"td_module_8 td_module_wrap\">\n<div class=\"item-details\">\n<h3 class=\"entry-title td-module-title\"><a href=\"https:\/\/r3media.ro\/mihail-neamtu-neeuropeana-imperiu-birocrati-bruxelles-inarmarea-germaniei\/\" rel=\"bookmark\" title=\"EXCLUSIVITATE Mihail Neam\u021bu: Exist\u0103 o tendin\u021b\u0103 neeuropean\u0103 de a se crea un imperiu condus de birocra\u021bi de la Bruxelles \/ Pericolul \u00eenarm\u0103rii Germaniei\">EXCLUSIVITATE Mihail Neam\u021bu: Exist\u0103 o tendin\u021b\u0103 neeuropean\u0103 de a se crea un imperiu condus&#8230;<\/a><\/h3>\n<div class=\"td-module-meta-info\"><a href=\"https:\/\/r3media.ro\/category\/stiri\/\" class=\"td-post-category\">\u0218TIRI<\/a><span class=\"td-post-author-name\"><a href=\"https:\/\/r3media.ro\/author\/oana\/\">Oana Ivan<\/a><span>&#8211;<\/span><\/span><span class=\"td-post-date\"><time class=\"entry-date updated td-module-date\" datetime=\"2026-06-22T09:02:12+03:00\">22\/06\/2026<\/time><\/span><\/div>\n<\/div>\n<\/div>\n<\/div>\n<div class=\"td-block-span6\">\n<div class=\"td_module_8 td_module_wrap\">\n<div class=\"item-details\">\n<h3 class=\"entry-title td-module-title\"><a href=\"https:\/\/r3media.ro\/spania-invinge-argentina-castiga-cupa-mondiala\/\" rel=\"bookmark\" title=\"Spania a \u00eenvins Argentina \u0219i a c\u00e2\u0219tigat Cupa Mondial\u0103 pentru a doua oar\u0103 \u00een istorie\">Spania a \u00eenvins Argentina \u0219i a c\u00e2\u0219tigat Cupa Mondial\u0103 pentru a doua oar\u0103 \u00een&#8230;<\/a><\/h3>\n<div class=\"td-module-meta-info\"><a href=\"https:\/\/r3media.ro\/category\/actualitate\/\" class=\"td-post-category\">ACTUALITATE<\/a><span class=\"td-post-author-name\"><a href=\"https:\/\/r3media.ro\/author\/oana\/\">Oana Ivan<\/a><span>&#8211;<\/span><\/span><span class=\"td-post-date\"><time class=\"entry-date updated td-module-date\" datetime=\"2026-07-20T01:04:07+03:00\">20\/07\/2026<\/time><\/span><\/div>\n<\/div>\n<\/div>\n<\/div>\n<\/div>\n<\/div>\n<div class=\"td-load-more-wrap td-load-more-infinite-wrap\" id=\"infinite-lm-tdi_20\"><a href=\"https:\/\/r3media.ro\/dan-dungaciu-patriotism-european-natiunea-identitatea-europeana\/\" class=\"td_ajax_load_more td_ajax_load_more_js\" aria-label=\"\u00cenc\u0103rca\u021bi mai multe\" id=\"next-page-tdi_20\" data-td_block_id=\"tdi_20\">\u00cenc\u0103rca\u021bi mai multe<\/a><\/div>\n<\/div>\n<div class=\"td_block_wrap tdb_single_comments tdi_21 tdb-comm-layout2 td-pb-border-top td_block_template_1\" data-td-block-uid=\"tdi_21\">\n<div class=\"tdb-block-inner td-fix-index\">\n<div class=\"comments\" id=\"comments\">\n<div id=\"respond\" class=\"comment-respond\">\n<h3 id=\"reply-title\" class=\"comment-reply-title\">AI CEVA DE SPUS? <small><a rel=\"nofollow\" id=\"cancel-comment-reply-link\" href=\"https:\/\/r3media.ro\/dan-dungaciu-patriotism-european-natiunea-identitatea-europeana\/#respond\">Renun\u021ba\u021bi la r\u0103spuns<\/a><\/small><\/h3>\n<div class=\"comment-form-input-wrap td-form-comment\">\n<div class=\"td-warning-comment\">V\u0103 rug\u0103m s\u0103 introduce\u021bi comentariul dvs.!<\/div>\n<\/div>\n<div class=\"comment-form-input-wrap td-form-author\">\n<div class=\"td-warning-author\">Introduce\u021bi aici numele dvs.<\/div>\n<\/div>\n<div class=\"comment-form-input-wrap td-form-email\">\n<div class=\"td-warning-email-error\">A\u021bi introdus o adres\u0103 de e-mail incorect\u0103!<\/div>\n<div class=\"td-warning-email\">V\u0103 rug\u0103m s\u0103 introduce\u021bi adresa dvs. de e-mail aici<\/div>\n<\/div>\n<\/div>\n<\/div>\n<\/div>\n<\/div>\n<\/div>\n<\/div>\n<div class=\"vc_column tdi_23  wpb_column vc_column_container tdc-column td-pb-span4 td-is-sticky\">\n<div class=\"wpb_wrapper\" data-sticky-enabled-on=\"W3RydWUsdHJ1ZSx0cnVlLHRydWVd\" data-sticky-offset=\"20\" data-sticky-is-width-auto=\"W2ZhbHNlLGZhbHNlLGZhbHNlLGZhbHNlXQ==\">\n<div class=\"wpb_wrapper td_block_wrap vc_widget_sidebar tdi_25 \">\n<div class=\"td_block_wrap td_block_7 td_block_widget tdi_26 td-pb-border-top td_block_template_1 td-column-1 td_block_padding\" data-td-block-uid=\"tdi_26\">\n<div class=\"td-block-title-wrap\">\n<h4 class=\"block-title td-block-title\"><span class=\"td-pulldown-size\">Articole RELA\u021aIONATE<\/span><\/h4>\n<\/div>\n<div id=\"tdi_26\" class=\"td_block_inner\">\n<div class=\"td-block-span12\">\n<div class=\"td_module_6 td_module_wrap td-animation-stack\">\n<div class=\"td-module-thumb\"><a href=\"https:\/\/r3media.ro\/soferii-volvo-revolta-masini-electrice-defecte-ingrozit-vehicul-foc\/\" rel=\"bookmark\" class=\"td-image-wrap \" title=\"\u0218oferii Volvo se revolt\u0103 din cauza ma\u0219inilor electrice \u201edefecte\u201d: \u201eSunt \u00eengrozit c\u0103 ma\u0219ina mea va lua foc\u201d\"><img loading=\"lazy\" decoding=\"async\" class=\"entry-thumb\" src=\"https:\/\/r3media.ro\/wp-content\/uploads\/2026\/07\/volvo-100x70.jpg\" alt title=\"\u0218oferii Volvo se revolt\u0103 din cauza ma\u0219inilor electrice \u201edefecte\u201d: \u201eSunt \u00eengrozit c\u0103 ma\u0219ina mea va lua foc\u201d\" width=\"100\" height=\"70\"><\/a><\/div>\n<div class=\"item-details\">\n<h3 class=\"entry-title td-module-title\"><a href=\"https:\/\/r3media.ro\/soferii-volvo-revolta-masini-electrice-defecte-ingrozit-vehicul-foc\/\" rel=\"bookmark\" title=\"\u0218oferii Volvo se revolt\u0103 din cauza ma\u0219inilor electrice \u201edefecte\u201d: \u201eSunt \u00eengrozit c\u0103 ma\u0219ina mea va lua foc\u201d\">\u0218oferii Volvo se revolt\u0103 din cauza ma\u0219inilor electrice \u201edefecte\u201d: \u201eSunt \u00eengrozit&#8230;<\/a><\/h3>\n<div class=\"td-module-meta-info\"><span class=\"td-post-date\"><time class=\"entry-date updated td-module-date\" datetime=\"2026-07-27T10:59:58+03:00\">27\/07\/2026<\/time><\/span><\/div>\n<\/div>\n<\/div>\n<\/div>\n<div class=\"td-block-span12\">\n<div class=\"td_module_6 td_module_wrap td-animation-stack\">\n<div class=\"td-module-thumb\"><a href=\"https:\/\/r3media.ro\/urs-sibiu\/\" rel=\"bookmark\" class=\"td-image-wrap \" title=\"Un urs a fost v\u0103zut pe unul dintre cele mai circulate bulevarde din Sibiu\"><img loading=\"lazy\" decoding=\"async\" class=\"entry-thumb\" src=\"https:\/\/r3media.ro\/wp-content\/uploads\/2026\/07\/urs-sibiu-100x70.jpg\" alt title=\"Un urs a fost v\u0103zut pe unul dintre cele mai circulate bulevarde din Sibiu\" width=\"100\" height=\"70\"><\/a><\/div>\n<div class=\"item-details\">\n<h3 class=\"entry-title td-module-title\"><a href=\"https:\/\/r3media.ro\/urs-sibiu\/\" rel=\"bookmark\" title=\"Un urs a fost v\u0103zut pe unul dintre cele mai circulate bulevarde din Sibiu\">Un urs a fost v\u0103zut pe unul dintre cele mai circulate&#8230;<\/a><\/h3>\n<div class=\"td-module-meta-info\"><span class=\"td-post-date\"><time class=\"entry-date updated td-module-date\" datetime=\"2026-07-27T09:11:35+03:00\">27\/07\/2026<\/time><\/span><\/div>\n<\/div>\n<\/div>\n<\/div>\n<div class=\"td-block-span12\">\n<div class=\"td_module_6 td_module_wrap td-animation-stack\">\n<div class=\"td-module-thumb\"><a href=\"https:\/\/r3media.ro\/vladimir-putin-romania-teritorii-ucraina\/\" rel=\"bookmark\" class=\"td-image-wrap \" title=\"Vladimir Putin spune c\u0103 Rom\u00e2nia va fi printre statele care vor recupera teritorii de la Ucraina\"><img loading=\"lazy\" decoding=\"async\" class=\"entry-thumb\" src=\"https:\/\/r3media.ro\/wp-content\/uploads\/2023\/11\/putin-1-6-1536x865-1-100x70.webp\" alt title=\"Vladimir Putin spune c\u0103 Rom\u00e2nia va fi printre statele care vor recupera teritorii de la Ucraina\" width=\"100\" height=\"70\"><\/a><\/div>\n<div class=\"item-details\">\n<h3 class=\"entry-title td-module-title\"><a href=\"https:\/\/r3media.ro\/vladimir-putin-romania-teritorii-ucraina\/\" rel=\"bookmark\" title=\"Vladimir Putin spune c\u0103 Rom\u00e2nia va fi printre statele care vor recupera teritorii de la Ucraina\">Vladimir Putin spune c\u0103 Rom\u00e2nia va fi printre statele care vor&#8230;<\/a><\/h3>\n<div class=\"td-module-meta-info\"><span class=\"td-post-date\"><time class=\"entry-date updated td-module-date\" datetime=\"2026-07-27T08:21:48+03:00\">27\/07\/2026<\/time><\/span><\/div>\n<\/div>\n<\/div>\n<\/div>\n<div class=\"td-block-span12\">\n<div class=\"td_module_6 td_module_wrap td-animation-stack\">\n<div class=\"td-module-thumb\"><a href=\"https:\/\/r3media.ro\/27-iulie-sf-mare-mucenic-pantelimon\/\" rel=\"bookmark\" class=\"td-image-wrap \" title=\"Calendarul zilei 27 iulie: Sf. Mare Mucenic Pantelimon\"><img loading=\"lazy\" decoding=\"async\" class=\"entry-thumb\" src=\"https:\/\/r3media.ro\/wp-content\/uploads\/2022\/07\/maxresdefault-9-100x70.jpg\" alt title=\"Calendarul zilei 27 iulie: Sf. Mare Mucenic Pantelimon\" width=\"100\" height=\"70\"><\/a><\/div>\n<div class=\"item-details\">\n<h3 class=\"entry-title td-module-title\"><a href=\"https:\/\/r3media.ro\/27-iulie-sf-mare-mucenic-pantelimon\/\" rel=\"bookmark\" title=\"Calendarul zilei 27 iulie: Sf. Mare Mucenic Pantelimon\">Calendarul zilei 27 iulie: Sf. Mare Mucenic Pantelimon<\/a><\/h3>\n<div class=\"td-module-meta-info\"><span class=\"td-post-date\"><time class=\"entry-date updated td-module-date\" datetime=\"2026-07-26T23:00:48+03:00\">26\/07\/2026<\/time><\/span><\/div>\n<\/div>\n<\/div>\n<\/div>\n<div class=\"td-block-span12\">\n<div class=\"td_module_6 td_module_wrap td-animation-stack\">\n<div class=\"td-module-thumb\"><a href=\"https:\/\/r3media.ro\/film-nou-stapanul-inelelor-corect-politic-regizor-andy-serkis-diversitate-tolkien-mitologie-nordica\/\" rel=\"bookmark\" class=\"td-image-wrap \" title=\"Noul film \u201eSt\u0103p\u00e2nul Inelelor\u201d nu va fi corect politic. Regizorul Andy Serkis: J.R.R. Tolkien a fost influen\u021bat de mitologia nordic\u0103. Nu vrem o distribu\u021bie de dragul de a bifa c\u0103su\u021be\"><img loading=\"lazy\" decoding=\"async\" class=\"entry-thumb\" src=\"https:\/\/r3media.ro\/wp-content\/uploads\/2026\/07\/comitatul-din-stapanul-inelelor-100x70.jpg\" alt title=\"Noul film \u201eSt\u0103p\u00e2nul Inelelor\u201d nu va fi corect politic. Regizorul Andy Serkis: J.R.R. Tolkien a fost influen\u021bat de mitologia nordic\u0103. Nu vrem o distribu\u021bie de dragul de a bifa c\u0103su\u021be\" width=\"100\" height=\"70\"><\/a><\/div>\n<div class=\"item-details\">\n<h3 class=\"entry-title td-module-title\"><a href=\"https:\/\/r3media.ro\/film-nou-stapanul-inelelor-corect-politic-regizor-andy-serkis-diversitate-tolkien-mitologie-nordica\/\" rel=\"bookmark\" title=\"Noul film \u201eSt\u0103p\u00e2nul Inelelor\u201d nu va fi corect politic. Regizorul Andy Serkis: J.R.R. Tolkien a fost influen\u021bat de mitologia nordic\u0103. Nu vrem o distribu\u021bie de dragul de a bifa c\u0103su\u021be\">Noul film \u201eSt\u0103p\u00e2nul Inelelor\u201d nu va fi corect politic. Regizorul Andy&#8230;<\/a><\/h3>\n<div class=\"td-module-meta-info\"><span class=\"td-post-date\"><time class=\"entry-date updated td-module-date\" datetime=\"2026-07-26T15:49:31+03:00\">26\/07\/2026<\/time><\/span><\/div>\n<\/div>\n<\/div>\n<\/div>\n<div class=\"td-block-span12\">\n<div class=\"td_module_6 td_module_wrap td-animation-stack\">\n<div class=\"td-module-thumb\"><a href=\"https:\/\/r3media.ro\/prima-oara-istorie-presedintia-document-primplan-patriotism-european\/\" rel=\"bookmark\" class=\"td-image-wrap \" title=\"Pentru prima oar\u0103 \u00een istorie, Pre\u0219edin\u021bia Rom\u00e2niei emite un document care pune pe primul plan o alt\u0103 entitate dec\u00e2t \u021bara noastr\u0103: patriotismul european\"><img loading=\"lazy\" decoding=\"async\" class=\"entry-thumb\" src=\"https:\/\/r3media.ro\/wp-content\/uploads\/2023\/09\/presedintele-romaniei-2024-e1695036284445-100x70.jpg\" alt title=\"Pentru prima oar\u0103 \u00een istorie, Pre\u0219edin\u021bia Rom\u00e2niei emite un document care pune pe primul plan o alt\u0103 entitate dec\u00e2t \u021bara noastr\u0103: patriotismul european\" width=\"100\" height=\"70\"><\/a><\/div>\n<div class=\"item-details\">\n<h3 class=\"entry-title td-module-title\"><a href=\"https:\/\/r3media.ro\/prima-oara-istorie-presedintia-document-primplan-patriotism-european\/\" rel=\"bookmark\" title=\"Pentru prima oar\u0103 \u00een istorie, Pre\u0219edin\u021bia Rom\u00e2niei emite un document care pune pe primul plan o alt\u0103 entitate dec\u00e2t \u021bara noastr\u0103: patriotismul european\">Pentru prima oar\u0103 \u00een istorie, Pre\u0219edin\u021bia Rom\u00e2niei emite un document care&#8230;<\/a><\/h3>\n<div class=\"td-module-meta-info\"><span class=\"td-post-date\"><time class=\"entry-date updated td-module-date\" datetime=\"2026-07-26T11:44:31+03:00\">26\/07\/2026<\/time><\/span><\/div>\n<\/div>\n<\/div>\n<\/div>\n<div class=\"td-block-span12\">\n<div class=\"td_module_6 td_module_wrap td-animation-stack\">\n<div class=\"td-module-thumb\"><a href=\"https:\/\/r3media.ro\/criza-apei-europa-olanda-penurie-rauri-dunare-nivel-scazut-1996\/\" rel=\"bookmark\" class=\"td-image-wrap \" title=\"Criza apei: R\u00e2urile din Europa devin tot mai mici \u0219i Olanda a declarat penurie. Dun\u0103rea a ajuns la cel mai sc\u0103zut nivel din 1996 \u0219i a scos la suprafa\u021b\u0103 epave din cel de-al Doilea R\u0103zboi Mondial\"><img loading=\"lazy\" decoding=\"async\" class=\"entry-thumb\" src=\"https:\/\/r3media.ro\/wp-content\/uploads\/2022\/05\/canal-dunarea-marea-neagra-e1653508834823-100x70.jpg\" alt title=\"Criza apei: R\u00e2urile din Europa devin tot mai mici \u0219i Olanda a declarat penurie. Dun\u0103rea a ajuns la cel mai sc\u0103zut nivel din 1996 \u0219i a scos la suprafa\u021b\u0103 epave din cel de-al Doilea R\u0103zboi Mondial\" width=\"100\" height=\"70\"><\/a><\/div>\n<div class=\"item-details\">\n<h3 class=\"entry-title td-module-title\"><a href=\"https:\/\/r3media.ro\/criza-apei-europa-olanda-penurie-rauri-dunare-nivel-scazut-1996\/\" rel=\"bookmark\" title=\"Criza apei: R\u00e2urile din Europa devin tot mai mici \u0219i Olanda a declarat penurie. Dun\u0103rea a ajuns la cel mai sc\u0103zut nivel din 1996 \u0219i a scos la suprafa\u021b\u0103 epave din cel de-al Doilea R\u0103zboi Mondial\">Criza apei: R\u00e2urile din Europa devin tot mai mici \u0219i Olanda&#8230;<\/a><\/h3>\n<div class=\"td-module-meta-info\"><span class=\"td-post-date\"><time class=\"entry-date updated td-module-date\" datetime=\"2026-07-26T10:26:19+03:00\">26\/07\/2026<\/time><\/span><\/div>\n<\/div>\n<\/div>\n<\/div>\n<\/div>\n<\/div>\n<aside class=\"td_block_template_1 widget widget_recent_comments\">\n<h4 class=\"block-title\"><span>INTR\u0102 \u00ceN DISCU\u021aIE!<\/span><\/h4>\n<ul id=\"recentcomments\">\n<li class=\"recentcomments\"><span class=\"comment-author-link\">Nicu<\/span> la <a href=\"https:\/\/r3media.ro\/ford-recheama-service-500-000-masini-risc-incendiu-motor\/#comment-40311\">Ford recheam\u0103 \u00een service peste 500.000 de ma\u0219ini din cauza riscului de incendiu la motor<\/a><\/li>\n<li class=\"recentcomments\"><span class=\"comment-author-link\">Nicu<\/span> la <a href=\"https:\/\/r3media.ro\/iiccmer-solicita-demolare-statuie-poet-adrian-paunescu-gradina-icoanei-bucuresti\/#comment-40309\">IICCMER solicit\u0103 demolarea statuii poetului Adrian P\u0103unescu din Gr\u0103dina Icoanei din Bucure\u0219ti<\/a><\/li>\n<li class=\"recentcomments\"><span class=\"comment-author-link\">Eu<\/span> la <a href=\"https:\/\/r3media.ro\/mihail-neamtu-aur-transparentizarea-surselor-de-finantare-a-ong-urilor-este-obligatorie-unele-dintre-ele-pun-in-pericol-interesele-romaniei\/#comment-40308\">Mihail Neam\u021bu (AUR): Transparentizarea surselor de finan\u021bare a ONG-urilor este obligatorie! Unele dintre ele pun \u00een pericol interesele Rom\u00e2niei<\/a><\/li>\n<li class=\"recentcomments\"><span class=\"comment-author-link\">Mamarica<\/span> la <a href=\"https:\/\/r3media.ro\/marea-britanie-apa-inteligenta-artificiala-romania-centru-ai-restrictii-consum-apa\/#comment-40307\">Marea Britanie nu mai are suficient\u0103 ap\u0103 pentru Inteligen\u021ba Artificial\u0103, dar Rom\u00e2nia vrea s\u0103 g\u0103zduiasc\u0103 un centru AI care consum\u0103 c\u00e2t sute de mii de oameni \u0219i impune restric\u021bii la consumul de ap\u0103 al popula\u021biei<\/a><\/li>\n<li class=\"recentcomments\"><span class=\"comment-author-link\">Redac\u021bia<\/span> la <a href=\"https:\/\/r3media.ro\/marea-britanie-apa-inteligenta-artificiala-romania-centru-ai-restrictii-consum-apa\/#comment-40306\">Marea Britanie nu mai are suficient\u0103 ap\u0103 pentru Inteligen\u021ba Artificial\u0103, dar Rom\u00e2nia vrea s\u0103 g\u0103zduiasc\u0103 un centru AI care consum\u0103 c\u00e2t sute de mii de oameni \u0219i impune restric\u021bii la consumul de ap\u0103 al popula\u021biei<\/a><\/li>\n<li class=\"recentcomments\"><span class=\"comment-author-link\">Luminita<\/span> la <a href=\"https:\/\/r3media.ro\/marea-britanie-apa-inteligenta-artificiala-romania-centru-ai-restrictii-consum-apa\/#comment-40305\">Marea Britanie nu mai are suficient\u0103 ap\u0103 pentru Inteligen\u021ba Artificial\u0103, dar Rom\u00e2nia vrea s\u0103 g\u0103zduiasc\u0103 un centru AI care consum\u0103 c\u00e2t sute de mii de oameni \u0219i impune restric\u021bii la consumul de ap\u0103 al popula\u021biei<\/a><\/li>\n<li class=\"recentcomments\"><span class=\"comment-author-link\">Redac\u021bia<\/span> la <a href=\"https:\/\/r3media.ro\/marea-britanie-apa-inteligenta-artificiala-romania-centru-ai-restrictii-consum-apa\/#comment-40304\">Marea Britanie nu mai are suficient\u0103 ap\u0103 pentru Inteligen\u021ba Artificial\u0103, dar Rom\u00e2nia vrea s\u0103 g\u0103zduiasc\u0103 un centru AI care consum\u0103 c\u00e2t sute de mii de oameni \u0219i impune restric\u021bii la consumul de ap\u0103 al popula\u021biei<\/a><\/li>\n<\/ul>\n<\/aside>\n<aside class=\"td_block_template_1 widget widget_search\">\n<h4 class=\"block-title\"><span>CAUT\u0102 \u0218I VEI G\u0102SI<\/span><\/h4>\n<\/aside>\n<\/div>\n<\/div>\n<\/div>\n<\/div>\n<\/div>\n<\/div>\n<\/div>\n<p><span class=\"td-page-meta\"><\/span><span class=\"td-page-meta\"><span class=\"td-page-meta\"><\/span><\/span><span class=\"td-page-meta\"><\/span><\/article>\n<\/p>\n<div class=\"td_block_wrap tdb_single_content tdi_18 td-pb-border-top td_block_template_1 td-post-content tagdiv-type\" data-td-block-uid=\"tdi_18\">\n<div class=\"tdb-block-inner td-fix-index\">\n<p><strong>Profesorul Dan Dungaciu a analizat<a href=\"https:\/\/r3media.ro\/prima-oara-istorie-presedintia-document-primplan-patriotism-european\/\" target=\"_blank\" rel=\"noopener\"> raportul privind \u201epatriotismul european\u201d<\/a> emis de c\u0103tre echipa de consilieri preziden\u021biali de la Palatul Cotroceni.<\/strong><\/p>\n<p>Potrivit sociologului, acest document nu face dec\u00e2t s\u0103 reliefeze dorin\u021bele celor care l-au realizat \u0219i nu reprezint\u0103 o analiz\u0103 obiectiv\u0103 a identit\u0103\u021bii na\u021bionale.<\/p>\n<p>\u201eConcluzia raportului este deja ipoteza raportului. Altfel spus, autorii pledeaz\u0103 \u00een numele unei cauze. Nu exist\u0103 nicio prob\u0103 \u00een acest raport c\u0103 viitorul european va fi unul al unui patriotism european plural. Exist\u0103 doar dorin\u021ba politic\u0103 a autorilor, pe care acest raport o sluje\u0219te\u201d, a apreciat Dan Dungaciu pe facebook.<\/p>\n<p>Prim vice-pre\u0219edintele AUR acuz\u0103 faptul c\u0103 documentul deconstruie\u0219te identitatea rom\u00e2neasc\u0103, afirm\u00e2nd c\u0103 este un \u201econstruct\u201d.<\/p>\n<p>\u201e\u00cen al doilea r\u00e2nd, teza teoretic\u0103 a acestui raport este c\u0103 na\u021biunile sunt, de fapt, o nara\u021biune, sunt construite, sunt constructe. Nara\u021biunea continuit\u0103\u021bii daco-romane este inventat\u0103 de istoricii rom\u00e2ni prin secolul al XIX-lea, ne spun autorii. Foarte periculoas\u0103 aceast\u0103 tez\u0103, mai ales c\u0103 vine de la Palatul Cotroceni. \u0218i asta ne \u00eengrijoreaz\u0103, pentru c\u0103 oamenii ace\u0219tia nici nu-\u0219i dau seama \u00een ce b\u0103t\u0103lie politic\u0103 intr\u0103.<\/p>\n<p>Dac\u0103 cineva crede c\u0103 cel mai mare deconstructor al identit\u0103\u021bii rom\u00e2ne\u0219ti, Lucian Boia, a fost premiat de institu\u021bii importante de la Budapesta pentru crea\u021bia sa istoriografic\u0103, se \u00een\u0219al\u0103. A fost premiat tocmai pentru c\u0103 a deconstruit identitatea rom\u00e2neasc\u0103. A fost un joc politic.<\/p>\n<p>Iar un raport de la Cotroceni ne spune c\u0103 teza continuit\u0103\u021bii daco-romane este inventat\u0103 de rom\u00e2ni \u00een secolul al XIX-lea, a\u0219a cum sus\u021bineau, dup\u0103 cum bine a remarcat istoricul George Damian, \u0219i o parte a istoriografiei ruse sau sovietice\u201d, a ad\u0103ugat Dungaciu.<\/p>\n\n<p>Sociologul se \u00eentreab\u0103: dac\u0103 identitatea na\u021bional\u0103 ar fi o \u201enara\u021biune\u201d sau un \u201econstruct\u201d, atunci ce este a\u0219a-zisa \u201eidentitate european\u0103\u201d?<\/p>\n<p>\u201eDac\u0103 nara\u021biunea na\u021bional\u0103 este recent\u0103, ce este ideea de identitate european\u0103, dac\u0103 nu tot o alt\u0103 nara\u021biune, merg\u00e2nd \u00een logica autorilor? De c\u00e2nd dateaz\u0103 aceast\u0103 identitate european\u0103? Mult mai recent dec\u00e2t identitatea na\u021bional\u0103.<\/p>\n<p>\u0218i dac\u0103 sunt dou\u0103 identit\u0103\u021bi, dou\u0103 nara\u021biuni diferite, una foarte recent\u0103, respectiv cea european\u0103, \u0219i una mult mai veche, cea na\u021bional\u0103, de ce s\u0103 o alegem pe cea european\u0103? Iar\u0103\u0219i, autorii nu ne spun. Probabil pentru c\u0103 asta le place lor. Dar nu exist\u0103 nicio prob\u0103 \u0219i nicio obligativitate de a alege un anumit tip de identitate, dac\u0103 toate identit\u0103\u021bile sunt nara\u021biuni \u0219i, prin urmare, sunt egal a\u0219ezate \u00een raport cu adev\u0103rul. Aici este gre\u0219eala major\u0103 a raportului\u201d, a precizat Dungaciu.<\/p>\n<p>Dungaciu afirm\u0103 c\u0103 toate indicatoarele sociologice arat\u0103 c\u0103 rom\u00e2nii, c\u00e2t \u0219i europenii se \u201eautoidentific\u0103 \u00een primul r\u00e2nd na\u021bional, iar intrarea lor \u00een europenitate se face prin poarta na\u021bionalului\u201d.<\/p>\n<p>\u201eAcestea sunt datele sociologice. Ar fi fost bine s\u0103 fie cercetate \u0219i de autorii raportului. Aceasta este marea problem\u0103 a raportului: o viziune filozofic\u0103 de st\u00e2nga, de tip \u201ewoke\u201d, care deconstruie\u0219te orice, pune realit\u0103\u021bile \u00eentre paranteze \u0219i intr\u0103 permanent \u00een contradic\u021bie cu faptele.<\/p>\n<p>\u00centrebarea fundamental\u0103 este: ce vor europenii? Ce vor rom\u00e2nii? Cum doresc ei s\u0103 se autoidentifice?<\/p>\n<p>La punctul \u0219apte, autorii spun c\u0103 identit\u0103\u021bile sunt plurale \u0219i c\u0103 te po\u021bi identifica ardelean, moldovean, rom\u00e2n sau european. Sigur c\u0103 po\u021bi. Identit\u0103\u021bile nu sunt precum p\u0103l\u0103riile, \u00eenc\u00e2t dac\u0103 \u00ee\u021bi pui una pe cap nu mai \u00eencape alta. Problema este \u00eens\u0103 diferen\u021ba emo\u021bional\u0103 dintre aceste identit\u0103\u021bi.<\/p>\n<p>Altfel spus, pentru ce identitate \u0219i-ar da via\u021ba europenii ast\u0103zi? Exist\u0103 cineva care \u0219i-ar da via\u021ba pentru a\u0219a-zisa identitate european\u0103? Exist\u0103 cineva care vibreaz\u0103 c\u00e2nd aude a\u0219a-zisul imn european? \u00ce\u0219i duce cineva m\u00e2na la inim\u0103 c\u00e2nd ascult\u0103 \u201eOda bucuriei\u201d de Beethoven? Evident c\u0103 nu. Vibreaz\u0103 cineva c\u00e2nd vede steagul european flutur\u00e2nd? M\u0103 \u00eendoiesc\u201d, a precizat Dungaciu.<\/p>\n<div class=\"crp_related     crp-masonry\">\n<h2>\u00ceN CONTEXT<\/h2>\n<ul>\n<li><a href=\"https:\/\/r3media.ro\/fara-tine-in-google-r3media-dispare-iata-ce-poti-face-in-10-secunde\/\" class=\"crp_link post-119031\"><span class=\"crp_title\">F\u0103r\u0103 tine \u00een Google, R3media dispare. Iat\u0103 ce po\u021bi face \u00een 10 secunde<\/span><\/a><\/li>\n<li><a href=\"https:\/\/r3media.ro\/prima-oara-istorie-presedintia-document-primplan-patriotism-european\/\" class=\"crp_link post-120495\"><span class=\"crp_title\">Pentru prima oar\u0103 \u00een istorie, Pre\u0219edin\u021bia Rom\u00e2niei emite un document care pune pe primul\u2026<\/span><\/a><\/li>\n<li><a href=\"https:\/\/r3media.ro\/prof-dan-dungaciu-federatia-rusa-ajutor-pentru-ucraina\/\" class=\"crp_link post-120033\"><span class=\"crp_title\">Prof. Dan Dungaciu: Tu vrei s\u0103 love\u0219ti ariciul, adic\u0103 Federa\u021bia Rus\u0103, cu s\u00e2ngele, carnea \u0219i\u2026<\/span><\/a><\/li>\n<li><a href=\"https:\/\/r3media.ro\/dungaciu-administratia-prezidentiala-bani-trump-desfiintare-ambasada\/\" class=\"crp_link post-116978\"><span class=\"crp_title\">Dan Dungaciu critic\u0103 administra\u021bia preziden\u021bial\u0103 pentru cump\u0103rarea cu bani a administra\u021biei\u2026<\/span><\/a><\/li>\n<li><a href=\"https:\/\/r3media.ro\/dan-dungaciu-kelemen-hunor\/\" class=\"crp_link post-116710\"><span class=\"crp_title\">Dan Dungaciu, replic\u0103 pentru Kelemen Hunor: Ani la r\u00e2nd a girat exact ce pretinde acum c\u0103 detest\u0103<\/span><\/a><\/li>\n<li><a href=\"https:\/\/r3media.ro\/dan-dungaciu-pozitii-oficiale-dezinformare-palatul-cotroceni\/\" class=\"crp_link post-117153\"><span class=\"crp_title\">Prof. Dan Dungaciu: Tot ce nu se conformeaz\u0103 cu pozi\u021biile oficiale devine dezinformare! Asta\u2026<\/span><\/a><\/li>\n<li><a href=\"https:\/\/r3media.ro\/dan-dungaciu-eugen-tomac-aur-2028\/\" class=\"crp_link post-118207\"><span class=\"crp_title\">Dan Dungaciu: Dac\u0103 majoritatea \u00eel nume\u0219te pe Eugen Tomac premier, AUR c\u00e2\u0219tig\u0103 sigur \u00een 2028<\/span><\/a><\/li>\n<li><a href=\"https:\/\/r3media.ro\/paternalism-dupa-liberalism-3-recompensele-publice-pentru-confectionarea-consensului\/\" class=\"crp_link post-113309\"><span class=\"crp_title\">Paternalism dup\u0103 liberalism (3) Recompensele publice pentru confec\u021bionarea consensului<\/span><\/a><\/li>\n<\/ul>\n<\/div>\n<\/div>\n<\/div>\n<p>[analyse_source url=&#8221;https:\/\/r3media.ro\/dan-dungaciu-patriotism-european-natiunea-identitatea-europeana\/&#8221;]<\/p>\n","protected":false},"excerpt":{"rendered":"<p>[analyse_image type=&#8221;featured&#8221; src=&#8221;https:\/\/r3media.ro\/wp-content\/uploads\/2021\/03\/uniunea-europeana-dezinformeaza.jpghttps:\/\/r3media.ro\/wp-content\/uploads\/2021\/03\/uniunea-europeana-dezinformeaza.jpg&#8221;] FEATUREDProf. Dan Dungaciu despre raportul privind \u201epatriotismul european\u201d emis de la Cotroceni:&#8230; FEATURED\u0218TIRI Prof. Dan Dungaciu despre raportul privind \u201epatriotismul european\u201d emis de la Cotroceni: Dac\u0103 na\u021biunea e un construct, atunci \u201eidentitatea european\u0103\u201d ce este? Teodor Stan 27\/07\/2026 Profesorul Dan Dungaciu a analizat raportul privind \u201epatriotismul european\u201d emis de c\u0103tre echipa de [&hellip;]<\/p>\n","protected":false},"author":1,"featured_media":0,"comment_status":"open","ping_status":"","sticky":false,"template":"","format":"standard","meta":{"footnotes":""},"categories":[89],"tags":[226,93],"class_list":["post-2063477","post","type-post","status-publish","format-standard","hentry","category-romania","tag-crawlmanager","tag-r3media-ro"],"_links":{"self":[{"href":"https:\/\/analyse.optim.biz\/index.php?rest_route=\/wp\/v2\/posts\/2063477","targetHints":{"allow":["GET"]}}],"collection":[{"href":"https:\/\/analyse.optim.biz\/index.php?rest_route=\/wp\/v2\/posts"}],"about":[{"href":"https:\/\/analyse.optim.biz\/index.php?rest_route=\/wp\/v2\/types\/post"}],"author":[{"embeddable":true,"href":"https:\/\/analyse.optim.biz\/index.php?rest_route=\/wp\/v2\/users\/1"}],"replies":[{"embeddable":true,"href":"https:\/\/analyse.optim.biz\/index.php?rest_route=%2Fwp%2Fv2%2Fcomments&post=2063477"}],"version-history":[{"count":0,"href":"https:\/\/analyse.optim.biz\/index.php?rest_route=\/wp\/v2\/posts\/2063477\/revisions"}],"wp:attachment":[{"href":"https:\/\/analyse.optim.biz\/index.php?rest_route=%2Fwp%2Fv2%2Fmedia&parent=2063477"}],"wp:term":[{"taxonomy":"category","embeddable":true,"href":"https:\/\/analyse.optim.biz\/index.php?rest_route=%2Fwp%2Fv2%2Fcategories&post=2063477"},{"taxonomy":"post_tag","embeddable":true,"href":"https:\/\/analyse.optim.biz\/index.php?rest_route=%2Fwp%2Fv2%2Ftags&post=2063477"}],"curies":[{"name":"wp","href":"https:\/\/api.w.org\/{rel}","templated":true}]}}