{"id":2063288,"date":"2026-07-20T15:18:09","date_gmt":"2026-07-20T12:18:09","guid":{"rendered":"https:\/\/analyse.optim.biz\/?p=2063288"},"modified":"2026-07-20T15:18:09","modified_gmt":"2026-07-20T12:18:09","slug":"legendele-fotbalului-revin-la-baia-editia-a-ix-a-a-cupei-legendelor-old-boys-are-loc-pe-1-august","status":"publish","type":"post","link":"https:\/\/analyse.optim.biz\/?p=2063288","title":{"rendered":"Legendele fotbalului revin la Baia. Edi\u021bia a IX-a a \u201eCupei Legendelor Old Boys\u201d are loc pe 1 august"},"content":{"rendered":"<p>[analyse_image type=&#8221;featured&#8221; src=&#8221;https:\/\/infotulcea.ro\/wp-content\/uploads\/2026\/07\/baia.jpghttps:\/\/infotulcea.ro\/wp-content\/uploads\/2026\/07\/baia.jpg&#8221;]<\/p>\n<div id=\"content\" class=\"site-content container\">\n<div id=\"main-content-row\" class=\"tie-row main-content-row\">\n<div class=\"main-content tie-col-md-8 tie-col-xs-12\" role=\"main\">\n<article id=\"the-post\" class=\"container-wrapper post-content tie-standard\">\n<header class=\"entry-header-outer\">\n<nav id=\"breadcrumb\"><a href=\"https:\/\/infotulcea.ro\/\"> Home<\/a><em class=\"delimiter\">\/<\/em><a href=\"https:\/\/infotulcea.ro\/categorie\/fotbal\/\">Fotbal<\/a><em class=\"delimiter\">\/<\/em><span class=\"current\">Legendele fotbalului revin la Baia. Edi\u021bia a IX-a a \u201eCupei Legendelor Old Boys\u201d are loc pe 1 august<\/span><\/nav>\n<div class=\"entry-header\"><span class=\"post-cat-wrap\"><a class=\"post-cat tie-cat-50\" href=\"https:\/\/infotulcea.ro\/categorie\/fotbal\/\">Fotbal<\/a><\/span><\/p>\n<h1 class=\"post-title entry-title\">\n\t\t\tLegendele fotbalului revin la Baia. Edi\u021bia a IX-a a \u201eCupei Legendelor Old Boys\u201d are loc pe 1 august\t\t<\/h1>\n<div class=\"single-post-meta post-meta clearfix\"><span class=\"author-meta single-author no-avatars\"><span class=\"meta-item meta-author-wrapper meta-author-9\"><span class=\"meta-author\"><a href=\"https:\/\/infotulcea.ro\/author\/redactia-2\/\" class=\"author-name tie-icon\" title=\"Redactia\">Redactia<\/a><\/span><\/span><\/span><span class=\"date meta-item tie-icon\">20 iulie 2026<\/span><\/p>\n<div class=\"tie-alignright\"><span class=\"meta-comment tie-icon meta-item fa-before\">0<\/span><span class=\"meta-views meta-item \"> 741 <\/span><span class=\"meta-reading-time meta-item\"> 1 minute read<\/span><\/div>\n<\/div>\n<\/div>\n<\/header>\n<div class=\"entry-content entry clearfix\">\n<p data-start=\"109\" data-end=\"332\"><strong>Comuna Baia din jude\u021bul Tulcea va g\u0103zdui, pe 1 august, cea de-a IX-a edi\u021bie a turneului \u201eCupa Legendelor Old Boys \u2013 Baia, Tulcea\u201d, competi\u021bie care va reuni foste glorii ale fotbalului rom\u00e2nesc \u0219i echipe cu tradi\u021bie.<\/strong><\/p>\n<p data-start=\"334\" data-end=\"583\">La startul turneului vor fi prezente opt forma\u021bii, \u00eemp\u0103r\u021bite \u00een dou\u0103 grupe. <strong data-start=\"410\" data-end=\"421\">Grupa A<\/strong> este format\u0103 din Performar, T\u00e2rgovi\u0219te, Delta Tulcea \u0219i Urziceni, iar \u00een <strong data-start=\"495\" data-end=\"506\">Grupa B<\/strong> vor evolua Farul Constan\u021ba, Granitul Babadag, Tomis Constan\u021ba \u0219i Arge\u0219 Team.<\/p>\n<p data-start=\"585\" data-end=\"1120\">Evenimentul se va bucura de prezen\u021ba unor invita\u021bi de onoare, printre care pre\u0219edintele Consiliului Jude\u021bean Tulcea, <strong data-start=\"702\" data-end=\"722\">Horia Teodorescu<\/strong>, vicepre\u0219edintele <strong data-start=\"741\" data-end=\"757\">Narcis Iancu<\/strong>, pre\u0219edintele AJF Tulcea <strong data-start=\"783\" data-end=\"798\">Petre Badea<\/strong>, primarul ora\u0219ului Babadag <strong data-start=\"826\" data-end=\"844\">George Caraman<\/strong>, primarul comunei Baia, precum \u0219i oficiali \u0219i personalit\u0103\u021bi din fotbalul rom\u00e2nesc, \u00eentre<source sizes=\"(max-width: 500px) 100vw, 500px\" type=\"image\/webp\" data-srcset=\"https:\/\/infotulcea.ro\/wp-content\/uploads\/2026\/07\/baia-500x333.jpg.webp 500w, https:\/\/infotulcea.ro\/wp-content\/uploads\/2026\/07\/baia-1024x683.jpg.webp 1024w, https:\/\/infotulcea.ro\/wp-content\/uploads\/2026\/07\/baia-768x512.jpg.webp 768w, https:\/\/infotulcea.ro\/wp-content\/uploads\/2026\/07\/baia.jpg.webp 1080w\" \/><\/p>\n<p><img loading=\"lazy\" decoding=\"async\" class=\"size-medium wp-image-40177 alignright\" src=\"https:\/\/infotulcea.ro\/wp-content\/uploads\/2026\/07\/baia-500x333.jpg\" alt width=\"500\" height=\"333\"> care <strong data-start=\"939\" data-end=\"956\">Felix Grigore<\/strong>, director al Departamentului Competi\u021bii din cadrul FRF, fostul pre\u0219edinte al FC Farul Constan\u021ba <strong data-start=\"1053\" data-end=\"1067\">Paul Peniu<\/strong> \u0219i fostul antrenor al Farului, <strong data-start=\"1099\" data-end=\"1119\">Constantin Gache<\/strong>.<\/p>\n<p data-start=\"1122\" data-end=\"1558\">Pe teren sunt a\u0219tepta\u021bi numero\u0219i fo\u0219ti juc\u0103tori de Liga 1, care au evoluat de-a lungul carierei la cluburi precum <strong data-start=\"1236\" data-end=\"1298\">Steaua Bucure\u0219ti, Farul Constan\u021ba, Dinamo, Unirea Urziceni<\/strong> \u0219i <strong data-start=\"1302\" data-end=\"1316\">T\u00e2rgovi\u0219te<\/strong>. Printre numele confirmate se num\u0103r\u0103 <strong data-start=\"1354\" data-end=\"1468\">Mihail Majaru, Adrian Neaga, Andrei M\u0103rg\u0103ritescu, Constantin Funda, Cristian Bala\u0219, Sorin B\u0103sturea, Nicu Cre\u021bu<\/strong> \u0219i al\u021bi fo\u0219ti fotbali\u0219ti cunoscu\u021bi, lista urm\u00e2nd s\u0103 fie completat\u0103 \u00een perioada urm\u0103toare.<\/p>\n<p data-start=\"1560\" data-end=\"1712\">Organizatorii analizeaz\u0103 \u0219i posibilitatea disput\u0103rii unui meci demonstrativ \u00eentre echipa din Baia \u0219i o forma\u021bie din \u021a\u0103nd\u0103rei \u00eenaintea finalei turneului.<\/p>\n<p class data-start=\"1714\" data-end=\"1914\" data-is-last-node data-is-only-node>Evenimentul este organizat sub coordonarea pre\u0219edintelui <strong data-start=\"1771\" data-end=\"1787\">Gigi Tasente<\/strong>, iar organizatorii au transmis mul\u021bumiri primarului comunei Baia pentru implicarea \u00een realizarea acestei edi\u021bii a competi\u021biei.<\/p>\n<\/div>\n<div id=\"post-extra-info\">\n<div class=\"theiaStickySidebar\">\n<div class=\"single-post-meta post-meta clearfix\"><span class=\"author-meta single-author no-avatars\"><span class=\"meta-item meta-author-wrapper meta-author-9\"><span class=\"meta-author\"><a href=\"https:\/\/infotulcea.ro\/author\/redactia-2\/\" class=\"author-name tie-icon\" title=\"Redactia\">Redactia<\/a><\/span><\/span><\/span><span class=\"date meta-item tie-icon\">20 iulie 2026<\/span><\/p>\n<div class=\"tie-alignright\"><span class=\"meta-comment tie-icon meta-item fa-before\">0<\/span><span class=\"meta-views meta-item \"> 741 <\/span><span class=\"meta-reading-time meta-item\"> 1 minute read<\/span><\/div>\n<\/div>\n<\/div>\n<\/div>\n<div id=\"share-buttons-bottom\" class=\"share-buttons share-buttons-bottom\">\n<div class=\"share-links  icons-only\">\n<div class=\"share-title\"><span> Share<\/span><\/div>\n<p><a href=\"https:\/\/www.facebook.com\/sharer.php?u=https:\/\/infotulcea.ro\/legendele-fotbalului-revin-la-baia-editia-a-ix-a-a-cupei-legendelor-old-boys-are-loc-pe-1-august\/\" rel=\"external noopener nofollow\" title=\"Facebook\" target=\"_blank\" class=\"facebook-share-btn \" data-raw=\"https:\/\/www.facebook.com\/sharer.php?u={post_link}\"><span class=\"screen-reader-text\">Facebook<\/span><\/a><a href=\"https:\/\/twitter.com\/intent\/tweet?text=Legendele%20fotbalului%20revin%20la%20Baia.%20Edi%C8%9Bia%20a%20IX-a%20a%20%E2%80%9ECupei%20Legendelor%20Old%20Boys%E2%80%9D%20are%20loc%20pe%201%20august&amp;url=https:\/\/infotulcea.ro\/legendele-fotbalului-revin-la-baia-editia-a-ix-a-a-cupei-legendelor-old-boys-are-loc-pe-1-august\/\" rel=\"external noopener nofollow\" title=\"X\" target=\"_blank\" class=\"twitter-share-btn \" data-raw=\"https:\/\/twitter.com\/intent\/tweet?text={post_title}&amp;url={post_link}\"><span class=\"screen-reader-text\">X<\/span><\/a><a href=\"https:\/\/api.whatsapp.com\/send?text=Legendele%20fotbalului%20revin%20la%20Baia.%20Edi%C8%9Bia%20a%20IX-a%20a%20%E2%80%9ECupei%20Legendelor%20Old%20Boys%E2%80%9D%20are%20loc%20pe%201%20august%20https:\/\/infotulcea.ro\/legendele-fotbalului-revin-la-baia-editia-a-ix-a-a-cupei-legendelor-old-boys-are-loc-pe-1-august\/\" rel=\"external noopener nofollow\" title=\"WhatsApp\" target=\"_blank\" class=\"whatsapp-share-btn \" data-raw=\"https:\/\/api.whatsapp.com\/send?text={post_title}%20{post_link}\"><span class=\"screen-reader-text\">WhatsApp<\/span><\/a><a href=\"https:\/\/telegram.me\/share\/url?url=https:\/\/infotulcea.ro\/legendele-fotbalului-revin-la-baia-editia-a-ix-a-a-cupei-legendelor-old-boys-are-loc-pe-1-august\/&amp;text=Legendele%20fotbalului%20revin%20la%20Baia.%20Edi%C8%9Bia%20a%20IX-a%20a%20%E2%80%9ECupei%20Legendelor%20Old%20Boys%E2%80%9D%20are%20loc%20pe%201%20august\" rel=\"external noopener nofollow\" title=\"Telegram\" target=\"_blank\" class=\"telegram-share-btn \" data-raw=\"https:\/\/telegram.me\/share\/url?url={post_link}&amp;text={post_title}\"><span class=\"screen-reader-text\">Telegram<\/span><\/a><a href=\"mailto:?subject=Legendele%20fotbalului%20revin%20la%20Baia.%20Edi%C8%9Bia%20a%20IX-a%20a%20%E2%80%9ECupei%20Legendelor%20Old%20Boys%E2%80%9D%20are%20loc%20pe%201%20august&amp;body=https:\/\/infotulcea.ro\/legendele-fotbalului-revin-la-baia-editia-a-ix-a-a-cupei-legendelor-old-boys-are-loc-pe-1-august\/\" rel=\"external noopener nofollow\" title=\"Share via Email\" target=\"_blank\" class=\"email-share-btn \" data-raw=\"mailto:?subject={post_title}&amp;body={post_link}\"><span class=\"screen-reader-text\">Share via Email<\/span><\/a><a href=\"https:\/\/infotulcea.ro\/legendele-fotbalului-revin-la-baia-editia-a-ix-a-a-cupei-legendelor-old-boys-are-loc-pe-1-august\/\" rel=\"external noopener nofollow\" title=\"Print\" target=\"_blank\" class=\"print-share-btn \" data-raw=\"#\"><span class=\"screen-reader-text\">Print<\/span><\/a><\/div>\n<\/div>\n<\/article>\n<div class=\"post-components\">\n<div id=\"related-posts\" class=\"container-wrapper has-extra-post\">\n<div class=\"mag-box-title the-global-title\">\n<h3>Related Articles<\/h3>\n<\/div>\n<div class=\"related-posts-list\">\n<div class=\"related-item tie-standard\"><a aria-label=\"Final\u0103 pentru titlul jude\u021bean pe Stadionul Delta\" href=\"https:\/\/infotulcea.ro\/finala-pentru-titlul-judetean-pe-stadionul-delta\/\" class=\"post-thumb\"><source type=\"image\/webp\" data-srcset=\"https:\/\/infotulcea.ro\/wp-content\/uploads\/2026\/06\/ajf-1-390x220.jpg.webp\" \/><img loading=\"lazy\" decoding=\"async\" width=\"390\" height=\"220\" src=\"https:\/\/infotulcea.ro\/wp-content\/uploads\/2026\/06\/ajf-1-390x220.jpg\" class=\"attachment-jannah-image-large size-jannah-image-large wp-post-image\" alt><\/a><\/p>\n<h3 class=\"post-title\"><a href=\"https:\/\/infotulcea.ro\/finala-pentru-titlul-judetean-pe-stadionul-delta\/\">Final\u0103 pentru titlul jude\u021bean pe Stadionul Delta<\/a><\/h3>\n<div class=\"post-meta clearfix\"><span class=\"date meta-item tie-icon\">5 iunie 2026<\/span><\/div>\n<\/div>\n<div class=\"related-item tie-standard\"><a aria-label=\"Fotbal juniori: Derby-ul ora\u0219elor se joac\u0103 la M\u0103cin!\" href=\"https:\/\/infotulcea.ro\/fotbal-juniori-derby-ul-oraselor-se-joaca-la-macin\/\" class=\"post-thumb\"><img loading=\"lazy\" decoding=\"async\" width=\"390\" height=\"220\" src=\"https:\/\/infotulcea.ro\/wp-content\/uploads\/2021\/10\/IMG_20211010_111929-390x220.jpg\" class=\"attachment-jannah-image-large size-jannah-image-large wp-post-image lazyload\" alt><img loading=\"lazy\" decoding=\"async\" width=\"390\" height=\"220\" src=\"https:\/\/infotulcea.ro\/wp-content\/uploads\/2021\/10\/IMG_20211010_111929-390x220.jpg\" class=\"attachment-jannah-image-large size-jannah-image-large wp-post-image\" alt><\/a><\/p>\n<h3 class=\"post-title\"><a href=\"https:\/\/infotulcea.ro\/fotbal-juniori-derby-ul-oraselor-se-joaca-la-macin\/\">Fotbal juniori: Derby-ul ora\u0219elor se joac\u0103 la M\u0103cin!<\/a><\/h3>\n<div class=\"post-meta clearfix\"><span class=\"date meta-item tie-icon\">10 octombrie 2021<\/span><\/div>\n<\/div>\n<div class=\"related-item tie-standard\"><a aria-label=\"AS Triumf Cerna deruleaz\u0103 proiectul \u201dSportul pentru to\u021bi\u201d cofinan\u021bat de CJ Tulcea\" href=\"https:\/\/infotulcea.ro\/as-triumf-cerna-deruleaza-proiectul-sportul-pentru-toti-cofinantat-de-cj-tulcea\/\" class=\"post-thumb\"><source sizes=\"(max-width: 390px) 100vw, 390px\" type=\"image\/webp\" data-srcset=\"https:\/\/infotulcea.ro\/wp-content\/uploads\/2022\/10\/IMG_20221023_100339-390x220.jpg.webp 390w, https:\/\/infotulcea.ro\/wp-content\/uploads\/2022\/10\/IMG_20221023_100339-300x169.jpg.webp 300w, https:\/\/infotulcea.ro\/wp-content\/uploads\/2022\/10\/IMG_20221023_100339-1024x576.jpg.webp 1024w, https:\/\/infotulcea.ro\/wp-content\/uploads\/2022\/10\/IMG_20221023_100339-768x432.jpg.webp 768w, https:\/\/infotulcea.ro\/wp-content\/uploads\/2022\/10\/IMG_20221023_100339.jpg.webp 1080w\" \/><img loading=\"lazy\" decoding=\"async\" width=\"390\" height=\"220\" src=\"https:\/\/infotulcea.ro\/wp-content\/uploads\/2022\/10\/IMG_20221023_100339-390x220.jpg\" class=\"attachment-jannah-image-large size-jannah-image-large wp-post-image\" alt><\/a><\/p>\n<h3 class=\"post-title\"><a href=\"https:\/\/infotulcea.ro\/as-triumf-cerna-deruleaza-proiectul-sportul-pentru-toti-cofinantat-de-cj-tulcea\/\">AS Triumf Cerna deruleaz\u0103 proiectul \u201dSportul pentru to\u021bi\u201d cofinan\u021bat de CJ Tulcea<\/a><\/h3>\n<div class=\"post-meta clearfix\"><span class=\"date meta-item tie-icon\">24 august 2023<\/span><\/div>\n<\/div>\n<div class=\"related-item tie-standard\"><a aria-label=\"Fobal Juniori A1: CS N\u0103vodari \u2013 \u015eoimii Topolog 5-2 (3-1)\" href=\"https:\/\/infotulcea.ro\/fobal-juniori-a1-cs-navodari-soimii-topolog-5-2-3-1\/\" class=\"post-thumb\"><img loading=\"lazy\" decoding=\"async\" width=\"390\" height=\"220\" src=\"https:\/\/infotulcea.ro\/wp-content\/uploads\/2022\/06\/fotbal-juniori-macin-topolog-390x220.jpg\" class=\"attachment-jannah-image-large size-jannah-image-large wp-post-image lazyload\" alt><img loading=\"lazy\" decoding=\"async\" width=\"390\" height=\"220\" src=\"https:\/\/infotulcea.ro\/wp-content\/uploads\/2022\/06\/fotbal-juniori-macin-topolog-390x220.jpg\" class=\"attachment-jannah-image-large size-jannah-image-large wp-post-image\" alt><\/a><\/p>\n<h3 class=\"post-title\"><a href=\"https:\/\/infotulcea.ro\/fobal-juniori-a1-cs-navodari-soimii-topolog-5-2-3-1\/\">Fobal Juniori A1: CS N\u0103vodari \u2013 \u015eoimii Topolog 5-2 (3-1)<\/a><\/h3>\n<div class=\"post-meta clearfix\"><span class=\"date meta-item tie-icon\">7 iunie 2022<\/span><\/div>\n<\/div>\n<\/div>\n<\/div>\n<div id=\"comments\" class=\"comments-area\">\n<div id=\"add-comment-block\" class=\"container-wrapper\">\n<div id=\"respond\" class=\"comment-respond\">\n<h3 id=\"reply-title\" class=\"comment-reply-title the-global-title\">Las\u0103 un r\u0103spuns <small><a rel=\"nofollow\" id=\"cancel-comment-reply-link\" href=\"https:\/\/infotulcea.ro\/legendele-fotbalului-revin-la-baia-editia-a-ix-a-a-cupei-legendelor-old-boys-are-loc-pe-1-august\/#respond\">Anuleaz\u0103 r\u0103spunsul<\/a><\/small><\/h3>\n<p class=\"comment-notes\"><span id=\"email-notes\">Adresa ta de email nu va fi publicat\u0103.<\/span><span class=\"required-field-message\">C\u00e2mpurile obligatorii sunt marcate cu <span class=\"required\">*<\/span><\/span><\/p>\n<\/div>\n<\/div>\n<\/div>\n<\/div>\n<\/div>\n<div id=\"check-also-box\" class=\"container-wrapper check-also-right\">\n<div class=\"widget-title the-global-title\">\n<div class=\"the-subtitle\">Check Also<\/div>\n<p><a href=\"https:\/\/infotulcea.ro\/legendele-fotbalului-revin-la-baia-editia-a-ix-a-a-cupei-legendelor-old-boys-are-loc-pe-1-august\/\" id=\"check-also-close\" class=\"remove\"><span class=\"screen-reader-text\">Close<\/span><\/a><\/div>\n<div class=\"widget posts-list-big-first has-first-big-post\">\n<ul class=\"posts-list-items\">\n<li class=\"widget-single-post-item widget-post-list tie-standard\">\n<div class=\"post-widget-thumbnail\"><a aria-label=\"Fotbal Liga a IV-a: S\u0103geata Stejaru, singura echip\u0103 ne\u00eenvins\u0103 din fotbalul jude\u0163ean\" href=\"https:\/\/infotulcea.ro\/fotbal-liga-a-iv-a-sageata-stejaru-singura-echipa-neinvinsa-din-fotbalul-judetean\/\" class=\"post-thumb\"><span class=\"post-cat-wrap\"><span class=\"post-cat tie-cat-50\">Fotbal<\/span><\/span><img loading=\"lazy\" decoding=\"async\" width=\"390\" height=\"220\" src=\"https:\/\/infotulcea.ro\/wp-content\/uploads\/2021\/11\/sageata-stejaru-390x220.jpg\" class=\"attachment-jannah-image-large size-jannah-image-large wp-post-image lazyload\" alt><img loading=\"lazy\" decoding=\"async\" width=\"390\" height=\"220\" src=\"https:\/\/infotulcea.ro\/wp-content\/uploads\/2021\/11\/sageata-stejaru-390x220.jpg\" class=\"attachment-jannah-image-large size-jannah-image-large wp-post-image\" alt><\/a><\/div>\n<div class=\"post-widget-body \"><a class=\"post-title the-subtitle\" href=\"https:\/\/infotulcea.ro\/fotbal-liga-a-iv-a-sageata-stejaru-singura-echipa-neinvinsa-din-fotbalul-judetean\/\">Fotbal Liga a IV-a: S\u0103geata Stejaru, singura echip\u0103 ne\u00eenvins\u0103 din fotbalul jude\u0163ean<\/a><\/p>\n<div class=\"post-meta\"><span class=\"date meta-item tie-icon\">8 decembrie 2021<\/span><\/div>\n<\/div>\n<\/li>\n<\/ul>\n<\/div>\n<\/div>\n<aside class=\"sidebar tie-col-md-4 tie-col-xs-12 normal-side is-sticky\" aria-label=\"Primary Sidebar\">\n<div class=\"theiaStickySidebar\">\n<div id=\"media_image-19\" class=\"container-wrapper widget widget_media_image\"><a href=\"https:\/\/infotulcea.ro\/delta-dunarii-mai-accesibila-navrom-delta-creste-numarul-curselor-regulate-de-la-1-mai-2025\/\"><source sizes=\"(max-width: 500px) 100vw, 500px\" type=\"image\/webp\" data-srcset=\"https:\/\/infotulcea.ro\/wp-content\/uploads\/2025\/04\/navrom-delta-500x271.jpg.webp 500w, https:\/\/infotulcea.ro\/wp-content\/uploads\/2025\/04\/navrom-delta-1024x555.jpg.webp 1024w, https:\/\/infotulcea.ro\/wp-content\/uploads\/2025\/04\/navrom-delta-768x416.jpg.webp 768w, https:\/\/infotulcea.ro\/wp-content\/uploads\/2025\/04\/navrom-delta.jpg.webp 1080w\" \/><img loading=\"lazy\" decoding=\"async\" width=\"500\" height=\"271\" src=\"https:\/\/infotulcea.ro\/wp-content\/uploads\/2025\/04\/navrom-delta-500x271.jpg\" class=\"image wp-image-34487  attachment-medium size-medium\" alt><\/a><\/div>\n<div id=\"media_image-17\" class=\"container-wrapper widget widget_media_image\"><a href=\"https:\/\/www.facebook.com\/share\/p\/1DGAD1tLWN\/?mibextid=wwXIfr\" target=\"_blank\"><source sizes=\"(max-width: 500px) 100vw, 500px\" type=\"image\/webp\" data-srcset=\"https:\/\/infotulcea.ro\/wp-content\/uploads\/2026\/01\/IMG_1563-500x500.jpeg.webp 500w, https:\/\/infotulcea.ro\/wp-content\/uploads\/2026\/01\/IMG_1563-1024x1024.jpeg.webp 1024w, https:\/\/infotulcea.ro\/wp-content\/uploads\/2026\/01\/IMG_1563-250x250.jpeg.webp 250w, https:\/\/infotulcea.ro\/wp-content\/uploads\/2026\/01\/IMG_1563-768x768.jpeg.webp 768w, https:\/\/infotulcea.ro\/wp-content\/uploads\/2026\/01\/IMG_1563.jpeg.webp 1080w\" \/><img loading=\"lazy\" decoding=\"async\" width=\"500\" height=\"500\" src=\"https:\/\/infotulcea.ro\/wp-content\/uploads\/2026\/01\/IMG_1563-500x500.jpeg\" class=\"image wp-image-37932  attachment-medium size-medium\" alt title=\"Centrale pe lemne\"><\/a><\/div>\n<div id=\"media_image-18\" class=\"container-wrapper widget widget_media_image\"><a href=\"https:\/\/www.licitatia.ro\/site\/index-guest\"><img loading=\"lazy\" decoding=\"async\" width=\"500\" height=\"262\" src=\"https:\/\/infotulcea.ro\/wp-content\/uploads\/2025\/09\/licitatia-500x262.png\" class=\"image wp-image-36670  attachment-medium size-medium lazyload\" alt><img loading=\"lazy\" decoding=\"async\" width=\"500\" height=\"262\" src=\"https:\/\/infotulcea.ro\/wp-content\/uploads\/2025\/09\/licitatia-500x262.png\" class=\"image wp-image-36670  attachment-medium size-medium\" alt><\/a><\/div>\n<div id=\"media_image-27\" class=\"container-wrapper widget widget_media_image\"><a href=\"https:\/\/www.centrale-lemne-liepsnele.ro\/\"><img loading=\"lazy\" decoding=\"async\" width=\"500\" height=\"500\" src=\"https:\/\/infotulcea.ro\/wp-content\/uploads\/2025\/09\/Centrale-pe-Lemne-Liepsnele-500x500.png\" class=\"image wp-image-36541  attachment-medium size-medium lazyload\" alt=\"Centrala pe lemne\"><img loading=\"lazy\" decoding=\"async\" width=\"500\" height=\"500\" src=\"https:\/\/infotulcea.ro\/wp-content\/uploads\/2025\/09\/Centrale-pe-Lemne-Liepsnele-500x500.png\" class=\"image wp-image-36541  attachment-medium size-medium\" alt=\"Centrala pe lemne\"><\/a><\/div>\n<div id=\"media_image-28\" class=\"container-wrapper widget widget_media_image\"><a href=\"https:\/\/infotulcea.ro\/angajeaza-te-ro-platforma-ta-online-de-angajari-si-forta-de-munca\/\"><source sizes=\"(max-width: 500px) 100vw, 500px\" type=\"image\/webp\" data-srcset=\"https:\/\/infotulcea.ro\/wp-content\/uploads\/2025\/04\/banner-angajazate-1-500x305.jpg.webp 500w, https:\/\/infotulcea.ro\/wp-content\/uploads\/2025\/04\/banner-angajazate-1-1024x625.jpg.webp 1024w, https:\/\/infotulcea.ro\/wp-content\/uploads\/2025\/04\/banner-angajazate-1-768x469.jpg.webp 768w, https:\/\/infotulcea.ro\/wp-content\/uploads\/2025\/04\/banner-angajazate-1.jpg.webp 1080w\" \/><img loading=\"lazy\" decoding=\"async\" width=\"500\" height=\"305\" src=\"https:\/\/infotulcea.ro\/wp-content\/uploads\/2025\/04\/banner-angajazate-1-500x305.jpg\" class=\"image wp-image-34317  attachment-medium size-medium\" alt><\/a><\/div>\n<\/div>\n<\/aside>\n<\/div>\n<\/div>\n<div class=\"entry-content entry clearfix\">\n<p data-start=\"109\" data-end=\"332\"><strong>Comuna Baia din jude\u021bul Tulcea va g\u0103zdui, pe 1 august, cea de-a IX-a edi\u021bie a turneului \u201eCupa Legendelor Old Boys \u2013 Baia, Tulcea\u201d, competi\u021bie care va reuni foste glorii ale fotbalului rom\u00e2nesc \u0219i echipe cu tradi\u021bie.<\/strong><\/p>\n<p data-start=\"334\" data-end=\"583\">La startul turneului vor fi prezente opt forma\u021bii, \u00eemp\u0103r\u021bite \u00een dou\u0103 grupe. <strong data-start=\"410\" data-end=\"421\">Grupa A<\/strong> este format\u0103 din Performar, T\u00e2rgovi\u0219te, Delta Tulcea \u0219i Urziceni, iar \u00een <strong data-start=\"495\" data-end=\"506\">Grupa B<\/strong> vor evolua Farul Constan\u021ba, Granitul Babadag, Tomis Constan\u021ba \u0219i Arge\u0219 Team.<\/p>\n<p data-start=\"585\" data-end=\"1120\">Evenimentul se va bucura de prezen\u021ba unor invita\u021bi de onoare, printre care pre\u0219edintele Consiliului Jude\u021bean Tulcea, <strong data-start=\"702\" data-end=\"722\">Horia Teodorescu<\/strong>, vicepre\u0219edintele <strong data-start=\"741\" data-end=\"757\">Narcis Iancu<\/strong>, pre\u0219edintele AJF Tulcea <strong data-start=\"783\" data-end=\"798\">Petre Badea<\/strong>, primarul ora\u0219ului Babadag <strong data-start=\"826\" data-end=\"844\">George Caraman<\/strong>, primarul comunei Baia, precum \u0219i oficiali \u0219i personalit\u0103\u021bi din fotbalul rom\u00e2nesc, \u00eentre<source sizes=\"(max-width: 500px) 100vw, 500px\" type=\"image\/webp\" data-srcset=\"https:\/\/infotulcea.ro\/wp-content\/uploads\/2026\/07\/baia-500x333.jpg.webp 500w, https:\/\/infotulcea.ro\/wp-content\/uploads\/2026\/07\/baia-1024x683.jpg.webp 1024w, https:\/\/infotulcea.ro\/wp-content\/uploads\/2026\/07\/baia-768x512.jpg.webp 768w, https:\/\/infotulcea.ro\/wp-content\/uploads\/2026\/07\/baia.jpg.webp 1080w\" \/><\/p>\n<p><img loading=\"lazy\" decoding=\"async\" class=\"size-medium wp-image-40177 alignright\" src=\"https:\/\/infotulcea.ro\/wp-content\/uploads\/2026\/07\/baia-500x333.jpg\" alt width=\"500\" height=\"333\"> care <strong data-start=\"939\" data-end=\"956\">Felix Grigore<\/strong>, director al Departamentului Competi\u021bii din cadrul FRF, fostul pre\u0219edinte al FC Farul Constan\u021ba <strong data-start=\"1053\" data-end=\"1067\">Paul Peniu<\/strong> \u0219i fostul antrenor al Farului, <strong data-start=\"1099\" data-end=\"1119\">Constantin Gache<\/strong>.<\/p>\n<p data-start=\"1122\" data-end=\"1558\">Pe teren sunt a\u0219tepta\u021bi numero\u0219i fo\u0219ti juc\u0103tori de Liga 1, care au evoluat de-a lungul carierei la cluburi precum <strong data-start=\"1236\" data-end=\"1298\">Steaua Bucure\u0219ti, Farul Constan\u021ba, Dinamo, Unirea Urziceni<\/strong> \u0219i <strong data-start=\"1302\" data-end=\"1316\">T\u00e2rgovi\u0219te<\/strong>. Printre numele confirmate se num\u0103r\u0103 <strong data-start=\"1354\" data-end=\"1468\">Mihail Majaru, Adrian Neaga, Andrei M\u0103rg\u0103ritescu, Constantin Funda, Cristian Bala\u0219, Sorin B\u0103sturea, Nicu Cre\u021bu<\/strong> \u0219i al\u021bi fo\u0219ti fotbali\u0219ti cunoscu\u021bi, lista urm\u00e2nd s\u0103 fie completat\u0103 \u00een perioada urm\u0103toare.<\/p>\n<p data-start=\"1560\" data-end=\"1712\">Organizatorii analizeaz\u0103 \u0219i posibilitatea disput\u0103rii unui meci demonstrativ \u00eentre echipa din Baia \u0219i o forma\u021bie din \u021a\u0103nd\u0103rei \u00eenaintea finalei turneului.<\/p>\n<p class data-start=\"1714\" data-end=\"1914\" data-is-last-node data-is-only-node>Evenimentul este organizat sub coordonarea pre\u0219edintelui <strong data-start=\"1771\" data-end=\"1787\">Gigi Tasente<\/strong>, iar organizatorii au transmis mul\u021bumiri primarului comunei Baia pentru implicarea \u00een realizarea acestei edi\u021bii a competi\u021biei.<\/p>\n<\/div>\n<div class=\"articleBody\" data-key=\"articleBody\">Comuna Baia din jude\u021bul Tulcea va g\u0103zdui, pe 1 august, cea de-a IX-a edi\u021bie a turneului \u201eCupa Legendelor Old Boys \u2013 Baia, Tulcea\u201d, competi\u021bie care va reuni foste glorii ale fotbalului rom\u00e2nesc \u0219i echipe cu tradi\u021bie.<br \/>\nLa startul turneului vor fi prezente opt forma\u021bii, \u00eemp\u0103r\u021bite \u00een dou\u0103 grupe. Grupa A este format\u0103 din Performar, T\u00e2rgovi\u0219te, Delta Tulcea \u0219i Urziceni, iar \u00een Grupa B vor evolua Farul Constan\u021ba, Granitul Babadag, Tomis Constan\u021ba \u0219i Arge\u0219 Team.<br \/>\nEvenimentul se va bucura de prezen\u021ba unor invita\u021bi de onoare, printre care pre\u0219edintele Consiliului Jude\u021bean Tulcea, Horia Teodorescu, vicepre\u0219edintele Narcis Iancu, pre\u0219edintele AJF Tulcea Petre Badea, primarul ora\u0219ului Babadag George Caraman, primarul comunei Baia, precum \u0219i oficiali \u0219i personalit\u0103\u021bi din fotbalul rom\u00e2nesc, \u00eentre care Felix Grigore, director al Departamentului Competi\u021bii din cadrul FRF, fostul pre\u0219edinte al FC Farul Constan\u021ba Paul Peniu \u0219i fostul antrenor al Farului, Constantin Gache.<br \/>\nPe teren sunt a\u0219tepta\u021bi numero\u0219i fo\u0219ti juc\u0103tori de Liga 1, care au evoluat de-a lungul carierei la cluburi precum Steaua Bucure\u0219ti, Farul Constan\u021ba, Dinamo, Unirea Urziceni \u0219i T\u00e2rgovi\u0219te. Printre numele confirmate se num\u0103r\u0103 Mihail Majaru, Adrian Neaga, Andrei M\u0103rg\u0103ritescu, Constantin Funda, Cristian Bala\u0219, Sorin B\u0103sturea, Nicu Cre\u021bu \u0219i al\u021bi fo\u0219ti fotbali\u0219ti cunoscu\u021bi, lista urm\u00e2nd s\u0103 fie completat\u0103 \u00een perioada urm\u0103toare.<br \/>\nOrganizatorii analizeaz\u0103 \u0219i posibilitatea disput\u0103rii unui meci demonstrativ \u00eentre echipa din Baia \u0219i o forma\u021bie din \u021a\u0103nd\u0103rei \u00eenaintea finalei turneului.<br \/>\nEvenimentul este organizat sub coordonarea pre\u0219edintelui Gigi Tasente, iar organizatorii au transmis mul\u021bumiri primarului comunei Baia pentru implicarea \u00een realizarea acestei edi\u021bii a competi\u021biei.<\/div>\n<p>[analyse_source url=&#8221;https:\/\/infotulcea.ro\/legendele-fotbalului-revin-la-baia-editia-a-ix-a-a-cupei-legendelor-old-boys-are-loc-pe-1-august\/&#8221;]<\/p>\n","protected":false},"excerpt":{"rendered":"<p>[analyse_image type=&#8221;featured&#8221; src=&#8221;https:\/\/infotulcea.ro\/wp-content\/uploads\/2026\/07\/baia.jpghttps:\/\/infotulcea.ro\/wp-content\/uploads\/2026\/07\/baia.jpg&#8221;] Home\/Fotbal\/Legendele fotbalului revin la Baia. Edi\u021bia a IX-a a \u201eCupei Legendelor Old Boys\u201d are loc pe 1 august Fotbal Legendele fotbalului revin la Baia. Edi\u021bia a IX-a a \u201eCupei Legendelor Old Boys\u201d are loc pe 1 august Redactia20 iulie 2026 0 741 1 minute read Comuna Baia din jude\u021bul Tulcea va g\u0103zdui, [&hellip;]<\/p>\n","protected":false},"author":1,"featured_media":0,"comment_status":"open","ping_status":"","sticky":false,"template":"","format":"standard","meta":{"footnotes":""},"categories":[89],"tags":[226,221],"class_list":["post-2063288","post","type-post","status-publish","format-standard","hentry","category-romania","tag-crawlmanager","tag-infotulcea-ro"],"_links":{"self":[{"href":"https:\/\/analyse.optim.biz\/index.php?rest_route=\/wp\/v2\/posts\/2063288","targetHints":{"allow":["GET"]}}],"collection":[{"href":"https:\/\/analyse.optim.biz\/index.php?rest_route=\/wp\/v2\/posts"}],"about":[{"href":"https:\/\/analyse.optim.biz\/index.php?rest_route=\/wp\/v2\/types\/post"}],"author":[{"embeddable":true,"href":"https:\/\/analyse.optim.biz\/index.php?rest_route=\/wp\/v2\/users\/1"}],"replies":[{"embeddable":true,"href":"https:\/\/analyse.optim.biz\/index.php?rest_route=%2Fwp%2Fv2%2Fcomments&post=2063288"}],"version-history":[{"count":0,"href":"https:\/\/analyse.optim.biz\/index.php?rest_route=\/wp\/v2\/posts\/2063288\/revisions"}],"wp:attachment":[{"href":"https:\/\/analyse.optim.biz\/index.php?rest_route=%2Fwp%2Fv2%2Fmedia&parent=2063288"}],"wp:term":[{"taxonomy":"category","embeddable":true,"href":"https:\/\/analyse.optim.biz\/index.php?rest_route=%2Fwp%2Fv2%2Fcategories&post=2063288"},{"taxonomy":"post_tag","embeddable":true,"href":"https:\/\/analyse.optim.biz\/index.php?rest_route=%2Fwp%2Fv2%2Ftags&post=2063288"}],"curies":[{"name":"wp","href":"https:\/\/api.w.org\/{rel}","templated":true}]}}