{"id":2063275,"date":"2026-07-27T04:15:01","date_gmt":"2026-07-27T01:15:01","guid":{"rendered":"https:\/\/analyse.optim.biz\/?p=2063275"},"modified":"2026-07-27T04:15:01","modified_gmt":"2026-07-27T01:15:01","slug":"domnule-soldan-lasati-ajf-ul-in-pace-si-ocupati-va-de-stadionul-pe-care-l-ati-promis","status":"publish","type":"post","link":"https:\/\/analyse.optim.biz\/?p=2063275","title":{"rendered":"Domnule \u0218oldan, l\u0103sa\u021bi AJF-ul \u00een pace \u0219i ocupa\u021bi-v\u0103 de stadionul pe care l-a\u021bi promis"},"content":{"rendered":"<p>[analyse_image type=&#8221;featured&#8221; src=&#8221;https:\/\/www.radiotop.ro\/img\/media\/2026\/05\/soldan-steag-cetatea.jpg&#8221;]<\/p>\n<div class=\"entry-content no-share\">\n<div class=\"content-inner \">\n<p>Profesorul Iulian Darab\u0103 \u0219i-a anun\u021bat candidatura pentru func\u021bia de pre\u0219edinte al Asocia\u021biei Jude\u021bene de Fotbal Suceava la alegerile care vor avea loc pe 23 august. AJF-ul se ocup\u0103 de campionatele de copii \u0219i juniori de la nivelul jude\u021bului nostru \u0219i de ligile a IV-a \u0219i a V-a de seniori. Este prima candidatur\u0103 anun\u021bat\u0103 pentru postul care va r\u0103m\u00eene liber dup\u0103 plecarea lui Ciprian Anton, care de c\u00eeteva s\u0103pt\u0103m\u00eeni este managerul sportiv al clubului de Liga a II-a CSM Cetatea 1932 Suceava.<\/p>\n<p>Domnul Darab\u0103 este \u00een prezent vicepre\u0219edinte al AJF. Profesorul Darab\u0103 activeaz\u0103 la renumitul Colegiu Na\u021bional \u201dNicu Gane\u201d din F\u0103lticeni \u0219i a f\u0103cut parte din conducerea fostei echipe de fotbal de Liga a III-a \u0218omuz F\u0103lticeni. \u0218i foarte important, Iulian Darab\u0103 este consilier jude\u021bean din partea PSD.<\/p>\n<p>\u00cen anun\u021bul de candidatur\u0103, domnul Darab\u0103 spune: \u201dConsider c\u0103 rela\u021bia foarte bun\u0103 pe care o am cu actuala conducere a Consiliului Jude\u021bean Suceava poate reprezenta un avantaj pentru fotbalul jude\u021bean. Consiliul Jude\u021bean a demonstrat o deschidere real\u0103 fa\u021b\u0103 de sport, iar numai \u00een acest an a alocat, prin programul de finan\u021b\u0103ri nerambursabile derulat \u00een baza Legii nr. 350\/2005, o sum\u0103 record, de aproape 5,5 milioane de lei, pentru sus\u021binerea activit\u0103\u021bilor sportive. S\u00eent convins c\u0103, printr-o colaborare institu\u021bional\u0103 eficient\u0103, putem crea mai multe oportunit\u0103\u021bi de finan\u021bare \u0219i dezvoltare pentru fotbalul din jude\u021b\u201d. Mai direct spus, Iulian Darab\u0103 sus\u021bine c\u0103 are sprijinul \u0219efului s\u0103u de partid, pre\u0219edintele Consiliului Jude\u021bean Suceava Gheorghe \u0218oldan.<\/p>\n<p>Este absolut l\u0103udabil c\u0103 administra\u021bia jude\u021bean\u0103, sub conducerea lui Gheorghe \u0218oldan, sponsorizeaz\u0103 sportul cu o sum\u0103 consistent\u0103, \u0219i nu doar fotbalul. \u00cens\u0103, domnul \u0218oldan ar trebui s\u0103 se limiteze la acordarea de finan\u021bare mi\u0219c\u0103rii sportive, \u0219i nu ar trebui s\u0103 se implice \u0219i \u00een alegerea oamenilor care s\u0103 conduc\u0103 sportul.<\/p>\n<p>\u00cencurajat de faptul c\u0103 tocmai a pus m\u00eena pe operatorul regional de ap\u0103 \u0219i canal ACET Suceava, numindu-l \u00een func\u021bia de director pe secretarul general al PSD, Lorand Ercse, Gheorghe \u0218oldan ar vrea acum s\u0103 pun\u0103 m\u00eena \u0219i pe fotbalul jude\u021bean, sprijinindu-l pe consilierul jude\u021bean PSD Iulian Darab\u0103 s\u0103 c\u00ee\u0219tige alegerile pentru AJF. Domnule \u0218oldan, l\u0103sa\u021bi AJF-ul \u00een pace \u0219i ocupa\u021bi-v\u0103 de construirea unui stadion nou, a\u0219a cum a\u021bi promis.<\/p>\n<\/div>\n<\/div>\n<div class=\"content-inner \">\n<p>Profesorul Iulian Darab\u0103 \u0219i-a anun\u021bat candidatura pentru func\u021bia de pre\u0219edinte al Asocia\u021biei Jude\u021bene de Fotbal Suceava la alegerile care vor avea loc pe 23 august. AJF-ul se ocup\u0103 de campionatele de copii \u0219i juniori de la nivelul jude\u021bului nostru \u0219i de ligile a IV-a \u0219i a V-a de seniori. Este prima candidatur\u0103 anun\u021bat\u0103 pentru postul care va r\u0103m\u00eene liber dup\u0103 plecarea lui Ciprian Anton, care de c\u00eeteva s\u0103pt\u0103m\u00eeni este managerul sportiv al clubului de Liga a II-a CSM Cetatea 1932 Suceava.<\/p>\n<p>Domnul Darab\u0103 este \u00een prezent vicepre\u0219edinte al AJF. Profesorul Darab\u0103 activeaz\u0103 la renumitul Colegiu Na\u021bional \u201dNicu Gane\u201d din F\u0103lticeni \u0219i a f\u0103cut parte din conducerea fostei echipe de fotbal de Liga a III-a \u0218omuz F\u0103lticeni. \u0218i foarte important, Iulian Darab\u0103 este consilier jude\u021bean din partea PSD.<\/p>\n<p>\u00cen anun\u021bul de candidatur\u0103, domnul Darab\u0103 spune: \u201dConsider c\u0103 rela\u021bia foarte bun\u0103 pe care o am cu actuala conducere a Consiliului Jude\u021bean Suceava poate reprezenta un avantaj pentru fotbalul jude\u021bean. Consiliul Jude\u021bean a demonstrat o deschidere real\u0103 fa\u021b\u0103 de sport, iar numai \u00een acest an a alocat, prin programul de finan\u021b\u0103ri nerambursabile derulat \u00een baza Legii nr. 350\/2005, o sum\u0103 record, de aproape 5,5 milioane de lei, pentru sus\u021binerea activit\u0103\u021bilor sportive. S\u00eent convins c\u0103, printr-o colaborare institu\u021bional\u0103 eficient\u0103, putem crea mai multe oportunit\u0103\u021bi de finan\u021bare \u0219i dezvoltare pentru fotbalul din jude\u021b\u201d. Mai direct spus, Iulian Darab\u0103 sus\u021bine c\u0103 are sprijinul \u0219efului s\u0103u de partid, pre\u0219edintele Consiliului Jude\u021bean Suceava Gheorghe \u0218oldan.<\/p>\n<p>Este absolut l\u0103udabil c\u0103 administra\u021bia jude\u021bean\u0103, sub conducerea lui Gheorghe \u0218oldan, sponsorizeaz\u0103 sportul cu o sum\u0103 consistent\u0103, \u0219i nu doar fotbalul. \u00cens\u0103, domnul \u0218oldan ar trebui s\u0103 se limiteze la acordarea de finan\u021bare mi\u0219c\u0103rii sportive, \u0219i nu ar trebui s\u0103 se implice \u0219i \u00een alegerea oamenilor care s\u0103 conduc\u0103 sportul.<\/p>\n<p>\u00cencurajat de faptul c\u0103 tocmai a pus m\u00eena pe operatorul regional de ap\u0103 \u0219i canal ACET Suceava, numindu-l \u00een func\u021bia de director pe secretarul general al PSD, Lorand Ercse, Gheorghe \u0218oldan ar vrea acum s\u0103 pun\u0103 m\u00eena \u0219i pe fotbalul jude\u021bean, sprijinindu-l pe consilierul jude\u021bean PSD Iulian Darab\u0103 s\u0103 c\u00ee\u0219tige alegerile pentru AJF. Domnule \u0218oldan, l\u0103sa\u021bi AJF-ul \u00een pace \u0219i ocupa\u021bi-v\u0103 de construirea unui stadion nou, a\u0219a cum a\u021bi promis.<\/p>\n<\/div>\n<p>[analyse_source url=&#8221;https:\/\/www.radiotop.ro\/tableta-zilei\/domnule-soldan-lasati-ajf-ul-in-pace-si-ocupati-va-de-stadionul-pe-care-l-ati-promis.html&#8221;]<\/p>\n","protected":false},"excerpt":{"rendered":"<p>[analyse_image type=&#8221;featured&#8221; src=&#8221;https:\/\/www.radiotop.ro\/img\/media\/2026\/05\/soldan-steag-cetatea.jpg&#8221;] Profesorul Iulian Darab\u0103 \u0219i-a anun\u021bat candidatura pentru func\u021bia de pre\u0219edinte al Asocia\u021biei Jude\u021bene de Fotbal Suceava la alegerile care vor avea loc pe 23 august. AJF-ul se ocup\u0103 de campionatele de copii \u0219i juniori de la nivelul jude\u021bului nostru \u0219i de ligile a IV-a \u0219i a V-a de seniori. Este prima candidatur\u0103 [&hellip;]<\/p>\n","protected":false},"author":1,"featured_media":0,"comment_status":"open","ping_status":"","sticky":false,"template":"","format":"standard","meta":{"footnotes":""},"categories":[89],"tags":[226,163],"class_list":["post-2063275","post","type-post","status-publish","format-standard","hentry","category-romania","tag-crawlmanager","tag-radiotop-ro"],"_links":{"self":[{"href":"https:\/\/analyse.optim.biz\/index.php?rest_route=\/wp\/v2\/posts\/2063275","targetHints":{"allow":["GET"]}}],"collection":[{"href":"https:\/\/analyse.optim.biz\/index.php?rest_route=\/wp\/v2\/posts"}],"about":[{"href":"https:\/\/analyse.optim.biz\/index.php?rest_route=\/wp\/v2\/types\/post"}],"author":[{"embeddable":true,"href":"https:\/\/analyse.optim.biz\/index.php?rest_route=\/wp\/v2\/users\/1"}],"replies":[{"embeddable":true,"href":"https:\/\/analyse.optim.biz\/index.php?rest_route=%2Fwp%2Fv2%2Fcomments&post=2063275"}],"version-history":[{"count":0,"href":"https:\/\/analyse.optim.biz\/index.php?rest_route=\/wp\/v2\/posts\/2063275\/revisions"}],"wp:attachment":[{"href":"https:\/\/analyse.optim.biz\/index.php?rest_route=%2Fwp%2Fv2%2Fmedia&parent=2063275"}],"wp:term":[{"taxonomy":"category","embeddable":true,"href":"https:\/\/analyse.optim.biz\/index.php?rest_route=%2Fwp%2Fv2%2Fcategories&post=2063275"},{"taxonomy":"post_tag","embeddable":true,"href":"https:\/\/analyse.optim.biz\/index.php?rest_route=%2Fwp%2Fv2%2Ftags&post=2063275"}],"curies":[{"name":"wp","href":"https:\/\/api.w.org\/{rel}","templated":true}]}}