{"id":206324,"date":"2014-04-29T12:44:23","date_gmt":"2014-04-29T09:44:23","guid":{"rendered":"https:\/\/analyse.optim.biz\/?p=206324"},"modified":"2014-04-29T12:44:23","modified_gmt":"2014-04-29T09:44:23","slug":"victor-ponta-catre-liviu-dragnea-dupa-experienta-din-beiu-eu-nu-ma-mai-urc-in-barca-cu-tine","status":"publish","type":"post","link":"https:\/\/analyse.optim.biz\/?p=206324","title":{"rendered":"Victor Ponta c\u0103tre Liviu Dragnea, dup\u0103 experien\u0163a din Beiu: Eu nu m\u0103 mai urc \u00een barc\u0103 cu tine!"},"content":{"rendered":"<div class=\"entry data-app-meta data-app-meta-article\" data-embed-base-url-canonical=\"https:\/\/www.digi24.ro\/embed\/stiri\/actualitate\/politica\/victor-ponta-catre-liviu-dragnea-dupa-experienta-din-beiu-eu-nu-ma-mai-urc-in-barca-cu-tine-236274\">\n<p data-index=\"1\"><img decoding=\"async\" src=\"https:\/\/analyse.optim.biz\/wp-content\/uploads\/2024\/09\/ptgwmczoyxnopwiwzguzztq1mzvkmdjimjhkodmymtdiogq1odi0mtfh-thumb_.jpg\" data-skip-htmlfix=\"1\" title=\"ptgwmczoyxnopwiwzguzztq1mzvkmdjimjhkodmymtdiogq1odi0mtfh-thumb_\"><\/p>\n<p data-index=\"2\"><strong>Foto: Facebook<\/strong><\/p>\n<p data-index=\"3\">\u201eEu nu m\u0103 mai urc \u00een barc\u0103 cu tine. Dac\u0103 vrei, regulariz\u0103m Prutul, dar at\u00e2t!\u201d, a spus Victor Ponta.<\/p>\n<p data-index=\"4\">Liviu Dragnea i-a replicat: \u201eCu mine \u00een barc\u0103 este bine, cu altcineva nu e bine\u201d.<\/p>\n<p data-index=\"5\">Jurnali\u015ftii care au surprins discu\u0163ia i-au \u00eentrebat dac\u0103 acel \u201ealtcineva\u201d cu care nu este bine \u00een barc\u0103 este ministrul Doina Pan\u0103, dar Victor Ponta a r\u00e2s \u015fi a spus: \u201eNu fi\u0163i r\u0103i, c\u0103 trebuie s\u0103 \u00eei explic lui Iurie cum e cu&#8230;\u201d.<\/p>\n<p data-index=\"6\">Apoi, Victor Ponta s-a \u00eentors c\u0103tre premierul moldovean, Iurie Leanc\u0103, \u015fi i-a spus: \u201e\u00cen Rom\u00e2nia, nu e bine s\u0103 te urci \u00een b\u0103rci sau \u00een vapoare, dar vapoare nu mai avem, iar b\u0103rcile le ia presa \u015fi te critic\u0103\u201d.<\/p>\n<p data-index=\"7\">\u00cen urm\u0103 cu o s\u0103pt\u0103m\u00e2n\u0103, premierul Victor Ponta, vicepremierul Liviu Dragnea \u015fi ministrul delegat pentru Ape, Doina Pan\u0103, au mers \u00een localitatea Beiu, jude\u0163ul Teleorman, unde au vizitat mai multe zone inundate \u015fi au discutat cu oamenii, potrivit Mediafax.<\/p>\n<p data-index=\"8\">Premierul a fost criticat atunci pentru faptul c\u0103<a href=\"https:\/\/www.digi24.ro\/Stiri\/Digi24\/Actualitate\/Stiri\/VIDEO+Plimbarea+lui+Victor+Ponta+si+Liviu+Dragnea+cu+barca+in+ap\" target=\"_blank\" data-skip-linkfix=\"1\" rel=\"noopener\"> a acceptat s\u0103 mearg\u0103 cu o barc\u0103 penumatic\u0103 tras\u0103, prin apa de mic\u0103 ad\u00e2ncime, de \u015fase lucr\u0103tori ISU<\/a>, iar presa a relatat c\u0103 premierul i s-ar fi adresat ministrului Pan\u0103, \u00een barc\u0103, cu formula \u201ef\u0103, Doina\u201d.<a href=\"https:\/\/www.digi24.ro\/Stiri\/Digi24\/Actualitate\/Politica\/Victor+Ponta+Nu+folosesc+termenul+de+fa+Nici+nu+bausem+whisky+ni\" target=\"_blank\" data-skip-linkfix=\"1\" rel=\"noopener\"> Victor Ponta a negat<\/a> \u00eens\u0103 c\u0103 a folosit acest termen, iar Doina Pan\u0103 a spus c\u0103 <a href=\"https:\/\/www.digi24.ro\/Stiri\/Digi24\/Actualitate\/Stiri\/Ministrul+Doina+Pana+Apelativul+fa+nu+exista+in+vocabularul+prem\" target=\"_blank\" data-skip-linkfix=\"1\" rel=\"noopener\">acest cuv\u00e2nt \u201enu exist\u0103\u201d \u00een vocabularul premierului<\/a>.<\/p>\n<\/div>\n<p> Source URL: https:\/\/www.digi24.ro\/stiri\/actualitate\/politica\/victor-ponta-catre-liviu-dragnea-dupa-experienta-din-beiu-eu-nu-ma-mai-urc-in-barca-cu-tine-236274<\/p>\n","protected":false},"excerpt":{"rendered":"<p>Foto: Facebook \u201eEu nu m\u0103 mai urc \u00een barc\u0103 cu tine. Dac\u0103 vrei, regulariz\u0103m Prutul, dar at\u00e2t!\u201d, a spus Victor Ponta. Liviu Dragnea i-a replicat: \u201eCu mine \u00een barc\u0103 este bine, cu altcineva nu e bine\u201d. Jurnali\u015ftii care au surprins discu\u0163ia i-au \u00eentrebat dac\u0103 acel \u201ealtcineva\u201d cu care nu este bine \u00een barc\u0103 este ministrul [&hellip;]<\/p>\n","protected":false},"author":1,"featured_media":206325,"comment_status":"open","ping_status":"","sticky":false,"template":"","format":"standard","meta":{"footnotes":""},"categories":[2],"tags":[11],"class_list":["post-206324","post","type-post","status-publish","format-standard","has-post-thumbnail","hentry","category-politics","tag-digi24"],"_links":{"self":[{"href":"https:\/\/analyse.optim.biz\/index.php?rest_route=\/wp\/v2\/posts\/206324","targetHints":{"allow":["GET"]}}],"collection":[{"href":"https:\/\/analyse.optim.biz\/index.php?rest_route=\/wp\/v2\/posts"}],"about":[{"href":"https:\/\/analyse.optim.biz\/index.php?rest_route=\/wp\/v2\/types\/post"}],"author":[{"embeddable":true,"href":"https:\/\/analyse.optim.biz\/index.php?rest_route=\/wp\/v2\/users\/1"}],"replies":[{"embeddable":true,"href":"https:\/\/analyse.optim.biz\/index.php?rest_route=%2Fwp%2Fv2%2Fcomments&post=206324"}],"version-history":[{"count":0,"href":"https:\/\/analyse.optim.biz\/index.php?rest_route=\/wp\/v2\/posts\/206324\/revisions"}],"wp:featuredmedia":[{"embeddable":true,"href":"https:\/\/analyse.optim.biz\/index.php?rest_route=\/wp\/v2\/media\/206325"}],"wp:attachment":[{"href":"https:\/\/analyse.optim.biz\/index.php?rest_route=%2Fwp%2Fv2%2Fmedia&parent=206324"}],"wp:term":[{"taxonomy":"category","embeddable":true,"href":"https:\/\/analyse.optim.biz\/index.php?rest_route=%2Fwp%2Fv2%2Fcategories&post=206324"},{"taxonomy":"post_tag","embeddable":true,"href":"https:\/\/analyse.optim.biz\/index.php?rest_route=%2Fwp%2Fv2%2Ftags&post=206324"}],"curies":[{"name":"wp","href":"https:\/\/api.w.org\/{rel}","templated":true}]}}