{"id":2063114,"date":"2026-07-26T16:15:53","date_gmt":"2026-07-26T13:15:53","guid":{"rendered":"https:\/\/analyse.optim.biz\/?p=2063114"},"modified":"2026-07-26T16:15:53","modified_gmt":"2026-07-26T13:15:53","slug":"la-cornu-luncii-se-va-construi-un-pod-nou-in-locul-celui-ridicat-in-urma-cu-un-secol-stiri-suceava","status":"publish","type":"post","link":"https:\/\/analyse.optim.biz\/?p=2063114","title":{"rendered":"La Cornu Luncii se va construi un pod nou \u00een locul celui ridicat \u00een urm\u0103 cu un secol &#8211; Stiri Suceava"},"content":{"rendered":"<p>[analyse_image type=&#8221;featured&#8221; src=&#8221;https:\/\/www.informatiata.ro\/wp-content\/uploads\/2026\/07\/pod-cl-1024&#215;576.jpg&#8221;]<\/p>\n<div class=\"td-post-content tagdiv-type\">\n<div class=\"td-post-featured-image\"><a href=\"https:\/\/www.informatiata.ro\/wp-content\/uploads\/2026\/07\/pod-cl-scaled.jpg\" data-caption><img loading=\"lazy\" decoding=\"async\" width=\"696\" height=\"392\" class=\"entry-thumb td-modal-image\" src=\"https:\/\/www.informatiata.ro\/wp-content\/uploads\/2026\/07\/pod-cl-696x392.jpg\" alt title=\"pod cl\"><img loading=\"lazy\" decoding=\"async\" width=\"696\" height=\"392\" class=\"entry-thumb td-modal-image\" src=\"https:\/\/www.informatiata.ro\/wp-content\/uploads\/2026\/07\/pod-cl-696x392.jpg\" alt title=\"pod cl\"><\/a><\/div>\n<p>La Cornu Luncii se va construi un pod nou \u00een locul celui ridicat \u00een urm\u0103 cu un secol \u0219i care acum este \u00een stare avansat\u0103 de degradare.<\/p>\n<p>Podul de pe DJ 209A, peste r\u00e2ul Moldova, a fost ridicat \u00een anul 1910. Acesta va fi demolat iar \u00een locul lui va fi construit un pod lung de 255 de metri.<\/p>\n<div class=\"td-a-rec td-a-rec-id-content_inlineright  tdi_7 td_block_template_1\"><img loading=\"lazy\" decoding=\"async\" class=\"aligncenter size-full wp-image-65686\" src=\"https:\/\/www.informatiata.ro\/wp-content\/uploads\/2026\/07\/SAVCOM-20.gif\" alt width=\"299\" height=\"250\"><img loading=\"lazy\" decoding=\"async\" class=\"aligncenter size-full wp-image-65686\" src=\"https:\/\/www.informatiata.ro\/wp-content\/uploads\/2026\/07\/SAVCOM-20.gif\" alt width=\"299\" height=\"250\"><img loading=\"lazy\" decoding=\"async\" class=\"aligncenter size-full wp-image-65687\" src=\"https:\/\/www.informatiata.ro\/wp-content\/uploads\/2026\/07\/FACOS-17.gif\" alt width=\"300\" height=\"250\"><img loading=\"lazy\" decoding=\"async\" class=\"aligncenter size-full wp-image-65687\" src=\"https:\/\/www.informatiata.ro\/wp-content\/uploads\/2026\/07\/FACOS-17.gif\" alt width=\"300\" height=\"250\"><\/div>\n<p>Pre\u0219edintele Consiliului Jude\u021bean Suceava, Gheorghe \u0218oldan, a semnat contractul de execu\u021bie pentru modernizarea a lotului 1 dintr-un proiect ce vizeaz\u0103 drumuri jude\u021bene pe o lungime de 52,7 kilometri. Lotul 1 are 33,747 de kilometri, iar Lotul 2 19 kilometri.<\/p>\n<p>Lotul 1 vizeaz\u0103 DJ 177C Valea Moldovei \u2013 DJ 209A \u0219i DJ 209A F\u0103lticeni \u2013 Horodniceni \u2013 Cornu Luncii \u2013 M\u0103lini \u2013 Slatina. Termenul de execu\u021bie este de 24 de luni de la emiterea ordinului de \u00eencepere.<\/p>\n<p>Lucr\u0103rile includ \u0219i modernizarea, reabilitarea sau construirea a nu mai pu\u021bin de 12 poduri, printre care \u0219i podul de la Cornu Luncii.<\/p>\n<p>Va fi amenajart\u0103, printre altele, \u0219i\u00a0 intersec\u021bia dintre DJ 209A \u0219i DN 2E, \u00een intravilanul comunei Cornu Luncii.<\/p>\n<div class=\"td-a-rec td-a-rec-id-content_bottom  td-rec-hide-on-m tdi_8 td_block_template_1\"><img loading=\"lazy\" decoding=\"async\" class=\"aligncenter size-full wp-image-65603\" src=\"https:\/\/www.informatiata.ro\/wp-content\/uploads\/2026\/07\/SAVCOM-19.gif\" alt width=\"299\" height=\"250\"><img loading=\"lazy\" decoding=\"async\" class=\"aligncenter size-full wp-image-65603\" src=\"https:\/\/www.informatiata.ro\/wp-content\/uploads\/2026\/07\/SAVCOM-19.gif\" alt width=\"299\" height=\"250\"><img loading=\"lazy\" decoding=\"async\" class=\"aligncenter size-full wp-image-65604\" src=\"https:\/\/www.informatiata.ro\/wp-content\/uploads\/2026\/07\/FACOS-16.gif\" alt width=\"300\" height=\"250\"><img loading=\"lazy\" decoding=\"async\" class=\"aligncenter size-full wp-image-65604\" src=\"https:\/\/www.informatiata.ro\/wp-content\/uploads\/2026\/07\/FACOS-16.gif\" alt width=\"300\" height=\"250\"><\/div>\n<\/div>\n<p>[analyse_source url=&#8221;https:\/\/www.informatiata.ro\/pod-nou-la-cornu-luncii\/&#8221;]<\/p>\n","protected":false},"excerpt":{"rendered":"<p>[analyse_image type=&#8221;featured&#8221; src=&#8221;https:\/\/www.informatiata.ro\/wp-content\/uploads\/2026\/07\/pod-cl-1024&#215;576.jpg&#8221;] La Cornu Luncii se va construi un pod nou \u00een locul celui ridicat \u00een urm\u0103 cu un secol \u0219i care acum este \u00een stare avansat\u0103 de degradare. Podul de pe DJ 209A, peste r\u00e2ul Moldova, a fost ridicat \u00een anul 1910. Acesta va fi demolat iar \u00een locul lui va fi construit [&hellip;]<\/p>\n","protected":false},"author":1,"featured_media":0,"comment_status":"open","ping_status":"","sticky":false,"template":"","format":"standard","meta":{"footnotes":""},"categories":[89],"tags":[226,167],"class_list":["post-2063114","post","type-post","status-publish","format-standard","hentry","category-romania","tag-crawlmanager","tag-informatiata-ro"],"_links":{"self":[{"href":"https:\/\/analyse.optim.biz\/index.php?rest_route=\/wp\/v2\/posts\/2063114","targetHints":{"allow":["GET"]}}],"collection":[{"href":"https:\/\/analyse.optim.biz\/index.php?rest_route=\/wp\/v2\/posts"}],"about":[{"href":"https:\/\/analyse.optim.biz\/index.php?rest_route=\/wp\/v2\/types\/post"}],"author":[{"embeddable":true,"href":"https:\/\/analyse.optim.biz\/index.php?rest_route=\/wp\/v2\/users\/1"}],"replies":[{"embeddable":true,"href":"https:\/\/analyse.optim.biz\/index.php?rest_route=%2Fwp%2Fv2%2Fcomments&post=2063114"}],"version-history":[{"count":0,"href":"https:\/\/analyse.optim.biz\/index.php?rest_route=\/wp\/v2\/posts\/2063114\/revisions"}],"wp:attachment":[{"href":"https:\/\/analyse.optim.biz\/index.php?rest_route=%2Fwp%2Fv2%2Fmedia&parent=2063114"}],"wp:term":[{"taxonomy":"category","embeddable":true,"href":"https:\/\/analyse.optim.biz\/index.php?rest_route=%2Fwp%2Fv2%2Fcategories&post=2063114"},{"taxonomy":"post_tag","embeddable":true,"href":"https:\/\/analyse.optim.biz\/index.php?rest_route=%2Fwp%2Fv2%2Ftags&post=2063114"}],"curies":[{"name":"wp","href":"https:\/\/api.w.org\/{rel}","templated":true}]}}