{"id":2063106,"date":"2026-07-26T08:50:04","date_gmt":"2026-07-26T05:50:04","guid":{"rendered":"https:\/\/analyse.optim.biz\/?p=2063106"},"modified":"2026-07-26T08:50:04","modified_gmt":"2026-07-26T05:50:04","slug":"oana-gheorghiu-kamikaze-pentru-padurea-crang","status":"publish","type":"post","link":"https:\/\/analyse.optim.biz\/?p=2063106","title":{"rendered":"Oana Gheorghiu, kamikaze pentru p\u0103durea Cr\u00e2ng?"},"content":{"rendered":"<p>[analyse_image type=&#8221;featured&#8221; src=&#8221;https:\/\/revistaverde.ro\/wp-content\/uploads\/2026\/07\/oana-gheorghiu-23.jpg&#8221;]<\/p>\n<article id=\"post-15715\" class=\"post-15715 post type-post status-publish format-standard has-post-thumbnail hentry category-eco-tiri category-evnimente category-international\">\n<header class=\"entry-header mh-clearfix\">\n<h1 class=\"entry-title\">Oana Gheorghiu, kamikaze pentru p\u0103durea Cr\u00e2ng?<\/h1>\n<p class=\"mh-meta entry-meta\"><span class=\"entry-meta-date updated\"><a href=\"https:\/\/revistaverde.ro\/2026\/07\/\">iulie 26, 2026<\/a><\/span><span class=\"entry-meta-author author vcard\"><a class=\"fn\" href=\"https:\/\/revistaverde.ro\/author\/revistaverdefrumoasa2017\/\">M\u0103rg\u0103rit GROSU<\/a><\/span><span class=\"entry-meta-categories\"><a href=\"https:\/\/revistaverde.ro\/category\/local\/eco-tiri\/\" rel=\"category tag\">Eco \u015etiri<\/a>, <a href=\"https:\/\/revistaverde.ro\/category\/local\/evnimente\/\" rel=\"category tag\">Evenimente<\/a>, <a href=\"https:\/\/revistaverde.ro\/category\/international\/\" rel=\"category tag\">international<\/a><\/span><span class=\"entry-meta-comments\"><a class=\"mh-comment-scroll\" href=\"https:\/\/revistaverde.ro\/2026\/07\/26\/oana-gheorghiu-kamikaze-pentru-padurea-crang\/#mh-comments\">0<\/a><\/span><\/p>\n<\/header>\n<div class=\"entry-content mh-clearfix\">\n<figure class=\"entry-thumbnail\"><img decoding=\"async\" src=\"https:\/\/revistaverde.ro\/wp-content\/uploads\/2026\/07\/oana-gheorghiu-23.jpg\" alt title=\"oana-gheorghiu 23\"><\/figure>\n<p>Un proiect de mediu pentru tineri, propus de viceprimarul Oana Gheorghiu \u00een CLM Buz\u0103u, ridic\u0103 mari semne de \u00eentrebare. \u0218i asta, \u00een condi\u021biile \u00een care ini\u021biatoarea nu are nicio leg\u0103tur\u0103 cu acest domeniu. Mai mult, ini\u021biativa este o clon\u0103 a unui proiect anulat de instan\u021be, \u0219i care a generat o puternic\u0103 reac\u021bie public\u0103 de respingere din partea buzoienilor \u0219i a societ\u0103\u021bii civile. De ce face Oana Gheorghiu a\u0219a ceva? Din dragoste pentru mediul \u00eenconjur\u0103tor? Din dragoste pentru copii? Din spirit civic? La comand\u0103 politic\u0103? Sau pentru bani?<\/p>\n<p>Revenim cu un material incendiar \u00een care vom ar\u0103ta care sunt interesele ascunse din spatele acestui proiect. Cum rechinii imobiliari au arvunit de mult\u0103 vreme p\u0103durea Cr\u00e2ng, \u0219i cum vor s\u0103 construiasc\u0103 un cartier reziden\u021bial \u00een Codrii Vl\u0103siei. Vom ar\u0103ta cine sunt de fapt, politicienii sau mai bine zis, politicianul care s-a obligat pentru acest final, \u0219i care este acuzat zi de zi, c\u0103 nu \u0219i-a dus la \u00eendeplinire promisiunea, chiar dac\u0103 a avut cea mai mare func\u021bie public\u0103 \u00een stat.<\/p>\n<p>Devine interesant!<\/p>\n<p>REVENIM!<\/p>\n<div class=\"col-md-2 col-sm-4 col-xs-4\"> .col-md-2 { float:left; width: 16.6667%; } <\/div>\n<div class=\"col-md-2 col-sm-4 col-xs-4\"> .col-md-2 { float:left; width: 16.6667%; } <\/p>\n<div class=\"fb-share-button\" data-href=\"https:\/\/revistaverde.ro\/2026\/07\/26\/oana-gheorghiu-kamikaze-pentru-padurea-crang\/\" data-layout=\"button\" data-size=\"large\" data-mobile-iframe=\"true\"><a class=\"fb-xfbml-parse-ignore\" target=\"_blank\" href=\"https:\/\/www.facebook.com\/sharer\/sharer.php?u=https%3A%2F%2Frevistaverde.ro%2F2026%2F07%2F26%2Foana-gheorghiu-kamikaze-pentru-padurea-crang%2F&amp;src=sdkpreparse\">Share<\/a><\/div>\n<\/div>\n<div class=\"col-md-2 col-sm-4 col-xs-4\"> .col-md-2 { float:left; width: 16.6667%; } <\/div>\n<\/div>\n<\/article>\n<div class=\"entry-content mh-clearfix\">\n<figure class=\"entry-thumbnail\"><img decoding=\"async\" src=\"https:\/\/revistaverde.ro\/wp-content\/uploads\/2026\/07\/oana-gheorghiu-23.jpg\" alt title=\"oana-gheorghiu 23\"><\/figure>\n<p>Un proiect de mediu pentru tineri, propus de viceprimarul Oana Gheorghiu \u00een CLM Buz\u0103u, ridic\u0103 mari semne de \u00eentrebare. \u0218i asta, \u00een condi\u021biile \u00een care ini\u021biatoarea nu are nicio leg\u0103tur\u0103 cu acest domeniu. Mai mult, ini\u021biativa este o clon\u0103 a unui proiect anulat de instan\u021be, \u0219i care a generat o puternic\u0103 reac\u021bie public\u0103 de respingere din partea buzoienilor \u0219i a societ\u0103\u021bii civile. De ce face Oana Gheorghiu a\u0219a ceva? Din dragoste pentru mediul \u00eenconjur\u0103tor? Din dragoste pentru copii? Din spirit civic? La comand\u0103 politic\u0103? Sau pentru bani?<\/p>\n<p>Revenim cu un material incendiar \u00een care vom ar\u0103ta care sunt interesele ascunse din spatele acestui proiect. Cum rechinii imobiliari au arvunit de mult\u0103 vreme p\u0103durea Cr\u00e2ng, \u0219i cum vor s\u0103 construiasc\u0103 un cartier reziden\u021bial \u00een Codrii Vl\u0103siei. Vom ar\u0103ta cine sunt de fapt, politicienii sau mai bine zis, politicianul care s-a obligat pentru acest final, \u0219i care este acuzat zi de zi, c\u0103 nu \u0219i-a dus la \u00eendeplinire promisiunea, chiar dac\u0103 a avut cea mai mare func\u021bie public\u0103 \u00een stat.<\/p>\n<p>Devine interesant!<\/p>\n<p>REVENIM!<\/p>\n<div class=\"col-md-2 col-sm-4 col-xs-4\"> .col-md-2 { float:left; width: 16.6667%; } <\/div>\n<div class=\"col-md-2 col-sm-4 col-xs-4\"> .col-md-2 { float:left; width: 16.6667%; } <\/p>\n<div class=\"fb-share-button\" data-href=\"https:\/\/revistaverde.ro\/2026\/07\/26\/oana-gheorghiu-kamikaze-pentru-padurea-crang\/\" data-layout=\"button\" data-size=\"large\" data-mobile-iframe=\"true\"><a class=\"fb-xfbml-parse-ignore\" target=\"_blank\" href=\"https:\/\/www.facebook.com\/sharer\/sharer.php?u=https%3A%2F%2Frevistaverde.ro%2F2026%2F07%2F26%2Foana-gheorghiu-kamikaze-pentru-padurea-crang%2F&amp;src=sdkpreparse\">Share<\/a><\/div>\n<\/div>\n<div class=\"col-md-2 col-sm-4 col-xs-4\"> .col-md-2 { float:left; width: 16.6667%; } <\/div>\n<\/div>\n<p>[analyse_source url=&#8221;https:\/\/revistaverde.ro\/2026\/07\/26\/oana-gheorghiu-kamikaze-pentru-padurea-crang\/&#8221;]<\/p>\n","protected":false},"excerpt":{"rendered":"<p>[analyse_image type=&#8221;featured&#8221; src=&#8221;https:\/\/revistaverde.ro\/wp-content\/uploads\/2026\/07\/oana-gheorghiu-23.jpg&#8221;] Oana Gheorghiu, kamikaze pentru p\u0103durea Cr\u00e2ng? iulie 26, 2026M\u0103rg\u0103rit GROSUEco \u015etiri, Evenimente, international0 Un proiect de mediu pentru tineri, propus de viceprimarul Oana Gheorghiu \u00een CLM Buz\u0103u, ridic\u0103 mari semne de \u00eentrebare. \u0218i asta, \u00een condi\u021biile \u00een care ini\u021biatoarea nu are nicio leg\u0103tur\u0103 cu acest domeniu. Mai mult, ini\u021biativa este o clon\u0103 [&hellip;]<\/p>\n","protected":false},"author":1,"featured_media":0,"comment_status":"open","ping_status":"","sticky":false,"template":"","format":"standard","meta":{"footnotes":""},"categories":[2],"tags":[226,57],"class_list":["post-2063106","post","type-post","status-publish","format-standard","hentry","category-politics","tag-crawlmanager","tag-revistaverde-ro"],"_links":{"self":[{"href":"https:\/\/analyse.optim.biz\/index.php?rest_route=\/wp\/v2\/posts\/2063106","targetHints":{"allow":["GET"]}}],"collection":[{"href":"https:\/\/analyse.optim.biz\/index.php?rest_route=\/wp\/v2\/posts"}],"about":[{"href":"https:\/\/analyse.optim.biz\/index.php?rest_route=\/wp\/v2\/types\/post"}],"author":[{"embeddable":true,"href":"https:\/\/analyse.optim.biz\/index.php?rest_route=\/wp\/v2\/users\/1"}],"replies":[{"embeddable":true,"href":"https:\/\/analyse.optim.biz\/index.php?rest_route=%2Fwp%2Fv2%2Fcomments&post=2063106"}],"version-history":[{"count":0,"href":"https:\/\/analyse.optim.biz\/index.php?rest_route=\/wp\/v2\/posts\/2063106\/revisions"}],"wp:attachment":[{"href":"https:\/\/analyse.optim.biz\/index.php?rest_route=%2Fwp%2Fv2%2Fmedia&parent=2063106"}],"wp:term":[{"taxonomy":"category","embeddable":true,"href":"https:\/\/analyse.optim.biz\/index.php?rest_route=%2Fwp%2Fv2%2Fcategories&post=2063106"},{"taxonomy":"post_tag","embeddable":true,"href":"https:\/\/analyse.optim.biz\/index.php?rest_route=%2Fwp%2Fv2%2Ftags&post=2063106"}],"curies":[{"name":"wp","href":"https:\/\/api.w.org\/{rel}","templated":true}]}}