{"id":2063104,"date":"2026-07-26T13:10:32","date_gmt":"2026-07-26T10:10:32","guid":{"rendered":"https:\/\/analyse.optim.biz\/?p=2063104"},"modified":"2026-07-26T13:10:32","modified_gmt":"2026-07-26T10:10:32","slug":"haritina-craita-alaturi-de-buzoieni-si-de-revista-verde","status":"publish","type":"post","link":"https:\/\/analyse.optim.biz\/?p=2063104","title":{"rendered":"Haritina Cr\u0103i\u021b\u0103, al\u0103turi de buzoieni \u0219i de \u201dREVISTA VERDE\u201d"},"content":{"rendered":"<p>[analyse_image type=&#8221;featured&#8221; src=&#8221;https:\/\/revistaverde.ro\/wp-content\/uploads\/2026\/07\/HARITINA-33.jpg&#8221;]<\/p>\n<article id=\"post-15718\" class=\"post-15718 post type-post status-publish format-standard has-post-thumbnail hentry category-eco-tiri category-evnimente category-international\">\n<header class=\"entry-header mh-clearfix\">\n<h1 class=\"entry-title\">Haritina Cr\u0103i\u021b\u0103, al\u0103turi de buzoieni \u0219i de \u201dREVISTA VERDE\u201d<\/h1>\n<p class=\"mh-meta entry-meta\"><span class=\"entry-meta-date updated\"><a href=\"https:\/\/revistaverde.ro\/2026\/07\/\">iulie 26, 2026<\/a><\/span><span class=\"entry-meta-author author vcard\"><a class=\"fn\" href=\"https:\/\/revistaverde.ro\/author\/revistaverdefrumoasa2017\/\">M\u0103rg\u0103rit GROSU<\/a><\/span><span class=\"entry-meta-categories\"><a href=\"https:\/\/revistaverde.ro\/category\/local\/eco-tiri\/\" rel=\"category tag\">Eco \u015etiri<\/a>, <a href=\"https:\/\/revistaverde.ro\/category\/local\/evnimente\/\" rel=\"category tag\">Evenimente<\/a>, <a href=\"https:\/\/revistaverde.ro\/category\/international\/\" rel=\"category tag\">international<\/a><\/span><span class=\"entry-meta-comments\"><a class=\"mh-comment-scroll\" href=\"https:\/\/revistaverde.ro\/2026\/07\/26\/haritina-craita-alaturi-de-buzoieni-si-de-revista-verde\/#mh-comments\">0<\/a><\/span><\/p>\n<\/header>\n<div class=\"entry-content mh-clearfix\">\n<figure class=\"entry-thumbnail\"><img decoding=\"async\" src=\"https:\/\/revistaverde.ro\/wp-content\/uploads\/2026\/07\/HARITINA-33.jpg\" alt title=\"HARITINA 33\"><\/figure>\n<h2 class=\"wp-block-heading\">\u00cen fiecare s\u0103pt\u0103m\u00e2n\u0103!<\/h2>\n<h2 class=\"wp-block-heading\"><a href=\"http:\/\/revistaverde.ro\/2026\/07\/26\/editorial-opinie-de-expert\/\">EDITORIAL \/ OPINIE DE EXPERT<\/a><\/h2>\n<p><strong>Cr\u0103i\u021b\u0103 Haritina<br \/>Specialist\/Expert Tehnic Judiciar \u2013 Inginerie Sanitar\u0103 \u0219i Protec\u021bia Mediului<\/strong><\/p>\n<p>Redac\u021bia \u201dREVISTA VERDE\u201d prime\u0219te un sprijin substan\u021bial prin implicarea expertului tehnic judiciar, Haritina Cr\u0103i\u021b\u0103, \u00een activitatea editorial\u0103 a publica\u021biei. \u00cen fiecare s\u0103pt\u0103m\u00e2n\u0103 expertul tehnic judiciar, Haritina Cr\u0103i\u021b\u0103, va publica un editorial \u00een care va aduce la cuno\u0219tin\u021ba buzoienilor, dar \u0219i a autorit\u0103\u021bilor, problemele de mediu care afecteaz\u0103 mediul \u00eenconjur\u0103tor \u0219i s\u0103n\u0103tatea popula\u021biei, norme legislative na\u021bionale \u0219i europene obligatorii pentru popula\u021bie \u0219i autorit\u0103\u021bi, dar \u0219i o pozi\u021bie ferm\u0103 \u0219i autorizat\u0103 asupra unor ac\u021biuni administrative sau legislative, menite s\u0103 afecteze mediul \u00eenconjur\u0103tor \u0219i s\u0103n\u0103tatea popula\u021biei. Notorietatea expertului tehnic judiciar, Haritina Cr\u0103i\u021b\u0103, cuprinde at\u00e2t aria na\u021bional\u0103, dar \u0219i interna\u021bional\u0103 \u00een acest domeniu. Pe plan local, expertul tehnic judiciar a demonstrat autorit\u0103\u021bilor locale, c\u0103 legea privind protec\u021bia mediului este strict\u0103, nu se negociaz\u0103 \u0219i trebuie respectat\u0103. A sim\u021bit acest adev\u0103r, actualul primar, Constantin Toma, dar \u0219i consilierii locali, care \u0219i-au pierdut onoarea \u0219i sume importante de bani \u00een lupta prin instan\u021be cu un om al legii. \u00a0<\/p>\n<p>Redac\u021bia \u201dREVISTA VERDE\u201d \u00eei ureaz\u0103 doamnei Haritina Cr\u0103i\u021b\u0103 un c\u0103lduros:\u00a0<strong><em>Bun venit!<\/em><\/strong><\/p>\n<div class=\"col-md-2 col-sm-4 col-xs-4\"> .col-md-2 { float:left; width: 16.6667%; } <\/div>\n<div class=\"col-md-2 col-sm-4 col-xs-4\"> .col-md-2 { float:left; width: 16.6667%; } <\/p>\n<div class=\"fb-share-button\" data-href=\"https:\/\/revistaverde.ro\/2026\/07\/26\/haritina-craita-alaturi-de-buzoieni-si-de-revista-verde\/\" data-layout=\"button\" data-size=\"large\" data-mobile-iframe=\"true\"><a class=\"fb-xfbml-parse-ignore\" target=\"_blank\" href=\"https:\/\/www.facebook.com\/sharer\/sharer.php?u=https%3A%2F%2Frevistaverde.ro%2F2026%2F07%2F26%2Fharitina-craita-alaturi-de-buzoieni-si-de-revista-verde%2F&amp;src=sdkpreparse\">Share<\/a><\/div>\n<\/div>\n<div class=\"col-md-2 col-sm-4 col-xs-4\"> .col-md-2 { float:left; width: 16.6667%; } <\/div>\n<\/div>\n<\/article>\n<div class=\"entry-content mh-clearfix\">\n<figure class=\"entry-thumbnail\"><img decoding=\"async\" src=\"https:\/\/revistaverde.ro\/wp-content\/uploads\/2026\/07\/HARITINA-33.jpg\" alt title=\"HARITINA 33\"><\/figure>\n<h2 class=\"wp-block-heading\">\u00cen fiecare s\u0103pt\u0103m\u00e2n\u0103!<\/h2>\n<h2 class=\"wp-block-heading\"><a href=\"http:\/\/revistaverde.ro\/2026\/07\/26\/editorial-opinie-de-expert\/\">EDITORIAL \/ OPINIE DE EXPERT<\/a><\/h2>\n<p><strong>Cr\u0103i\u021b\u0103 Haritina<br \/>Specialist\/Expert Tehnic Judiciar \u2013 Inginerie Sanitar\u0103 \u0219i Protec\u021bia Mediului<\/strong><\/p>\n<p>Redac\u021bia \u201dREVISTA VERDE\u201d prime\u0219te un sprijin substan\u021bial prin implicarea expertului tehnic judiciar, Haritina Cr\u0103i\u021b\u0103, \u00een activitatea editorial\u0103 a publica\u021biei. \u00cen fiecare s\u0103pt\u0103m\u00e2n\u0103 expertul tehnic judiciar, Haritina Cr\u0103i\u021b\u0103, va publica un editorial \u00een care va aduce la cuno\u0219tin\u021ba buzoienilor, dar \u0219i a autorit\u0103\u021bilor, problemele de mediu care afecteaz\u0103 mediul \u00eenconjur\u0103tor \u0219i s\u0103n\u0103tatea popula\u021biei, norme legislative na\u021bionale \u0219i europene obligatorii pentru popula\u021bie \u0219i autorit\u0103\u021bi, dar \u0219i o pozi\u021bie ferm\u0103 \u0219i autorizat\u0103 asupra unor ac\u021biuni administrative sau legislative, menite s\u0103 afecteze mediul \u00eenconjur\u0103tor \u0219i s\u0103n\u0103tatea popula\u021biei. Notorietatea expertului tehnic judiciar, Haritina Cr\u0103i\u021b\u0103, cuprinde at\u00e2t aria na\u021bional\u0103, dar \u0219i interna\u021bional\u0103 \u00een acest domeniu. Pe plan local, expertul tehnic judiciar a demonstrat autorit\u0103\u021bilor locale, c\u0103 legea privind protec\u021bia mediului este strict\u0103, nu se negociaz\u0103 \u0219i trebuie respectat\u0103. A sim\u021bit acest adev\u0103r, actualul primar, Constantin Toma, dar \u0219i consilierii locali, care \u0219i-au pierdut onoarea \u0219i sume importante de bani \u00een lupta prin instan\u021be cu un om al legii. \u00a0<\/p>\n<p>Redac\u021bia \u201dREVISTA VERDE\u201d \u00eei ureaz\u0103 doamnei Haritina Cr\u0103i\u021b\u0103 un c\u0103lduros:\u00a0<strong><em>Bun venit!<\/em><\/strong><\/p>\n<div class=\"col-md-2 col-sm-4 col-xs-4\"> .col-md-2 { float:left; width: 16.6667%; } <\/div>\n<div class=\"col-md-2 col-sm-4 col-xs-4\"> .col-md-2 { float:left; width: 16.6667%; } <\/p>\n<div class=\"fb-share-button\" data-href=\"https:\/\/revistaverde.ro\/2026\/07\/26\/haritina-craita-alaturi-de-buzoieni-si-de-revista-verde\/\" data-layout=\"button\" data-size=\"large\" data-mobile-iframe=\"true\"><a class=\"fb-xfbml-parse-ignore\" target=\"_blank\" href=\"https:\/\/www.facebook.com\/sharer\/sharer.php?u=https%3A%2F%2Frevistaverde.ro%2F2026%2F07%2F26%2Fharitina-craita-alaturi-de-buzoieni-si-de-revista-verde%2F&amp;src=sdkpreparse\">Share<\/a><\/div>\n<\/div>\n<div class=\"col-md-2 col-sm-4 col-xs-4\"> .col-md-2 { float:left; width: 16.6667%; } <\/div>\n<\/div>\n<p>[analyse_source url=&#8221;https:\/\/revistaverde.ro\/2026\/07\/26\/haritina-craita-alaturi-de-buzoieni-si-de-revista-verde\/&#8221;]<\/p>\n","protected":false},"excerpt":{"rendered":"<p>[analyse_image type=&#8221;featured&#8221; src=&#8221;https:\/\/revistaverde.ro\/wp-content\/uploads\/2026\/07\/HARITINA-33.jpg&#8221;] Haritina Cr\u0103i\u021b\u0103, al\u0103turi de buzoieni \u0219i de \u201dREVISTA VERDE\u201d iulie 26, 2026M\u0103rg\u0103rit GROSUEco \u015etiri, Evenimente, international0 \u00cen fiecare s\u0103pt\u0103m\u00e2n\u0103! EDITORIAL \/ OPINIE DE EXPERT Cr\u0103i\u021b\u0103 HaritinaSpecialist\/Expert Tehnic Judiciar \u2013 Inginerie Sanitar\u0103 \u0219i Protec\u021bia Mediului Redac\u021bia \u201dREVISTA VERDE\u201d prime\u0219te un sprijin substan\u021bial prin implicarea expertului tehnic judiciar, Haritina Cr\u0103i\u021b\u0103, \u00een activitatea editorial\u0103 a [&hellip;]<\/p>\n","protected":false},"author":1,"featured_media":0,"comment_status":"open","ping_status":"","sticky":false,"template":"","format":"standard","meta":{"footnotes":""},"categories":[2],"tags":[226,57],"class_list":["post-2063104","post","type-post","status-publish","format-standard","hentry","category-politics","tag-crawlmanager","tag-revistaverde-ro"],"_links":{"self":[{"href":"https:\/\/analyse.optim.biz\/index.php?rest_route=\/wp\/v2\/posts\/2063104","targetHints":{"allow":["GET"]}}],"collection":[{"href":"https:\/\/analyse.optim.biz\/index.php?rest_route=\/wp\/v2\/posts"}],"about":[{"href":"https:\/\/analyse.optim.biz\/index.php?rest_route=\/wp\/v2\/types\/post"}],"author":[{"embeddable":true,"href":"https:\/\/analyse.optim.biz\/index.php?rest_route=\/wp\/v2\/users\/1"}],"replies":[{"embeddable":true,"href":"https:\/\/analyse.optim.biz\/index.php?rest_route=%2Fwp%2Fv2%2Fcomments&post=2063104"}],"version-history":[{"count":0,"href":"https:\/\/analyse.optim.biz\/index.php?rest_route=\/wp\/v2\/posts\/2063104\/revisions"}],"wp:attachment":[{"href":"https:\/\/analyse.optim.biz\/index.php?rest_route=%2Fwp%2Fv2%2Fmedia&parent=2063104"}],"wp:term":[{"taxonomy":"category","embeddable":true,"href":"https:\/\/analyse.optim.biz\/index.php?rest_route=%2Fwp%2Fv2%2Fcategories&post=2063104"},{"taxonomy":"post_tag","embeddable":true,"href":"https:\/\/analyse.optim.biz\/index.php?rest_route=%2Fwp%2Fv2%2Ftags&post=2063104"}],"curies":[{"name":"wp","href":"https:\/\/api.w.org\/{rel}","templated":true}]}}