{"id":2062953,"date":"2026-07-26T08:14:51","date_gmt":"2026-07-26T05:14:51","guid":{"rendered":"https:\/\/analyse.optim.biz\/?p=2062953"},"modified":"2026-07-26T08:14:51","modified_gmt":"2026-07-26T05:14:51","slug":"un-avion-f-16-a-doborat-inca-o-drona-in-spatiul-aerian-romanesc-este-a-treia-in-48-ore","status":"publish","type":"post","link":"https:\/\/analyse.optim.biz\/?p=2062953","title":{"rendered":"Un avion F-16 a dobor\u00e2t \u00eenc\u0103 o dron\u0103 \u00een spa\u021biul aerian rom\u00e2nesc. Este a treia \u00een 48 ore"},"content":{"rendered":"<p>[analyse_image type=&#8221;featured&#8221; src=&#8221;https:\/\/www.opiniatimisoarei.ro\/wp-content\/uploads\/2026\/07\/drona-avion-F16-728&#215;336.jpghttps:\/\/www.opiniatimisoarei.ro\/wp-content\/uploads\/2026\/07\/drona-avion-F16.jpg&#8221;]<\/p>\n<div class=\"the_content\">\n<p>Un avion F-16 al Armatei a dobor\u00e2t, duminic\u0103, inca o dron\u0103 \u00een spa\u021biul aerian rom\u00e2nesc.<\/p>\n<p>Este al treilea astfel de incident \u00een 48 de ore.<\/p>\n<p>Anun\u021bul a fost f\u0103cut de pre\u0219edintele Nicu\u0219or Dan.<\/p>\n<p>\u201e<strong>O nou\u0103 dron\u0103 a fost dobor\u00e2t\u0103 \u00een aceast\u0103 diminea\u021b\u0103, la ora 10:13, de un avion F-16 al For\u021belor Aeriene Rom\u00e2ne, deasupra apelor teritoriale ale Rom\u00e2niei, \u00een zona Sulina\u2013Chilia.<\/strong><\/p>\n<p><strong>\u00cei felicit pe pilo\u021bii rom\u00e2ni \u0219i pe echipele de la sol pentru profesionalismul, curajul \u0219i eficien\u021ba cu care \u00ee\u0219i \u00eendeplinesc misiunile. Prin ac\u021biunea lor, contribuie la ap\u0103rarea teritoriului na\u021bional \u0219i la sigur<\/strong><\/p>\n<p><strong>Investiga\u021biile privind dronele dobor\u00e2te ieri \u0219i ast\u0103zi sunt \u00een desf\u0103\u0219urare. Protestul diplomatic al Rom\u00e2niei fa\u021b\u01ce de Federa\u021bia Rus\u01ce va fi fundamentat pe aceste cercet\u0103ri.<\/strong><\/p>\n<p><strong>Este inadmisibil \u0219i intolerabil ca Federa\u021bia Rus\u01ce s\u0103 continue \u00eenc\u0103lcarea spa\u021biului aerian al Rom\u00e2niei, care este, \u00een acela\u0219i timp, spa\u021biu aerian al NATO \u0219i al Uniunii Europene. Astfel de ac\u021biuni sunt inacceptabile \u0219i le trat\u01cem cu toat\u0103 seriozitatea, al\u01ceturi de alia\u021bii no\u0219tri<\/strong>\u201e, a scris pre\u0219edintele Nicusor Dan pe X.<\/p>\n<p><a href=\"https:\/\/www.opiniatimisoarei.ro\/wp-content\/uploads\/2026\/07\/drona.jpg\"><img loading=\"lazy\" decoding=\"async\" class=\"aligncenter size-full wp-image-883854\" src=\"https:\/\/www.opiniatimisoarei.ro\/wp-content\/uploads\/2026\/07\/drona.jpg\" alt=\"\" width=\"1080\" height=\"555\"><\/a><\/p>\n<p>Incidentul a fost precedat de o nou\u0103 alert\u0103 ce semnala posibila prezen\u021b\u0103 a unor drone \u00een spa\u021biul aerian rom\u00e2nesc, emis\u0103 duminic\u0103 diminea\u021b\u0103 pentru jude\u021bul Tulcea.<\/p>\n<p>Mesajul RO-Alert a ap\u0103rut pe telefoane \u00een jurul orei 10:14 \u0219i notifica locuitorii cu privire la posibilitatea c\u0103derii de obiecte din spa\u021biul aerian, sf\u0103tuindu-i s\u0103 se ad\u0103posteasc\u0103.<\/p>\n<p><span class=\"x193iq5w xeuugli x13faqbe x1vvkbs x1xmvt09 x1lliihq x1s928wv xhkezso x1gmr53x x1cpjm7i x1fgarty x1943h6x xudqn12 x3x7a5m x6prxxf xvq8zen xo1l8bm xzsf02u x1yc453h\" dir=\"auto\">Drona a fost detectat\u0103 de radarele MApN \u00een afara spa\u021biului aerian rom\u00e2nesc, \u00eenainte de a p\u0103trunde \u00een Rom\u00e2nia. A intrat \u00een \u021bar\u0103 la 10:08 deasupra apelor teritoriale, la verticala 25km SE de Sulina, iar cinci minute mai t\u00e2rziu a fost neutralizata \u00een condi\u021bii de siguran\u021b\u0103, deasupra M\u0103rii Negre, \u00een apele teritoriale ale Rom\u00e2niei.<\/span><\/p>\n<p>Reprezentan\u0163ii Ministerului Ap\u0103r\u0103rii Na\u0163ionale au anun\u0163at c\u0103 \u00een acest an s-au \u00eenregistrat 18 drone care au p\u0103truns \u00een spa\u0163iul aerian na\u0163ional, iar trei dintre acestea au fost dobor\u00e2te. De asemenea, de la \u00eenceputul r\u0103zboiului au fost \u00eenregistrate peste 100 de atacuri pe teritoriul ucrainean \u00een apropiere de frontiera cu Rom\u00e2nia \u015fi 33 de \u00eenc\u0103lc\u0103ri ale spa\u0163iului aerian na\u0163ional de c\u0103tre drone ruse\u015fti.<\/p>\n<p>***<\/p>\n<p><strong><span class=\"dia_suggestion w0\">Mai<\/span><span class=\"dia_suggestion w1\">multe<\/span><span class=\"dia_suggestion w2\">g\u0103si\u021bi<\/span> pe <span class=\"dia_suggestion w4\">pagina noastr<span class=\"dia_suggestion w0\">\u0103<\/span><\/span>\u00a0de <a href=\"https:\/\/www.facebook.com\/OpiniaTM\/?ref=page_internal\" target=\"_blank\" rel=\"noopener\">Facebook opiniatimisoarei.ro<\/a>!<\/strong><\/p>\n<p><strong><span class=\"dia_suggestion w0\">Dac\u0103<\/span><span class=\"dia_suggestion w1\">a\u021bi<\/span> fost martorii unui eveniment <span class=\"dia_suggestion w6\">sau<\/span><span class=\"dia_suggestion w7\">ai<\/span> unei <span class=\"dia_suggestion w9\">situa\u021bii<\/span><span class=\"dia_suggestion w10\">neobi\u0219nuite<\/span><span class=\"dia_suggestion w11\">care<\/span> ar <span class=\"dia_suggestion w13\">putea<\/span> deveni subiect de <span class=\"dia_suggestion w17\">\u0219tire<\/span>, <span class=\"dia_suggestion w18\">contacta\u021bi<\/span>-ne <span class=\"dia_suggestion w20\">la<\/span><span><a href=\"https:\/\/www.opiniatimisoarei.ro\/cdn-cgi\/l\/email-protection\" class=\"__cf_email__\" data-cfemail=\"b1c3d4d5d0d2c5d8d4f1dec1d8dfd8d0c5d8dcd8c2ded0c3d4d89fc3de\">[email\u00a0protected]<\/a>,<\/span>\u00a0 pe <a href=\"https:\/\/www.facebook.com\/OpiniaTM\">FB<\/a><span>sau pe contul nostru de<\/span><a href=\"https:\/\/www.instagram.com\/opiniatimisoarei.ro\/\" target=\"_blank\" rel=\"noopener\">Instagram<\/a>!<\/strong><\/p>\n<p><strong><span>CITE\u0218TE \u0218I<\/span>: <a href=\"https:\/\/www.opiniatimisoarei.ro\/afli-primul-tot-ceea-ce-se-intampla-cu-adevarat-important-in-timisoara-si-in-regiune-cu-aplicatia-de-stiri-opinia-timisoarei-3-tipuri-de-alerte-te-tin-mereu-conectat-la-evenimente-descarca-gratuit-a\/31\/10\/2022\">Afli primul tot ceea ce se intampla cu adevarat important in Timisoara si in regiune cu Aplicatia de stiri Opinia Timisoarei. 3 tipuri de alerte te tin mereu conectat la evenimente. Descarca gratuit Aplicatia OT aici!<\/a><\/strong><\/p>\n<\/div>\n<p>[analyse_source url=&#8221;https:\/\/www.opiniatimisoarei.ro\/un-avion-f-16-a-doborat-inca-o-drona-in-spatiul-aerian-romanesc-este-a-treia-in-48-ore\/26\/07\/2026&#8243;]<\/p>\n","protected":false},"excerpt":{"rendered":"<p>[analyse_image type=&#8221;featured&#8221; src=&#8221;https:\/\/www.opiniatimisoarei.ro\/wp-content\/uploads\/2026\/07\/drona-avion-F16-728&#215;336.jpghttps:\/\/www.opiniatimisoarei.ro\/wp-content\/uploads\/2026\/07\/drona-avion-F16.jpg&#8221;] Un avion F-16 al Armatei a dobor\u00e2t, duminic\u0103, inca o dron\u0103 \u00een spa\u021biul aerian rom\u00e2nesc. Este al treilea astfel de incident \u00een 48 de ore. Anun\u021bul a fost f\u0103cut de pre\u0219edintele Nicu\u0219or Dan. \u201eO nou\u0103 dron\u0103 a fost dobor\u00e2t\u0103 \u00een aceast\u0103 diminea\u021b\u0103, la ora 10:13, de un avion F-16 al For\u021belor Aeriene [&hellip;]<\/p>\n","protected":false},"author":1,"featured_media":0,"comment_status":"open","ping_status":"","sticky":false,"template":"","format":"standard","meta":{"footnotes":""},"categories":[89],"tags":[226,190],"class_list":["post-2062953","post","type-post","status-publish","format-standard","hentry","category-romania","tag-crawlmanager","tag-opiniatimisoarei-ro"],"_links":{"self":[{"href":"https:\/\/analyse.optim.biz\/index.php?rest_route=\/wp\/v2\/posts\/2062953","targetHints":{"allow":["GET"]}}],"collection":[{"href":"https:\/\/analyse.optim.biz\/index.php?rest_route=\/wp\/v2\/posts"}],"about":[{"href":"https:\/\/analyse.optim.biz\/index.php?rest_route=\/wp\/v2\/types\/post"}],"author":[{"embeddable":true,"href":"https:\/\/analyse.optim.biz\/index.php?rest_route=\/wp\/v2\/users\/1"}],"replies":[{"embeddable":true,"href":"https:\/\/analyse.optim.biz\/index.php?rest_route=%2Fwp%2Fv2%2Fcomments&post=2062953"}],"version-history":[{"count":0,"href":"https:\/\/analyse.optim.biz\/index.php?rest_route=\/wp\/v2\/posts\/2062953\/revisions"}],"wp:attachment":[{"href":"https:\/\/analyse.optim.biz\/index.php?rest_route=%2Fwp%2Fv2%2Fmedia&parent=2062953"}],"wp:term":[{"taxonomy":"category","embeddable":true,"href":"https:\/\/analyse.optim.biz\/index.php?rest_route=%2Fwp%2Fv2%2Fcategories&post=2062953"},{"taxonomy":"post_tag","embeddable":true,"href":"https:\/\/analyse.optim.biz\/index.php?rest_route=%2Fwp%2Fv2%2Ftags&post=2062953"}],"curies":[{"name":"wp","href":"https:\/\/api.w.org\/{rel}","templated":true}]}}