{"id":2062765,"date":"2026-07-26T17:22:30","date_gmt":"2026-07-26T14:22:30","guid":{"rendered":"https:\/\/analyse.optim.biz\/?p=2062765"},"modified":"2026-07-26T17:22:30","modified_gmt":"2026-07-26T14:22:30","slug":"gabriel-suleru-si-a-anuntat-candidatura-pentru-functia-de-presedinte-al-asociatiei-judetene-de-fotbal-suceava","status":"publish","type":"post","link":"https:\/\/analyse.optim.biz\/?p=2062765","title":{"rendered":"Gabriel \u0218uleru \u0219i-a anun\u021bat candidatura pentru func\u021bia de pre\u0219edinte al Asocia\u021biei Jude\u021bene de Fotbal Suceava"},"content":{"rendered":"<p>[analyse_image type=&#8221;featured&#8221; src=&#8221;https:\/\/www.radiotop.ro\/img\/media\/2026\/07\/gabriel-suleru.jpg&#8221;]<\/p>\n<div class=\"entry-content no-share\">\n<div class=\"content-inner \">\n<p>Secretarul general al Asocia\u021biei Jude\u021bene de Fotbal Suceava, Gabriel \u0218uleru, \u0219i-a anun\u021bat candidatura pentru func\u021bia de pre\u0219edinte al AJF, la alegerile care vor avea loc la finele lunii august. Pre\u0219edintele Ciprian Anton va renun\u021ba la candidatur\u0103, ca urmare a faptului c\u0103 este managerul sportiv al proaspetei echipe de Liga a II-a CSM Cetatea 1932 Suceava.<\/p>\n<p>\u00cen mesajul domnului \u0218uleru se arat\u0103: \u201dAst\u0103zi v\u0103 anun\u021b oficial c\u0103, dup\u0103 5 ani petrecu\u021bi \u00een cadrul Asocia\u021biei Jude\u021bene de Fotbal, voi candida pentru func\u021bia de pre\u0219edinte al Asocia\u021biei Jude\u021bene de Fotbal Suceava.Urmeaz\u0103 o perioad\u0103 important\u0103, \u00een care \u00eemi doresc s\u0103 duc mai departe tot ceea ce s-a construit bine \u0219i, \u00een acela\u0219i timp, s\u0103 aducem \u00eempreun\u0103 \u00eembun\u0103t\u0103\u021biri acolo unde este nevoie. Cred cu t\u0103rie c\u0103 fotbalul amator are un poten\u021bial uria\u0219 \u0219i merit\u0103 s\u0103 fie sus\u021binut prin seriozitate, implicare \u0219i respect fa\u021b\u0103 de to\u021bi cei care fac parte din acest fenomen.<\/p>\n<p>\u00cemi doresc o Asocia\u021bie deschis\u0103 dialogului, apropiat\u0103 de cluburi \u0219i orientat\u0103 spre dezvoltare. \u00cempreun\u0103 putem continua proiectele \u00eencepute \u0219i putem construi altele noi, \u00een beneficiul fotbalului sucevean.<\/p>\n<p>Le mul\u021bumesc tuturor celor care mi-au fost al\u0103turi p\u00e2n\u0103 acum \u0219i am \u00eencredere c\u0103, \u00eempreun\u0103, putem scrie un nou capitol pentru fotbalul din jude\u021bul Suceava. \u00cempreun\u0103 pentru un fotbal mai puternic!\u201d.<\/p>\n<p>\u00a0<\/p>\n<\/div>\n<\/div>\n<div class=\"content-inner \">\n<p>Secretarul general al Asocia\u021biei Jude\u021bene de Fotbal Suceava, Gabriel \u0218uleru, \u0219i-a anun\u021bat candidatura pentru func\u021bia de pre\u0219edinte al AJF, la alegerile care vor avea loc la finele lunii august. Pre\u0219edintele Ciprian Anton va renun\u021ba la candidatur\u0103, ca urmare a faptului c\u0103 este managerul sportiv al proaspetei echipe de Liga a II-a CSM Cetatea 1932 Suceava.<\/p>\n<p>\u00cen mesajul domnului \u0218uleru se arat\u0103: \u201dAst\u0103zi v\u0103 anun\u021b oficial c\u0103, dup\u0103 5 ani petrecu\u021bi \u00een cadrul Asocia\u021biei Jude\u021bene de Fotbal, voi candida pentru func\u021bia de pre\u0219edinte al Asocia\u021biei Jude\u021bene de Fotbal Suceava.Urmeaz\u0103 o perioad\u0103 important\u0103, \u00een care \u00eemi doresc s\u0103 duc mai departe tot ceea ce s-a construit bine \u0219i, \u00een acela\u0219i timp, s\u0103 aducem \u00eempreun\u0103 \u00eembun\u0103t\u0103\u021biri acolo unde este nevoie. Cred cu t\u0103rie c\u0103 fotbalul amator are un poten\u021bial uria\u0219 \u0219i merit\u0103 s\u0103 fie sus\u021binut prin seriozitate, implicare \u0219i respect fa\u021b\u0103 de to\u021bi cei care fac parte din acest fenomen.<\/p>\n<p>\u00cemi doresc o Asocia\u021bie deschis\u0103 dialogului, apropiat\u0103 de cluburi \u0219i orientat\u0103 spre dezvoltare. \u00cempreun\u0103 putem continua proiectele \u00eencepute \u0219i putem construi altele noi, \u00een beneficiul fotbalului sucevean.<\/p>\n<p>Le mul\u021bumesc tuturor celor care mi-au fost al\u0103turi p\u00e2n\u0103 acum \u0219i am \u00eencredere c\u0103, \u00eempreun\u0103, putem scrie un nou capitol pentru fotbalul din jude\u021bul Suceava. \u00cempreun\u0103 pentru un fotbal mai puternic!\u201d.<\/p>\n<p>\u00a0<\/p>\n<\/div>\n<p>[analyse_source url=&#8221;https:\/\/www.radiotop.ro\/sport\/gabriel-suleru-si-a-anuntat-candidatura-pentru-functia-de-presedinte-al-asociatiei-judetene-de-fotbal-suceava.html&#8221;]<\/p>\n","protected":false},"excerpt":{"rendered":"<p>[analyse_image type=&#8221;featured&#8221; src=&#8221;https:\/\/www.radiotop.ro\/img\/media\/2026\/07\/gabriel-suleru.jpg&#8221;] Secretarul general al Asocia\u021biei Jude\u021bene de Fotbal Suceava, Gabriel \u0218uleru, \u0219i-a anun\u021bat candidatura pentru func\u021bia de pre\u0219edinte al AJF, la alegerile care vor avea loc la finele lunii august. Pre\u0219edintele Ciprian Anton va renun\u021ba la candidatur\u0103, ca urmare a faptului c\u0103 este managerul sportiv al proaspetei echipe de Liga a II-a CSM [&hellip;]<\/p>\n","protected":false},"author":1,"featured_media":0,"comment_status":"open","ping_status":"","sticky":false,"template":"","format":"standard","meta":{"footnotes":""},"categories":[89],"tags":[226,163],"class_list":["post-2062765","post","type-post","status-publish","format-standard","hentry","category-romania","tag-crawlmanager","tag-radiotop-ro"],"_links":{"self":[{"href":"https:\/\/analyse.optim.biz\/index.php?rest_route=\/wp\/v2\/posts\/2062765","targetHints":{"allow":["GET"]}}],"collection":[{"href":"https:\/\/analyse.optim.biz\/index.php?rest_route=\/wp\/v2\/posts"}],"about":[{"href":"https:\/\/analyse.optim.biz\/index.php?rest_route=\/wp\/v2\/types\/post"}],"author":[{"embeddable":true,"href":"https:\/\/analyse.optim.biz\/index.php?rest_route=\/wp\/v2\/users\/1"}],"replies":[{"embeddable":true,"href":"https:\/\/analyse.optim.biz\/index.php?rest_route=%2Fwp%2Fv2%2Fcomments&post=2062765"}],"version-history":[{"count":0,"href":"https:\/\/analyse.optim.biz\/index.php?rest_route=\/wp\/v2\/posts\/2062765\/revisions"}],"wp:attachment":[{"href":"https:\/\/analyse.optim.biz\/index.php?rest_route=%2Fwp%2Fv2%2Fmedia&parent=2062765"}],"wp:term":[{"taxonomy":"category","embeddable":true,"href":"https:\/\/analyse.optim.biz\/index.php?rest_route=%2Fwp%2Fv2%2Fcategories&post=2062765"},{"taxonomy":"post_tag","embeddable":true,"href":"https:\/\/analyse.optim.biz\/index.php?rest_route=%2Fwp%2Fv2%2Ftags&post=2062765"}],"curies":[{"name":"wp","href":"https:\/\/api.w.org\/{rel}","templated":true}]}}