{"id":2062633,"date":"2026-07-25T08:24:43","date_gmt":"2026-07-25T05:24:43","guid":{"rendered":"https:\/\/analyse.optim.biz\/?p=2062633"},"modified":"2026-07-25T08:24:43","modified_gmt":"2026-07-25T05:24:43","slug":"casa-de-la-dragsina-si-a-deschis-portile-la-muzeul-satului-banatean-din-timisoara-video","status":"publish","type":"post","link":"https:\/\/analyse.optim.biz\/?p=2062633","title":{"rendered":"Casa de la Drag\u0219ina \u0219i-a deschis por\u021bile la Muzeul Satului B\u0103n\u0103\u021bean din Timi\u0219oara. VIDEO"},"content":{"rendered":"<p>[analyse_image type=&#8221;featured&#8221; src=&#8221;https:\/\/www.opiniatimisoarei.ro\/wp-content\/uploads\/2026\/07\/casa-dragsina-foto-728&#215;336.jpghttps:\/\/www.opiniatimisoarei.ro\/wp-content\/uploads\/2026\/07\/casa-dragsina-foto.jpg&#8221;]<\/p>\n<div class=\"the_content\">\n<p><strong>TIMI\u0218OARA<\/strong>. A fost inaugurat cel mai nou obiectiv din circuitul de vizitare al Muzeului Satului B\u0103n\u0103\u021bean Timi\u0219oara.<\/p>\n<p><strong><span>CITE\u0218TE \u0218I: <\/span><\/strong>S<a href=\"https:\/\/www.opiniatimisoarei.ro\/strigatul-disperat-al-unei-eleve-de-liceu-din-timisoara-este-locul-in-care-am-invatat-am-crescut-si-ne-am-facut-cele-mai-frumoase-amintiri-este-casa-noastra-acum-suntem-mutati-cu-forta\/25\/07\/2026\"><strong>trig\u0103tul disperat al unei eleve de liceu din Timi\u0219oara: \u2018Este locul \u00een care am \u00eenv\u0103\u021bat, am crescut \u0219i ne-am f\u0103cut cele mai frumoase amintiri. Este casa noastr\u0103. Acum suntem muta\u021bi cu for\u021ba\u2019<\/strong><\/a><\/p>\n<p>Printr-o dona\u021bie a unei familii, o cas\u0103 de peste 100 de ani, ce provine din localitatea Drag\u0219ina, comuna Chevere\u0219u Mare, \u0219i-a g\u0103sit un nou loc \u00een patrimoniul b\u0103n\u0103\u021bean, unde va putea fi descoperit\u0103 de genera\u021biile viitoare.<\/p>\n<iframe loading=\"lazy\" title=\"Casa de la Drag\u0219ina \u0219i-a deschis por\u021bile la Muzeul Satului B\u0103n\u0103\u021bean din Timi\u0219oara\" width=\"326\" height=\"580\" src=\"https:\/\/www.youtube.com\/embed\/6X5Su5kZ5F4?feature=oembed&amp;wmode=opaque&amp;rel=0\" frameborder allow=\"accelerometer; autoplay; clipboard-write; encrypted-media; gyroscope; picture-in-picture; web-share\" referrerpolicy=\"strict-origin-when-cross-origin\" allowfullscreen><\/iframe>\n<p>\u201e<strong>Donat\u0103 muzeului de familia Vatri\u0219, c\u0103reia \u00eei adres\u0103m mul\u021bumiri pentru acest gest de generozitate, casa provine din localitatea Drag\u0219ina, comuna Chevere\u0219u Mare, jude\u021bul Timi\u0219. <\/strong><\/p>\n<p><strong>Datat\u0103 la sf\u00e2r\u0219itul secolului al XIX-lea \u2013 \u00eenceputul secolului al XX-lea, gospod\u0103ria reprezint\u0103 un valoros exemplu de arhitectur\u0103 vernacular\u0103 specific\u0103 V\u0103ii Pog\u0103ni\u0219ului \u0219i Dealurilor Silagiului, zon\u0103 etnografic\u0103 reprezentat\u0103 pentru prima dat\u0103 \u00een cadrul Muzeului Satului B\u0103n\u0103\u021bean.<br \/><\/strong><br \/><strong>Amenajat\u0103 cu mobilier, unelte \u0219i obiecte originale donate \u00eempreun\u0103 cu gospod\u0103ria, casa reconstituie universul unei familii b\u0103n\u0103\u021bene de mijloca\u0219i de la \u00eenceputul secolului trecut \u0219i ofer\u0103 vizitatorilor o imagine autentic\u0103 asupra vie\u021bii cotidiene din aceast\u0103 parte a Banatului<\/strong>\u201e, spun reprezentantii Muzeului Satului Banatean Timisoara.<\/p>\n<p>Casa poate fi vizitat\u0103 \u00een cadrul circuitului muzeal, de miercuri p\u00e2n\u0103 s\u00e2mb\u0103t\u0103, \u00eentre orele 10:00\u201318:00, \u0219i duminic\u0103, \u00eentre orele 12:00\u201320:00.<\/p>\n<p>***<\/p>\n<p><strong><span class=\"dia_suggestion w0\">Mai<\/span><span class=\"dia_suggestion w1\">multe<\/span><span class=\"dia_suggestion w2\">g\u0103si\u021bi<\/span> pe <span class=\"dia_suggestion w4\">pagina noastr<span class=\"dia_suggestion w0\">\u0103<\/span><\/span>\u00a0de <a href=\"https:\/\/www.facebook.com\/OpiniaTM\/?ref=page_internal\" target=\"_blank\" rel=\"noopener\">Facebook opiniatimisoarei.ro<\/a>!<\/strong><\/p>\n<p><strong><span class=\"dia_suggestion w0\">Dac\u0103<\/span><span class=\"dia_suggestion w1\">a\u021bi<\/span> fost martorii unui eveniment <span class=\"dia_suggestion w6\">sau<\/span><span class=\"dia_suggestion w7\">ai<\/span> unei <span class=\"dia_suggestion w9\">situa\u021bii<\/span><span class=\"dia_suggestion w10\">neobi\u0219nuite<\/span><span class=\"dia_suggestion w11\">care<\/span> ar <span class=\"dia_suggestion w13\">putea<\/span> deveni subiect de <span class=\"dia_suggestion w17\">\u0219tire<\/span>, <span class=\"dia_suggestion w18\">contacta\u021bi<\/span>-ne <span class=\"dia_suggestion w20\">la<\/span><span><a href=\"https:\/\/www.opiniatimisoarei.ro\/cdn-cgi\/l\/email-protection\" class=\"__cf_email__\" data-cfemail=\"81f3e4e5e0e2f5e8e4c1eef1e8efe8e0f5e8ece8f2eee0f3e4e8aff3ee\">[email\u00a0protected]<\/a>,<\/span>\u00a0 pe <a href=\"https:\/\/www.facebook.com\/OpiniaTM\">FB<\/a><span>sau pe contul nostru de<\/span><a href=\"https:\/\/www.instagram.com\/opiniatimisoarei.ro\/\" target=\"_blank\" rel=\"noopener\">Instagram<\/a>!<\/strong><\/p>\n<p><strong><span>CITE\u0218TE \u0218I<\/span>: <a href=\"https:\/\/www.opiniatimisoarei.ro\/afli-primul-tot-ceea-ce-se-intampla-cu-adevarat-important-in-timisoara-si-in-regiune-cu-aplicatia-de-stiri-opinia-timisoarei-3-tipuri-de-alerte-te-tin-mereu-conectat-la-evenimente-descarca-gratuit-a\/31\/10\/2022\">Afli primul tot ceea ce se intampla cu adevarat important in Timisoara si in regiune cu Aplicatia de stiri Opinia Timisoarei. 3 tipuri de alerte te tin mereu conectat la evenimente. Descarca gratuit Aplicatia OT aici!<\/a><\/strong><\/p>\n<\/div>\n<p>[analyse_source url=&#8221;https:\/\/www.opiniatimisoarei.ro\/casa-de-la-dragsina-si-a-deschis-portile-la-muzeul-satului-banatean-din-timisoara-video\/25\/07\/2026&#8243;]<\/p>\n","protected":false},"excerpt":{"rendered":"<p>[analyse_image type=&#8221;featured&#8221; src=&#8221;https:\/\/www.opiniatimisoarei.ro\/wp-content\/uploads\/2026\/07\/casa-dragsina-foto-728&#215;336.jpghttps:\/\/www.opiniatimisoarei.ro\/wp-content\/uploads\/2026\/07\/casa-dragsina-foto.jpg&#8221;] TIMI\u0218OARA. A fost inaugurat cel mai nou obiectiv din circuitul de vizitare al Muzeului Satului B\u0103n\u0103\u021bean Timi\u0219oara. CITE\u0218TE \u0218I: Strig\u0103tul disperat al unei eleve de liceu din Timi\u0219oara: \u2018Este locul \u00een care am \u00eenv\u0103\u021bat, am crescut \u0219i ne-am f\u0103cut cele mai frumoase amintiri. Este casa noastr\u0103. Acum suntem muta\u021bi cu for\u021ba\u2019 Printr-o [&hellip;]<\/p>\n","protected":false},"author":1,"featured_media":0,"comment_status":"open","ping_status":"","sticky":false,"template":"","format":"standard","meta":{"footnotes":""},"categories":[89],"tags":[226,190],"class_list":["post-2062633","post","type-post","status-publish","format-standard","hentry","category-romania","tag-crawlmanager","tag-opiniatimisoarei-ro"],"_links":{"self":[{"href":"https:\/\/analyse.optim.biz\/index.php?rest_route=\/wp\/v2\/posts\/2062633","targetHints":{"allow":["GET"]}}],"collection":[{"href":"https:\/\/analyse.optim.biz\/index.php?rest_route=\/wp\/v2\/posts"}],"about":[{"href":"https:\/\/analyse.optim.biz\/index.php?rest_route=\/wp\/v2\/types\/post"}],"author":[{"embeddable":true,"href":"https:\/\/analyse.optim.biz\/index.php?rest_route=\/wp\/v2\/users\/1"}],"replies":[{"embeddable":true,"href":"https:\/\/analyse.optim.biz\/index.php?rest_route=%2Fwp%2Fv2%2Fcomments&post=2062633"}],"version-history":[{"count":0,"href":"https:\/\/analyse.optim.biz\/index.php?rest_route=\/wp\/v2\/posts\/2062633\/revisions"}],"wp:attachment":[{"href":"https:\/\/analyse.optim.biz\/index.php?rest_route=%2Fwp%2Fv2%2Fmedia&parent=2062633"}],"wp:term":[{"taxonomy":"category","embeddable":true,"href":"https:\/\/analyse.optim.biz\/index.php?rest_route=%2Fwp%2Fv2%2Fcategories&post=2062633"},{"taxonomy":"post_tag","embeddable":true,"href":"https:\/\/analyse.optim.biz\/index.php?rest_route=%2Fwp%2Fv2%2Ftags&post=2062633"}],"curies":[{"name":"wp","href":"https:\/\/api.w.org\/{rel}","templated":true}]}}