{"id":2062629,"date":"2026-07-26T12:49:31","date_gmt":"2026-07-26T09:49:31","guid":{"rendered":"https:\/\/analyse.optim.biz\/?p=2062629"},"modified":"2026-07-26T12:49:31","modified_gmt":"2026-07-26T09:49:31","slug":"noul-film-stapanul-inelelor-nu-va-fi-corect-politic-regizorul-andy-serkis-j-r-r-tolkien-a-fost-influentat-de-mitologia-nordica-nu-vrem-o-distributie-de-dragul-de-a-bifa-casute","status":"publish","type":"post","link":"https:\/\/analyse.optim.biz\/?p=2062629","title":{"rendered":"Noul film \u201eSt\u0103p\u00e2nul Inelelor\u201d nu va fi corect politic. Regizorul Andy Serkis: J.R.R. Tolkien a fost influen\u021bat de mitologia nordic\u0103. Nu vrem o distribu\u021bie de dragul de a bifa c\u0103su\u021be"},"content":{"rendered":"<p>[analyse_image type=&#8221;featured&#8221; src=&#8221;https:\/\/r3media.ro\/wp-content\/uploads\/2026\/07\/comitatul-din-stapanul-inelelor-scaled-e1785069352199.jpghttps:\/\/r3media.ro\/wp-content\/uploads\/2026\/07\/comitatul-din-stapanul-inelelor-scaled-e1785069352199.jpg&#8221;]<\/p>\n<article id=\"template-id-109\" class=\"post-109 tdb_templates type-tdb_templates status-publish post\">\n<div id=\"tdi_2\" class=\"tdc-zone\">\n<div class=\"tdc_zone tdi_3  wpb_row td-pb-row\">\n<div id=\"tdi_4\" class=\"tdc-row\">\n<div class=\"vc_row tdi_5  wpb_row td-pb-row\">\n<div class=\"vc_column tdi_7  wpb_column vc_column_container tdc-column td-pb-span8\">\n<div class=\"wpb_wrapper\">\n<div class=\"td_block_wrap tdb_breadcrumbs tdi_8 td-pb-border-top td_block_template_1 tdb-breadcrumbs \" data-td-block-uid=\"tdi_8\">\n<div class=\"tdb-block-inner td-fix-index\"><span><a title=\"Vede\u021bi toate articolele \u00een FEATURED\" class=\"tdb-entry-crumb\" href=\"https:\/\/r3media.ro\/category\/featured\/\">FEATURED<\/a><\/span><span class=\"tdb-bred-no-url-last\">Noul film \u201eSt\u0103p\u00e2nul Inelelor\u201d nu va fi corect politic. Regizorul Andy Serkis:&#8230;<\/span><\/div>\n<\/div>\n<div class=\"td_block_wrap tdb_single_categories tdi_9 td-pb-border-top td_block_template_1 \" data-td-block-uid=\"tdi_9\">\n<div class=\"tdb-category td-fix-index\"><a class=\"tdb-entry-category\" href=\"https:\/\/r3media.ro\/category\/featured\/\">FEATURED<\/a><a class=\"tdb-entry-category\" href=\"https:\/\/r3media.ro\/category\/stiri\/\">\u0218TIRI<\/a><\/div>\n<\/div>\n<div class=\"td_block_wrap tdb_title tdi_10 tdb-single-title td-pb-border-top td_block_template_1\" data-td-block-uid=\"tdi_10\">\n<div class=\"tdb-block-inner td-fix-index\">\n<h1 class=\"tdb-title-text\">Noul film \u201eSt\u0103p\u00e2nul Inelelor\u201d nu va fi corect politic. Regizorul Andy Serkis: J.R.R. Tolkien a fost influen\u021bat de mitologia nordic\u0103. Nu vrem o distribu\u021bie de dragul de a bifa c\u0103su\u021be<\/h1>\n<\/div>\n<\/div>\n<div class=\"vc_row_inner tdi_12  vc_row vc_inner wpb_row td-pb-row\">\n<div class=\"vc_column_inner tdi_14  wpb_column vc_column_container tdc-inner-column td-pb-span12\">\n<div class=\"vc_column-inner\">\n<div class=\"wpb_wrapper\">\n<div class=\"td_block_wrap tdb_single_author tdi_15 td-pb-border-top td_block_template_1 tdb-post-meta\" data-td-block-uid=\"tdi_15\">\n<div class=\"tdb-block-inner td-fix-index\">\n<div class=\"tdb-author-name-wrap\"><a class=\"tdb-author-name\" href=\"https:\/\/r3media.ro\/author\/oana\/\">Oana Ivan<\/a><\/div>\n<\/div>\n<\/div>\n<div class=\"td_block_wrap tdb_single_date tdi_16 td-pb-border-top td_block_template_1 tdb-post-meta\" data-td-block-uid=\"tdi_16\">\n<div class=\"tdb-block-inner td-fix-index\"><time class=\"entry-date updated td-module-date\" datetime=\"2026-07-26T15:49:31+03:00\">26\/07\/2026<\/time><\/div>\n<\/div>\n<\/div>\n<\/div>\n<\/div>\n<\/div>\n<div class=\"td_block_wrap tdb_single_featured_image tdi_17 tdb-content-horiz-left td-pb-border-top td_block_template_1\" data-td-block-uid=\"tdi_17\">\n<div class=\"tdb-block-inner td-fix-index\">\n<figure><figcaption class=\"tdb-caption-text\">Surs\u0103 &#8211; Unsplash<\/figcaption><\/figure>\n<\/div>\n<\/div>\n<div class=\"td_block_wrap tdb_single_content tdi_18 td-pb-border-top td_block_template_1 td-post-content tagdiv-type\" data-td-block-uid=\"tdi_18\">\n<div class=\"tdb-block-inner td-fix-index\">\n<p><strong>Andy Serkis a declarat \u00eentr-un interviu recent acordat <a href=\"https:\/\/www.bbc.com\/news\/articles\/c07y400jlngo\" target=\"_blank\" rel=\"noopener\">BBC<\/a> c\u0103 noul s\u0103u film \u201e<a href=\"https:\/\/r3media.ro\/tag\/stapanul-inelelor\/\" target=\"_blank\" rel=\"noopener\">St\u0103p\u00e2nul Inelelor<\/a>\u201d, \u201eV\u00e2n\u0103toarea lui Gollum\u201d, va \u201erecunoa\u0219te \u00eentr-o oarecare m\u0103sur\u0103\u201d lipsa de diversitate a francizei.<\/strong><\/p>\n<p>Filmul, aflat \u00een produc\u021bie, a anun\u021bat p\u00e2n\u0103 acum o distribu\u021bie format\u0103 \u00een \u00eentregime din actori albi. Ace\u0219tia sunt Jamie Dornan, Anna Taylor-Joy, Kate Winslet, Lee Pace, Leo Woodall, Elijah Wood \u0219i Ian McKellen. \u00cen plus, Andy Serkis revine \u00een pielea lui Gollum, de data asta \u00een rolul principal.<\/p>\n<p>\u201e<strong><a href=\"https:\/\/r3media.ro\/tag\/jrr-tolkien\/\" target=\"_blank\" rel=\"noopener\">J.R.R. Tolkien<\/a><\/strong> \u00eensu\u0219i a fost influen\u021bat mult de mitologia nordic\u0103. Exist\u0103 mult din acest sentiment\u201d, a explicat Serkis despre lipsa diversit\u0103\u021bii.<\/p>\n<p>\u201eComitatul se simte foarte, foarte mult ca unul foarte, foarte alb. Nu sunt foarte preocupa\u021bi de ce se \u00eent\u00e2mpl\u0103 dincolo de grani\u021bele Comitatului\u201d, a mai zis regizorul.<\/p>\n<p><strong>\u201eDa, au existat critici\u201d<\/strong>, a ad\u0103ugat Serkis.<\/p>\n<p><strong>\u201eAcest film recunoa\u0219te oarecum acest lucru. Dar nu cred c\u0103 vom face o versiune corect\u0103 din punct de vedere politic a filmului, \u00een care se fac doar distribu\u021bii de dragul de a bifa c\u0103su\u021be. Deci, practic, este relevant\u201d<\/strong>, a punctat regizorul.<\/p>\n<p>Membrii suplimentari ai distribu\u021biei pentru \u201eSt\u0103p\u00e2nul Inelelor: V\u00e2n\u0103toarea lui Gollum\u201d nu au fost \u00eenc\u0103 anun\u021ba\u021bi.<\/p>\n<h2><strong>Serialul St\u0103p\u00e2nul Inelelor: Inelele Puterii, mult mai prietenos din punct de vedere politic<\/strong><\/h2>\n<p>\u00a0<\/p>\n<p>Serialul Prime Video \u201eSt\u0103p\u00e2nul Inelelor: Inelele Puterii\u201d s-a confruntat anterior cu reac\u021bii negative din cauza distribu\u021biei sale diverse. Indignarea a devenit at\u00e2t de puternic\u0103 \u00eenc\u00e2t membrii distribu\u021biei din \u201eSt\u0103p\u00e2nul Inelelor\u201d ai lui Jackson, Elijah Wood, Billy Boyd \u0219i Dominic Monaghan, s-au unit pe re\u021belele de socializare pentru a sus\u021bine distribu\u021bia incluziv\u0103 a serialului. Cei trei au purtat tricouri care prezentau urechile unor creaturi din P\u0103m\u00e2ntul de Mijloc \u00een diferite nuan\u021be de piele.<\/p>\n<p>Actorii din \u201eInelele Puterii\u201d au emis apoi o declara\u021bie comun\u0103 prin care condamn\u0103 \u201erasismul, amenin\u021b\u0103rile, h\u0103r\u021buirea \u0219i abuzurile neobosite la care sunt supu\u0219i zilnic unii dintre colegii no\u0219tri de culoare\u201d.<\/p>\n<p>\u201eTolkien a creat o lume care, prin defini\u021bie, este multicultural\u0103\u201d, se arat\u0103 \u00een declara\u021bie.<\/p>\n<p>\u201eO lume \u00een care popoare libere din rase \u0219i culturi diferite se unesc, \u00een fraternitate, pentru a \u00eenvinge for\u021bele r\u0103ului. \u00abInelele Puterii\u00bb reflect\u0103 acest lucru. Lumea noastr\u0103 nu a fost niciodat\u0103 complet alb\u0103. Fantezia nu a fost niciodat\u0103 complet alb\u0103. P\u0103m\u00e2ntul de Mijloc nu este complet alb\u201d, se preciza \u00een declara\u021bie.<\/p>\n<p>\u201eSt\u0103p\u00e2nul Inelelor: V\u00e2n\u0103toarea lui Gollum\u201d are premiera \u00een cinematografe pe 17 decembrie 2027, conform <a href=\"https:\/\/variety.com\/2026\/film\/news\/andy-serkis-lord-of-the-rings-diversity-white-actors-1236811570\/\" target=\"_blank\" rel=\"noopener\">Variety<\/a>.<\/p>\n<h2><strong>St\u0103p\u00e2nul Inelelor, opera lui Tolkien care a captivat milioane de oameni<\/strong><\/h2>\n<p>\u00a0<\/p>\n<p>J.R.R. Tolkien este recunoscut drept p\u0103rintele literaturii fantastice moderne, cre\u00e2nd prin opera sa un univers mitologic de o complexitate f\u0103r\u0103 precedent. Punctul culminant al acestei crea\u021bii monumentale este romanul St\u0103p\u00e2nul Inelelor, o capodoper\u0103 a literaturii secolului al XX-lea care a redefinit genul epic. De\u0219i adesea considerat o simpl\u0103 continuare a romanului Hobbitul, acest epic narativ dep\u0103\u0219e\u0219te grani\u021bele unei pove\u0219ti pentru copii, transform\u00e2ndu-se \u00eentr-o medita\u021bie profund\u0103 asupra puterii, corup\u021biei morale, prieteniei \u0219i sacrificiului \u00een fa\u021ba unui r\u0103u cople\u0219itor.<\/p>\n<p>Universul \u00een care se desf\u0103\u0219oar\u0103 ac\u021biunea, P\u0103m\u00e2ntul de Mijloc (Middle-earth), nu este doar un simplu fundal geografic, ci un t\u00e2r\u00e2m viu, completat de o geografie detaliat\u0103, istorii milenare \u0219i cosmologii complexe. Ceea ce face ca aceast\u0103 oper\u0103 s\u0103 fie unic\u0103 este faptul c\u0103 Tolkien a construit limbi complet func\u021bionale (cum ar fi quenya \u0219i sindarin, limbile elfice) cu mult \u00eenainte de a scrie pove\u0219tile pentru cei care le vorbesc. Aceast\u0103 abordare a dat na\u0219tere unui sentiment profund de autenticitate \u0219i profunzime istoric\u0103, f\u0103c\u00e2nd ca P\u0103m\u00e2ntul de Mijloc s\u0103 par\u0103 o lume real\u0103 care a existat c\u00e2ndva \u00een trecutul \u00eendep\u0103rtat al P\u0103m\u00e2ntului.<\/p>\n<p>Prin intermediul unor personaje memorabile precum Frodo Baggins, Gandalf sau Aragorn, St\u0103p\u00e2nul Inelelor exploreaz\u0103 lupta etern\u0103 dintre lumin\u0103 \u0219i \u00eentuneric. Povestea accentueaz\u0103 ideea c\u0103 cele mai mari schimb\u0103ri nu vin de la cei puternici, ci de la oamenii (sau hobbi\u021bii) simpli, prin gesturi cotidiene de curaj. Mo\u0219tenirea l\u0103sat\u0103 de Tolkien continu\u0103 s\u0103 inspire milioane de cititori din \u00eentreaga lume, men\u021bin\u00e2ndu-\u0219i relevan\u021ba cultural\u0103 \u0219i literar\u0103 la zeci de ani de la publicare \u0219i r\u0103m\u00e2n\u00e2nd etalonul absolut al literaturii fantasy.<\/p>\n<div class=\"crp_related     crp-masonry\">\n<h2>\u00ceN CONTEXT<\/h2>\n<ul>\n<li><a href=\"https:\/\/r3media.ro\/stapanul-inelelor-rasist-j-r-r-tolkien-acuzat-profesor-universitate-progresista-demonizare-persoane-de-culoare-orci\/\" class=\"crp_link post-113716\"><span class=\"crp_title\">St\u0103p\u00e2nul Inelelor e \u201erasist\u201c: J.R.R. Tolkien e acuzat de un profesor de la o universitate\u2026<\/span><\/a><\/li>\n<li><a href=\"https:\/\/r3media.ro\/credinta-plastilina-ascor-cluj-anulare-savatie-bastovoi\/\" class=\"crp_link post-115579\"><span class=\"crp_title\">Credin\u021b\u0103 de plastilin\u0103: ASCOR Cluj a anulat conferin\u021ba p\u0103rintelui Savatie Ba\u0219tovoi, dup\u0103\u2026<\/span><\/a><\/li>\n<\/ul>\n<\/div>\n<\/div>\n<\/div>\n<div class=\"td_block_wrap tdb_single_tags tdi_19 td-pb-border-top td_block_template_1\" data-td-block-uid=\"tdi_19\">\n<div class=\"tdb-block-inner td-fix-index\">\n<ul class=\"tdb-tags\">\n<li><span>SUBIECTE FIERBIN\u021aI<\/span><\/li>\n<li><a href=\"https:\/\/r3media.ro\/tag\/andy-serkis\/\">andy serkis<\/a><\/li>\n<li><a href=\"https:\/\/r3media.ro\/tag\/corectitudine-politica\/\">corectitudine politic\u0103<\/a><\/li>\n<li><a href=\"https:\/\/r3media.ro\/tag\/stapanul-inelelor\/\">stapanul inelelor<\/a><\/li>\n<\/ul>\n<\/div>\n<\/div>\n<div class=\"td_block_wrap td_block_9 tdi_20 td_with_ajax_pagination td-pb-border-top td_block_template_1 td-column-2 td_block_padding td_block_bot_line\" data-td-block-uid=\"tdi_20\">\n<div class=\"td-block-title-wrap\">\n<h4 class=\"block-title td-block-title\"><span class=\"td-pulldown-size\">CITE\u0218TE MAI MULT<\/span><\/h4>\n<\/div>\n<div id=\"tdi_20\" class=\"td_block_inner\">\n<div class=\"td-block-row\">\n<div class=\"td-block-span6\">\n<div class=\"td_module_8 td_module_wrap\">\n<div class=\"item-details\">\n<h3 class=\"entry-title td-module-title\"><a href=\"https:\/\/r3media.ro\/marea-britanie-apa-inteligenta-artificiala-romania-centru-ai-restrictii-consum-apa\/\" rel=\"bookmark\" title=\"Marea Britanie nu mai are suficient\u0103 ap\u0103 pentru Inteligen\u021ba Artificial\u0103, dar Rom\u00e2nia vrea s\u0103 g\u0103zduiasc\u0103 un centru AI care consum\u0103 c\u00e2t sute de mii de oameni \u0219i impune restric\u021bii la consumul de ap\u0103 al popula\u021biei\">Marea Britanie nu mai are suficient\u0103 ap\u0103 pentru Inteligen\u021ba Artificial\u0103, dar Rom\u00e2nia vrea s\u0103&#8230;<\/a><\/h3>\n<div class=\"td-module-meta-info\"><a href=\"https:\/\/r3media.ro\/category\/stiri-prim-plan\/\" class=\"td-post-category\">PRIM PLAN<\/a><span class=\"td-post-author-name\"><a href=\"https:\/\/r3media.ro\/author\/radu_ursan\/\">Radu Ursan<\/a><span>&#8211;<\/span><\/span><span class=\"td-post-date\"><time class=\"entry-date updated td-module-date\" datetime=\"2026-07-23T11:44:13+03:00\">23\/07\/2026<\/time><\/span><\/div>\n<\/div>\n<\/div>\n<\/div>\n<div class=\"td-block-span6\">\n<div class=\"td_module_8 td_module_wrap\">\n<div class=\"item-details\">\n<h3 class=\"entry-title td-module-title\"><a href=\"https:\/\/r3media.ro\/campion-olimpic-olaf-tufte-mort-subit-50-ani\/\" rel=\"bookmark\" title=\"Campionul olimpic Olaf Tufte a murit subit la 50 de ani\">Campionul olimpic Olaf Tufte a murit subit la 50 de ani<\/a><\/h3>\n<div class=\"td-module-meta-info\"><a href=\"https:\/\/r3media.ro\/category\/actualitate\/\" class=\"td-post-category\">ACTUALITATE<\/a><span class=\"td-post-author-name\"><a href=\"https:\/\/r3media.ro\/author\/oana\/\">Oana Ivan<\/a><span>&#8211;<\/span><\/span><span class=\"td-post-date\"><time class=\"entry-date updated td-module-date\" datetime=\"2026-07-22T12:11:02+03:00\">22\/07\/2026<\/time><\/span><\/div>\n<\/div>\n<\/div>\n<\/div>\n<\/div>\n<div class=\"td-block-row\">\n<div class=\"td-block-span6\">\n<div class=\"td_module_8 td_module_wrap\">\n<div class=\"item-details\">\n<h3 class=\"entry-title td-module-title\"><a href=\"https:\/\/r3media.ro\/explozie-incendiu-fabrica-kronospan-brasov-video\/\" rel=\"bookmark\" title=\"VIDEO | Explozie urmat\u0103 de un incendiu la fabrica Kronospan din Bra\u0219ov. \u00cen timp ce pompierii \u00eencercau s\u0103 sting\u0103 focul s-a produs o alt\u0103 explozie\">VIDEO | Explozie urmat\u0103 de un incendiu la fabrica Kronospan din Bra\u0219ov. \u00cen timp&#8230;<\/a><\/h3>\n<div class=\"td-module-meta-info\"><a href=\"https:\/\/r3media.ro\/category\/actualitate\/\" class=\"td-post-category\">ACTUALITATE<\/a><span class=\"td-post-author-name\"><a href=\"https:\/\/r3media.ro\/author\/oana\/\">Oana Ivan<\/a><span>&#8211;<\/span><\/span><span class=\"td-post-date\"><time class=\"entry-date updated td-module-date\" datetime=\"2026-07-22T10:01:28+03:00\">22\/07\/2026<\/time><\/span><\/div>\n<\/div>\n<\/div>\n<\/div>\n<div class=\"td-block-span6\">\n<div class=\"td_module_8 td_module_wrap\">\n<div class=\"item-details\">\n<h3 class=\"entry-title td-module-title\"><a href=\"https:\/\/r3media.ro\/asa-incepe-compania-openai-afirma-un-model-de-inteligenta-artificiala-a-atacat-din-proprie-initiativa-sistemele-unei-alte-companii\/\" rel=\"bookmark\" title=\"A\u0219a \u00eencepe? Compania OpenAI afirm\u0103 un model de inteligen\u021b\u0103 artificial\u0103 a ATACAT din proprie ini\u021biativ\u0103 sistemele unei alte companii\">A\u0219a \u00eencepe? Compania OpenAI afirm\u0103 un model de inteligen\u021b\u0103 artificial\u0103 a ATACAT din proprie&#8230;<\/a><\/h3>\n<div class=\"td-module-meta-info\"><a href=\"https:\/\/r3media.ro\/category\/actualitate\/\" class=\"td-post-category\">ACTUALITATE<\/a><span class=\"td-post-author-name\"><a href=\"https:\/\/r3media.ro\/author\/teodor_stan\/\">Teodor Stan<\/a><span>&#8211;<\/span><\/span><span class=\"td-post-date\"><time class=\"entry-date updated td-module-date\" datetime=\"2026-07-22T09:10:53+03:00\">22\/07\/2026<\/time><\/span><\/div>\n<\/div>\n<\/div>\n<\/div>\n<\/div>\n<div class=\"td-block-row\">\n<div class=\"td-block-span6\">\n<div class=\"td_module_8 td_module_wrap\">\n<div class=\"item-details\">\n<h3 class=\"entry-title td-module-title\"><a href=\"https:\/\/r3media.ro\/episcopul-husilor-oameni-animale-therieni-degradare-progresism\/\" rel=\"bookmark\" title=\"Episcopul Hu\u0219ilor, despre oamenii care se cred animale: V\u0103 da\u021bi seama c\u00e2t\u0103 degradare uman\u0103 este? De ce? Pentru c\u0103 se \u00eencred \u00een progresism\">Episcopul Hu\u0219ilor, despre oamenii care se cred animale: V\u0103 da\u021bi seama c\u00e2t\u0103 degradare uman\u0103&#8230;<\/a><\/h3>\n<div class=\"td-module-meta-info\"><a href=\"https:\/\/r3media.ro\/category\/actualitate\/\" class=\"td-post-category\">ACTUALITATE<\/a><span class=\"td-post-author-name\"><a href=\"https:\/\/r3media.ro\/author\/radu_ursan\/\">Radu Ursan<\/a><span>&#8211;<\/span><\/span><span class=\"td-post-date\"><time class=\"entry-date updated td-module-date\" datetime=\"2026-07-21T19:30:46+03:00\">21\/07\/2026<\/time><\/span><\/div>\n<\/div>\n<\/div>\n<\/div>\n<div class=\"td-block-span6\">\n<div class=\"td_module_8 td_module_wrap\">\n<div class=\"item-details\">\n<h3 class=\"entry-title td-module-title\"><a href=\"https:\/\/r3media.ro\/video-cult-femeie-dumnezeu-mama-romania\/\" rel=\"bookmark\" title=\"VIDEO | Un cult care consider\u0103 o femeie coreean\u0103 drept \u201eDumnezeu Mama\u201d face prozeli\u021bi \u00een Rom\u00e2nia\">VIDEO | Un cult care consider\u0103 o femeie coreean\u0103 drept \u201eDumnezeu Mama\u201d face prozeli\u021bi&#8230;<\/a><\/h3>\n<div class=\"td-module-meta-info\"><a href=\"https:\/\/r3media.ro\/category\/actualitate\/\" class=\"td-post-category\">ACTUALITATE<\/a><span class=\"td-post-author-name\"><a href=\"https:\/\/r3media.ro\/author\/redactia\/\">Redac\u021bia<\/a><span>&#8211;<\/span><\/span><span class=\"td-post-date\"><time class=\"entry-date updated td-module-date\" datetime=\"2026-07-21T11:14:08+03:00\">21\/07\/2026<\/time><\/span><\/div>\n<\/div>\n<\/div>\n<\/div>\n<\/div>\n<div class=\"td-block-row\">\n<div class=\"td-block-span6\">\n<div class=\"td_module_8 td_module_wrap\">\n<div class=\"item-details\">\n<h3 class=\"entry-title td-module-title\"><a href=\"https:\/\/r3media.ro\/cehia-interzice-telefoanele-in-scoli\/\" rel=\"bookmark\" title=\"Cehia se preg\u0103te\u0219te s\u0103 interzic\u0103 telefoanele mobile \u00een \u0219coli\">Cehia se preg\u0103te\u0219te s\u0103 interzic\u0103 telefoanele mobile \u00een \u0219coli<\/a><\/h3>\n<div class=\"td-module-meta-info\"><a href=\"https:\/\/r3media.ro\/category\/actualitate\/\" class=\"td-post-category\">ACTUALITATE<\/a><span class=\"td-post-author-name\"><a href=\"https:\/\/r3media.ro\/author\/redactia\/\">Redac\u021bia<\/a><span>&#8211;<\/span><\/span><span class=\"td-post-date\"><time class=\"entry-date updated td-module-date\" datetime=\"2026-07-20T22:34:13+03:00\">20\/07\/2026<\/time><\/span><\/div>\n<\/div>\n<\/div>\n<\/div>\n<div class=\"td-block-span6\">\n<div class=\"td_module_8 td_module_wrap\">\n<div class=\"item-details\">\n<h3 class=\"entry-title td-module-title\"><a href=\"https:\/\/r3media.ro\/mihail-neamtu-oblgatie-romania\/\" rel=\"bookmark\" title=\"Mihail Neam\u021bu: Suntem o \u021bar\u0103 mic\u0103, iar singura obliga\u021bie a politicienilor de la Bucure\u0219ti e s\u0103 nu introduc\u0103 Rom\u00e2nia \u00eentr-un r\u0103zboi stupid \u0219i perdant\">Mihail Neam\u021bu: Suntem o \u021bar\u0103 mic\u0103, iar singura obliga\u021bie a politicienilor de la Bucure\u0219ti&#8230;<\/a><\/h3>\n<div class=\"td-module-meta-info\"><a href=\"https:\/\/r3media.ro\/category\/actualitate\/\" class=\"td-post-category\">ACTUALITATE<\/a><span class=\"td-post-author-name\"><a href=\"https:\/\/r3media.ro\/author\/redactia\/\">Redac\u021bia<\/a><span>&#8211;<\/span><\/span><span class=\"td-post-date\"><time class=\"entry-date updated td-module-date\" datetime=\"2026-07-20T22:01:16+03:00\">20\/07\/2026<\/time><\/span><\/div>\n<\/div>\n<\/div>\n<\/div>\n<\/div>\n<div class=\"td-block-row\">\n<div class=\"td-block-span6\">\n<div class=\"td_module_8 td_module_wrap\">\n<div class=\"item-details\">\n<h3 class=\"entry-title td-module-title\"><a href=\"https:\/\/r3media.ro\/petrisor-peiu-conditii-aur-vot-guvernul-vestea-nicusor-dan-solutii-bunastare-romani\/\" rel=\"bookmark\" title=\"Condi\u021biile AUR pentru a vota Guvernul Ve\u0219tea. Petri\u0219or Peiu propune solu\u021bii clare pentru bun\u0103starea rom\u00e2nilor\">Condi\u021biile AUR pentru a vota Guvernul Ve\u0219tea. Petri\u0219or Peiu propune solu\u021bii clare pentru bun\u0103starea&#8230;<\/a><\/h3>\n<div class=\"td-module-meta-info\"><a href=\"https:\/\/r3media.ro\/category\/stiri\/\" class=\"td-post-category\">\u0218TIRI<\/a><span class=\"td-post-author-name\"><a href=\"https:\/\/r3media.ro\/author\/oana\/\">Oana Ivan<\/a><span>&#8211;<\/span><\/span><span class=\"td-post-date\"><time class=\"entry-date updated td-module-date\" datetime=\"2026-06-17T10:10:31+03:00\">17\/06\/2026<\/time><\/span><\/div>\n<\/div>\n<\/div>\n<\/div>\n<div class=\"td-block-span6\">\n<div class=\"td_module_8 td_module_wrap\">\n<div class=\"item-details\">\n<h3 class=\"entry-title td-module-title\"><a href=\"https:\/\/r3media.ro\/mihail-neamtu-neeuropeana-imperiu-birocrati-bruxelles-inarmarea-germaniei\/\" rel=\"bookmark\" title=\"EXCLUSIVITATE Mihail Neam\u021bu: Exist\u0103 o tendin\u021b\u0103 neeuropean\u0103 de a se crea un imperiu condus de birocra\u021bi de la Bruxelles \/ Pericolul \u00eenarm\u0103rii Germaniei\">EXCLUSIVITATE Mihail Neam\u021bu: Exist\u0103 o tendin\u021b\u0103 neeuropean\u0103 de a se crea un imperiu condus&#8230;<\/a><\/h3>\n<div class=\"td-module-meta-info\"><a href=\"https:\/\/r3media.ro\/category\/stiri\/\" class=\"td-post-category\">\u0218TIRI<\/a><span class=\"td-post-author-name\"><a href=\"https:\/\/r3media.ro\/author\/oana\/\">Oana Ivan<\/a><span>&#8211;<\/span><\/span><span class=\"td-post-date\"><time class=\"entry-date updated td-module-date\" datetime=\"2026-06-22T09:02:12+03:00\">22\/06\/2026<\/time><\/span><\/div>\n<\/div>\n<\/div>\n<\/div>\n<\/div>\n<div class=\"td-block-row\">\n<div class=\"td-block-span6\">\n<div class=\"td_module_8 td_module_wrap\">\n<div class=\"item-details\">\n<h3 class=\"entry-title td-module-title\"><a href=\"https:\/\/r3media.ro\/spania-invinge-argentina-castiga-cupa-mondiala\/\" rel=\"bookmark\" title=\"Spania a \u00eenvins Argentina \u0219i a c\u00e2\u0219tigat Cupa Mondial\u0103 pentru a doua oar\u0103 \u00een istorie\">Spania a \u00eenvins Argentina \u0219i a c\u00e2\u0219tigat Cupa Mondial\u0103 pentru a doua oar\u0103 \u00een&#8230;<\/a><\/h3>\n<div class=\"td-module-meta-info\"><a href=\"https:\/\/r3media.ro\/category\/actualitate\/\" class=\"td-post-category\">ACTUALITATE<\/a><span class=\"td-post-author-name\"><a href=\"https:\/\/r3media.ro\/author\/oana\/\">Oana Ivan<\/a><span>&#8211;<\/span><\/span><span class=\"td-post-date\"><time class=\"entry-date updated td-module-date\" datetime=\"2026-07-20T01:04:07+03:00\">20\/07\/2026<\/time><\/span><\/div>\n<\/div>\n<\/div>\n<\/div>\n<div class=\"td-block-span6\">\n<div class=\"td_module_8 td_module_wrap\">\n<div class=\"item-details\">\n<h3 class=\"entry-title td-module-title\"><a href=\"https:\/\/r3media.ro\/prapad-busteni-valea-prahovei-statiuni-ploi-viitura-oameni-raniti-masini-avariate-case-inundate\/\" rel=\"bookmark\" title=\"VIDEO | Pr\u0103p\u0103d la Bu\u0219teni! Ploile au cauzat o viitur\u0103 care a m\u0103turat tot \u00een cale \u00een sta\u021biunile de pe valea Prahovei: oameni r\u0103ni\u021bi, ma\u0219ini avariate \u0219i locuin\u021be inundate\">VIDEO | Pr\u0103p\u0103d la Bu\u0219teni! Ploile au cauzat o viitur\u0103 care a m\u0103turat tot&#8230;<\/a><\/h3>\n<div class=\"td-module-meta-info\"><a href=\"https:\/\/r3media.ro\/category\/actualitate\/\" class=\"td-post-category\">ACTUALITATE<\/a><span class=\"td-post-author-name\"><a href=\"https:\/\/r3media.ro\/author\/oana\/\">Oana Ivan<\/a><span>&#8211;<\/span><\/span><span class=\"td-post-date\"><time class=\"entry-date updated td-module-date\" datetime=\"2026-07-19T19:07:45+03:00\">19\/07\/2026<\/time><\/span><\/div>\n<\/div>\n<\/div>\n<\/div>\n<\/div>\n<\/div>\n<div class=\"td-load-more-wrap td-load-more-infinite-wrap\" id=\"infinite-lm-tdi_20\"><a href=\"https:\/\/r3media.ro\/film-nou-stapanul-inelelor-corect-politic-regizor-andy-serkis-diversitate-tolkien-mitologie-nordica\/\" class=\"td_ajax_load_more td_ajax_load_more_js\" aria-label=\"\u00cenc\u0103rca\u021bi mai multe\" id=\"next-page-tdi_20\" data-td_block_id=\"tdi_20\">\u00cenc\u0103rca\u021bi mai multe<\/a><\/div>\n<\/div>\n<div class=\"td_block_wrap tdb_single_comments tdi_21 tdb-comm-layout2 td-pb-border-top td_block_template_1\" data-td-block-uid=\"tdi_21\">\n<div class=\"tdb-block-inner td-fix-index\">\n<div class=\"comments\" id=\"comments\">\n<div id=\"respond\" class=\"comment-respond\">\n<h3 id=\"reply-title\" class=\"comment-reply-title\">AI CEVA DE SPUS? <small><a rel=\"nofollow\" id=\"cancel-comment-reply-link\" href=\"https:\/\/r3media.ro\/film-nou-stapanul-inelelor-corect-politic-regizor-andy-serkis-diversitate-tolkien-mitologie-nordica\/#respond\">Renun\u021ba\u021bi la r\u0103spuns<\/a><\/small><\/h3>\n<div class=\"comment-form-input-wrap td-form-comment\">\n<div class=\"td-warning-comment\">V\u0103 rug\u0103m s\u0103 introduce\u021bi comentariul dvs.!<\/div>\n<\/div>\n<div class=\"comment-form-input-wrap td-form-author\">\n<div class=\"td-warning-author\">Introduce\u021bi aici numele dvs.<\/div>\n<\/div>\n<div class=\"comment-form-input-wrap td-form-email\">\n<div class=\"td-warning-email-error\">A\u021bi introdus o adres\u0103 de e-mail incorect\u0103!<\/div>\n<div class=\"td-warning-email\">V\u0103 rug\u0103m s\u0103 introduce\u021bi adresa dvs. de e-mail aici<\/div>\n<\/div>\n<\/div>\n<\/div>\n<\/div>\n<\/div>\n<\/div>\n<\/div>\n<div class=\"vc_column tdi_23  wpb_column vc_column_container tdc-column td-pb-span4 td-is-sticky\">\n<div class=\"wpb_wrapper\" data-sticky-enabled-on=\"W3RydWUsdHJ1ZSx0cnVlLHRydWVd\" data-sticky-offset=\"20\" data-sticky-is-width-auto=\"W2ZhbHNlLGZhbHNlLGZhbHNlLGZhbHNlXQ==\">\n<div class=\"wpb_wrapper td_block_wrap vc_widget_sidebar tdi_25 \">\n<div class=\"td_block_wrap td_block_7 td_block_widget tdi_26 td-pb-border-top td_block_template_1 td-column-1 td_block_padding\" data-td-block-uid=\"tdi_26\">\n<div class=\"td-block-title-wrap\">\n<h4 class=\"block-title td-block-title\"><span class=\"td-pulldown-size\">Articole RELA\u021aIONATE<\/span><\/h4>\n<\/div>\n<div id=\"tdi_26\" class=\"td_block_inner\">\n<div class=\"td-block-span12\">\n<div class=\"td_module_6 td_module_wrap td-animation-stack\">\n<div class=\"td-module-thumb\"><a href=\"https:\/\/r3media.ro\/criza-apei-europa-olanda-penurie-rauri-dunare-nivel-scazut-1996\/\" rel=\"bookmark\" class=\"td-image-wrap \" title=\"Criza apei: R\u00e2urile din Europa devin tot mai mici \u0219i Olanda a declarat penurie. Dun\u0103rea a ajuns la cel mai sc\u0103zut nivel din 1996 \u0219i a scos la suprafa\u021b\u0103 epave din cel de-al Doilea R\u0103zboi Mondial\"><img loading=\"lazy\" decoding=\"async\" class=\"entry-thumb\" src=\"https:\/\/r3media.ro\/wp-content\/uploads\/2022\/05\/canal-dunarea-marea-neagra-e1653508834823-100x70.jpg\" alt title=\"Criza apei: R\u00e2urile din Europa devin tot mai mici \u0219i Olanda a declarat penurie. Dun\u0103rea a ajuns la cel mai sc\u0103zut nivel din 1996 \u0219i a scos la suprafa\u021b\u0103 epave din cel de-al Doilea R\u0103zboi Mondial\" width=\"100\" height=\"70\"><\/a><\/div>\n<div class=\"item-details\">\n<h3 class=\"entry-title td-module-title\"><a href=\"https:\/\/r3media.ro\/criza-apei-europa-olanda-penurie-rauri-dunare-nivel-scazut-1996\/\" rel=\"bookmark\" title=\"Criza apei: R\u00e2urile din Europa devin tot mai mici \u0219i Olanda a declarat penurie. Dun\u0103rea a ajuns la cel mai sc\u0103zut nivel din 1996 \u0219i a scos la suprafa\u021b\u0103 epave din cel de-al Doilea R\u0103zboi Mondial\">Criza apei: R\u00e2urile din Europa devin tot mai mici \u0219i Olanda&#8230;<\/a><\/h3>\n<div class=\"td-module-meta-info\"><span class=\"td-post-date\"><time class=\"entry-date updated td-module-date\" datetime=\"2026-07-26T10:26:19+03:00\">26\/07\/2026<\/time><\/span><\/div>\n<\/div>\n<\/div>\n<\/div>\n<div class=\"td-block-span12\">\n<div class=\"td_module_6 td_module_wrap td-animation-stack\">\n<div class=\"td-module-thumb\"><a href=\"https:\/\/r3media.ro\/model-romanesc-candidata-afd-germania-interzicere-alegeri-primar\/\" rel=\"bookmark\" class=\"td-image-wrap \" title=\"Know-how rom\u00e2nesc aplicat peste hotare: Unei candidate AfD din Germania i se interzice s\u0103 fie aleas\u0103 \u00een func\u021bia de primar\"><img loading=\"lazy\" decoding=\"async\" class=\"entry-thumb\" src=\"https:\/\/r3media.ro\/wp-content\/uploads\/2022\/10\/AfD-100x70.webp\" alt title=\"Know-how rom\u00e2nesc aplicat peste hotare: Unei candidate AfD din Germania i se interzice s\u0103 fie aleas\u0103 \u00een func\u021bia de primar\" width=\"100\" height=\"70\"><\/a><\/div>\n<div class=\"item-details\">\n<h3 class=\"entry-title td-module-title\"><a href=\"https:\/\/r3media.ro\/model-romanesc-candidata-afd-germania-interzicere-alegeri-primar\/\" rel=\"bookmark\" title=\"Know-how rom\u00e2nesc aplicat peste hotare: Unei candidate AfD din Germania i se interzice s\u0103 fie aleas\u0103 \u00een func\u021bia de primar\">Know-how rom\u00e2nesc aplicat peste hotare: Unei candidate AfD din Germania i&#8230;<\/a><\/h3>\n<div class=\"td-module-meta-info\"><span class=\"td-post-date\"><time class=\"entry-date updated td-module-date\" datetime=\"2026-07-26T09:50:26+03:00\">26\/07\/2026<\/time><\/span><\/div>\n<\/div>\n<\/div>\n<\/div>\n<div class=\"td-block-span12\">\n<div class=\"td_module_6 td_module_wrap td-animation-stack\">\n<div class=\"td-module-thumb\"><a href=\"https:\/\/r3media.ro\/dictatura-forma-suprema-a-democratiei\/\" rel=\"bookmark\" class=\"td-image-wrap \" title=\"Dictatura \u2013 forma suprem\u0103 a democra\u021biei\"><img loading=\"lazy\" decoding=\"async\" class=\"entry-thumb\" src=\"https:\/\/r3media.ro\/wp-content\/uploads\/2023\/09\/ursula-id-digital-100x70.jpg\" alt title=\"Dictatura \u2013 forma suprem\u0103 a democra\u021biei\" width=\"100\" height=\"70\"><\/a><\/div>\n<div class=\"item-details\">\n<h3 class=\"entry-title td-module-title\"><a href=\"https:\/\/r3media.ro\/dictatura-forma-suprema-a-democratiei\/\" rel=\"bookmark\" title=\"Dictatura \u2013 forma suprem\u0103 a democra\u021biei\">Dictatura \u2013 forma suprem\u0103 a democra\u021biei<\/a><\/h3>\n<div class=\"td-module-meta-info\"><span class=\"td-post-date\"><time class=\"entry-date updated td-module-date\" datetime=\"2026-07-25T16:43:11+03:00\">25\/07\/2026<\/time><\/span><\/div>\n<\/div>\n<\/div>\n<\/div>\n<div class=\"td-block-span12\">\n<div class=\"td_module_6 td_module_wrap td-animation-stack\">\n<div class=\"td-module-thumb\"><a href=\"https:\/\/r3media.ro\/ford-recheama-service-500-000-masini-risc-incendiu-motor\/\" rel=\"bookmark\" class=\"td-image-wrap \" title=\"Ford recheam\u0103 \u00een service peste 500.000 de ma\u0219ini din cauza riscului de incendiu la motor\"><img loading=\"lazy\" decoding=\"async\" class=\"entry-thumb\" src=\"https:\/\/r3media.ro\/wp-content\/uploads\/2025\/03\/ford-100x70.png\" alt title=\"Ford recheam\u0103 \u00een service peste 500.000 de ma\u0219ini din cauza riscului de incendiu la motor\" width=\"100\" height=\"70\"><\/a><\/div>\n<div class=\"item-details\">\n<h3 class=\"entry-title td-module-title\"><a href=\"https:\/\/r3media.ro\/ford-recheama-service-500-000-masini-risc-incendiu-motor\/\" rel=\"bookmark\" title=\"Ford recheam\u0103 \u00een service peste 500.000 de ma\u0219ini din cauza riscului de incendiu la motor\">Ford recheam\u0103 \u00een service peste 500.000 de ma\u0219ini din cauza riscului&#8230;<\/a><\/h3>\n<div class=\"td-module-meta-info\"><span class=\"td-post-date\"><time class=\"entry-date updated td-module-date\" datetime=\"2026-07-25T11:44:05+03:00\">25\/07\/2026<\/time><\/span><\/div>\n<\/div>\n<\/div>\n<\/div>\n<div class=\"td-block-span12\">\n<div class=\"td_module_6 td_module_wrap td-animation-stack\">\n<div class=\"td-module-thumb\"><a href=\"https:\/\/r3media.ro\/nicusor-dan-o-noua-drona-doborata-la-10-kilometri-vest-de-sfantu-gheorghe\/\" rel=\"bookmark\" class=\"td-image-wrap \" title=\"Nicu\u0219or Dan: O nou\u0103 dron\u0103 \u2013 dobor\u00e2t\u0103 la 10 kilometri vest de Sf\u00e2ntu Gheorghe\"><img loading=\"lazy\" decoding=\"async\" class=\"entry-thumb\" src=\"https:\/\/r3media.ro\/wp-content\/uploads\/2024\/09\/Romanian_F-16_Fighting_Falcon_lands_at_Borcea_Air_Base_Romania-100x70.jpg\" alt title=\"Nicu\u0219or Dan: O nou\u0103 dron\u0103 \u2013 dobor\u00e2t\u0103 la 10 kilometri vest de Sf\u00e2ntu Gheorghe\" width=\"100\" height=\"70\"><\/a><\/div>\n<div class=\"item-details\">\n<h3 class=\"entry-title td-module-title\"><a href=\"https:\/\/r3media.ro\/nicusor-dan-o-noua-drona-doborata-la-10-kilometri-vest-de-sfantu-gheorghe\/\" rel=\"bookmark\" title=\"Nicu\u0219or Dan: O nou\u0103 dron\u0103 \u2013 dobor\u00e2t\u0103 la 10 kilometri vest de Sf\u00e2ntu Gheorghe\">Nicu\u0219or Dan: O nou\u0103 dron\u0103 \u2013 dobor\u00e2t\u0103 la 10 kilometri vest&#8230;<\/a><\/h3>\n<div class=\"td-module-meta-info\"><span class=\"td-post-date\"><time class=\"entry-date updated td-module-date\" datetime=\"2026-07-25T08:26:54+03:00\">25\/07\/2026<\/time><\/span><\/div>\n<\/div>\n<\/div>\n<\/div>\n<div class=\"td-block-span12\">\n<div class=\"td_module_6 td_module_wrap td-animation-stack\">\n<div class=\"td-module-thumb\"><a href=\"https:\/\/r3media.ro\/25-iulie-inaugurarea-pasajului-bucur-obor-realizat-romani\/\" rel=\"bookmark\" class=\"td-image-wrap \" title=\"Calendarul zilei 25 iulie: 47 de ani de la inaugurarea pasajului Bucur \u2013 Obor. Obiectivul a fost proiectat \u0219i realizat exclusiv de rom\u00e2ni, \u00een doar 15 luni\"><img loading=\"lazy\" decoding=\"async\" class=\"entry-thumb\" src=\"https:\/\/r3media.ro\/wp-content\/uploads\/2022\/07\/pasajul-bucur-obor-e1658696921934-100x70.jpg\" alt title=\"Calendarul zilei 25 iulie: 47 de ani de la inaugurarea pasajului Bucur \u2013 Obor. Obiectivul a fost proiectat \u0219i realizat exclusiv de rom\u00e2ni, \u00een doar 15 luni\" width=\"100\" height=\"70\"><\/a><\/div>\n<div class=\"item-details\">\n<h3 class=\"entry-title td-module-title\"><a href=\"https:\/\/r3media.ro\/25-iulie-inaugurarea-pasajului-bucur-obor-realizat-romani\/\" rel=\"bookmark\" title=\"Calendarul zilei 25 iulie: 47 de ani de la inaugurarea pasajului Bucur \u2013 Obor. Obiectivul a fost proiectat \u0219i realizat exclusiv de rom\u00e2ni, \u00een doar 15 luni\">Calendarul zilei 25 iulie: 47 de ani de la inaugurarea pasajului&#8230;<\/a><\/h3>\n<div class=\"td-module-meta-info\"><span class=\"td-post-date\"><time class=\"entry-date updated td-module-date\" datetime=\"2026-07-24T21:48:54+03:00\">24\/07\/2026<\/time><\/span><\/div>\n<\/div>\n<\/div>\n<\/div>\n<div class=\"td-block-span12\">\n<div class=\"td_module_6 td_module_wrap td-animation-stack\">\n<div class=\"td-module-thumb\"><a href=\"https:\/\/r3media.ro\/25-iulie-adormirea-sfintei-ana-mama-preasfintei-nascatoare-de-dumnezeu\/\" rel=\"bookmark\" class=\"td-image-wrap \" title=\"Calendarul zilei 25 iulie: Adormirea Sfintei Ana, mama Preasfintei N\u0103sc\u0103toare de Dumnezeu\"><img loading=\"lazy\" decoding=\"async\" class=\"entry-thumb\" src=\"https:\/\/r3media.ro\/wp-content\/uploads\/2023\/07\/sddefault-3-100x70.jpg\" alt title=\"Calendarul zilei 25 iulie: Adormirea Sfintei Ana, mama Preasfintei N\u0103sc\u0103toare de Dumnezeu\" width=\"100\" height=\"70\"><\/a><\/div>\n<div class=\"item-details\">\n<h3 class=\"entry-title td-module-title\"><a href=\"https:\/\/r3media.ro\/25-iulie-adormirea-sfintei-ana-mama-preasfintei-nascatoare-de-dumnezeu\/\" rel=\"bookmark\" title=\"Calendarul zilei 25 iulie: Adormirea Sfintei Ana, mama Preasfintei N\u0103sc\u0103toare de Dumnezeu\">Calendarul zilei 25 iulie: Adormirea Sfintei Ana, mama Preasfintei N\u0103sc\u0103toare de&#8230;<\/a><\/h3>\n<div class=\"td-module-meta-info\"><span class=\"td-post-date\"><time class=\"entry-date updated td-module-date\" datetime=\"2026-07-24T20:48:06+03:00\">24\/07\/2026<\/time><\/span><\/div>\n<\/div>\n<\/div>\n<\/div>\n<\/div>\n<\/div>\n<aside class=\"td_block_template_1 widget widget_recent_comments\">\n<h4 class=\"block-title\"><span>INTR\u0102 \u00ceN DISCU\u021aIE!<\/span><\/h4>\n<ul id=\"recentcomments\">\n<li class=\"recentcomments\"><span class=\"comment-author-link\">Nicu<\/span> la <a href=\"https:\/\/r3media.ro\/ford-recheama-service-500-000-masini-risc-incendiu-motor\/#comment-40311\">Ford recheam\u0103 \u00een service peste 500.000 de ma\u0219ini din cauza riscului de incendiu la motor<\/a><\/li>\n<li class=\"recentcomments\"><span class=\"comment-author-link\">Nicu<\/span> la <a href=\"https:\/\/r3media.ro\/iiccmer-solicita-demolare-statuie-poet-adrian-paunescu-gradina-icoanei-bucuresti\/#comment-40309\">IICCMER solicit\u0103 demolarea statuii poetului Adrian P\u0103unescu din Gr\u0103dina Icoanei din Bucure\u0219ti<\/a><\/li>\n<li class=\"recentcomments\"><span class=\"comment-author-link\">Eu<\/span> la <a href=\"https:\/\/r3media.ro\/mihail-neamtu-aur-transparentizarea-surselor-de-finantare-a-ong-urilor-este-obligatorie-unele-dintre-ele-pun-in-pericol-interesele-romaniei\/#comment-40308\">Mihail Neam\u021bu (AUR): Transparentizarea surselor de finan\u021bare a ONG-urilor este obligatorie! Unele dintre ele pun \u00een pericol interesele Rom\u00e2niei<\/a><\/li>\n<li class=\"recentcomments\"><span class=\"comment-author-link\">Mamarica<\/span> la <a href=\"https:\/\/r3media.ro\/marea-britanie-apa-inteligenta-artificiala-romania-centru-ai-restrictii-consum-apa\/#comment-40307\">Marea Britanie nu mai are suficient\u0103 ap\u0103 pentru Inteligen\u021ba Artificial\u0103, dar Rom\u00e2nia vrea s\u0103 g\u0103zduiasc\u0103 un centru AI care consum\u0103 c\u00e2t sute de mii de oameni \u0219i impune restric\u021bii la consumul de ap\u0103 al popula\u021biei<\/a><\/li>\n<li class=\"recentcomments\"><span class=\"comment-author-link\">Redac\u021bia<\/span> la <a href=\"https:\/\/r3media.ro\/marea-britanie-apa-inteligenta-artificiala-romania-centru-ai-restrictii-consum-apa\/#comment-40306\">Marea Britanie nu mai are suficient\u0103 ap\u0103 pentru Inteligen\u021ba Artificial\u0103, dar Rom\u00e2nia vrea s\u0103 g\u0103zduiasc\u0103 un centru AI care consum\u0103 c\u00e2t sute de mii de oameni \u0219i impune restric\u021bii la consumul de ap\u0103 al popula\u021biei<\/a><\/li>\n<li class=\"recentcomments\"><span class=\"comment-author-link\">Luminita<\/span> la <a href=\"https:\/\/r3media.ro\/marea-britanie-apa-inteligenta-artificiala-romania-centru-ai-restrictii-consum-apa\/#comment-40305\">Marea Britanie nu mai are suficient\u0103 ap\u0103 pentru Inteligen\u021ba Artificial\u0103, dar Rom\u00e2nia vrea s\u0103 g\u0103zduiasc\u0103 un centru AI care consum\u0103 c\u00e2t sute de mii de oameni \u0219i impune restric\u021bii la consumul de ap\u0103 al popula\u021biei<\/a><\/li>\n<li class=\"recentcomments\"><span class=\"comment-author-link\">Redac\u021bia<\/span> la <a href=\"https:\/\/r3media.ro\/marea-britanie-apa-inteligenta-artificiala-romania-centru-ai-restrictii-consum-apa\/#comment-40304\">Marea Britanie nu mai are suficient\u0103 ap\u0103 pentru Inteligen\u021ba Artificial\u0103, dar Rom\u00e2nia vrea s\u0103 g\u0103zduiasc\u0103 un centru AI care consum\u0103 c\u00e2t sute de mii de oameni \u0219i impune restric\u021bii la consumul de ap\u0103 al popula\u021biei<\/a><\/li>\n<\/ul>\n<\/aside>\n<aside class=\"td_block_template_1 widget widget_search\">\n<h4 class=\"block-title\"><span>CAUT\u0102 \u0218I VEI G\u0102SI<\/span><\/h4>\n<\/aside>\n<\/div>\n<\/div>\n<\/div>\n<\/div>\n<\/div>\n<\/div>\n<\/div>\n<p><span class=\"td-page-meta\"><\/span><span class=\"td-page-meta\"><span class=\"td-page-meta\"><\/span><\/span><span class=\"td-page-meta\"><\/span><\/article>\n<\/p>\n<div class=\"td_block_wrap tdb_single_content tdi_18 td-pb-border-top td_block_template_1 td-post-content tagdiv-type\" data-td-block-uid=\"tdi_18\">\n<div class=\"tdb-block-inner td-fix-index\">\n<p><strong>Andy Serkis a declarat \u00eentr-un interviu recent acordat <a href=\"https:\/\/www.bbc.com\/news\/articles\/c07y400jlngo\" target=\"_blank\" rel=\"noopener\">BBC<\/a> c\u0103 noul s\u0103u film \u201e<a href=\"https:\/\/r3media.ro\/tag\/stapanul-inelelor\/\" target=\"_blank\" rel=\"noopener\">St\u0103p\u00e2nul Inelelor<\/a>\u201d, \u201eV\u00e2n\u0103toarea lui Gollum\u201d, va \u201erecunoa\u0219te \u00eentr-o oarecare m\u0103sur\u0103\u201d lipsa de diversitate a francizei.<\/strong><\/p>\n<p>Filmul, aflat \u00een produc\u021bie, a anun\u021bat p\u00e2n\u0103 acum o distribu\u021bie format\u0103 \u00een \u00eentregime din actori albi. Ace\u0219tia sunt Jamie Dornan, Anna Taylor-Joy, Kate Winslet, Lee Pace, Leo Woodall, Elijah Wood \u0219i Ian McKellen. \u00cen plus, Andy Serkis revine \u00een pielea lui Gollum, de data asta \u00een rolul principal.<\/p>\n<p>\u201e<strong><a href=\"https:\/\/r3media.ro\/tag\/jrr-tolkien\/\" target=\"_blank\" rel=\"noopener\">J.R.R. Tolkien<\/a><\/strong> \u00eensu\u0219i a fost influen\u021bat mult de mitologia nordic\u0103. Exist\u0103 mult din acest sentiment\u201d, a explicat Serkis despre lipsa diversit\u0103\u021bii.<\/p>\n<p>\u201eComitatul se simte foarte, foarte mult ca unul foarte, foarte alb. Nu sunt foarte preocupa\u021bi de ce se \u00eent\u00e2mpl\u0103 dincolo de grani\u021bele Comitatului\u201d, a mai zis regizorul.<\/p>\n<p><strong>\u201eDa, au existat critici\u201d<\/strong>, a ad\u0103ugat Serkis.<\/p>\n<p><strong>\u201eAcest film recunoa\u0219te oarecum acest lucru. Dar nu cred c\u0103 vom face o versiune corect\u0103 din punct de vedere politic a filmului, \u00een care se fac doar distribu\u021bii de dragul de a bifa c\u0103su\u021be. Deci, practic, este relevant\u201d<\/strong>, a punctat regizorul.<\/p>\n<p>Membrii suplimentari ai distribu\u021biei pentru \u201eSt\u0103p\u00e2nul Inelelor: V\u00e2n\u0103toarea lui Gollum\u201d nu au fost \u00eenc\u0103 anun\u021ba\u021bi.<\/p>\n<h2><strong>Serialul St\u0103p\u00e2nul Inelelor: Inelele Puterii, mult mai prietenos din punct de vedere politic<\/strong><\/h2>\n<p>\u00a0<\/p>\n<p>Serialul Prime Video \u201eSt\u0103p\u00e2nul Inelelor: Inelele Puterii\u201d s-a confruntat anterior cu reac\u021bii negative din cauza distribu\u021biei sale diverse. Indignarea a devenit at\u00e2t de puternic\u0103 \u00eenc\u00e2t membrii distribu\u021biei din \u201eSt\u0103p\u00e2nul Inelelor\u201d ai lui Jackson, Elijah Wood, Billy Boyd \u0219i Dominic Monaghan, s-au unit pe re\u021belele de socializare pentru a sus\u021bine distribu\u021bia incluziv\u0103 a serialului. Cei trei au purtat tricouri care prezentau urechile unor creaturi din P\u0103m\u00e2ntul de Mijloc \u00een diferite nuan\u021be de piele.<\/p>\n<p>Actorii din \u201eInelele Puterii\u201d au emis apoi o declara\u021bie comun\u0103 prin care condamn\u0103 \u201erasismul, amenin\u021b\u0103rile, h\u0103r\u021buirea \u0219i abuzurile neobosite la care sunt supu\u0219i zilnic unii dintre colegii no\u0219tri de culoare\u201d.<\/p>\n<p>\u201eTolkien a creat o lume care, prin defini\u021bie, este multicultural\u0103\u201d, se arat\u0103 \u00een declara\u021bie.<\/p>\n<p>\u201eO lume \u00een care popoare libere din rase \u0219i culturi diferite se unesc, \u00een fraternitate, pentru a \u00eenvinge for\u021bele r\u0103ului. \u00abInelele Puterii\u00bb reflect\u0103 acest lucru. Lumea noastr\u0103 nu a fost niciodat\u0103 complet alb\u0103. Fantezia nu a fost niciodat\u0103 complet alb\u0103. P\u0103m\u00e2ntul de Mijloc nu este complet alb\u201d, se preciza \u00een declara\u021bie.<\/p>\n<p>\u201eSt\u0103p\u00e2nul Inelelor: V\u00e2n\u0103toarea lui Gollum\u201d are premiera \u00een cinematografe pe 17 decembrie 2027, conform <a href=\"https:\/\/variety.com\/2026\/film\/news\/andy-serkis-lord-of-the-rings-diversity-white-actors-1236811570\/\" target=\"_blank\" rel=\"noopener\">Variety<\/a>.<\/p>\n<h2><strong>St\u0103p\u00e2nul Inelelor, opera lui Tolkien care a captivat milioane de oameni<\/strong><\/h2>\n<p>\u00a0<\/p>\n<p>J.R.R. Tolkien este recunoscut drept p\u0103rintele literaturii fantastice moderne, cre\u00e2nd prin opera sa un univers mitologic de o complexitate f\u0103r\u0103 precedent. Punctul culminant al acestei crea\u021bii monumentale este romanul St\u0103p\u00e2nul Inelelor, o capodoper\u0103 a literaturii secolului al XX-lea care a redefinit genul epic. De\u0219i adesea considerat o simpl\u0103 continuare a romanului Hobbitul, acest epic narativ dep\u0103\u0219e\u0219te grani\u021bele unei pove\u0219ti pentru copii, transform\u00e2ndu-se \u00eentr-o medita\u021bie profund\u0103 asupra puterii, corup\u021biei morale, prieteniei \u0219i sacrificiului \u00een fa\u021ba unui r\u0103u cople\u0219itor.<\/p>\n<p>Universul \u00een care se desf\u0103\u0219oar\u0103 ac\u021biunea, P\u0103m\u00e2ntul de Mijloc (Middle-earth), nu este doar un simplu fundal geografic, ci un t\u00e2r\u00e2m viu, completat de o geografie detaliat\u0103, istorii milenare \u0219i cosmologii complexe. Ceea ce face ca aceast\u0103 oper\u0103 s\u0103 fie unic\u0103 este faptul c\u0103 Tolkien a construit limbi complet func\u021bionale (cum ar fi quenya \u0219i sindarin, limbile elfice) cu mult \u00eenainte de a scrie pove\u0219tile pentru cei care le vorbesc. Aceast\u0103 abordare a dat na\u0219tere unui sentiment profund de autenticitate \u0219i profunzime istoric\u0103, f\u0103c\u00e2nd ca P\u0103m\u00e2ntul de Mijloc s\u0103 par\u0103 o lume real\u0103 care a existat c\u00e2ndva \u00een trecutul \u00eendep\u0103rtat al P\u0103m\u00e2ntului.<\/p>\n<p>Prin intermediul unor personaje memorabile precum Frodo Baggins, Gandalf sau Aragorn, St\u0103p\u00e2nul Inelelor exploreaz\u0103 lupta etern\u0103 dintre lumin\u0103 \u0219i \u00eentuneric. Povestea accentueaz\u0103 ideea c\u0103 cele mai mari schimb\u0103ri nu vin de la cei puternici, ci de la oamenii (sau hobbi\u021bii) simpli, prin gesturi cotidiene de curaj. Mo\u0219tenirea l\u0103sat\u0103 de Tolkien continu\u0103 s\u0103 inspire milioane de cititori din \u00eentreaga lume, men\u021bin\u00e2ndu-\u0219i relevan\u021ba cultural\u0103 \u0219i literar\u0103 la zeci de ani de la publicare \u0219i r\u0103m\u00e2n\u00e2nd etalonul absolut al literaturii fantasy.<\/p>\n<div class=\"crp_related     crp-masonry\">\n<h2>\u00ceN CONTEXT<\/h2>\n<ul>\n<li><a href=\"https:\/\/r3media.ro\/stapanul-inelelor-rasist-j-r-r-tolkien-acuzat-profesor-universitate-progresista-demonizare-persoane-de-culoare-orci\/\" class=\"crp_link post-113716\"><span class=\"crp_title\">St\u0103p\u00e2nul Inelelor e \u201erasist\u201c: J.R.R. Tolkien e acuzat de un profesor de la o universitate\u2026<\/span><\/a><\/li>\n<li><a href=\"https:\/\/r3media.ro\/credinta-plastilina-ascor-cluj-anulare-savatie-bastovoi\/\" class=\"crp_link post-115579\"><span class=\"crp_title\">Credin\u021b\u0103 de plastilin\u0103: ASCOR Cluj a anulat conferin\u021ba p\u0103rintelui Savatie Ba\u0219tovoi, dup\u0103\u2026<\/span><\/a><\/li>\n<\/ul>\n<\/div>\n<\/div>\n<\/div>\n<p>[analyse_source url=&#8221;https:\/\/r3media.ro\/film-nou-stapanul-inelelor-corect-politic-regizor-andy-serkis-diversitate-tolkien-mitologie-nordica\/&#8221;]<\/p>\n","protected":false},"excerpt":{"rendered":"<p>[analyse_image type=&#8221;featured&#8221; src=&#8221;https:\/\/r3media.ro\/wp-content\/uploads\/2026\/07\/comitatul-din-stapanul-inelelor-scaled-e1785069352199.jpghttps:\/\/r3media.ro\/wp-content\/uploads\/2026\/07\/comitatul-din-stapanul-inelelor-scaled-e1785069352199.jpg&#8221;] FEATUREDNoul film \u201eSt\u0103p\u00e2nul Inelelor\u201d nu va fi corect politic. Regizorul Andy Serkis:&#8230; FEATURED\u0218TIRI Noul film \u201eSt\u0103p\u00e2nul Inelelor\u201d nu va fi corect politic. Regizorul Andy Serkis: J.R.R. Tolkien a fost influen\u021bat de mitologia nordic\u0103. Nu vrem o distribu\u021bie de dragul de a bifa c\u0103su\u021be Oana Ivan 26\/07\/2026 Surs\u0103 &#8211; Unsplash Andy Serkis a [&hellip;]<\/p>\n","protected":false},"author":1,"featured_media":0,"comment_status":"open","ping_status":"","sticky":false,"template":"","format":"standard","meta":{"footnotes":""},"categories":[89],"tags":[226,93],"class_list":["post-2062629","post","type-post","status-publish","format-standard","hentry","category-romania","tag-crawlmanager","tag-r3media-ro"],"_links":{"self":[{"href":"https:\/\/analyse.optim.biz\/index.php?rest_route=\/wp\/v2\/posts\/2062629","targetHints":{"allow":["GET"]}}],"collection":[{"href":"https:\/\/analyse.optim.biz\/index.php?rest_route=\/wp\/v2\/posts"}],"about":[{"href":"https:\/\/analyse.optim.biz\/index.php?rest_route=\/wp\/v2\/types\/post"}],"author":[{"embeddable":true,"href":"https:\/\/analyse.optim.biz\/index.php?rest_route=\/wp\/v2\/users\/1"}],"replies":[{"embeddable":true,"href":"https:\/\/analyse.optim.biz\/index.php?rest_route=%2Fwp%2Fv2%2Fcomments&post=2062629"}],"version-history":[{"count":0,"href":"https:\/\/analyse.optim.biz\/index.php?rest_route=\/wp\/v2\/posts\/2062629\/revisions"}],"wp:attachment":[{"href":"https:\/\/analyse.optim.biz\/index.php?rest_route=%2Fwp%2Fv2%2Fmedia&parent=2062629"}],"wp:term":[{"taxonomy":"category","embeddable":true,"href":"https:\/\/analyse.optim.biz\/index.php?rest_route=%2Fwp%2Fv2%2Fcategories&post=2062629"},{"taxonomy":"post_tag","embeddable":true,"href":"https:\/\/analyse.optim.biz\/index.php?rest_route=%2Fwp%2Fv2%2Ftags&post=2062629"}],"curies":[{"name":"wp","href":"https:\/\/api.w.org\/{rel}","templated":true}]}}