{"id":2062621,"date":"2026-07-26T05:40:43","date_gmt":"2026-07-26T02:40:43","guid":{"rendered":"https:\/\/analyse.optim.biz\/?p=2062621"},"modified":"2026-07-26T05:40:43","modified_gmt":"2026-07-26T02:40:43","slug":"la-aproape-doua-saptamani-de-la-furtuna-o-creanga-rupta-inca-atarna-deasupra-statiei-trans-bus-din-dorobanti-solutia-accesul-calatorilor-blocat-cu-banda-de-delimitare","status":"publish","type":"post","link":"https:\/\/analyse.optim.biz\/?p=2062621","title":{"rendered":"La aproape dou\u0103 s\u0103pt\u0103m\u00e2ni de la furtun\u0103, o creang\u0103 rupt\u0103 \u00eenc\u0103 at\u00e2rn\u0103 deasupra sta\u021biei Trans Bus din Doroban\u021bi. Solu\u021bia? Accesul c\u0103l\u0103torilor, blocat cu band\u0103 de delimitare."},"content":{"rendered":"<p>[analyse_image type=&#8221;featured&#8221; src=&#8221;https:\/\/gazetabuzoiana.ro\/wp-content\/uploads\/2026\/07\/1-12.jpeg&#8221;]<\/p>\n<div class=\"entry-content entry clearfix\">\n<p class=\"wp-block-paragraph\">La aproape dou\u0103 s\u0103pt\u0103m\u00e2ni dup\u0103 furtuna puternic\u0103 care a afectat municipiul Buz\u0103u, urmele fenomenului meteo sunt \u00eenc\u0103 vizibile \u00een mai multe zone ale ora\u0219ului. Crengi rupte \u0219i arbori afecta\u021bi nu au fost \u00eenc\u0103 \u00eendep\u0103rta\u021bi, iar \u00een unele locuri acestea continu\u0103 s\u0103 reprezinte un pericol pentru trec\u0103tori.<\/p>\n<figure class=\"wp-block-gallery has-nested-images columns-default is-cropped wp-block-gallery-1 is-layout-flex wp-block-gallery-is-layout-flex\">\n<figure class=\"wp-block-image size-large\"><img loading=\"lazy\" decoding=\"async\" width=\"1024\" height=\"768\" data-id=\"21723\" src=\"https:\/\/gazetabuzoiana.ro\/wp-content\/uploads\/2026\/07\/4-5-1024x768.jpeg\" alt class=\"wp-image-21723\"><\/figure>\n<figure class=\"wp-block-image size-large\"><img decoding=\"async\" loading=\"lazy\" width=\"576\" height=\"1024\" data-id=\"21725\" src=\"https:\/\/gazetabuzoiana.ro\/wp-content\/uploads\/2026\/07\/6-3-576x1024.jpeg\" alt class=\"wp-image-21725\"><\/figure>\n<\/figure>\n<p class=\"wp-block-paragraph\">O astfel de situa\u021bie a fost semnalat\u0103 pe Facebook de un buzoian, care a publicat mai multe fotografii realizate \u00een sta\u021bia Trans Bus din cartierul Doroban\u021bi.<\/p>\n<p class=\"wp-block-paragraph\">Imaginile surprind o creang\u0103 de mari dimensiuni, rupt\u0103 \u00een urma furtunii, r\u0103mas\u0103 ag\u0103\u021bat\u0103 \u00een cablurile aeriene chiar deasupra sta\u021biei de autobuz. De\u0219i au trecut aproximativ dou\u0103 s\u0103pt\u0103m\u00e2ni de la producerea fenomenului meteo, aceasta nu a fost \u00eendep\u0103rtat\u0103.<\/p>\n<p class=\"wp-block-paragraph\">\u00cen schimb, societatea Urbis Serv a ales o solu\u021bie provizorie. Zona a fost delimitat\u0103 cu band\u0103 de avertizare chiar \u00een spa\u021biul destinat c\u0103l\u0103torilor, astfel \u00eenc\u00e2t oamenii s\u0103 nu stea direct sub creanga suspendat\u0103. Banda nu a eliminat pericolul, ci doar a mutat locul \u00een care c\u0103l\u0103torii pot a\u0219tepta autobuzul.<\/p>\n<p class=\"wp-block-paragraph\">Situa\u021bia este cu at\u00e2t mai neobi\u0219nuit\u0103 cu c\u00e2t sta\u021bia este utilizat\u0103 zilnic de numero\u0219i buzoieni. \u00cen loc ca ramura rupt\u0103 s\u0103 fie \u00eendep\u0103rtat\u0103, aceasta continu\u0103 s\u0103 at\u00e2rne deasupra refugiului, sprijinit\u0103 doar \u00een cablurile aflate deasupra carosabilului.<\/p>\n<p class=\"wp-block-paragraph\">Fotografiile realizate at\u00e2t pe timpul zilei, c\u00e2t \u0219i seara, arat\u0103 c\u0103 m\u0103sura provizorie este \u00een continuare \u00een vigoare, iar banda de delimitare a r\u0103mas montat\u0103 \u00een jurul zonei considerate periculoase.<\/p>\n<p class=\"wp-block-paragraph\">Cazul din Doroban\u021bi este un exemplu c\u0103, la aproape dou\u0103 s\u0103pt\u0103m\u00e2ni de la furtun\u0103, nu toate efectele fenomenului meteo au fost remediate. <\/p>\n<div class=\"post-bottom-meta post-bottom-tags post-tags-modern\">\n<div class=\"post-bottom-meta-title\"> Etichete<\/div>\n<p><span class=\"tagcloud\"><a href=\"https:\/\/gazetabuzoiana.ro\/tag\/administratia-locala\/\" rel=\"tag\">administra\u021bia local\u0103<\/a><a href=\"https:\/\/gazetabuzoiana.ro\/tag\/arbori-periculosi\/\" rel=\"tag\">arbori periculo\u0219i<\/a><a href=\"https:\/\/gazetabuzoiana.ro\/tag\/buzau-2\/\" rel=\"tag\">Buz\u0103u<\/a><a href=\"https:\/\/gazetabuzoiana.ro\/tag\/crengi-rupte\/\" rel=\"tag\">crengi rupte<\/a><a href=\"https:\/\/gazetabuzoiana.ro\/tag\/dorobanti-buzau\/\" rel=\"tag\">Doroban\u021bi Buz\u0103u<\/a><a href=\"https:\/\/gazetabuzoiana.ro\/tag\/efectele-furtunii\/\" rel=\"tag\">efectele furtunii<\/a><a href=\"https:\/\/gazetabuzoiana.ro\/tag\/furtuna-buzau\/\" rel=\"tag\">furtun\u0103 Buz\u0103u<\/a><a href=\"https:\/\/gazetabuzoiana.ro\/tag\/primaria-buzau\/\" rel=\"tag\">Prim\u0103ria Buz\u0103u<\/a><a href=\"https:\/\/gazetabuzoiana.ro\/tag\/siguranta-cetatenilor\/\" rel=\"tag\">siguran\u021ba cet\u0103\u021benilor<\/a><a href=\"https:\/\/gazetabuzoiana.ro\/tag\/statia-trans-bus-dorobanti\/\" rel=\"tag\">sta\u021bia Trans Bus Doroban\u021bi<\/a><a href=\"https:\/\/gazetabuzoiana.ro\/tag\/trans-bus\/\" rel=\"tag\">Trans Bus<\/a><a href=\"https:\/\/gazetabuzoiana.ro\/tag\/transport-public-buzau\/\" rel=\"tag\">transport public Buz\u0103u<\/a><a href=\"https:\/\/gazetabuzoiana.ro\/tag\/urbis-serv\/\" rel=\"tag\">Urbis Serv<\/a><\/span><\/div>\n<\/div>\n<p>[analyse_source url=&#8221;https:\/\/gazetabuzoiana.ro\/2026\/07\/26\/la-aproape-doua-saptamani-de-la-furtuna-o-creanga-rupta-inca-atarna-deasupra-statiei-trans-bus-din-dorobanti-solutia-accesul-calatorilor-blocat-cu-banda-de-delimitare\/&#8221;]<\/p>\n","protected":false},"excerpt":{"rendered":"<p>[analyse_image type=&#8221;featured&#8221; src=&#8221;https:\/\/gazetabuzoiana.ro\/wp-content\/uploads\/2026\/07\/1-12.jpeg&#8221;] La aproape dou\u0103 s\u0103pt\u0103m\u00e2ni dup\u0103 furtuna puternic\u0103 care a afectat municipiul Buz\u0103u, urmele fenomenului meteo sunt \u00eenc\u0103 vizibile \u00een mai multe zone ale ora\u0219ului. Crengi rupte \u0219i arbori afecta\u021bi nu au fost \u00eenc\u0103 \u00eendep\u0103rta\u021bi, iar \u00een unele locuri acestea continu\u0103 s\u0103 reprezinte un pericol pentru trec\u0103tori. O astfel de situa\u021bie a fost [&hellip;]<\/p>\n","protected":false},"author":1,"featured_media":0,"comment_status":"open","ping_status":"","sticky":false,"template":"","format":"standard","meta":{"footnotes":""},"categories":[2],"tags":[226,38],"class_list":["post-2062621","post","type-post","status-publish","format-standard","hentry","category-politics","tag-crawlmanager","tag-gazetabuzoiana-ro"],"_links":{"self":[{"href":"https:\/\/analyse.optim.biz\/index.php?rest_route=\/wp\/v2\/posts\/2062621","targetHints":{"allow":["GET"]}}],"collection":[{"href":"https:\/\/analyse.optim.biz\/index.php?rest_route=\/wp\/v2\/posts"}],"about":[{"href":"https:\/\/analyse.optim.biz\/index.php?rest_route=\/wp\/v2\/types\/post"}],"author":[{"embeddable":true,"href":"https:\/\/analyse.optim.biz\/index.php?rest_route=\/wp\/v2\/users\/1"}],"replies":[{"embeddable":true,"href":"https:\/\/analyse.optim.biz\/index.php?rest_route=%2Fwp%2Fv2%2Fcomments&post=2062621"}],"version-history":[{"count":0,"href":"https:\/\/analyse.optim.biz\/index.php?rest_route=\/wp\/v2\/posts\/2062621\/revisions"}],"wp:attachment":[{"href":"https:\/\/analyse.optim.biz\/index.php?rest_route=%2Fwp%2Fv2%2Fmedia&parent=2062621"}],"wp:term":[{"taxonomy":"category","embeddable":true,"href":"https:\/\/analyse.optim.biz\/index.php?rest_route=%2Fwp%2Fv2%2Fcategories&post=2062621"},{"taxonomy":"post_tag","embeddable":true,"href":"https:\/\/analyse.optim.biz\/index.php?rest_route=%2Fwp%2Fv2%2Ftags&post=2062621"}],"curies":[{"name":"wp","href":"https:\/\/api.w.org\/{rel}","templated":true}]}}