{"id":2062616,"date":"2026-07-25T15:47:14","date_gmt":"2026-07-25T12:47:14","guid":{"rendered":"https:\/\/analyse.optim.biz\/?p=2062616"},"modified":"2026-07-25T15:47:14","modified_gmt":"2026-07-25T12:47:14","slug":"penitenciarul-de-la-unguriu-prinde-contur-lucrarile-avanseaza-iar-investitia-va-fi-finalizata-in","status":"publish","type":"post","link":"https:\/\/analyse.optim.biz\/?p=2062616","title":{"rendered":"Penitenciarul de la Unguriu prinde contur. Lucr\u0103rile avanseaz\u0103, iar investi\u021bia va fi finalizat\u0103 \u00een"},"content":{"rendered":"<p>[analyse_image type=&#8221;featured&#8221; src=&#8221;https:\/\/stiridinsursebuzau.ro\/wp-content\/uploads\/2026\/07\/IMG_7222-1024&#215;768.jpeg&#8221;]<\/p>\n<article class=\"page-content-single small single\">\n<div id=\"stiri-865178456\" class=\"stiri-inainte-de-continut-3 stiri-entity-placement\"><a href=\"https:\/\/buzau.21k.ro\/\" aria-label=\"900\u00d7200\"><img decoding=\"async\" loading=\"lazy\" src=\"https:\/\/stiridinsursebuzau.ro\/wp-content\/uploads\/2026\/07\/900x200.gif\" alt width=\"900\" height=\"200\"><\/a><\/div>\n<p><strong>Lucr\u0103rile la noul Penitenciar P48 <a href=\"https:\/\/stiridinsursebuzau.ro\/incep-lucrarile-la-noul-penitenciar-din-unguriu-judetul-buzau\/\">Unguriu<\/a>, una dintre cele mai importante investi\u021bii din sistemul penitenciar rom\u00e2nesc, avanseaz\u0103 de la o zi la alta. Potrivit informa\u021biilor de pe \u0219antier, proiectul se afl\u0103 \u00een plin\u0103 execu\u021bie, iar termenul de finalizare este stabilit pentru 8 februarie 2028, ceea ce \u00eenseamn\u0103 c\u0103 mai sunt aproximativ doi ani p\u00e2n\u0103 la inaugurarea obiectivului.<\/strong><\/p>\n<p>Antreprenorul general al lucr\u0103rii este <strong>NESS Project Europe<\/strong>, companie specializat\u0103 \u00een construc\u021bii industriale \u0219i proiecte integrate de infrastructur\u0103 \u0219i re\u021bele edilitare, care execut\u0103 investi\u021bia la cheie.<\/p>\n<figure class=\"wp-block-image size-large\"><img loading=\"lazy\" decoding=\"async\" width=\"768\" height=\"1024\" src=\"https:\/\/stiridinsursebuzau.ro\/wp-content\/uploads\/2026\/07\/IMG_7223-768x1024.jpeg\" alt class=\"wp-image-48250\"><\/figure>\n<p>Noul penitenciar va fi amplasat \u00een localitatea <strong><a href=\"https:\/\/stiridinsursebuzau.ro\/anp-a-semnat-contractul-pentru-executia-unui-penitenciar-nou-in-judetul-buzau\/\">Unguriu<\/a><\/strong>, jude\u021bul Buz\u0103u, \u0219i va avea o capacitate de <strong>900 de locuri de deten\u021bie<\/strong>, calculate la standardul european de <strong>4 metri p\u0103tra\u021bi pentru fiecare persoan\u0103 privat\u0103 de libertate<\/strong>. Dintre acestea, <strong>800 de locuri vor fi destinate regimului semideschis<\/strong>, iar <strong>100 de locuri regimului \u00eenchis<\/strong>.<\/p>\n<h3 class=\"wp-block-heading\">Complex modern, construit dup\u0103 standarde europene<\/h3>\n<figure class=\"wp-block-image size-full\"><img decoding=\"async\" loading=\"lazy\" width=\"1000\" height=\"684\" src=\"https:\/\/stiridinsursebuzau.ro\/wp-content\/uploads\/2026\/07\/unguriu_2.jpg\" alt class=\"wp-image-48246\"><\/figure>\n<p>Proiectul presupune realizarea unei infrastructuri moderne, care s\u0103 r\u0103spund\u0103 at\u00e2t nevoilor persoanelor private de libertate, c\u00e2t \u0219i celor ale personalului penitenciar.<\/p>\n<p>Zona de deten\u021bie va include <strong>12 pavilioane interioare \u0219i un pavilion exterior<\/strong>, iar pentru de\u021binu\u021bii afla\u021bi \u00een regim semideschis vor fi construite <strong>10 pavilioane<\/strong>, fiecare beneficiind de propria curte de plimbare.<\/p>\n<p>Un element important al investi\u021biei \u00eel reprezint\u0103 pavilionul destinat <strong>reintegr\u0103rii sociale<\/strong>, unde vor func\u021biona:<\/p>\n<ul class=\"wp-block-list\">\n<li>patru cluburi pentru activit\u0103\u021bi de grup;<\/li>\n<li>trei s\u0103li de clas\u0103;<\/li>\n<li>o bibliotec\u0103;<\/li>\n<li>o sal\u0103 de calculatoare;<\/li>\n<li>trei spa\u021bii dedicate activit\u0103\u021bilor recreative;<\/li>\n<li>un club multifunc\u021bional;<\/li>\n<li>un spa\u021biu pentru activit\u0103\u021bi interconfesionale;<\/li>\n<li>un studio radio-TV;<\/li>\n<li>un spa\u021biu pentru activit\u0103\u021bi sportive;<\/li>\n<li>alte spa\u021bii tehnice necesare desf\u0103\u0219ur\u0103rii programelor de reintegrare.<\/li>\n<\/ul>\n<p>Pentru persoanele \u00eencadrate \u00een regimul deschis vor exista <strong>dou\u0103 pavilioane dedicate<\/strong>, iar una dintre cele mai inovatoare componente ale proiectului va fi pavilionul <strong>\u201eLibertate asumat\u0103\u201d<\/strong>, amplasat \u00een exteriorul penitenciarului. Acesta va avea o capacitate de <strong>16 locuri<\/strong> \u0219i este destinat de\u021binu\u021bilor afla\u021bi \u00een ultimele etape ale execut\u0103rii pedepsei, preg\u0103tindu-i pentru reintegrarea \u00een societate.<\/p>\n<h3 class=\"wp-block-heading\">Dot\u0103ri pentru s\u0103n\u0103tate, educa\u021bie \u0219i vizite<\/h3>\n<p>Pe l\u00e2ng\u0103 spa\u021biile de deten\u021bie, noul penitenciar va beneficia de numeroase facilit\u0103\u021bi moderne.<\/p>\n<p>Printre acestea se num\u0103r\u0103 un <strong>centru medical de medicin\u0103 primar\u0103<\/strong>, organizat pe trei componente \u2013 ambulatoriu, spitalizare \u0219i farmacie \u2013, o <strong>biseric\u0103<\/strong> destinat\u0103 ambelor regimuri de deten\u021bie, o <strong>cl\u0103dire administrativ\u0103<\/strong> pentru personal, cu birouri, s\u0103li de \u0219edin\u021be, arhiv\u0103 \u0219i s\u0103li de sport.<\/p>\n<p>Complexul va mai include o <strong>sal\u0103 de sport \u0219i un teren multisport<\/strong> pentru persoanele private de libertate, dar \u0219i un pavilion dedicat vizitelor, prev\u0103zut cu spa\u021bii speciale pentru \u00eent\u00e2lniri cu avoca\u021bii, camere pentru vizite mam\u0103\u2013copil, spa\u021bii pentru vizite p\u0103rinte\u2013copil \u0219i camere pentru vizite conjugale.<\/p>\n<p>Potrivit panoului de \u0219antier, lucr\u0103rile au \u00eenceput la <strong>8 februarie 2024<\/strong>, au o durat\u0103 de execu\u021bie de <strong>48 de luni<\/strong>, iar finalizarea este programat\u0103 pentru <strong>8 februarie 2028<\/strong>. Ritmul actual al lucr\u0103rilor arat\u0103 c\u0103 investi\u021bia \u00eenainteaz\u0103 constant, noul Penitenciar P48 Unguriu urm\u00e2nd s\u0103 devin\u0103 unul dintre cele mai moderne unit\u0103\u021bi de deten\u021bie construite \u00een Rom\u00e2nia \u00een ultimii ani.<\/p>\n<div class=\"post-views content-post post-48245 entry-meta load-static\"><span class=\"post-views-label\">Vizualiz\u0103ri \u0219tire:<\/span><span class=\"post-views-count\">457<\/span><\/div>\n<div id=\"stiri-3970940099\" class=\"stiri-dupa-continut-2 stiri-entity-placement\"><a href=\"https:\/\/rapidservicebuzau.ro\/\" aria-label=\"RAPID SUPER SERVICE\"><img decoding=\"async\" loading=\"lazy\" src=\"https:\/\/stiridinsursebuzau.ro\/wp-content\/uploads\/2026\/02\/ChatGPT-Image-10-feb.-2026-22_24_01.png\" alt width=\"1536\" height=\"1024\"><\/a><\/div>\n<div id=\"stiri-2764893972\" class=\"stiri-dupa-continut_2 stiri-entity-placement\"><a href=\"https:\/\/www.facebook.com\/profile.php?id=61564932526740\" aria-label=\"Glamour Pizza &quot;la patrat&quot;\"><img decoding=\"async\" loading=\"lazy\" src=\"https:\/\/stiridinsursebuzau.ro\/wp-content\/uploads\/2026\/02\/ChatGPT-Image-10-feb.-2026-21_57_13.png\" alt=\"Glamour Pizza &quot;la patrat&quot;\" width=\"1536\" height=\"1024\"><\/a><\/div>\n<div id=\"stiri-2689821932\" class=\"stiri-dupa-continut_3 stiri-entity-placement\"><a href=\"https:\/\/www.facebook.com\/profile.php?id=61573613380169&amp;locale=ro_RO\" aria-label=\"ChatGPT Image 10 feb. 2026, 22_10_50\"><img decoding=\"async\" loading=\"lazy\" src=\"https:\/\/stiridinsursebuzau.ro\/wp-content\/uploads\/2026\/02\/ChatGPT-Image-10-feb.-2026-22_10_50.png\" alt width=\"1536\" height=\"1024\"><\/a><\/div>\n<div id=\"stiri-1025907694\" class=\"stiri-dupa-continut_4 stiri-entity-placement\"><a href=\"https:\/\/www.facebook.com\/profile.php?id=100077377992379\" aria-label=\"1536 cu 1024 pixeli\"><img decoding=\"async\" loading=\"lazy\" src=\"https:\/\/stiridinsursebuzau.ro\/wp-content\/uploads\/2026\/02\/ChatGPT-Image-20-feb.-2026-14_05_15.png\" alt=\"1536 cu 1024 pixeli\" width=\"1536\" height=\"1024\"><\/a><\/div>\n<div id=\"stiri-2705758942\" class=\"stiri-dupa-continut_5 stiri-entity-placement\"><img decoding=\"async\" loading=\"lazy\" src=\"https:\/\/stiridinsursebuzau.ro\/wp-content\/uploads\/2026\/02\/ChatGPT-Image-10-feb.-2026-23_00_56.png\" alt=\"piese tractoare\" width=\"1536\" height=\"1024\"><\/div>\n<nav class=\"navigation post-navigation\" aria-label=\"Articole\">\n<h2 class=\"screen-reader-text\">Navigare \u00een articole<\/h2>\n<div class=\"nav-links\">\n<div class=\"nav-previous\"><a href=\"https:\/\/stiridinsursebuzau.ro\/din-buzau-spre-cer-povestea-lui-armani-stoica-tanarul-care-si-a-construit-viitorul-la-doar-18-ani\/\" rel=\"prev\">Din Buz\u0103u spre cer. Povestea lui Armani Stoica, t\u00e2n\u0103rul care \u0219i-a construit viitorul la doar 18 ani <\/a><\/div>\n<\/div>\n<\/nav>\n<\/article>\n<article class=\"page-content-single small single\">\n<div id=\"stiri-865178456\" class=\"stiri-inainte-de-continut-3 stiri-entity-placement\"><a href=\"https:\/\/buzau.21k.ro\/\" aria-label=\"900\u00d7200\"><img decoding=\"async\" loading=\"lazy\" src=\"https:\/\/stiridinsursebuzau.ro\/wp-content\/uploads\/2026\/07\/900x200.gif\" alt width=\"900\" height=\"200\"><\/a><\/div>\n<p><strong>Lucr\u0103rile la noul Penitenciar P48 <a href=\"https:\/\/stiridinsursebuzau.ro\/incep-lucrarile-la-noul-penitenciar-din-unguriu-judetul-buzau\/\">Unguriu<\/a>, una dintre cele mai importante investi\u021bii din sistemul penitenciar rom\u00e2nesc, avanseaz\u0103 de la o zi la alta. Potrivit informa\u021biilor de pe \u0219antier, proiectul se afl\u0103 \u00een plin\u0103 execu\u021bie, iar termenul de finalizare este stabilit pentru 8 februarie 2028, ceea ce \u00eenseamn\u0103 c\u0103 mai sunt aproximativ doi ani p\u00e2n\u0103 la inaugurarea obiectivului.<\/strong><\/p>\n<p>Antreprenorul general al lucr\u0103rii este <strong>NESS Project Europe<\/strong>, companie specializat\u0103 \u00een construc\u021bii industriale \u0219i proiecte integrate de infrastructur\u0103 \u0219i re\u021bele edilitare, care execut\u0103 investi\u021bia la cheie.<\/p>\n<figure class=\"wp-block-image size-large\"><img loading=\"lazy\" decoding=\"async\" width=\"768\" height=\"1024\" src=\"https:\/\/stiridinsursebuzau.ro\/wp-content\/uploads\/2026\/07\/IMG_7223-768x1024.jpeg\" alt class=\"wp-image-48250\"><\/figure>\n<p>Noul penitenciar va fi amplasat \u00een localitatea <strong><a href=\"https:\/\/stiridinsursebuzau.ro\/anp-a-semnat-contractul-pentru-executia-unui-penitenciar-nou-in-judetul-buzau\/\">Unguriu<\/a><\/strong>, jude\u021bul Buz\u0103u, \u0219i va avea o capacitate de <strong>900 de locuri de deten\u021bie<\/strong>, calculate la standardul european de <strong>4 metri p\u0103tra\u021bi pentru fiecare persoan\u0103 privat\u0103 de libertate<\/strong>. Dintre acestea, <strong>800 de locuri vor fi destinate regimului semideschis<\/strong>, iar <strong>100 de locuri regimului \u00eenchis<\/strong>.<\/p>\n<h3 class=\"wp-block-heading\">Complex modern, construit dup\u0103 standarde europene<\/h3>\n<figure class=\"wp-block-image size-full\"><img decoding=\"async\" loading=\"lazy\" width=\"1000\" height=\"684\" src=\"https:\/\/stiridinsursebuzau.ro\/wp-content\/uploads\/2026\/07\/unguriu_2.jpg\" alt class=\"wp-image-48246\"><\/figure>\n<p>Proiectul presupune realizarea unei infrastructuri moderne, care s\u0103 r\u0103spund\u0103 at\u00e2t nevoilor persoanelor private de libertate, c\u00e2t \u0219i celor ale personalului penitenciar.<\/p>\n<p>Zona de deten\u021bie va include <strong>12 pavilioane interioare \u0219i un pavilion exterior<\/strong>, iar pentru de\u021binu\u021bii afla\u021bi \u00een regim semideschis vor fi construite <strong>10 pavilioane<\/strong>, fiecare beneficiind de propria curte de plimbare.<\/p>\n<p>Un element important al investi\u021biei \u00eel reprezint\u0103 pavilionul destinat <strong>reintegr\u0103rii sociale<\/strong>, unde vor func\u021biona:<\/p>\n<ul class=\"wp-block-list\">\n<li>patru cluburi pentru activit\u0103\u021bi de grup;<\/li>\n<li>trei s\u0103li de clas\u0103;<\/li>\n<li>o bibliotec\u0103;<\/li>\n<li>o sal\u0103 de calculatoare;<\/li>\n<li>trei spa\u021bii dedicate activit\u0103\u021bilor recreative;<\/li>\n<li>un club multifunc\u021bional;<\/li>\n<li>un spa\u021biu pentru activit\u0103\u021bi interconfesionale;<\/li>\n<li>un studio radio-TV;<\/li>\n<li>un spa\u021biu pentru activit\u0103\u021bi sportive;<\/li>\n<li>alte spa\u021bii tehnice necesare desf\u0103\u0219ur\u0103rii programelor de reintegrare.<\/li>\n<\/ul>\n<p>Pentru persoanele \u00eencadrate \u00een regimul deschis vor exista <strong>dou\u0103 pavilioane dedicate<\/strong>, iar una dintre cele mai inovatoare componente ale proiectului va fi pavilionul <strong>\u201eLibertate asumat\u0103\u201d<\/strong>, amplasat \u00een exteriorul penitenciarului. Acesta va avea o capacitate de <strong>16 locuri<\/strong> \u0219i este destinat de\u021binu\u021bilor afla\u021bi \u00een ultimele etape ale execut\u0103rii pedepsei, preg\u0103tindu-i pentru reintegrarea \u00een societate.<\/p>\n<h3 class=\"wp-block-heading\">Dot\u0103ri pentru s\u0103n\u0103tate, educa\u021bie \u0219i vizite<\/h3>\n<p>Pe l\u00e2ng\u0103 spa\u021biile de deten\u021bie, noul penitenciar va beneficia de numeroase facilit\u0103\u021bi moderne.<\/p>\n<p>Printre acestea se num\u0103r\u0103 un <strong>centru medical de medicin\u0103 primar\u0103<\/strong>, organizat pe trei componente \u2013 ambulatoriu, spitalizare \u0219i farmacie \u2013, o <strong>biseric\u0103<\/strong> destinat\u0103 ambelor regimuri de deten\u021bie, o <strong>cl\u0103dire administrativ\u0103<\/strong> pentru personal, cu birouri, s\u0103li de \u0219edin\u021be, arhiv\u0103 \u0219i s\u0103li de sport.<\/p>\n<p>Complexul va mai include o <strong>sal\u0103 de sport \u0219i un teren multisport<\/strong> pentru persoanele private de libertate, dar \u0219i un pavilion dedicat vizitelor, prev\u0103zut cu spa\u021bii speciale pentru \u00eent\u00e2lniri cu avoca\u021bii, camere pentru vizite mam\u0103\u2013copil, spa\u021bii pentru vizite p\u0103rinte\u2013copil \u0219i camere pentru vizite conjugale.<\/p>\n<p>Potrivit panoului de \u0219antier, lucr\u0103rile au \u00eenceput la <strong>8 februarie 2024<\/strong>, au o durat\u0103 de execu\u021bie de <strong>48 de luni<\/strong>, iar finalizarea este programat\u0103 pentru <strong>8 februarie 2028<\/strong>. Ritmul actual al lucr\u0103rilor arat\u0103 c\u0103 investi\u021bia \u00eenainteaz\u0103 constant, noul Penitenciar P48 Unguriu urm\u00e2nd s\u0103 devin\u0103 unul dintre cele mai moderne unit\u0103\u021bi de deten\u021bie construite \u00een Rom\u00e2nia \u00een ultimii ani.<\/p>\n<div class=\"post-views content-post post-48245 entry-meta load-static\"><span class=\"post-views-label\">Vizualiz\u0103ri \u0219tire:<\/span><span class=\"post-views-count\">457<\/span><\/div>\n<div id=\"stiri-3970940099\" class=\"stiri-dupa-continut-2 stiri-entity-placement\"><a href=\"https:\/\/rapidservicebuzau.ro\/\" aria-label=\"RAPID SUPER SERVICE\"><img decoding=\"async\" loading=\"lazy\" src=\"https:\/\/stiridinsursebuzau.ro\/wp-content\/uploads\/2026\/02\/ChatGPT-Image-10-feb.-2026-22_24_01.png\" alt width=\"1536\" height=\"1024\"><\/a><\/div>\n<div id=\"stiri-2764893972\" class=\"stiri-dupa-continut_2 stiri-entity-placement\"><a href=\"https:\/\/www.facebook.com\/profile.php?id=61564932526740\" aria-label=\"Glamour Pizza &quot;la patrat&quot;\"><img decoding=\"async\" loading=\"lazy\" src=\"https:\/\/stiridinsursebuzau.ro\/wp-content\/uploads\/2026\/02\/ChatGPT-Image-10-feb.-2026-21_57_13.png\" alt=\"Glamour Pizza &quot;la patrat&quot;\" width=\"1536\" height=\"1024\"><\/a><\/div>\n<div id=\"stiri-2689821932\" class=\"stiri-dupa-continut_3 stiri-entity-placement\"><a href=\"https:\/\/www.facebook.com\/profile.php?id=61573613380169&amp;locale=ro_RO\" aria-label=\"ChatGPT Image 10 feb. 2026, 22_10_50\"><img decoding=\"async\" loading=\"lazy\" src=\"https:\/\/stiridinsursebuzau.ro\/wp-content\/uploads\/2026\/02\/ChatGPT-Image-10-feb.-2026-22_10_50.png\" alt width=\"1536\" height=\"1024\"><\/a><\/div>\n<div id=\"stiri-1025907694\" class=\"stiri-dupa-continut_4 stiri-entity-placement\"><a href=\"https:\/\/www.facebook.com\/profile.php?id=100077377992379\" aria-label=\"1536 cu 1024 pixeli\"><img decoding=\"async\" loading=\"lazy\" src=\"https:\/\/stiridinsursebuzau.ro\/wp-content\/uploads\/2026\/02\/ChatGPT-Image-20-feb.-2026-14_05_15.png\" alt=\"1536 cu 1024 pixeli\" width=\"1536\" height=\"1024\"><\/a><\/div>\n<div id=\"stiri-2705758942\" class=\"stiri-dupa-continut_5 stiri-entity-placement\"><img decoding=\"async\" loading=\"lazy\" src=\"https:\/\/stiridinsursebuzau.ro\/wp-content\/uploads\/2026\/02\/ChatGPT-Image-10-feb.-2026-23_00_56.png\" alt=\"piese tractoare\" width=\"1536\" height=\"1024\"><\/div>\n<nav class=\"navigation post-navigation\" aria-label=\"Articole\">\n<h2 class=\"screen-reader-text\">Navigare \u00een articole<\/h2>\n<div class=\"nav-links\">\n<div class=\"nav-previous\"><a href=\"https:\/\/stiridinsursebuzau.ro\/din-buzau-spre-cer-povestea-lui-armani-stoica-tanarul-care-si-a-construit-viitorul-la-doar-18-ani\/\" rel=\"prev\">Din Buz\u0103u spre cer. Povestea lui Armani Stoica, t\u00e2n\u0103rul care \u0219i-a construit viitorul la doar 18 ani <\/a><\/div>\n<\/div>\n<\/nav>\n<\/article>\n<p>[analyse_source url=&#8221;https:\/\/stiridinsursebuzau.ro\/penitenciarul-de-la-unguriu-prinde-contur-lucrarile-avanseaza-iar-investitia-va-fi-finalizata-in-aproximativ-doi-ani\/&#8221;]<\/p>\n","protected":false},"excerpt":{"rendered":"<p>[analyse_image type=&#8221;featured&#8221; src=&#8221;https:\/\/stiridinsursebuzau.ro\/wp-content\/uploads\/2026\/07\/IMG_7222-1024&#215;768.jpeg&#8221;] Lucr\u0103rile la noul Penitenciar P48 Unguriu, una dintre cele mai importante investi\u021bii din sistemul penitenciar rom\u00e2nesc, avanseaz\u0103 de la o zi la alta. Potrivit informa\u021biilor de pe \u0219antier, proiectul se afl\u0103 \u00een plin\u0103 execu\u021bie, iar termenul de finalizare este stabilit pentru 8 februarie 2028, ceea ce \u00eenseamn\u0103 c\u0103 mai sunt aproximativ doi [&hellip;]<\/p>\n","protected":false},"author":1,"featured_media":0,"comment_status":"open","ping_status":"","sticky":false,"template":"","format":"standard","meta":{"footnotes":""},"categories":[2],"tags":[226,60],"class_list":["post-2062616","post","type-post","status-publish","format-standard","hentry","category-politics","tag-crawlmanager","tag-stiridinsursebuzau-ro"],"_links":{"self":[{"href":"https:\/\/analyse.optim.biz\/index.php?rest_route=\/wp\/v2\/posts\/2062616","targetHints":{"allow":["GET"]}}],"collection":[{"href":"https:\/\/analyse.optim.biz\/index.php?rest_route=\/wp\/v2\/posts"}],"about":[{"href":"https:\/\/analyse.optim.biz\/index.php?rest_route=\/wp\/v2\/types\/post"}],"author":[{"embeddable":true,"href":"https:\/\/analyse.optim.biz\/index.php?rest_route=\/wp\/v2\/users\/1"}],"replies":[{"embeddable":true,"href":"https:\/\/analyse.optim.biz\/index.php?rest_route=%2Fwp%2Fv2%2Fcomments&post=2062616"}],"version-history":[{"count":0,"href":"https:\/\/analyse.optim.biz\/index.php?rest_route=\/wp\/v2\/posts\/2062616\/revisions"}],"wp:attachment":[{"href":"https:\/\/analyse.optim.biz\/index.php?rest_route=%2Fwp%2Fv2%2Fmedia&parent=2062616"}],"wp:term":[{"taxonomy":"category","embeddable":true,"href":"https:\/\/analyse.optim.biz\/index.php?rest_route=%2Fwp%2Fv2%2Fcategories&post=2062616"},{"taxonomy":"post_tag","embeddable":true,"href":"https:\/\/analyse.optim.biz\/index.php?rest_route=%2Fwp%2Fv2%2Ftags&post=2062616"}],"curies":[{"name":"wp","href":"https:\/\/api.w.org\/{rel}","templated":true}]}}