{"id":2062384,"date":"2026-07-24T09:48:28","date_gmt":"2026-07-24T06:48:28","guid":{"rendered":"https:\/\/analyse.optim.biz\/?p=2062384"},"modified":"2026-07-24T09:48:28","modified_gmt":"2026-07-24T06:48:28","slug":"mapn-drona-doborata-de-un-pilot-roman-intr-o-zona-nelocuita-din-judetul-buzau-ziarul-delta-tulcea","status":"publish","type":"post","link":"https:\/\/analyse.optim.biz\/?p=2062384","title":{"rendered":"MApN: Dron\u0103 dobor\u00e2t\u0103 de un pilot rom\u00e2n \u00eentr-o zon\u0103 nelocuit\u0103 din jude\u0163ul Buz\u0103u &#8211; Ziarul Delta Tulcea"},"content":{"rendered":"<p>[analyse_image type=&#8221;featured&#8221; src=&#8221;https:\/\/ziaruldelta.ro\/wp-content\/uploads\/2026\/07\/MAPN.jpg&#8221;]<\/p>\n<article id=\"post-37654\" class=\"module single-post-module post-37654 post type-post status-publish format-standard has-post-thumbnail hentry category-stirea-zilei et-has-post-format-content et_post_format-et-post-format-standard\">\n<div class=\"post-header\">\n<h1 class=\"entry-title\">MApN: Dron\u0103 dobor\u00e2t\u0103 de un pilot rom\u00e2n \u00eentr-o zon\u0103 nelocuit\u0103 din jude\u0163ul Buz\u0103u<\/h1>\n<div class=\"post-meta vcard\">\n<p>Posted by <a href=\"https:\/\/ziaruldelta.ro\/author\/rasvan-dinca\/\" class=\"url fn\" title=\"Posts by Rasvan DINCA\" rel=\"author\">Rasvan DINCA<\/a> | <span class=\"updated\">Jul 24, 2026<\/span> | <a href=\"https:\/\/ziaruldelta.ro\/category\/stirea-zilei\/\" rel=\"tag\">Stirea Zilei<\/a> | <\/p>\n<\/div>\n<\/div>\n<div class=\"post-thumbnail header\"><img decoding=\"async\" src=\"https:\/\/ziaruldelta.ro\/wp-content\/uploads\/2026\/07\/MAPN.jpg\" alt=\"MApN: Dron\u0103 dobor\u00e2t\u0103 de un pilot rom\u00e2n \u00eentr-o zon\u0103 nelocuit\u0103 din jude\u0163ul Buz\u0103u\"><\/div>\n<div class=\"post-wrap\">\n<div class=\"post-content entry-content\">\n<p>O aeronav\u0103 F-16 a For\u0163elor Aeriene Rom\u00e2ne din Baza 86 Aerian\u0103 de la Fete\u015fti, aflat\u0103 vineri, 24 iulie, \u00een misiune de monitorizare \u015fi urm\u0103rire a unei drone intrat\u0103 \u00een spa\u0163iul aerian na\u0163ional, a angajat \u0163inta aerian\u0103 cu o rachet\u0103 \u015fi a dobor\u00e2t-o deasupra unei zone nelocuite, \u00een apropiere de localitatea Padina, jude\u0163ul Buz\u0103u, a anun\u0163at Ministerul Ap\u0103r\u0103rii Na\u0163ionale \u00eentr-un comunicat de pres\u0103.<\/p>\n<p>Sistemul de supraveghere radar al MApN a detectat vineri, 24 iulie, la ora 09.39, o \u0163int\u0103 aerian\u0103 la o distan\u0163\u0103 de aproximativ 20 km Est de Sulina, care a p\u0103truns \u00een spa\u0163iul aerian na\u0163ional, pe traiectul Sulina \u2013 Br\u0103ila \u2013 Fete\u015fti \u2013 Buz\u0103u.<\/p>\n<blockquote>\n<p>\u201eDou\u0103 aeronave de lupt\u0103 Eurofighter Typhoon ale For\u0163elor Aeriene Italiene din Baza 57 Aerian\u0103 Mihail Kog\u0103lniceanu \u015fi dou\u0103 aeronave de lupt\u0103 F-16 ale For\u0163elor Aeriene Rom\u00e2ne din Baza 86 Aerian\u0103 de la Fete\u015fti, aflate \u00een Serviciul de Lupt\u0103 Poli\u0163ie Aerian\u0103, au decolat la ora 09.48, respectiv 10.56, pentru monitorizarea situa\u0163iei. Centrul Na\u0163ional Militar de Comand\u0103 (nucleu) a notificat Inspectoratul General pentru Situa\u0163ii de Urgen\u0163\u0103 privind instituirea m\u0103surilor de alertare a popula\u0163iei din jude\u0163ele Tulcea \u015fi Br\u0103ila, fiind transmise mesaje RO-Alert\u201d, precizeaz\u0103 comunicatul MApN.<\/p>\n<\/blockquote>\n<p>La ora 11.02, aeronava F-16 a For\u0163elor Aeriene Rom\u00e2ne a angajat \u0163inta \u015fi a dobor\u00e2t-o.<\/p>\n<p><strong>Dron\u0103 filmat\u0103 deasupra localit\u0103\u0163ii Sarichioi<\/strong><\/p>\n<p>O dron\u0103 a fost filmat\u0103 deasupra localit\u0103\u0163ii Sarchioi \u00eenainte de dobor\u00e2rea dronei, \u00een jude\u0163ul Buz\u0103u.<\/p>\n<\/div>\n<\/div>\n<div class=\"post-footer\">\n<div class=\"social-icons ed-social-share-icons\">\n<p class=\"share-title\">Share:<\/p>\n<\/div>\n<div class=\"rating-stars\">\n<p id=\"rate-title\" class=\"rate-title\">Rate:<\/p>\n<\/div>\n<\/div>\n<\/article>\n<div class=\"post-content entry-content\">\n<p>O aeronav\u0103 F-16 a For\u0163elor Aeriene Rom\u00e2ne din Baza 86 Aerian\u0103 de la Fete\u015fti, aflat\u0103 vineri, 24 iulie, \u00een misiune de monitorizare \u015fi urm\u0103rire a unei drone intrat\u0103 \u00een spa\u0163iul aerian na\u0163ional, a angajat \u0163inta aerian\u0103 cu o rachet\u0103 \u015fi a dobor\u00e2t-o deasupra unei zone nelocuite, \u00een apropiere de localitatea Padina, jude\u0163ul Buz\u0103u, a anun\u0163at Ministerul Ap\u0103r\u0103rii Na\u0163ionale \u00eentr-un comunicat de pres\u0103.<\/p>\n<p>Sistemul de supraveghere radar al MApN a detectat vineri, 24 iulie, la ora 09.39, o \u0163int\u0103 aerian\u0103 la o distan\u0163\u0103 de aproximativ 20 km Est de Sulina, care a p\u0103truns \u00een spa\u0163iul aerian na\u0163ional, pe traiectul Sulina \u2013 Br\u0103ila \u2013 Fete\u015fti \u2013 Buz\u0103u.<\/p>\n<blockquote>\n<p>\u201eDou\u0103 aeronave de lupt\u0103 Eurofighter Typhoon ale For\u0163elor Aeriene Italiene din Baza 57 Aerian\u0103 Mihail Kog\u0103lniceanu \u015fi dou\u0103 aeronave de lupt\u0103 F-16 ale For\u0163elor Aeriene Rom\u00e2ne din Baza 86 Aerian\u0103 de la Fete\u015fti, aflate \u00een Serviciul de Lupt\u0103 Poli\u0163ie Aerian\u0103, au decolat la ora 09.48, respectiv 10.56, pentru monitorizarea situa\u0163iei. Centrul Na\u0163ional Militar de Comand\u0103 (nucleu) a notificat Inspectoratul General pentru Situa\u0163ii de Urgen\u0163\u0103 privind instituirea m\u0103surilor de alertare a popula\u0163iei din jude\u0163ele Tulcea \u015fi Br\u0103ila, fiind transmise mesaje RO-Alert\u201d, precizeaz\u0103 comunicatul MApN.<\/p>\n<\/blockquote>\n<p>La ora 11.02, aeronava F-16 a For\u0163elor Aeriene Rom\u00e2ne a angajat \u0163inta \u015fi a dobor\u00e2t-o.<\/p>\n<p><strong>Dron\u0103 filmat\u0103 deasupra localit\u0103\u0163ii Sarichioi<\/strong><\/p>\n<p>O dron\u0103 a fost filmat\u0103 deasupra localit\u0103\u0163ii Sarchioi \u00eenainte de dobor\u00e2rea dronei, \u00een jude\u0163ul Buz\u0103u.<\/p>\n<\/div>\n<div class=\"post-content entry-content\">\n<p>O aeronav\u0103 F-16 a For\u0163elor Aeriene Rom\u00e2ne din Baza 86 Aerian\u0103 de la Fete\u015fti, aflat\u0103 vineri, 24 iulie, \u00een misiune de monitorizare \u015fi urm\u0103rire a unei drone intrat\u0103 \u00een spa\u0163iul aerian na\u0163ional, a angajat \u0163inta aerian\u0103 cu o rachet\u0103 \u015fi a dobor\u00e2t-o deasupra unei zone nelocuite, \u00een apropiere de localitatea Padina, jude\u0163ul Buz\u0103u, a anun\u0163at Ministerul Ap\u0103r\u0103rii Na\u0163ionale \u00eentr-un comunicat de pres\u0103.<\/p>\n<p>Sistemul de supraveghere radar al MApN a detectat vineri, 24 iulie, la ora 09.39, o \u0163int\u0103 aerian\u0103 la o distan\u0163\u0103 de aproximativ 20 km Est de Sulina, care a p\u0103truns \u00een spa\u0163iul aerian na\u0163ional, pe traiectul Sulina \u2013 Br\u0103ila \u2013 Fete\u015fti \u2013 Buz\u0103u.<\/p>\n<blockquote>\n<p>\u201eDou\u0103 aeronave de lupt\u0103 Eurofighter Typhoon ale For\u0163elor Aeriene Italiene din Baza 57 Aerian\u0103 Mihail Kog\u0103lniceanu \u015fi dou\u0103 aeronave de lupt\u0103 F-16 ale For\u0163elor Aeriene Rom\u00e2ne din Baza 86 Aerian\u0103 de la Fete\u015fti, aflate \u00een Serviciul de Lupt\u0103 Poli\u0163ie Aerian\u0103, au decolat la ora 09.48, respectiv 10.56, pentru monitorizarea situa\u0163iei. Centrul Na\u0163ional Militar de Comand\u0103 (nucleu) a notificat Inspectoratul General pentru Situa\u0163ii de Urgen\u0163\u0103 privind instituirea m\u0103surilor de alertare a popula\u0163iei din jude\u0163ele Tulcea \u015fi Br\u0103ila, fiind transmise mesaje RO-Alert\u201d, precizeaz\u0103 comunicatul MApN.<\/p>\n<\/blockquote>\n<p>La ora 11.02, aeronava F-16 a For\u0163elor Aeriene Rom\u00e2ne a angajat \u0163inta \u015fi a dobor\u00e2t-o.<\/p>\n<p><strong>Dron\u0103 filmat\u0103 deasupra localit\u0103\u0163ii Sarichioi<\/strong><\/p>\n<p>O dron\u0103 a fost filmat\u0103 deasupra localit\u0103\u0163ii Sarchioi \u00eenainte de dobor\u00e2rea dronei, \u00een jude\u0163ul Buz\u0103u.<\/p>\n<\/div>\n<p>[analyse_source url=&#8221;https:\/\/ziaruldelta.ro\/2026\/07\/24\/mapn-drona-doborata-de-un-pilot-roman-intr-o-zona-nelocuita-din-judetul-buzau\/&#8221;]<\/p>\n","protected":false},"excerpt":{"rendered":"<p>[analyse_image type=&#8221;featured&#8221; src=&#8221;https:\/\/ziaruldelta.ro\/wp-content\/uploads\/2026\/07\/MAPN.jpg&#8221;] MApN: Dron\u0103 dobor\u00e2t\u0103 de un pilot rom\u00e2n \u00eentr-o zon\u0103 nelocuit\u0103 din jude\u0163ul Buz\u0103u Posted by Rasvan DINCA | Jul 24, 2026 | Stirea Zilei | O aeronav\u0103 F-16 a For\u0163elor Aeriene Rom\u00e2ne din Baza 86 Aerian\u0103 de la Fete\u015fti, aflat\u0103 vineri, 24 iulie, \u00een misiune de monitorizare \u015fi urm\u0103rire a unei drone [&hellip;]<\/p>\n","protected":false},"author":1,"featured_media":0,"comment_status":"open","ping_status":"","sticky":false,"template":"","format":"standard","meta":{"footnotes":""},"categories":[89],"tags":[226,206],"class_list":["post-2062384","post","type-post","status-publish","format-standard","hentry","category-romania","tag-crawlmanager","tag-ziaruldelta-ro"],"_links":{"self":[{"href":"https:\/\/analyse.optim.biz\/index.php?rest_route=\/wp\/v2\/posts\/2062384","targetHints":{"allow":["GET"]}}],"collection":[{"href":"https:\/\/analyse.optim.biz\/index.php?rest_route=\/wp\/v2\/posts"}],"about":[{"href":"https:\/\/analyse.optim.biz\/index.php?rest_route=\/wp\/v2\/types\/post"}],"author":[{"embeddable":true,"href":"https:\/\/analyse.optim.biz\/index.php?rest_route=\/wp\/v2\/users\/1"}],"replies":[{"embeddable":true,"href":"https:\/\/analyse.optim.biz\/index.php?rest_route=%2Fwp%2Fv2%2Fcomments&post=2062384"}],"version-history":[{"count":0,"href":"https:\/\/analyse.optim.biz\/index.php?rest_route=\/wp\/v2\/posts\/2062384\/revisions"}],"wp:attachment":[{"href":"https:\/\/analyse.optim.biz\/index.php?rest_route=%2Fwp%2Fv2%2Fmedia&parent=2062384"}],"wp:term":[{"taxonomy":"category","embeddable":true,"href":"https:\/\/analyse.optim.biz\/index.php?rest_route=%2Fwp%2Fv2%2Fcategories&post=2062384"},{"taxonomy":"post_tag","embeddable":true,"href":"https:\/\/analyse.optim.biz\/index.php?rest_route=%2Fwp%2Fv2%2Ftags&post=2062384"}],"curies":[{"name":"wp","href":"https:\/\/api.w.org\/{rel}","templated":true}]}}