{"id":2062382,"date":"2026-07-24T06:00:36","date_gmt":"2026-07-24T03:00:36","guid":{"rendered":"https:\/\/analyse.optim.biz\/?p=2062382"},"modified":"2026-07-24T06:00:36","modified_gmt":"2026-07-24T03:00:36","slug":"fara-scaldat-si-plimbat-cu-barca-pe-lacul-ciuperca-in-weekend-salvamarul-este-in-concediu-ziarul-delta","status":"publish","type":"post","link":"https:\/\/analyse.optim.biz\/?p=2062382","title":{"rendered":"F\u0103r\u0103 sc\u0103ldat \u015fi plimbat cu barca pe Lacul Ciuperca \u00een weekend. Salvamarul este \u00een concediu &#8211; Ziarul Delta"},"content":{"rendered":"<p>[analyse_image type=&#8221;featured&#8221; src=&#8221;https:\/\/ziaruldelta.ro\/wp-content\/uploads\/2026\/07\/fara-scaldat.jpg&#8221;]<\/p>\n<article id=\"post-37647\" class=\"module single-post-module post-37647 post type-post status-publish format-standard has-post-thumbnail hentry category-stirea-zilei et-has-post-format-content et_post_format-et-post-format-standard\">\n<div class=\"post-header\">\n<h1 class=\"entry-title\">F\u0103r\u0103 sc\u0103ldat \u015fi plimbat cu barca pe Lacul Ciuperca \u00een weekend. Salvamarul este \u00een concediu<\/h1>\n<div class=\"post-meta vcard\">\n<p>Posted by <a href=\"https:\/\/ziaruldelta.ro\/author\/claudia-ionescu\/\" class=\"url fn\" title=\"Posts by Claudia Ionescu\" rel=\"author\">Claudia Ionescu<\/a> | <span class=\"updated\">Jul 24, 2026<\/span> | <a href=\"https:\/\/ziaruldelta.ro\/category\/stirea-zilei\/\" rel=\"tag\">Stirea Zilei<\/a> | <\/p>\n<\/div>\n<\/div>\n<div class=\"post-thumbnail header\"><img decoding=\"async\" src=\"https:\/\/ziaruldelta.ro\/wp-content\/uploads\/2026\/07\/fara-scaldat.jpg\" alt=\"F\u0103r\u0103 sc\u0103ldat \u015fi plimbat cu barca pe Lacul Ciuperca \u00een weekend. Salvamarul este \u00een concediu\"><\/div>\n<div class=\"post-wrap\">\n<div class=\"post-content entry-content\">\n<p>Tulcenii care inten\u0163ionau s\u0103 se \u00eemb\u0103ieze \u00een lacul Ciuperca din municipiu sau s\u0103 se plimbe cu hidrobicicletele sau cu barca trebuie s\u0103 \u015ftie c\u0103, \u00een acest weekend, activit\u0103\u0163ile de sc\u0103ldat \u015fi utilizarea ambarca\u0163iunilor de agrement vor fi suspendate. M\u0103sura a fost luat\u0103 deoarece serviciul de salvamar nu va putea fi asigurat.<\/p>\n<p>Reprezentan\u0163ii Direc\u0163iei \u00centre\u0163inere \u015fi Administrare Patrimoniu (DIAP) Tulcea precizeaz\u0103 c\u0103 decizia a fost luat\u0103 pentru siguran\u0163a tuturor vizitatorilor.<\/p>\n<p>Potrivit viceprimarului Andaluzia Luca, acesta este \u00een concediu \u015fi municipalitatea nu are alt salvamar care s\u0103-l \u00eenlocuiasc\u0103.<\/p>\n<p>Citi\u0163i continuarea \u00een edi\u0163ia tip\u0103rit\u0103 a Ziarului DELTA.<\/p>\n<p>\u00a0<\/p>\n<\/div>\n<\/div>\n<div class=\"post-footer\">\n<div class=\"social-icons ed-social-share-icons\">\n<p class=\"share-title\">Share:<\/p>\n<\/div>\n<div class=\"rating-stars\">\n<p id=\"rate-title\" class=\"rate-title\">Rate:<\/p>\n<\/div>\n<\/div>\n<\/article>\n<div class=\"post-content entry-content\">\n<p>Tulcenii care inten\u0163ionau s\u0103 se \u00eemb\u0103ieze \u00een lacul Ciuperca din municipiu sau s\u0103 se plimbe cu hidrobicicletele sau cu barca trebuie s\u0103 \u015ftie c\u0103, \u00een acest weekend, activit\u0103\u0163ile de sc\u0103ldat \u015fi utilizarea ambarca\u0163iunilor de agrement vor fi suspendate. M\u0103sura a fost luat\u0103 deoarece serviciul de salvamar nu va putea fi asigurat.<\/p>\n<p>Reprezentan\u0163ii Direc\u0163iei \u00centre\u0163inere \u015fi Administrare Patrimoniu (DIAP) Tulcea precizeaz\u0103 c\u0103 decizia a fost luat\u0103 pentru siguran\u0163a tuturor vizitatorilor.<\/p>\n<p>Potrivit viceprimarului Andaluzia Luca, acesta este \u00een concediu \u015fi municipalitatea nu are alt salvamar care s\u0103-l \u00eenlocuiasc\u0103.<\/p>\n<p>Citi\u0163i continuarea \u00een edi\u0163ia tip\u0103rit\u0103 a Ziarului DELTA.<\/p>\n<p>\u00a0<\/p>\n<\/div>\n<div class=\"post-content entry-content\">\n<p>Tulcenii care inten\u0163ionau s\u0103 se \u00eemb\u0103ieze \u00een lacul Ciuperca din municipiu sau s\u0103 se plimbe cu hidrobicicletele sau cu barca trebuie s\u0103 \u015ftie c\u0103, \u00een acest weekend, activit\u0103\u0163ile de sc\u0103ldat \u015fi utilizarea ambarca\u0163iunilor de agrement vor fi suspendate. M\u0103sura a fost luat\u0103 deoarece serviciul de salvamar nu va putea fi asigurat.<\/p>\n<p>Reprezentan\u0163ii Direc\u0163iei \u00centre\u0163inere \u015fi Administrare Patrimoniu (DIAP) Tulcea precizeaz\u0103 c\u0103 decizia a fost luat\u0103 pentru siguran\u0163a tuturor vizitatorilor.<\/p>\n<p>Potrivit viceprimarului Andaluzia Luca, acesta este \u00een concediu \u015fi municipalitatea nu are alt salvamar care s\u0103-l \u00eenlocuiasc\u0103.<\/p>\n<p>Citi\u0163i continuarea \u00een edi\u0163ia tip\u0103rit\u0103 a Ziarului DELTA.<\/p>\n<p>\u00a0<\/p>\n<\/div>\n<p>[analyse_source url=&#8221;https:\/\/ziaruldelta.ro\/2026\/07\/24\/fara-scaldat-si-plimbat-cu-barca-pe-lacul-ciuperca-in-weekend-salvamarul-este-in-concediu\/&#8221;]<\/p>\n","protected":false},"excerpt":{"rendered":"<p>[analyse_image type=&#8221;featured&#8221; src=&#8221;https:\/\/ziaruldelta.ro\/wp-content\/uploads\/2026\/07\/fara-scaldat.jpg&#8221;] F\u0103r\u0103 sc\u0103ldat \u015fi plimbat cu barca pe Lacul Ciuperca \u00een weekend. Salvamarul este \u00een concediu Posted by Claudia Ionescu | Jul 24, 2026 | Stirea Zilei | Tulcenii care inten\u0163ionau s\u0103 se \u00eemb\u0103ieze \u00een lacul Ciuperca din municipiu sau s\u0103 se plimbe cu hidrobicicletele sau cu barca trebuie s\u0103 \u015ftie c\u0103, \u00een [&hellip;]<\/p>\n","protected":false},"author":1,"featured_media":0,"comment_status":"open","ping_status":"","sticky":false,"template":"","format":"standard","meta":{"footnotes":""},"categories":[89],"tags":[226,206],"class_list":["post-2062382","post","type-post","status-publish","format-standard","hentry","category-romania","tag-crawlmanager","tag-ziaruldelta-ro"],"_links":{"self":[{"href":"https:\/\/analyse.optim.biz\/index.php?rest_route=\/wp\/v2\/posts\/2062382","targetHints":{"allow":["GET"]}}],"collection":[{"href":"https:\/\/analyse.optim.biz\/index.php?rest_route=\/wp\/v2\/posts"}],"about":[{"href":"https:\/\/analyse.optim.biz\/index.php?rest_route=\/wp\/v2\/types\/post"}],"author":[{"embeddable":true,"href":"https:\/\/analyse.optim.biz\/index.php?rest_route=\/wp\/v2\/users\/1"}],"replies":[{"embeddable":true,"href":"https:\/\/analyse.optim.biz\/index.php?rest_route=%2Fwp%2Fv2%2Fcomments&post=2062382"}],"version-history":[{"count":0,"href":"https:\/\/analyse.optim.biz\/index.php?rest_route=\/wp\/v2\/posts\/2062382\/revisions"}],"wp:attachment":[{"href":"https:\/\/analyse.optim.biz\/index.php?rest_route=%2Fwp%2Fv2%2Fmedia&parent=2062382"}],"wp:term":[{"taxonomy":"category","embeddable":true,"href":"https:\/\/analyse.optim.biz\/index.php?rest_route=%2Fwp%2Fv2%2Fcategories&post=2062382"},{"taxonomy":"post_tag","embeddable":true,"href":"https:\/\/analyse.optim.biz\/index.php?rest_route=%2Fwp%2Fv2%2Ftags&post=2062382"}],"curies":[{"name":"wp","href":"https:\/\/api.w.org\/{rel}","templated":true}]}}