{"id":2062374,"date":"2026-07-26T05:37:30","date_gmt":"2026-07-26T02:37:30","guid":{"rendered":"https:\/\/analyse.optim.biz\/?p=2062374"},"modified":"2026-07-26T05:37:30","modified_gmt":"2026-07-26T02:37:30","slug":"zona-turistica-si-de-agrement-pe-malul-lacului-surduc-cj-timis-licitatie-lansata-pentru-proiectare-si-executia-lucrarilor-foto","status":"publish","type":"post","link":"https:\/\/analyse.optim.biz\/?p=2062374","title":{"rendered":"Zon\u0103 turistic\u0103 \u015fi de agrement pe malul lacului Surduc! CJ Timi\u015f, licita\u0163ie lansat\u0103 pentru proiectare \u015fi execu\u0163ia lucr\u0103rilor FOTO"},"content":{"rendered":"<p>[analyse_image type=&#8221;featured&#8221; src=&#8221;http:\/\/www.banatulmeu.ro\/wp-content\/uploads\/2026\/07\/752497652_1563474381899561_8375032271806892967_n.jpg&#8221;]<\/p>\n<div class=\"post-content-bd\">\n<p>O zon\u0103 turistic\u0103 \u015fi de agrement spectaculoas\u0103 va fi realizat\u0103 pe malul lacului Surduc de Consiliul Jude\u0163ean Timi\u015f. Institu\u0163ia a lansat licita\u0163ia pentru proiectarea \u015fi execu\u0163ia lucr\u0103rilor.<\/p>\n<p><em>\u201cTrecem la urm\u0103toarea etap\u0103 \u00een proiectul de dezvoltare a zonei Surduc \u0219i lans\u0103m licita\u021bia pentru proiectarea si execu\u021bia lucr\u0103rilor de amenajare a spa\u021biului de recreere pe malul lacului. Studiul de fezabilitate este finalizat si avem primele imagini realizate de speciali\u0219ti. <\/em><br \/><em>Vrem s\u0103 construim acolo o teras\u0103 de tip deck, pe o suprafa\u021b\u0103 de p\u00e2n\u0103 la 500 de mp, care s\u0103 includ\u0103 o piscin\u0103 cu zon\u0103 de \u0219ezlonguri \u0219i baldachine, zone de relaxare, de m\u00e2ncare (food trucks), un bar, dar \u0219i vestiare, du\u0219uri \u0219i b\u0103i. Tot acolo vor fi amenajate alei pietonale \u0219i spa\u021bii verzi<\/em>\u201c, a declarat Alfred Simonis, pre\u015fedintele CJ Timi\u015f.<\/p>\n<p>\u00cen plus, o punte va face leg\u0103tura \u00eentre zona de uscat \u0219i un ponton plutitor. CJ Timi\u015f va mai ridica un cort de tip dome, iar pe suprafa\u021ba lacului va fi pus un teren de sport gonflabil. De asemenea, vom fi achizi\u0163ionate \u0219i dou\u0103 b\u0103rci pentru plimb\u0103ri pe lac.<\/p>\n<p>\u201c<em>Toate acestea fac parte din proiectul \u201eAmenajare zon\u0103 turistic\u0103 \u0219i de agrement pe malul lacului Surduc\u201d, pe care l-am demarat la \u00eenceputul acestui an. Prea mult timp aici nu s-a f\u0103cut nimic. Acum refacem zona, pentru ca timi\u0219enii s\u0103 nu mai fie nevoi\u021bi s\u0103 mearg\u0103 \u00een Cara\u0219-Severin sau \u00een Arad pentru o zi de relaxare pe malul unui lac. \u00cemi doresc ca vara viitoare s\u0103 ne-o petrecem \u00eempreuna la Surduc<\/em>\u201c, a afirmat Alfred Simonis.<\/p>\n<div id=\"gallery-1\" class=\"gallery galleryid-188395 gallery-columns-3 gallery-size-thumbnail\">\n<figure class=\"gallery-item\">\n<div class=\"gallery-icon landscape\"><a href=\"https:\/\/www.banatulmeu.ro\/zona-turistica-si-de-agrement-pe-malul-lacului-surduc-cj-timis-licitatie-lansata-pentru-proiectare-si-executia-lucrarilor-foto\/752242505_1563474408566225_6505903748223802009_n\/\"><img loading=\"lazy\" decoding=\"async\" width=\"150\" height=\"150\" src=\"https:\/\/www.banatulmeu.ro\/wp-content\/uploads\/2026\/07\/752242505_1563474408566225_6505903748223802009_n-150x150.jpg\" class=\"attachment-thumbnail size-thumbnail\" alt><img loading=\"lazy\" decoding=\"async\" width=\"150\" height=\"150\" src=\"https:\/\/www.banatulmeu.ro\/wp-content\/uploads\/2026\/07\/752242505_1563474408566225_6505903748223802009_n-150x150.jpg\" class=\"attachment-thumbnail size-thumbnail\" alt><\/a><\/div>\n<\/figure>\n<figure class=\"gallery-item\">\n<div class=\"gallery-icon landscape\"><a href=\"https:\/\/www.banatulmeu.ro\/zona-turistica-si-de-agrement-pe-malul-lacului-surduc-cj-timis-licitatie-lansata-pentru-proiectare-si-executia-lucrarilor-foto\/751055824_1563474498566216_8214855608890070244_n\/\"><img loading=\"lazy\" decoding=\"async\" width=\"150\" height=\"150\" src=\"https:\/\/www.banatulmeu.ro\/wp-content\/uploads\/2026\/07\/751055824_1563474498566216_8214855608890070244_n-150x150.jpg\" class=\"attachment-thumbnail size-thumbnail\" alt><img loading=\"lazy\" decoding=\"async\" width=\"150\" height=\"150\" src=\"https:\/\/www.banatulmeu.ro\/wp-content\/uploads\/2026\/07\/751055824_1563474498566216_8214855608890070244_n-150x150.jpg\" class=\"attachment-thumbnail size-thumbnail\" alt><\/a><\/div>\n<\/figure>\n<figure class=\"gallery-item\">\n<div class=\"gallery-icon landscape\"><a href=\"https:\/\/www.banatulmeu.ro\/zona-turistica-si-de-agrement-pe-malul-lacului-surduc-cj-timis-licitatie-lansata-pentru-proiectare-si-executia-lucrarilor-foto\/752488696_1563474378566228_7364262060563390903_n\/\"><img loading=\"lazy\" decoding=\"async\" width=\"150\" height=\"150\" src=\"https:\/\/www.banatulmeu.ro\/wp-content\/uploads\/2026\/07\/752488696_1563474378566228_7364262060563390903_n-150x150.jpg\" class=\"attachment-thumbnail size-thumbnail\" alt><img decoding=\"async\" loading=\"lazy\" width=\"150\" height=\"150\" src=\"https:\/\/www.banatulmeu.ro\/wp-content\/uploads\/2026\/07\/752488696_1563474378566228_7364262060563390903_n-150x150.jpg\" class=\"attachment-thumbnail size-thumbnail\" alt><\/a><\/div>\n<\/figure>\n<figure class=\"gallery-item\">\n<div class=\"gallery-icon landscape\"><a href=\"https:\/\/www.banatulmeu.ro\/zona-turistica-si-de-agrement-pe-malul-lacului-surduc-cj-timis-licitatie-lansata-pentru-proiectare-si-executia-lucrarilor-foto\/753707290_1563474441899555_4277013781107049836_n\/\"><img loading=\"lazy\" decoding=\"async\" width=\"150\" height=\"150\" src=\"https:\/\/www.banatulmeu.ro\/wp-content\/uploads\/2026\/07\/753707290_1563474441899555_4277013781107049836_n-150x150.jpg\" class=\"attachment-thumbnail size-thumbnail\" alt><img decoding=\"async\" loading=\"lazy\" width=\"150\" height=\"150\" src=\"https:\/\/www.banatulmeu.ro\/wp-content\/uploads\/2026\/07\/753707290_1563474441899555_4277013781107049836_n-150x150.jpg\" class=\"attachment-thumbnail size-thumbnail\" alt><\/a><\/div>\n<\/figure>\n<figure class=\"gallery-item\">\n<div class=\"gallery-icon landscape\"><a href=\"https:\/\/www.banatulmeu.ro\/zona-turistica-si-de-agrement-pe-malul-lacului-surduc-cj-timis-licitatie-lansata-pentru-proiectare-si-executia-lucrarilor-foto\/756525524_1563474431899556_4432915834441413681_n\/\"><img loading=\"lazy\" decoding=\"async\" width=\"150\" height=\"150\" src=\"https:\/\/www.banatulmeu.ro\/wp-content\/uploads\/2026\/07\/756525524_1563474431899556_4432915834441413681_n-150x150.jpg\" class=\"attachment-thumbnail size-thumbnail\" alt><img decoding=\"async\" loading=\"lazy\" width=\"150\" height=\"150\" src=\"https:\/\/www.banatulmeu.ro\/wp-content\/uploads\/2026\/07\/756525524_1563474431899556_4432915834441413681_n-150x150.jpg\" class=\"attachment-thumbnail size-thumbnail\" alt><\/a><\/div>\n<\/figure>\n<figure class=\"gallery-item\">\n<div class=\"gallery-icon landscape\"><a href=\"https:\/\/www.banatulmeu.ro\/zona-turistica-si-de-agrement-pe-malul-lacului-surduc-cj-timis-licitatie-lansata-pentru-proiectare-si-executia-lucrarilor-foto\/752489135_1563474401899559_7597266702857012496_n\/\"><img loading=\"lazy\" decoding=\"async\" width=\"150\" height=\"150\" src=\"https:\/\/www.banatulmeu.ro\/wp-content\/uploads\/2026\/07\/752489135_1563474401899559_7597266702857012496_n-150x150.jpg\" class=\"attachment-thumbnail size-thumbnail\" alt><img decoding=\"async\" loading=\"lazy\" width=\"150\" height=\"150\" src=\"https:\/\/www.banatulmeu.ro\/wp-content\/uploads\/2026\/07\/752489135_1563474401899559_7597266702857012496_n-150x150.jpg\" class=\"attachment-thumbnail size-thumbnail\" alt><\/a><\/div>\n<\/figure>\n<\/div>\n<\/div>\n<p>[analyse_source url=&#8221;https:\/\/www.banatulmeu.ro\/zona-turistica-si-de-agrement-pe-malul-lacului-surduc-cj-timis-licitatie-lansata-pentru-proiectare-si-executia-lucrarilor-foto\/&#8221;]<\/p>\n","protected":false},"excerpt":{"rendered":"<p>[analyse_image type=&#8221;featured&#8221; src=&#8221;http:\/\/www.banatulmeu.ro\/wp-content\/uploads\/2026\/07\/752497652_1563474381899561_8375032271806892967_n.jpg&#8221;] O zon\u0103 turistic\u0103 \u015fi de agrement spectaculoas\u0103 va fi realizat\u0103 pe malul lacului Surduc de Consiliul Jude\u0163ean Timi\u015f. Institu\u0163ia a lansat licita\u0163ia pentru proiectarea \u015fi execu\u0163ia lucr\u0103rilor. \u201cTrecem la urm\u0103toarea etap\u0103 \u00een proiectul de dezvoltare a zonei Surduc \u0219i lans\u0103m licita\u021bia pentru proiectarea si execu\u021bia lucr\u0103rilor de amenajare a spa\u021biului de recreere [&hellip;]<\/p>\n","protected":false},"author":1,"featured_media":0,"comment_status":"open","ping_status":"","sticky":false,"template":"","format":"standard","meta":{"footnotes":""},"categories":[89],"tags":[204,226],"class_list":["post-2062374","post","type-post","status-publish","format-standard","hentry","category-romania","tag-banatulmeu-ro","tag-crawlmanager"],"_links":{"self":[{"href":"https:\/\/analyse.optim.biz\/index.php?rest_route=\/wp\/v2\/posts\/2062374","targetHints":{"allow":["GET"]}}],"collection":[{"href":"https:\/\/analyse.optim.biz\/index.php?rest_route=\/wp\/v2\/posts"}],"about":[{"href":"https:\/\/analyse.optim.biz\/index.php?rest_route=\/wp\/v2\/types\/post"}],"author":[{"embeddable":true,"href":"https:\/\/analyse.optim.biz\/index.php?rest_route=\/wp\/v2\/users\/1"}],"replies":[{"embeddable":true,"href":"https:\/\/analyse.optim.biz\/index.php?rest_route=%2Fwp%2Fv2%2Fcomments&post=2062374"}],"version-history":[{"count":0,"href":"https:\/\/analyse.optim.biz\/index.php?rest_route=\/wp\/v2\/posts\/2062374\/revisions"}],"wp:attachment":[{"href":"https:\/\/analyse.optim.biz\/index.php?rest_route=%2Fwp%2Fv2%2Fmedia&parent=2062374"}],"wp:term":[{"taxonomy":"category","embeddable":true,"href":"https:\/\/analyse.optim.biz\/index.php?rest_route=%2Fwp%2Fv2%2Fcategories&post=2062374"},{"taxonomy":"post_tag","embeddable":true,"href":"https:\/\/analyse.optim.biz\/index.php?rest_route=%2Fwp%2Fv2%2Ftags&post=2062374"}],"curies":[{"name":"wp","href":"https:\/\/api.w.org\/{rel}","templated":true}]}}