{"id":2062370,"date":"2026-07-21T16:54:38","date_gmt":"2026-07-21T13:54:38","guid":{"rendered":"https:\/\/analyse.optim.biz\/?p=2062370"},"modified":"2026-07-21T16:54:38","modified_gmt":"2026-07-21T13:54:38","slug":"handbalistii-din-timisoara-au-inceput-antrenamentele-alb-violetii-vor-juca-5-meciuri-amicale","status":"publish","type":"post","link":"https:\/\/analyse.optim.biz\/?p=2062370","title":{"rendered":"Handbali\u0219tii din Timi\u0219oara au \u00eenceput antrenamentele. Alb-viole\u021bii vor juca 5 meciuri amicale"},"content":{"rendered":"<p>[analyse_image type=&#8221;featured&#8221; src=&#8221;https:\/\/www.opiniatimisoarei.ro\/wp-content\/uploads\/2025\/08\/Poli-Metaloplastika-handbal-6-728&#215;336.jpghttps:\/\/www.opiniatimisoarei.ro\/wp-content\/uploads\/2025\/08\/Poli-Metaloplastika-handbal-6.jpg&#8221;]<\/p>\n<div class=\"the_content\">\n<p><strong>TIMISOARA<\/strong>. SCM Politehnica Timi\u0219oara a \u00eenceput antrenamentele pentru noul sezon handbalistic, \u00een care vor evolua \u00een 4 competi\u021bii.<\/p>\n<p><strong><span>CITE\u0218TE \u0218I:<\/span><a href=\"https:\/\/www.opiniatimisoarei.ro\/primaria-timisoara-o-noua-runda-de-achizitii-pe-piata-imobiliara-vrea-sa-cumpere-cladiri-de-aproape-13-milioane-euro\/21\/07\/2026\">Prim\u0103ria Timi\u0219oara, o nou\u0103 rund\u0103 de achizi\u021bii pe pia\u021ba imobiliar\u0103. Vrea s\u0103 cumpere cl\u0103diri de aproape 1,3 milioane euro<\/a><\/strong><\/p>\n<p>La primele antrenamente, sub comanda lui Sorin S\u0103r\u0103ndan \u0219i Andrei P\u0103iu\u0219 s-au aflat \u0219i cei 5 nou veni\u021bi din aceast\u0103 var\u0103: Theodoros Boskos(24 de ani, inter st\u00e2nga), Antonio Ljubi\u0107(26 de ani, pivot, croat), \u0141ukasz Rogulski(33 de ani, pivot, polonez), Anton Terekhov(33 de ani, portar, ucrainean), Kristoffer Gjelsvik(20 de ani, centru, norvegian).<\/p>\n<p>\u201eB\u0103ie\u021bii vin dup\u0103 o pauz\u0103 relativ lung\u0103, dar activ\u0103, \u00een care au avut program de preg\u0103tire. Din ceea ce v\u0103d, s-au \u021binut de acest program, iar acum urmeaz\u0103 anumite teste fizice. Sper ca to\u021bi s\u0103 fie la parametri buni. Vreau s\u0103-i v\u0103d \u0219i pe juc\u0103torii proasp\u0103t transfera\u021bi, ce par \u0219i ei \u00een form\u0103 bun\u0103. Urmeaz\u0103 o s\u0103pt\u0103m\u00e2n\u0103 a testelor, \u00een care vom vedea la ce nivel ne afl\u0103m. Ne dorim s\u0103 fim \u00eentr-o form\u0103 foarte bun\u0103 la startul jocurilor de preg\u0103tire, s\u0103 cre\u0219tem p\u00e2n\u0103 la Cupa Poli \u0219i s\u0103 ajungem la v\u00e2rful de form\u0103 atunci c\u00e2nd \u00eencepe sezonul.\u201d, spune antrenorul Sorin S\u0103r\u0103ndan.<\/p>\n<p>Timi\u0219orenii se vor preg\u0103ti \u00een perioada urm\u0103toare la Timi\u0219oara, iar \u00een perioada 2-7 august urmeaz\u0103 s\u0103 fac\u0103 un cantonament \u00een Ungaria, la Felcsnut.<\/p>\n<p><strong>Cinci teste pentru alb-viole\u021bi<\/strong><\/p>\n<p>\u00cen stagiul de preg\u0103tire din \u021bara vecin\u0103, Poli va disputa primele meciuri de verificare.<\/p>\n<p>Tradi\u021bionalul turneu \u201eCupa Poli\u201d va avea loc \u00een 14 \u0219i 15 august, iar echipele invitate sunt CSM Bucure\u0219ti, CSM Constan\u021ba \u0219i RK Jugovi\u0107 Ka\u0107, din prima divizie a Serbiei.<\/p>\n<p>Sezonul va lua startul cu Supercupa Rom\u00e2niei, programat\u0103 \u00een perioada 22-24 august. \u00cen campionat, timi\u0219orenii vor juca \u00een runda inaugural\u0103 \u00een deplasare cu CSM Vaslui.<\/p>\n<p>De asemenea, SCM Poli revine \u00een acest sezon \u00een Cupele Europene dup\u0103 \u0219apte ani de absen\u021b\u0103, urm\u00e2nd a juca din octombrie \u00een EHF European Cup.<\/p>\n<p>***<\/p>\n<p><strong><span class=\"dia_suggestion w0\">Mai<\/span><span class=\"dia_suggestion w1\">multe<\/span><span class=\"dia_suggestion w2\">g\u0103si\u021bi<\/span> pe <span class=\"dia_suggestion w4\">pagina noastr<span class=\"dia_suggestion w0\">\u0103<\/span><\/span>\u00a0de <a href=\"https:\/\/www.facebook.com\/OpiniaTM\/?ref=page_internal\" target=\"_blank\" rel=\"noopener\">Facebook opiniatimisoarei.ro<\/a>!<\/strong><\/p>\n<p><strong><span class=\"dia_suggestion w0\">Dac\u0103<\/span><span class=\"dia_suggestion w1\">a\u021bi<\/span> fost martorii unui eveniment <span class=\"dia_suggestion w6\">sau<\/span><span class=\"dia_suggestion w7\">ai<\/span> unei <span class=\"dia_suggestion w9\">situa\u021bii<\/span><span class=\"dia_suggestion w10\">neobi\u0219nuite<\/span><span class=\"dia_suggestion w11\">care<\/span> ar <span class=\"dia_suggestion w13\">putea<\/span> deveni subiect de <span class=\"dia_suggestion w17\">\u0219tire<\/span>, <span class=\"dia_suggestion w18\">contacta\u021bi<\/span>-ne <span class=\"dia_suggestion w20\">la<\/span><span><a href=\"https:\/\/www.opiniatimisoarei.ro\/cdn-cgi\/l\/email-protection\" class=\"__cf_email__\" data-cfemail=\"186a7d7c797b6c717d587768717671796c7175716b77796a7d71366a77\">[email\u00a0protected]<\/a>,<\/span>\u00a0 pe <a href=\"https:\/\/www.facebook.com\/OpiniaTM\">FB<\/a><span>sau pe contul nostru de<\/span><a href=\"https:\/\/www.instagram.com\/opiniatimisoarei.ro\/\" target=\"_blank\" rel=\"noopener\">Instagram<\/a>!<\/strong><\/p>\n<p><strong><span>CITE\u0218TE \u0218I<\/span>: <a href=\"https:\/\/www.opiniatimisoarei.ro\/afli-primul-tot-ceea-ce-se-intampla-cu-adevarat-important-in-timisoara-si-in-regiune-cu-aplicatia-de-stiri-opinia-timisoarei-3-tipuri-de-alerte-te-tin-mereu-conectat-la-evenimente-descarca-gratuit-a\/31\/10\/2022\">Afli primul tot ceea ce se intampla cu adevarat important in Timisoara si in regiune cu Aplicatia de stiri Opinia Timisoarei. 3 tipuri de alerte te tin mereu conectat la evenimente. Descarca gratuit Aplicatia OT aici!<\/a><\/strong><\/p>\n<\/div>\n<p>[analyse_source url=&#8221;https:\/\/www.opiniatimisoarei.ro\/handbalistii-din-timisoara-au-inceput-antrenamentele-alb-violetii-vor-juca-5-meciuri-amicale\/21\/07\/2026&#8243;]<\/p>\n","protected":false},"excerpt":{"rendered":"<p>[analyse_image type=&#8221;featured&#8221; src=&#8221;https:\/\/www.opiniatimisoarei.ro\/wp-content\/uploads\/2025\/08\/Poli-Metaloplastika-handbal-6-728&#215;336.jpghttps:\/\/www.opiniatimisoarei.ro\/wp-content\/uploads\/2025\/08\/Poli-Metaloplastika-handbal-6.jpg&#8221;] TIMISOARA. SCM Politehnica Timi\u0219oara a \u00eenceput antrenamentele pentru noul sezon handbalistic, \u00een care vor evolua \u00een 4 competi\u021bii. CITE\u0218TE \u0218I:Prim\u0103ria Timi\u0219oara, o nou\u0103 rund\u0103 de achizi\u021bii pe pia\u021ba imobiliar\u0103. Vrea s\u0103 cumpere cl\u0103diri de aproape 1,3 milioane euro La primele antrenamente, sub comanda lui Sorin S\u0103r\u0103ndan \u0219i Andrei P\u0103iu\u0219 s-au aflat \u0219i [&hellip;]<\/p>\n","protected":false},"author":1,"featured_media":0,"comment_status":"open","ping_status":"","sticky":false,"template":"","format":"standard","meta":{"footnotes":""},"categories":[89],"tags":[226,190],"class_list":["post-2062370","post","type-post","status-publish","format-standard","hentry","category-romania","tag-crawlmanager","tag-opiniatimisoarei-ro"],"_links":{"self":[{"href":"https:\/\/analyse.optim.biz\/index.php?rest_route=\/wp\/v2\/posts\/2062370","targetHints":{"allow":["GET"]}}],"collection":[{"href":"https:\/\/analyse.optim.biz\/index.php?rest_route=\/wp\/v2\/posts"}],"about":[{"href":"https:\/\/analyse.optim.biz\/index.php?rest_route=\/wp\/v2\/types\/post"}],"author":[{"embeddable":true,"href":"https:\/\/analyse.optim.biz\/index.php?rest_route=\/wp\/v2\/users\/1"}],"replies":[{"embeddable":true,"href":"https:\/\/analyse.optim.biz\/index.php?rest_route=%2Fwp%2Fv2%2Fcomments&post=2062370"}],"version-history":[{"count":0,"href":"https:\/\/analyse.optim.biz\/index.php?rest_route=\/wp\/v2\/posts\/2062370\/revisions"}],"wp:attachment":[{"href":"https:\/\/analyse.optim.biz\/index.php?rest_route=%2Fwp%2Fv2%2Fmedia&parent=2062370"}],"wp:term":[{"taxonomy":"category","embeddable":true,"href":"https:\/\/analyse.optim.biz\/index.php?rest_route=%2Fwp%2Fv2%2Fcategories&post=2062370"},{"taxonomy":"post_tag","embeddable":true,"href":"https:\/\/analyse.optim.biz\/index.php?rest_route=%2Fwp%2Fv2%2Ftags&post=2062370"}],"curies":[{"name":"wp","href":"https:\/\/api.w.org\/{rel}","templated":true}]}}