{"id":2062364,"date":"2026-07-26T06:00:12","date_gmt":"2026-07-26T03:00:12","guid":{"rendered":"https:\/\/analyse.optim.biz\/?p=2062364"},"modified":"2026-07-26T06:00:12","modified_gmt":"2026-07-26T03:00:12","slug":"prof-gabriela-scutaru-despre-locurile-ocupate-de-suceava-la-evaluarea-nationala-si-bacalaureat-sint-locuri-bune-pe-de-alta-parte-mi-as-dori-niste-mici-schimbari-ale-acestor-examene-care-au-deven","status":"publish","type":"post","link":"https:\/\/analyse.optim.biz\/?p=2062364","title":{"rendered":"Prof. Gabriela Scutaru, despre locurile ocupate de Suceava la Evaluarea Na\u021bional\u0103 \u0219i Bacalaureat: S\u00eent locuri bune. Pe de alt\u0103 parte, mi-a\u0219 dori ni\u0219te mici schimb\u0103ri ale acestor examene, care au devenit mult prea standardizate"},"content":{"rendered":"<p>[analyse_image type=&#8221;featured&#8221; src=&#8221;https:\/\/www.radiotop.ro\/img\/media\/2023\/10\/gabriela-scutaru-rochie.jpg&#8221;]<\/p>\n<div class=\"entry-content no-share\">\n<div class=\"content-inner \">\n<p>Suceava s-a clasat pe locul IV la nivel na\u021bional dup\u0103 rezultatele ob\u021binute la Evaluarea Na\u021bional\u0103 \u0219i pe locul XIII dup\u0103 rezultatele de la Bacalaureat. Profesoara Gabriela Scutaru, de la Colegiul Na\u021bional \u201d\u0218tefan cel Mare\u201d, directoarea Centrului de Excelen\u021b\u0103 \u00een \u00cenv\u0103\u021b\u0103m\u00eent Suceava, spune c\u0103 rezultatele s\u00eent bune, \u00eens\u0103 consider\u0103 c\u0103 examenele ar avea nevoie de unele schimb\u0103ri.<\/p>\n<p>A declarat profesoara, \u00een cadrul unei interven\u021bii telefonice la Radio Top: \u201dS\u00eent locuri bune, chiar s\u00eent locuri bune. Eu, evident c\u0103 \u00eemi doresc \u0219i mai mult de at\u00eet, pe de-o parte, iar pe de-alt\u0103 parte mi-a\u0219 dori ni\u0219te mici schimb\u0103ri ale acestor examene, care, dup\u0103 p\u0103rerea mea, au devenit mult prea standardizate\u201d.<\/p>\n<p>Gabriela Scutaru a promis c\u0103 va veni cu detalii despre viziunea domniei sale privind structura examenelor \u00eentr-o emisiune care va avea loc dup\u0103 debutul anului de \u00eenv\u0103\u021b\u0103m\u00eent.<\/p>\n<p>\u00a0<\/p>\n<\/div>\n<\/div>\n<div class=\"content-inner \">\n<p>Suceava s-a clasat pe locul IV la nivel na\u021bional dup\u0103 rezultatele ob\u021binute la Evaluarea Na\u021bional\u0103 \u0219i pe locul XIII dup\u0103 rezultatele de la Bacalaureat. Profesoara Gabriela Scutaru, de la Colegiul Na\u021bional \u201d\u0218tefan cel Mare\u201d, directoarea Centrului de Excelen\u021b\u0103 \u00een \u00cenv\u0103\u021b\u0103m\u00eent Suceava, spune c\u0103 rezultatele s\u00eent bune, \u00eens\u0103 consider\u0103 c\u0103 examenele ar avea nevoie de unele schimb\u0103ri.<\/p>\n<p>A declarat profesoara, \u00een cadrul unei interven\u021bii telefonice la Radio Top: \u201dS\u00eent locuri bune, chiar s\u00eent locuri bune. Eu, evident c\u0103 \u00eemi doresc \u0219i mai mult de at\u00eet, pe de-o parte, iar pe de-alt\u0103 parte mi-a\u0219 dori ni\u0219te mici schimb\u0103ri ale acestor examene, care, dup\u0103 p\u0103rerea mea, au devenit mult prea standardizate\u201d.<\/p>\n<p>Gabriela Scutaru a promis c\u0103 va veni cu detalii despre viziunea domniei sale privind structura examenelor \u00eentr-o emisiune care va avea loc dup\u0103 debutul anului de \u00eenv\u0103\u021b\u0103m\u00eent.<\/p>\n<p>\u00a0<\/p>\n<\/div>\n<p>[analyse_source url=&#8221;https:\/\/www.radiotop.ro\/educatie\/prof-gabriela-scutaru-despre-locurile-ocupate-de-suceava-la-evaluarea-nationala-si-bacalaureat-sint-locuri-bune-pe-de-alta-parte-mi-as-dori-niste-mici-schimbari-ale-acestor-examene-care-au-deven.html&#8221;]<\/p>\n","protected":false},"excerpt":{"rendered":"<p>[analyse_image type=&#8221;featured&#8221; src=&#8221;https:\/\/www.radiotop.ro\/img\/media\/2023\/10\/gabriela-scutaru-rochie.jpg&#8221;] Suceava s-a clasat pe locul IV la nivel na\u021bional dup\u0103 rezultatele ob\u021binute la Evaluarea Na\u021bional\u0103 \u0219i pe locul XIII dup\u0103 rezultatele de la Bacalaureat. Profesoara Gabriela Scutaru, de la Colegiul Na\u021bional \u201d\u0218tefan cel Mare\u201d, directoarea Centrului de Excelen\u021b\u0103 \u00een \u00cenv\u0103\u021b\u0103m\u00eent Suceava, spune c\u0103 rezultatele s\u00eent bune, \u00eens\u0103 consider\u0103 c\u0103 examenele ar avea [&hellip;]<\/p>\n","protected":false},"author":1,"featured_media":0,"comment_status":"open","ping_status":"","sticky":false,"template":"","format":"standard","meta":{"footnotes":""},"categories":[89],"tags":[226,163],"class_list":["post-2062364","post","type-post","status-publish","format-standard","hentry","category-romania","tag-crawlmanager","tag-radiotop-ro"],"_links":{"self":[{"href":"https:\/\/analyse.optim.biz\/index.php?rest_route=\/wp\/v2\/posts\/2062364","targetHints":{"allow":["GET"]}}],"collection":[{"href":"https:\/\/analyse.optim.biz\/index.php?rest_route=\/wp\/v2\/posts"}],"about":[{"href":"https:\/\/analyse.optim.biz\/index.php?rest_route=\/wp\/v2\/types\/post"}],"author":[{"embeddable":true,"href":"https:\/\/analyse.optim.biz\/index.php?rest_route=\/wp\/v2\/users\/1"}],"replies":[{"embeddable":true,"href":"https:\/\/analyse.optim.biz\/index.php?rest_route=%2Fwp%2Fv2%2Fcomments&post=2062364"}],"version-history":[{"count":0,"href":"https:\/\/analyse.optim.biz\/index.php?rest_route=\/wp\/v2\/posts\/2062364\/revisions"}],"wp:attachment":[{"href":"https:\/\/analyse.optim.biz\/index.php?rest_route=%2Fwp%2Fv2%2Fmedia&parent=2062364"}],"wp:term":[{"taxonomy":"category","embeddable":true,"href":"https:\/\/analyse.optim.biz\/index.php?rest_route=%2Fwp%2Fv2%2Fcategories&post=2062364"},{"taxonomy":"post_tag","embeddable":true,"href":"https:\/\/analyse.optim.biz\/index.php?rest_route=%2Fwp%2Fv2%2Ftags&post=2062364"}],"curies":[{"name":"wp","href":"https:\/\/api.w.org\/{rel}","templated":true}]}}